{"id":10170,"date":"2021-04-18T18:34:23","date_gmt":"2021-04-18T18:34:23","guid":{"rendered":"https:\/\/www.africa-press.net\/burkina-faso\/?p=10170"},"modified":"2021-04-18T17:00:00","modified_gmt":"2021-04-18T17:00:00","slug":"burkina-faso-la-vaccination-contre-le-covid-19-sera-volontaire-et-non-obligatoire","status":"publish","type":"post","link":"https:\/\/www.africa-press.net\/burkina-faso\/toutes-les-actualites\/burkina-faso-la-vaccination-contre-le-covid-19-sera-volontaire-et-non-obligatoire","title":{"rendered":"La vaccination contre le covid-19 sera volontaire et non obligatoire"},"content":{"rendered":"<p><span style=\"color: #ff6600\"><strong><a href=\"https:\/\/www.africa-press.net\/\">Africa-Press<\/a> &#8211; <a href=\"https:\/\/www.africa-press.net\/burkina-faso\">Burkina Faso<\/a>. <\/strong><\/span>Le Pr Charlemagne Ou\u00e9draogo a \u00e9chang\u00e9 avec les hommes de m\u00e9dias sur les priorit\u00e9s actuelles de son d\u00e9partement dont le vaccin contre le covid-19 et le plan d\u2019urgence sanitaire. C\u2019\u00e9tait autour d\u2019un d\u00e9jeuner de presse, organis\u00e9 le samedi 17 avril 2021.<\/p>\n<p>Le ministre de la Sant\u00e9 Pr Charlemagne Ou\u00e9draogo a \u00e9chang\u00e9 le samedi 17 avril 2021 avec des journalistes de plusieurs m\u00e9dias burkinab\u00e8 sur les projets et priorit\u00e9s de son minist\u00e8re. Rappelant que son d\u00e9partement a pour mission de promouvoir la sant\u00e9 des populations et garantir l\u2019acc\u00e8s aux services de sant\u00e9 de qualit\u00e9, le Pr Charlemagne Ou\u00e9draogo a affirm\u00e9 que les priorit\u00e9s de son d\u00e9partement portent sur le plan d\u2019urgence pour les h\u00f4pitaux de r\u00e9f\u00e9rence, en cette p\u00e9riode de Covid-19, et l\u2019introduction des vaccins contre la maladie \u00e0 coronavirus, au Burkina Faso.<\/p>\n<p>Pour le plan d\u2019urgence, pr\u00e9sent\u00e9 par le Directeur G\u00e9n\u00e9ral de l\u2019offre des soins, Dr Salif Sankara, il vise \u00e0 rendre plus accessibles les offres de soins, ce, en rehaussant le plateau technique des h\u00f4pitaux de r\u00e9f\u00e9rence afin de restaurer la confiance des populations vis-\u00e0-vis des structures sanitaires.<\/p>\n<p>Selon le ministre de la sant\u00e9, il y a une urgence nationale au niveau sanitaire. L\u2019objectif du plan d\u2019urgence est de mobiliser 500 milliards de F CFA pour injecter dans les h\u00f4pitaux. Pour le cas du centre universitaire Yalgado Ouedraogo, Pr Ouedraogo a laiss\u00e9 entendre qu\u2019il est difficile. \u00ab Soyons francs et honn\u00eates. Les agents font des efforts. Les infrastructures ne r\u00e9pondent pas. Il y a 1600 agents qui y travaillent. Si on doit reconstruire, il faut savoir o\u00f9 les mettre \u00bb, a-t-il d\u00e9clar\u00e9 en affirmant qu\u2019il y a un plan d\u2019urgence en cours d\u2019\u00e9laboration.<\/p>\n<p>Le Directeur G\u00e9n\u00e9ral de la sant\u00e9 publique, Dr Emmanuel Seini, quant \u00e0 lui, a pr\u00e9sent\u00e9 le plan national de d\u00e9ploiement et de vaccination contre le Covid-19. Le m\u00e9canisme COVAX, le contexte de l\u2019introduction des vaccins, les d\u00e9marches entreprises par le minist\u00e8re et les cibles de la vaccination.<\/p>\n<p>De cette pr\u00e9sentation, il ressort que tout le monde ne sera pas \u00e9ligible au vaccin. Son co\u00fbt est estim\u00e9 \u00e0 50 milliards de F CFA dont un soutien de 17 milliards de F CFA, provenant du m\u00e9canisme COVAX. Par cons\u00e9quent, ce vaccin sera administr\u00e9 par cible et par phase. La premi\u00e8re phase vise 20% de la population et la seconde phase, 50%. Les cibles prioritaires sont, entre autres, les personnes tr\u00e8s expos\u00e9es dont les agents de sant\u00e9, les corps militaires et paramilitaires, puis les personnes pr\u00e9sentant une comorbidit\u00e9 et les personnes \u00e2g\u00e9es.<\/p>\n<p>En ce qui concerne les rumeurs qui courent sur ces vaccins, les dispositifs de contr\u00f4le mis en place et les types de vaccins qui seront introduits au Burkina Faso, le Pr Charlemagne Ou\u00e9draogo a rassur\u00e9 que toutes les dispositions sont prises pour \u00e9viter les r\u00e9percussions des vaccins sur la sant\u00e9 des populations.<\/p>\n<p>Il a \u00e9galement pr\u00e9cis\u00e9 que cette vaccination sera volontaire et non obligatoire. Selon lui, l\u2019urgence \u00e0 propos du covid-19 n\u2019est pas sanitaire mais internationale et \u00e9conomique.<\/p>\n<p>\u00ab De l\u2019histoire des maladies qui endeuillent le Burkina Faso, il n\u2019y a pas une seule maladie qui a emp\u00each\u00e9 le monde de sortir. Il n\u2019y a pas une seule maladie qui emp\u00eache les petites activit\u00e9s de se d\u00e9rouler \u00bb, a-t-il conclu. Alice Suglimani THIOMBIANO<\/p>\n","protected":false},"excerpt":{"rendered":"<p>Africa-Press &#8211; Burkina Faso. Le Pr Charlemagne Ou\u00e9draogo a \u00e9chang\u00e9 avec les hommes de m\u00e9dias sur les priorit\u00e9s actuelles de son d\u00e9partement dont le vaccin contre le covid-19 et le plan d\u2019urgence sanitaire. C\u2019\u00e9tait autour d\u2019un d\u00e9jeuner de presse, organis\u00e9 le samedi 17 avril 2021. Le ministre de la Sant\u00e9 Pr Charlemagne Ou\u00e9draogo a \u00e9chang\u00e9 [&hellip;]<\/p>\n","protected":false},"author":82,"featured_media":10169,"comment_status":"open","ping_status":"closed","sticky":false,"template":"","format":"standard","meta":{"footnotes":""},"categories":[21,11,20,10],"tags":[111,725,29],"class_list":["post-10170","post","type-post","status-publish","format-standard","has-post-thumbnail","hentry","category-communaute","category-homepage-french","category-top-nouvelles","category-toutes-les-actualites","tag-africa-press","tag-africa-press-burkina-faso","tag-burkina-faso"],"yoast_head":"<!-- This site is optimized with the Yoast SEO Premium plugin v26.1 (Yoast SEO v27.0) - https:\/\/yoast.com\/product\/yoast-seo-premium-wordpress\/ -->\n<title>La vaccination contre le covid-19 sera volontaire et non obligatoire - Burkina Faso<\/title>\n<meta name=\"description\" content=\"Le Pr Charlemagne Ou\u00e9draogo a \u00e9chang\u00e9 avec les hommes de m\u00e9dias sur les priorit\u00e9s actuelles de son d\u00e9partement dont le v ...\" \/>\n<meta name=\"robots\" content=\"index, follow, max-snippet:-1, max-image-preview:large, max-video-preview:-1\" \/>\n<link rel=\"canonical\" href=\"https:\/\/www.africa-press.net\/burkina-faso\/toutes-les-actualites\/burkina-faso-la-vaccination-contre-le-covid-19-sera-volontaire-et-non-obligatoire\" \/>\n<meta property=\"og:locale\" content=\"fr_FR\" \/>\n<meta property=\"og:type\" content=\"article\" \/>\n<meta property=\"og:title\" content=\"La vaccination contre le covid-19 sera volontaire et non obligatoire\" \/>\n<meta property=\"og:description\" content=\"Le Pr Charlemagne Ou\u00e9draogo a \u00e9chang\u00e9 avec les hommes de m\u00e9dias sur les priorit\u00e9s actuelles de son d\u00e9partement dont le v ...\" \/>\n<meta property=\"og:url\" content=\"https:\/\/www.africa-press.net\/burkina-faso\/toutes-les-actualites\/burkina-faso-la-vaccination-contre-le-covid-19-sera-volontaire-et-non-obligatoire\" \/>\n<meta property=\"og:site_name\" content=\"Burkina Faso\" \/>\n<meta property=\"article:published_time\" content=\"2021-04-18T18:34:23+00:00\" \/>\n<meta property=\"og:image\" content=\"https:\/\/static.africa-press.net\/burkina\/sites\/42\/2021\/04\/img-607c565bcba19.jpg\" \/>\n\t<meta property=\"og:image:width\" content=\"750\" \/>\n\t<meta property=\"og:image:height\" content=\"406\" \/>\n\t<meta property=\"og:image:type\" content=\"image\/jpeg\" \/>\n<meta name=\"author\" content=\"cfeditorfr\" \/>\n<meta name=\"twitter:card\" content=\"summary_large_image\" \/>\n<meta name=\"twitter:label1\" content=\"\u00c9crit par\" \/>\n\t<meta name=\"twitter:data1\" content=\"cfeditorfr\" \/>\n\t<meta name=\"twitter:label2\" content=\"Dur\u00e9e de lecture estim\u00e9e\" \/>\n\t<meta name=\"twitter:data2\" content=\"3 minutes\" \/>\n<script type=\"application\/ld+json\" class=\"yoast-schema-graph\">{\"@context\":\"https:\/\/schema.org\",\"@graph\":[{\"@type\":\"Article\",\"@id\":\"https:\/\/www.africa-press.net\/burkina-faso\/toutes-les-actualites\/burkina-faso-la-vaccination-contre-le-covid-19-sera-volontaire-et-non-obligatoire#article\",\"isPartOf\":{\"@id\":\"https:\/\/www.africa-press.net\/burkina-faso\/toutes-les-actualites\/burkina-faso-la-vaccination-contre-le-covid-19-sera-volontaire-et-non-obligatoire\"},\"author\":{\"name\":\"cfeditorfr\",\"@id\":\"https:\/\/www.africa-press.net\/burkina-faso\/#\/schema\/person\/2b1cf3cd81a31e3cd26889ca66d677f1\"},\"headline\":\"La vaccination contre le covid-19 sera volontaire et non obligatoire\",\"datePublished\":\"2021-04-18T18:34:23+00:00\",\"mainEntityOfPage\":{\"@id\":\"https:\/\/www.africa-press.net\/burkina-faso\/toutes-les-actualites\/burkina-faso-la-vaccination-contre-le-covid-19-sera-volontaire-et-non-obligatoire\"},\"wordCount\":604,\"commentCount\":0,\"image\":{\"@id\":\"https:\/\/www.africa-press.net\/burkina-faso\/toutes-les-actualites\/burkina-faso-la-vaccination-contre-le-covid-19-sera-volontaire-et-non-obligatoire#primaryimage\"},\"thumbnailUrl\":\"https:\/\/static.africa-press.net\/burkina\/sites\/42\/2021\/04\/img-607c565bcba19.jpg\",\"keywords\":[\"Africa Press\",\"Africa Press-Burkina Faso\",\"Burkina Faso\"],\"articleSection\":[\"Communaut\u00e9\",\"homepage-french\",\"Top Nouvelles\",\"Toutes les actualit\u00e9s\"],\"inLanguage\":\"fr-FR\",\"potentialAction\":[{\"@type\":\"CommentAction\",\"name\":\"Comment\",\"target\":[\"https:\/\/www.africa-press.net\/burkina-faso\/toutes-les-actualites\/burkina-faso-la-vaccination-contre-le-covid-19-sera-volontaire-et-non-obligatoire#respond\"]}]},{\"@type\":\"WebPage\",\"@id\":\"https:\/\/www.africa-press.net\/burkina-faso\/toutes-les-actualites\/burkina-faso-la-vaccination-contre-le-covid-19-sera-volontaire-et-non-obligatoire\",\"url\":\"https:\/\/www.africa-press.net\/burkina-faso\/toutes-les-actualites\/burkina-faso-la-vaccination-contre-le-covid-19-sera-volontaire-et-non-obligatoire\",\"name\":\"La vaccination contre le covid-19 sera volontaire et non obligatoire - Burkina Faso\",\"isPartOf\":{\"@id\":\"https:\/\/www.africa-press.net\/burkina-faso\/#website\"},\"primaryImageOfPage\":{\"@id\":\"https:\/\/www.africa-press.net\/burkina-faso\/toutes-les-actualites\/burkina-faso-la-vaccination-contre-le-covid-19-sera-volontaire-et-non-obligatoire#primaryimage\"},\"image\":{\"@id\":\"https:\/\/www.africa-press.net\/burkina-faso\/toutes-les-actualites\/burkina-faso-la-vaccination-contre-le-covid-19-sera-volontaire-et-non-obligatoire#primaryimage\"},\"thumbnailUrl\":\"https:\/\/static.africa-press.net\/burkina\/sites\/42\/2021\/04\/img-607c565bcba19.jpg\",\"datePublished\":\"2021-04-18T18:34:23+00:00\",\"author\":{\"@id\":\"https:\/\/www.africa-press.net\/burkina-faso\/#\/schema\/person\/2b1cf3cd81a31e3cd26889ca66d677f1\"},\"description\":\"Le Pr Charlemagne Ou\u00e9draogo a \u00e9chang\u00e9 avec les hommes de m\u00e9dias sur les priorit\u00e9s actuelles de son d\u00e9partement dont le v ...\",\"breadcrumb\":{\"@id\":\"https:\/\/www.africa-press.net\/burkina-faso\/toutes-les-actualites\/burkina-faso-la-vaccination-contre-le-covid-19-sera-volontaire-et-non-obligatoire#breadcrumb\"},\"inLanguage\":\"fr-FR\",\"potentialAction\":[{\"@type\":\"ReadAction\",\"target\":[\"https:\/\/www.africa-press.net\/burkina-faso\/toutes-les-actualites\/burkina-faso-la-vaccination-contre-le-covid-19-sera-volontaire-et-non-obligatoire\"]}]},{\"@type\":\"ImageObject\",\"inLanguage\":\"fr-FR\",\"@id\":\"https:\/\/www.africa-press.net\/burkina-faso\/toutes-les-actualites\/burkina-faso-la-vaccination-contre-le-covid-19-sera-volontaire-et-non-obligatoire#primaryimage\",\"url\":\"https:\/\/static.africa-press.net\/burkina\/sites\/42\/2021\/04\/img-607c565bcba19.jpg\",\"contentUrl\":\"https:\/\/static.africa-press.net\/burkina\/sites\/42\/2021\/04\/img-607c565bcba19.jpg\",\"width\":750,\"height\":406,\"caption\":\"Burkina Faso\u00a0: La vaccination contre le covid-19 sera volontaire et non obligatoire\"},{\"@type\":\"BreadcrumbList\",\"@id\":\"https:\/\/www.africa-press.net\/burkina-faso\/toutes-les-actualites\/burkina-faso-la-vaccination-contre-le-covid-19-sera-volontaire-et-non-obligatoire#breadcrumb\",\"itemListElement\":[{\"@type\":\"ListItem\",\"position\":1,\"name\":\"Accueil\",\"item\":\"https:\/\/www.africa-press.net\/burkina-faso\/\"},{\"@type\":\"ListItem\",\"position\":2,\"name\":\"La vaccination contre le covid-19 sera volontaire et non obligatoire\"}]},{\"@type\":\"WebSite\",\"@id\":\"https:\/\/www.africa-press.net\/burkina-faso\/#website\",\"url\":\"https:\/\/www.africa-press.net\/burkina-faso\/\",\"name\":\"Burkina Faso\",\"description\":\"Just another Africa News Agency Sites site\",\"potentialAction\":[{\"@type\":\"SearchAction\",\"target\":{\"@type\":\"EntryPoint\",\"urlTemplate\":\"https:\/\/www.africa-press.net\/burkina-faso\/?s={search_term_string}\"},\"query-input\":{\"@type\":\"PropertyValueSpecification\",\"valueRequired\":true,\"valueName\":\"search_term_string\"}}],\"inLanguage\":\"fr-FR\"},{\"@type\":\"Person\",\"@id\":\"https:\/\/www.africa-press.net\/burkina-faso\/#\/schema\/person\/2b1cf3cd81a31e3cd26889ca66d677f1\",\"name\":\"cfeditorfr\"}]}<\/script>\n<!-- \/ Yoast SEO Premium plugin. -->","yoast_head_json":{"title":"La vaccination contre le covid-19 sera volontaire et non obligatoire - Burkina Faso","description":"Le Pr Charlemagne Ou\u00e9draogo a \u00e9chang\u00e9 avec les hommes de m\u00e9dias sur les priorit\u00e9s actuelles de son d\u00e9partement dont le v ...","robots":{"index":"index","follow":"follow","max-snippet":"max-snippet:-1","max-image-preview":"max-image-preview:large","max-video-preview":"max-video-preview:-1"},"canonical":"https:\/\/www.africa-press.net\/burkina-faso\/toutes-les-actualites\/burkina-faso-la-vaccination-contre-le-covid-19-sera-volontaire-et-non-obligatoire","og_locale":"fr_FR","og_type":"article","og_title":"La vaccination contre le covid-19 sera volontaire et non obligatoire","og_description":"Le Pr Charlemagne Ou\u00e9draogo a \u00e9chang\u00e9 avec les hommes de m\u00e9dias sur les priorit\u00e9s actuelles de son d\u00e9partement dont le v ...","og_url":"https:\/\/www.africa-press.net\/burkina-faso\/toutes-les-actualites\/burkina-faso-la-vaccination-contre-le-covid-19-sera-volontaire-et-non-obligatoire","og_site_name":"Burkina Faso","article_published_time":"2021-04-18T18:34:23+00:00","og_image":[{"width":750,"height":406,"url":"https:\/\/static.africa-press.net\/burkina\/sites\/42\/2021\/04\/img-607c565bcba19.jpg","type":"image\/jpeg"}],"author":"cfeditorfr","twitter_card":"summary_large_image","twitter_misc":{"\u00c9crit par":"cfeditorfr","Dur\u00e9e de lecture estim\u00e9e":"3 minutes"},"schema":{"@context":"https:\/\/schema.org","@graph":[{"@type":"Article","@id":"https:\/\/www.africa-press.net\/burkina-faso\/toutes-les-actualites\/burkina-faso-la-vaccination-contre-le-covid-19-sera-volontaire-et-non-obligatoire#article","isPartOf":{"@id":"https:\/\/www.africa-press.net\/burkina-faso\/toutes-les-actualites\/burkina-faso-la-vaccination-contre-le-covid-19-sera-volontaire-et-non-obligatoire"},"author":{"name":"cfeditorfr","@id":"https:\/\/www.africa-press.net\/burkina-faso\/#\/schema\/person\/2b1cf3cd81a31e3cd26889ca66d677f1"},"headline":"La vaccination contre le covid-19 sera volontaire et non obligatoire","datePublished":"2021-04-18T18:34:23+00:00","mainEntityOfPage":{"@id":"https:\/\/www.africa-press.net\/burkina-faso\/toutes-les-actualites\/burkina-faso-la-vaccination-contre-le-covid-19-sera-volontaire-et-non-obligatoire"},"wordCount":604,"commentCount":0,"image":{"@id":"https:\/\/www.africa-press.net\/burkina-faso\/toutes-les-actualites\/burkina-faso-la-vaccination-contre-le-covid-19-sera-volontaire-et-non-obligatoire#primaryimage"},"thumbnailUrl":"https:\/\/static.africa-press.net\/burkina\/sites\/42\/2021\/04\/img-607c565bcba19.jpg","keywords":["Africa Press","Africa Press-Burkina Faso","Burkina Faso"],"articleSection":["Communaut\u00e9","homepage-french","Top Nouvelles","Toutes les actualit\u00e9s"],"inLanguage":"fr-FR","potentialAction":[{"@type":"CommentAction","name":"Comment","target":["https:\/\/www.africa-press.net\/burkina-faso\/toutes-les-actualites\/burkina-faso-la-vaccination-contre-le-covid-19-sera-volontaire-et-non-obligatoire#respond"]}]},{"@type":"WebPage","@id":"https:\/\/www.africa-press.net\/burkina-faso\/toutes-les-actualites\/burkina-faso-la-vaccination-contre-le-covid-19-sera-volontaire-et-non-obligatoire","url":"https:\/\/www.africa-press.net\/burkina-faso\/toutes-les-actualites\/burkina-faso-la-vaccination-contre-le-covid-19-sera-volontaire-et-non-obligatoire","name":"La vaccination contre le covid-19 sera volontaire et non obligatoire - Burkina Faso","isPartOf":{"@id":"https:\/\/www.africa-press.net\/burkina-faso\/#website"},"primaryImageOfPage":{"@id":"https:\/\/www.africa-press.net\/burkina-faso\/toutes-les-actualites\/burkina-faso-la-vaccination-contre-le-covid-19-sera-volontaire-et-non-obligatoire#primaryimage"},"image":{"@id":"https:\/\/www.africa-press.net\/burkina-faso\/toutes-les-actualites\/burkina-faso-la-vaccination-contre-le-covid-19-sera-volontaire-et-non-obligatoire#primaryimage"},"thumbnailUrl":"https:\/\/static.africa-press.net\/burkina\/sites\/42\/2021\/04\/img-607c565bcba19.jpg","datePublished":"2021-04-18T18:34:23+00:00","author":{"@id":"https:\/\/www.africa-press.net\/burkina-faso\/#\/schema\/person\/2b1cf3cd81a31e3cd26889ca66d677f1"},"description":"Le Pr Charlemagne Ou\u00e9draogo a \u00e9chang\u00e9 avec les hommes de m\u00e9dias sur les priorit\u00e9s actuelles de son d\u00e9partement dont le v ...","breadcrumb":{"@id":"https:\/\/www.africa-press.net\/burkina-faso\/toutes-les-actualites\/burkina-faso-la-vaccination-contre-le-covid-19-sera-volontaire-et-non-obligatoire#breadcrumb"},"inLanguage":"fr-FR","potentialAction":[{"@type":"ReadAction","target":["https:\/\/www.africa-press.net\/burkina-faso\/toutes-les-actualites\/burkina-faso-la-vaccination-contre-le-covid-19-sera-volontaire-et-non-obligatoire"]}]},{"@type":"ImageObject","inLanguage":"fr-FR","@id":"https:\/\/www.africa-press.net\/burkina-faso\/toutes-les-actualites\/burkina-faso-la-vaccination-contre-le-covid-19-sera-volontaire-et-non-obligatoire#primaryimage","url":"https:\/\/static.africa-press.net\/burkina\/sites\/42\/2021\/04\/img-607c565bcba19.jpg","contentUrl":"https:\/\/static.africa-press.net\/burkina\/sites\/42\/2021\/04\/img-607c565bcba19.jpg","width":750,"height":406,"caption":"Burkina Faso\u00a0: La vaccination contre le covid-19 sera volontaire et non obligatoire"},{"@type":"BreadcrumbList","@id":"https:\/\/www.africa-press.net\/burkina-faso\/toutes-les-actualites\/burkina-faso-la-vaccination-contre-le-covid-19-sera-volontaire-et-non-obligatoire#breadcrumb","itemListElement":[{"@type":"ListItem","position":1,"name":"Accueil","item":"https:\/\/www.africa-press.net\/burkina-faso\/"},{"@type":"ListItem","position":2,"name":"La vaccination contre le covid-19 sera volontaire et non obligatoire"}]},{"@type":"WebSite","@id":"https:\/\/www.africa-press.net\/burkina-faso\/#website","url":"https:\/\/www.africa-press.net\/burkina-faso\/","name":"Burkina Faso","description":"Just another Africa News Agency Sites site","potentialAction":[{"@type":"SearchAction","target":{"@type":"EntryPoint","urlTemplate":"https:\/\/www.africa-press.net\/burkina-faso\/?s={search_term_string}"},"query-input":{"@type":"PropertyValueSpecification","valueRequired":true,"valueName":"search_term_string"}}],"inLanguage":"fr-FR"},{"@type":"Person","@id":"https:\/\/www.africa-press.net\/burkina-faso\/#\/schema\/person\/2b1cf3cd81a31e3cd26889ca66d677f1","name":"cfeditorfr"}]}},"_links":{"self":[{"href":"https:\/\/www.africa-press.net\/burkina-faso\/wp-json\/wp\/v2\/posts\/10170","targetHints":{"allow":["GET"]}}],"collection":[{"href":"https:\/\/www.africa-press.net\/burkina-faso\/wp-json\/wp\/v2\/posts"}],"about":[{"href":"https:\/\/www.africa-press.net\/burkina-faso\/wp-json\/wp\/v2\/types\/post"}],"author":[{"embeddable":true,"href":"https:\/\/www.africa-press.net\/burkina-faso\/wp-json\/wp\/v2\/users\/82"}],"replies":[{"embeddable":true,"href":"https:\/\/www.africa-press.net\/burkina-faso\/wp-json\/wp\/v2\/comments?post=10170"}],"version-history":[{"count":0,"href":"https:\/\/www.africa-press.net\/burkina-faso\/wp-json\/wp\/v2\/posts\/10170\/revisions"}],"wp:featuredmedia":[{"embeddable":true,"href":"https:\/\/www.africa-press.net\/burkina-faso\/wp-json\/wp\/v2\/media\/10169"}],"wp:attachment":[{"href":"https:\/\/www.africa-press.net\/burkina-faso\/wp-json\/wp\/v2\/media?parent=10170"}],"wp:term":[{"taxonomy":"category","embeddable":true,"href":"https:\/\/www.africa-press.net\/burkina-faso\/wp-json\/wp\/v2\/categories?post=10170"},{"taxonomy":"post_tag","embeddable":true,"href":"https:\/\/www.africa-press.net\/burkina-faso\/wp-json\/wp\/v2\/tags?post=10170"}],"curies":[{"name":"wp","href":"https:\/\/api.w.org\/{rel}","templated":true}]}}