{"id":10173,"date":"2021-04-18T18:40:07","date_gmt":"2021-04-18T18:40:07","guid":{"rendered":"https:\/\/www.africa-press.net\/burkina-faso\/?p=10173"},"modified":"2021-04-18T17:00:09","modified_gmt":"2021-04-18T17:00:09","slug":"cooperation-la-france-debloque-une-enveloppe-financiere-durgence-de-plus-de-8-milliards-de-fcfa-pour-le-burkina","status":"publish","type":"post","link":"https:\/\/www.africa-press.net\/burkina-faso\/politique\/cooperation-la-france-debloque-une-enveloppe-financiere-durgence-de-plus-de-8-milliards-de-fcfa-pour-le-burkina","title":{"rendered":"Coop\u00e9ration : La France d\u00e9bloque une enveloppe financi\u00e8re d\u2019urgence de plus de 8 milliards de FCFA pour le Burkina"},"content":{"rendered":"<p><span style=\"color: #ff6600\"><strong><a href=\"https:\/\/www.africa-press.net\/\">Africa-Press<\/a> &#8211; <a href=\"https:\/\/www.africa-press.net\/burkina-faso\">Burkina Faso<\/a>. <\/strong><\/span><b>Le directeur du centre de crise et de soutien aupr\u00e8s du minist\u00e8re fran\u00e7ais de l\u2019Europe et des Affaires \u00e9trang\u00e8res, Eric Chevallier, avec \u00e0 ses c\u00f4t\u00e9s l\u2019ambassadeur de France au Burkina, Luc Hallade, \u00e9tait face \u00e0 la presse dans la soir\u00e9e du jeudi 15 avril 2021 \u00e0 Ouagadougou. Objectif, faire le bilan de son s\u00e9jour au Burkina Faso. Il a ainsi d\u00e9voil\u00e9 l\u2019aide d\u2019urgence engag\u00e9e par la R\u00e9publique fran\u00e7aise pour le Burkina Faso afin de le soutenir dans la lutte contre l\u2019ins\u00e9curit\u00e9 et \u00e9galement dans d\u2019autres secteurs notamment la sant\u00e9.<\/b><\/p>\n<p>13 millions d\u2019euros, soit plus de 8 milliards de FCFA, c\u2019est la somme totale de l\u2019aide d\u2019urgence que la France a engag\u00e9e en faveur de son partenaire, le Burkina. C\u2019est l\u2019information qui a \u00e9t\u00e9 donn\u00e9e par le directeur du centre de crise et de soutien (CDCS) aupr\u00e8s du minist\u00e8re fran\u00e7ais de l\u2019Europe et des Affaires \u00e9trang\u00e8res, \u00c9ric Chevallier, au cours d\u2019un point de presse anim\u00e9 ce 15 avril 2021 \u00e0 Ouagadougou. Un point de presse qui intervient dans le cadre de la fin de son s\u00e9jour au Burkina au cours duquel, il a d\u00e9voil\u00e9 les nouveaux engagements de son pays envers le Burkina dont l\u2019enveloppe financi\u00e8re d\u2019urgence d\u00e9loqu\u00e9e.<\/p>\n<p>En effet, cette aide d\u2019urgence en faveur du Burkina s\u2019inscrit dans la suite du sommet de N\u2019Djamena auquel le chef de l\u2019Etat burkinab\u00e8 a particip\u00e9. Roch Kabor\u00e9 avait souhait\u00e9 que des efforts renforc\u00e9s soient faits dans la r\u00e9gion, explique le directeur du CDCS. \u00ab C\u2019est donc le motif de ma visite qui porte sur deux objectifs notamment celui de renforcer l\u2019aide d\u2019urgence avec des programmes \u00e0 effets rapides, d\u2019une part, pour appuyer l\u2019action de l\u2019Etat, d\u2019autre part, au profit des populations du Burkina Faso comme d\u2019ailleurs, des populations h\u00f4tes comme des populations d\u00e9plac\u00e9es \u00bb.<\/p>\n<p><b>D\u2019autres secteurs en plus de la s\u00e9curit\u00e9 seront touch\u00e9s<\/b><\/p>\n<p>C\u2019est pourquoi, souligne-t-il, ces 13 millions d\u2019euros (plus de 8 milliards de FCFA) ont \u00e9t\u00e9 engag\u00e9s dont un million d\u2019euro, soit plus de 655 millions de FCFA, servira \u00e0 soutenir le domaine de la s\u00e9curit\u00e9. \u00ab Ce qui, je l\u2019esp\u00e8re, contribuera \u00e0 renforcer les capacit\u00e9s op\u00e9rationnelles des troupes sur le terrain et les moyens de lutte \u00bb. En plus de la s\u00e9curit\u00e9, la somme octroy\u00e9e servira \u00e9galement, selon lui, \u00e0 financer un certain nombre de programmes notamment dans la sant\u00e9, le rel\u00e8vement socio-\u00e9conomique d\u2019appui aux jeunes et aux femmes, en \u00e9ducation d\u2019urgence, eau, etc. \u00ab Mais encore une fois, pas dans une perspective lointaine mais d\u2019\u00eatre dans l\u2019action rapide, parce que c\u2019est de cela que les populations ont besoin \u00bb.<\/p>\n<p>Apr\u00e8s avoir d\u00e9clin\u00e9 le bilan de son s\u00e9jour au Burkina Faso, \u00c9ric Chevallier a tenu \u00e0 remercier les autorit\u00e9s politiques \u00e0 commencer par le chef du gouvernement, Christophe Dabir\u00e9, qui lui a accord\u00e9 une \u00ab\u00a0longue\u00a0\u00bb audience pendant laquelle, il a pu \u00e9couter les priorit\u00e9s qu\u2019il connaissait d\u00e9j\u00e0 et qu\u2019il a entendues encore. Sans oublier les autorit\u00e9s locales des r\u00e9gions dans lesquelles, il a effectu\u00e9 des d\u00e9placements notamment \u00e0 Dori et \u00e0 Kaya. Des d\u00e9placements qui, selon lui, lui ont permis d\u2019\u00e9changer avec les acteurs et de voir l\u2019extraordinaire g\u00e9n\u00e9rosit\u00e9 des populations burkinab\u00e8 qui ont su accueillir plus d\u2019un million de d\u00e9plac\u00e9s internes.<\/p>\n<p>Pour terminer, c\u2019est l\u2019ambassadeur de France, Luc Hallade, qui a pris la parole pour pr\u00e9ciser que la r\u00e9alisation de ce grand travail se fera avec l\u2019ensemble de leurs partenaires comme l\u2019AFD, l\u2019ambassade de France, l\u2019Union europ\u00e9enne et d\u2019autres ONGs sur le terrain et d\u2019autres pays partenaires.<\/p>\n<p><b>Yvette Zongo<br \/>\n<\/b><\/p>\n","protected":false},"excerpt":{"rendered":"<p>Africa-Press &#8211; Burkina Faso. Le directeur du centre de crise et de soutien aupr\u00e8s du minist\u00e8re fran\u00e7ais de l\u2019Europe et des Affaires \u00e9trang\u00e8res, Eric Chevallier, avec \u00e0 ses c\u00f4t\u00e9s l\u2019ambassadeur de France au Burkina, Luc Hallade, \u00e9tait face \u00e0 la presse dans la soir\u00e9e du jeudi 15 avril 2021 \u00e0 Ouagadougou. Objectif, faire le bilan [&hellip;]<\/p>\n","protected":false},"author":82,"featured_media":10172,"comment_status":"open","ping_status":"closed","sticky":false,"template":"","format":"standard","meta":{"footnotes":""},"categories":[11,2,20,10],"tags":[111,725,29],"class_list":["post-10173","post","type-post","status-publish","format-standard","has-post-thumbnail","hentry","category-homepage-french","category-politique","category-top-nouvelles","category-toutes-les-actualites","tag-africa-press","tag-africa-press-burkina-faso","tag-burkina-faso"],"yoast_head":"<!-- This site is optimized with the Yoast SEO Premium plugin v26.1 (Yoast SEO v27.0) - https:\/\/yoast.com\/product\/yoast-seo-premium-wordpress\/ -->\n<title>Coop\u00e9ration : La France d\u00e9bloque une enveloppe financi\u00e8re d\u2019urgence de plus de 8 milliards de FCFA pour le Burkina - Burkina Faso<\/title>\n<meta name=\"description\" content=\"Le directeur du centre de crise et de soutien aupr\u00e8s du minist\u00e8re fran\u00e7ais de l\u2019Europe et des Affaires \u00e9trang\u00e8res, Er ...\" \/>\n<meta name=\"robots\" content=\"index, follow, max-snippet:-1, max-image-preview:large, max-video-preview:-1\" \/>\n<link rel=\"canonical\" href=\"https:\/\/www.africa-press.net\/burkina-faso\/politique\/cooperation-la-france-debloque-une-enveloppe-financiere-durgence-de-plus-de-8-milliards-de-fcfa-pour-le-burkina\" \/>\n<meta property=\"og:locale\" content=\"fr_FR\" \/>\n<meta property=\"og:type\" content=\"article\" \/>\n<meta property=\"og:title\" content=\"Coop\u00e9ration : La France d\u00e9bloque une enveloppe financi\u00e8re d\u2019urgence de plus de 8 milliards de FCFA pour le Burkina\" \/>\n<meta property=\"og:description\" content=\"Le directeur du centre de crise et de soutien aupr\u00e8s du minist\u00e8re fran\u00e7ais de l\u2019Europe et des Affaires \u00e9trang\u00e8res, Er ...\" \/>\n<meta property=\"og:url\" content=\"https:\/\/www.africa-press.net\/burkina-faso\/politique\/cooperation-la-france-debloque-une-enveloppe-financiere-durgence-de-plus-de-8-milliards-de-fcfa-pour-le-burkina\" \/>\n<meta property=\"og:site_name\" content=\"Burkina Faso\" \/>\n<meta property=\"article:published_time\" content=\"2021-04-18T18:40:07+00:00\" \/>\n<meta property=\"og:image\" content=\"https:\/\/static.africa-press.net\/burkina\/sites\/42\/2021\/04\/img-607c5688a7168.jpg\" \/>\n\t<meta property=\"og:image:width\" content=\"720\" \/>\n\t<meta property=\"og:image:height\" content=\"365\" \/>\n\t<meta property=\"og:image:type\" content=\"image\/jpeg\" \/>\n<meta name=\"author\" content=\"cfeditorfr\" \/>\n<meta name=\"twitter:card\" content=\"summary_large_image\" \/>\n<meta name=\"twitter:label1\" content=\"\u00c9crit par\" \/>\n\t<meta name=\"twitter:data1\" content=\"cfeditorfr\" \/>\n\t<meta name=\"twitter:label2\" content=\"Dur\u00e9e de lecture estim\u00e9e\" \/>\n\t<meta name=\"twitter:data2\" content=\"3 minutes\" \/>\n<script type=\"application\/ld+json\" class=\"yoast-schema-graph\">{\"@context\":\"https:\/\/schema.org\",\"@graph\":[{\"@type\":\"Article\",\"@id\":\"https:\/\/www.africa-press.net\/burkina-faso\/politique\/cooperation-la-france-debloque-une-enveloppe-financiere-durgence-de-plus-de-8-milliards-de-fcfa-pour-le-burkina#article\",\"isPartOf\":{\"@id\":\"https:\/\/www.africa-press.net\/burkina-faso\/politique\/cooperation-la-france-debloque-une-enveloppe-financiere-durgence-de-plus-de-8-milliards-de-fcfa-pour-le-burkina\"},\"author\":{\"name\":\"cfeditorfr\",\"@id\":\"https:\/\/www.africa-press.net\/burkina-faso\/#\/schema\/person\/2b1cf3cd81a31e3cd26889ca66d677f1\"},\"headline\":\"Coop\u00e9ration : La France d\u00e9bloque une enveloppe financi\u00e8re d\u2019urgence de plus de 8 milliards de FCFA pour le Burkina\",\"datePublished\":\"2021-04-18T18:40:07+00:00\",\"mainEntityOfPage\":{\"@id\":\"https:\/\/www.africa-press.net\/burkina-faso\/politique\/cooperation-la-france-debloque-une-enveloppe-financiere-durgence-de-plus-de-8-milliards-de-fcfa-pour-le-burkina\"},\"wordCount\":676,\"commentCount\":0,\"image\":{\"@id\":\"https:\/\/www.africa-press.net\/burkina-faso\/politique\/cooperation-la-france-debloque-une-enveloppe-financiere-durgence-de-plus-de-8-milliards-de-fcfa-pour-le-burkina#primaryimage\"},\"thumbnailUrl\":\"https:\/\/static.africa-press.net\/burkina\/sites\/42\/2021\/04\/img-607c5688a7168.jpg\",\"keywords\":[\"Africa Press\",\"Africa Press-Burkina Faso\",\"Burkina Faso\"],\"articleSection\":[\"homepage-french\",\"Politique\",\"Top Nouvelles\",\"Toutes les actualit\u00e9s\"],\"inLanguage\":\"fr-FR\",\"potentialAction\":[{\"@type\":\"CommentAction\",\"name\":\"Comment\",\"target\":[\"https:\/\/www.africa-press.net\/burkina-faso\/politique\/cooperation-la-france-debloque-une-enveloppe-financiere-durgence-de-plus-de-8-milliards-de-fcfa-pour-le-burkina#respond\"]}]},{\"@type\":\"WebPage\",\"@id\":\"https:\/\/www.africa-press.net\/burkina-faso\/politique\/cooperation-la-france-debloque-une-enveloppe-financiere-durgence-de-plus-de-8-milliards-de-fcfa-pour-le-burkina\",\"url\":\"https:\/\/www.africa-press.net\/burkina-faso\/politique\/cooperation-la-france-debloque-une-enveloppe-financiere-durgence-de-plus-de-8-milliards-de-fcfa-pour-le-burkina\",\"name\":\"Coop\u00e9ration : La France d\u00e9bloque une enveloppe financi\u00e8re d\u2019urgence de plus de 8 milliards de FCFA pour le Burkina - Burkina Faso\",\"isPartOf\":{\"@id\":\"https:\/\/www.africa-press.net\/burkina-faso\/#website\"},\"primaryImageOfPage\":{\"@id\":\"https:\/\/www.africa-press.net\/burkina-faso\/politique\/cooperation-la-france-debloque-une-enveloppe-financiere-durgence-de-plus-de-8-milliards-de-fcfa-pour-le-burkina#primaryimage\"},\"image\":{\"@id\":\"https:\/\/www.africa-press.net\/burkina-faso\/politique\/cooperation-la-france-debloque-une-enveloppe-financiere-durgence-de-plus-de-8-milliards-de-fcfa-pour-le-burkina#primaryimage\"},\"thumbnailUrl\":\"https:\/\/static.africa-press.net\/burkina\/sites\/42\/2021\/04\/img-607c5688a7168.jpg\",\"datePublished\":\"2021-04-18T18:40:07+00:00\",\"author\":{\"@id\":\"https:\/\/www.africa-press.net\/burkina-faso\/#\/schema\/person\/2b1cf3cd81a31e3cd26889ca66d677f1\"},\"description\":\"Le directeur du centre de crise et de soutien aupr\u00e8s du minist\u00e8re fran\u00e7ais de l\u2019Europe et des Affaires \u00e9trang\u00e8res, Er ...\",\"breadcrumb\":{\"@id\":\"https:\/\/www.africa-press.net\/burkina-faso\/politique\/cooperation-la-france-debloque-une-enveloppe-financiere-durgence-de-plus-de-8-milliards-de-fcfa-pour-le-burkina#breadcrumb\"},\"inLanguage\":\"fr-FR\",\"potentialAction\":[{\"@type\":\"ReadAction\",\"target\":[\"https:\/\/www.africa-press.net\/burkina-faso\/politique\/cooperation-la-france-debloque-une-enveloppe-financiere-durgence-de-plus-de-8-milliards-de-fcfa-pour-le-burkina\"]}]},{\"@type\":\"ImageObject\",\"inLanguage\":\"fr-FR\",\"@id\":\"https:\/\/www.africa-press.net\/burkina-faso\/politique\/cooperation-la-france-debloque-une-enveloppe-financiere-durgence-de-plus-de-8-milliards-de-fcfa-pour-le-burkina#primaryimage\",\"url\":\"https:\/\/static.africa-press.net\/burkina\/sites\/42\/2021\/04\/img-607c5688a7168.jpg\",\"contentUrl\":\"https:\/\/static.africa-press.net\/burkina\/sites\/42\/2021\/04\/img-607c5688a7168.jpg\",\"width\":720,\"height\":365,\"caption\":\"Coop\u00e9ration : La France d\u00e9bloque une enveloppe financi\u00e8re d\u2019urgence de plus de 8 milliards de FCFA pour le Burkina\"},{\"@type\":\"BreadcrumbList\",\"@id\":\"https:\/\/www.africa-press.net\/burkina-faso\/politique\/cooperation-la-france-debloque-une-enveloppe-financiere-durgence-de-plus-de-8-milliards-de-fcfa-pour-le-burkina#breadcrumb\",\"itemListElement\":[{\"@type\":\"ListItem\",\"position\":1,\"name\":\"Accueil\",\"item\":\"https:\/\/www.africa-press.net\/burkina-faso\/\"},{\"@type\":\"ListItem\",\"position\":2,\"name\":\"Coop\u00e9ration : La France d\u00e9bloque une enveloppe financi\u00e8re d\u2019urgence de plus de 8 milliards de FCFA pour le Burkina\"}]},{\"@type\":\"WebSite\",\"@id\":\"https:\/\/www.africa-press.net\/burkina-faso\/#website\",\"url\":\"https:\/\/www.africa-press.net\/burkina-faso\/\",\"name\":\"Burkina Faso\",\"description\":\"Just another Africa News Agency Sites site\",\"potentialAction\":[{\"@type\":\"SearchAction\",\"target\":{\"@type\":\"EntryPoint\",\"urlTemplate\":\"https:\/\/www.africa-press.net\/burkina-faso\/?s={search_term_string}\"},\"query-input\":{\"@type\":\"PropertyValueSpecification\",\"valueRequired\":true,\"valueName\":\"search_term_string\"}}],\"inLanguage\":\"fr-FR\"},{\"@type\":\"Person\",\"@id\":\"https:\/\/www.africa-press.net\/burkina-faso\/#\/schema\/person\/2b1cf3cd81a31e3cd26889ca66d677f1\",\"name\":\"cfeditorfr\"}]}<\/script>\n<!-- \/ Yoast SEO Premium plugin. -->","yoast_head_json":{"title":"Coop\u00e9ration : La France d\u00e9bloque une enveloppe financi\u00e8re d\u2019urgence de plus de 8 milliards de FCFA pour le Burkina - Burkina Faso","description":"Le directeur du centre de crise et de soutien aupr\u00e8s du minist\u00e8re fran\u00e7ais de l\u2019Europe et des Affaires \u00e9trang\u00e8res, Er ...","robots":{"index":"index","follow":"follow","max-snippet":"max-snippet:-1","max-image-preview":"max-image-preview:large","max-video-preview":"max-video-preview:-1"},"canonical":"https:\/\/www.africa-press.net\/burkina-faso\/politique\/cooperation-la-france-debloque-une-enveloppe-financiere-durgence-de-plus-de-8-milliards-de-fcfa-pour-le-burkina","og_locale":"fr_FR","og_type":"article","og_title":"Coop\u00e9ration : La France d\u00e9bloque une enveloppe financi\u00e8re d\u2019urgence de plus de 8 milliards de FCFA pour le Burkina","og_description":"Le directeur du centre de crise et de soutien aupr\u00e8s du minist\u00e8re fran\u00e7ais de l\u2019Europe et des Affaires \u00e9trang\u00e8res, Er ...","og_url":"https:\/\/www.africa-press.net\/burkina-faso\/politique\/cooperation-la-france-debloque-une-enveloppe-financiere-durgence-de-plus-de-8-milliards-de-fcfa-pour-le-burkina","og_site_name":"Burkina Faso","article_published_time":"2021-04-18T18:40:07+00:00","og_image":[{"width":720,"height":365,"url":"https:\/\/static.africa-press.net\/burkina\/sites\/42\/2021\/04\/img-607c5688a7168.jpg","type":"image\/jpeg"}],"author":"cfeditorfr","twitter_card":"summary_large_image","twitter_misc":{"\u00c9crit par":"cfeditorfr","Dur\u00e9e de lecture estim\u00e9e":"3 minutes"},"schema":{"@context":"https:\/\/schema.org","@graph":[{"@type":"Article","@id":"https:\/\/www.africa-press.net\/burkina-faso\/politique\/cooperation-la-france-debloque-une-enveloppe-financiere-durgence-de-plus-de-8-milliards-de-fcfa-pour-le-burkina#article","isPartOf":{"@id":"https:\/\/www.africa-press.net\/burkina-faso\/politique\/cooperation-la-france-debloque-une-enveloppe-financiere-durgence-de-plus-de-8-milliards-de-fcfa-pour-le-burkina"},"author":{"name":"cfeditorfr","@id":"https:\/\/www.africa-press.net\/burkina-faso\/#\/schema\/person\/2b1cf3cd81a31e3cd26889ca66d677f1"},"headline":"Coop\u00e9ration : La France d\u00e9bloque une enveloppe financi\u00e8re d\u2019urgence de plus de 8 milliards de FCFA pour le Burkina","datePublished":"2021-04-18T18:40:07+00:00","mainEntityOfPage":{"@id":"https:\/\/www.africa-press.net\/burkina-faso\/politique\/cooperation-la-france-debloque-une-enveloppe-financiere-durgence-de-plus-de-8-milliards-de-fcfa-pour-le-burkina"},"wordCount":676,"commentCount":0,"image":{"@id":"https:\/\/www.africa-press.net\/burkina-faso\/politique\/cooperation-la-france-debloque-une-enveloppe-financiere-durgence-de-plus-de-8-milliards-de-fcfa-pour-le-burkina#primaryimage"},"thumbnailUrl":"https:\/\/static.africa-press.net\/burkina\/sites\/42\/2021\/04\/img-607c5688a7168.jpg","keywords":["Africa Press","Africa Press-Burkina Faso","Burkina Faso"],"articleSection":["homepage-french","Politique","Top Nouvelles","Toutes les actualit\u00e9s"],"inLanguage":"fr-FR","potentialAction":[{"@type":"CommentAction","name":"Comment","target":["https:\/\/www.africa-press.net\/burkina-faso\/politique\/cooperation-la-france-debloque-une-enveloppe-financiere-durgence-de-plus-de-8-milliards-de-fcfa-pour-le-burkina#respond"]}]},{"@type":"WebPage","@id":"https:\/\/www.africa-press.net\/burkina-faso\/politique\/cooperation-la-france-debloque-une-enveloppe-financiere-durgence-de-plus-de-8-milliards-de-fcfa-pour-le-burkina","url":"https:\/\/www.africa-press.net\/burkina-faso\/politique\/cooperation-la-france-debloque-une-enveloppe-financiere-durgence-de-plus-de-8-milliards-de-fcfa-pour-le-burkina","name":"Coop\u00e9ration : La France d\u00e9bloque une enveloppe financi\u00e8re d\u2019urgence de plus de 8 milliards de FCFA pour le Burkina - Burkina Faso","isPartOf":{"@id":"https:\/\/www.africa-press.net\/burkina-faso\/#website"},"primaryImageOfPage":{"@id":"https:\/\/www.africa-press.net\/burkina-faso\/politique\/cooperation-la-france-debloque-une-enveloppe-financiere-durgence-de-plus-de-8-milliards-de-fcfa-pour-le-burkina#primaryimage"},"image":{"@id":"https:\/\/www.africa-press.net\/burkina-faso\/politique\/cooperation-la-france-debloque-une-enveloppe-financiere-durgence-de-plus-de-8-milliards-de-fcfa-pour-le-burkina#primaryimage"},"thumbnailUrl":"https:\/\/static.africa-press.net\/burkina\/sites\/42\/2021\/04\/img-607c5688a7168.jpg","datePublished":"2021-04-18T18:40:07+00:00","author":{"@id":"https:\/\/www.africa-press.net\/burkina-faso\/#\/schema\/person\/2b1cf3cd81a31e3cd26889ca66d677f1"},"description":"Le directeur du centre de crise et de soutien aupr\u00e8s du minist\u00e8re fran\u00e7ais de l\u2019Europe et des Affaires \u00e9trang\u00e8res, Er ...","breadcrumb":{"@id":"https:\/\/www.africa-press.net\/burkina-faso\/politique\/cooperation-la-france-debloque-une-enveloppe-financiere-durgence-de-plus-de-8-milliards-de-fcfa-pour-le-burkina#breadcrumb"},"inLanguage":"fr-FR","potentialAction":[{"@type":"ReadAction","target":["https:\/\/www.africa-press.net\/burkina-faso\/politique\/cooperation-la-france-debloque-une-enveloppe-financiere-durgence-de-plus-de-8-milliards-de-fcfa-pour-le-burkina"]}]},{"@type":"ImageObject","inLanguage":"fr-FR","@id":"https:\/\/www.africa-press.net\/burkina-faso\/politique\/cooperation-la-france-debloque-une-enveloppe-financiere-durgence-de-plus-de-8-milliards-de-fcfa-pour-le-burkina#primaryimage","url":"https:\/\/static.africa-press.net\/burkina\/sites\/42\/2021\/04\/img-607c5688a7168.jpg","contentUrl":"https:\/\/static.africa-press.net\/burkina\/sites\/42\/2021\/04\/img-607c5688a7168.jpg","width":720,"height":365,"caption":"Coop\u00e9ration : La France d\u00e9bloque une enveloppe financi\u00e8re d\u2019urgence de plus de 8 milliards de FCFA pour le Burkina"},{"@type":"BreadcrumbList","@id":"https:\/\/www.africa-press.net\/burkina-faso\/politique\/cooperation-la-france-debloque-une-enveloppe-financiere-durgence-de-plus-de-8-milliards-de-fcfa-pour-le-burkina#breadcrumb","itemListElement":[{"@type":"ListItem","position":1,"name":"Accueil","item":"https:\/\/www.africa-press.net\/burkina-faso\/"},{"@type":"ListItem","position":2,"name":"Coop\u00e9ration : La France d\u00e9bloque une enveloppe financi\u00e8re d\u2019urgence de plus de 8 milliards de FCFA pour le Burkina"}]},{"@type":"WebSite","@id":"https:\/\/www.africa-press.net\/burkina-faso\/#website","url":"https:\/\/www.africa-press.net\/burkina-faso\/","name":"Burkina Faso","description":"Just another Africa News Agency Sites site","potentialAction":[{"@type":"SearchAction","target":{"@type":"EntryPoint","urlTemplate":"https:\/\/www.africa-press.net\/burkina-faso\/?s={search_term_string}"},"query-input":{"@type":"PropertyValueSpecification","valueRequired":true,"valueName":"search_term_string"}}],"inLanguage":"fr-FR"},{"@type":"Person","@id":"https:\/\/www.africa-press.net\/burkina-faso\/#\/schema\/person\/2b1cf3cd81a31e3cd26889ca66d677f1","name":"cfeditorfr"}]}},"_links":{"self":[{"href":"https:\/\/www.africa-press.net\/burkina-faso\/wp-json\/wp\/v2\/posts\/10173","targetHints":{"allow":["GET"]}}],"collection":[{"href":"https:\/\/www.africa-press.net\/burkina-faso\/wp-json\/wp\/v2\/posts"}],"about":[{"href":"https:\/\/www.africa-press.net\/burkina-faso\/wp-json\/wp\/v2\/types\/post"}],"author":[{"embeddable":true,"href":"https:\/\/www.africa-press.net\/burkina-faso\/wp-json\/wp\/v2\/users\/82"}],"replies":[{"embeddable":true,"href":"https:\/\/www.africa-press.net\/burkina-faso\/wp-json\/wp\/v2\/comments?post=10173"}],"version-history":[{"count":0,"href":"https:\/\/www.africa-press.net\/burkina-faso\/wp-json\/wp\/v2\/posts\/10173\/revisions"}],"wp:featuredmedia":[{"embeddable":true,"href":"https:\/\/www.africa-press.net\/burkina-faso\/wp-json\/wp\/v2\/media\/10172"}],"wp:attachment":[{"href":"https:\/\/www.africa-press.net\/burkina-faso\/wp-json\/wp\/v2\/media?parent=10173"}],"wp:term":[{"taxonomy":"category","embeddable":true,"href":"https:\/\/www.africa-press.net\/burkina-faso\/wp-json\/wp\/v2\/categories?post=10173"},{"taxonomy":"post_tag","embeddable":true,"href":"https:\/\/www.africa-press.net\/burkina-faso\/wp-json\/wp\/v2\/tags?post=10173"}],"curies":[{"name":"wp","href":"https:\/\/api.w.org\/{rel}","templated":true}]}}