{"id":10179,"date":"2021-04-18T18:56:02","date_gmt":"2021-04-18T18:56:02","guid":{"rendered":"https:\/\/www.africa-press.net\/burkina-faso\/?p=10179"},"modified":"2021-04-18T17:00:32","modified_gmt":"2021-04-18T17:00:32","slug":"burkina-faso-moussa-koanda-du-photovoltaique-au-ciment","status":"publish","type":"post","link":"https:\/\/www.africa-press.net\/burkina-faso\/economie\/burkina-faso-moussa-koanda-du-photovoltaique-au-ciment","title":{"rendered":"Moussa Koanda, du photovolta\u00efque au ciment"},"content":{"rendered":"<p><span style=\"color: #ff6600\"><strong><a href=\"https:\/\/www.africa-press.net\/\">Africa-Press<\/a> &#8211; <a href=\"https:\/\/www.africa-press.net\/burkina-faso\">Burkina Faso<\/a>. <\/strong><\/span>Ces derniers mois, l\u2019homme d\u2019affaires burkinab\u00e8 multiplie les projets d\u2019investissement. Portrait d\u2019un patron aussi discret qu\u2019embl\u00e9matique. On le savait actif dans le n\u00e9goce de produits de grande consommation, les hydrocarbures et l\u2019acier. Moussa Koanda n\u2019entend pas s\u2019arr\u00eater l\u00e0. En septembre 2020, le PDG de GCM Industries d\u00e9marrait la production de Faso Energy, la premi\u00e8re usine de montage de panneaux solaires du pays, install\u00e9e dans la zone industrielle de Kossodo, en banlieue nord-est de Ouagadougou.<\/p>\n<p>Un investissement de plus de 3 milliards de F CFA (plus de 4,5 millions d\u2019euros). Le 26 janvier, dans la m\u00eame zone industrielle, il a inaugur\u00e9 le chantier de construction d\u2019une cimenterie dont la livraison est pr\u00e9vue au premier trimestre 2022.<\/p>\n","protected":false},"excerpt":{"rendered":"<p>Africa-Press &#8211; Burkina Faso. Ces derniers mois, l\u2019homme d\u2019affaires burkinab\u00e8 multiplie les projets d\u2019investissement. Portrait d\u2019un patron aussi discret qu\u2019embl\u00e9matique. On le savait actif dans le n\u00e9goce de produits de grande consommation, les hydrocarbures et l\u2019acier. Moussa Koanda n\u2019entend pas s\u2019arr\u00eater l\u00e0. En septembre 2020, le PDG de GCM Industries d\u00e9marrait la production de Faso [&hellip;]<\/p>\n","protected":false},"author":82,"featured_media":10178,"comment_status":"open","ping_status":"closed","sticky":false,"template":"","format":"standard","meta":{"footnotes":""},"categories":[3,11,20,10],"tags":[111,725,29],"class_list":["post-10179","post","type-post","status-publish","format-standard","has-post-thumbnail","hentry","category-economie","category-homepage-french","category-top-nouvelles","category-toutes-les-actualites","tag-africa-press","tag-africa-press-burkina-faso","tag-burkina-faso"],"yoast_head":"<!-- This site is optimized with the Yoast SEO Premium plugin v26.1 (Yoast SEO v27.0) - https:\/\/yoast.com\/product\/yoast-seo-premium-wordpress\/ -->\n<title>Moussa Koanda, du photovolta\u00efque au ciment - Burkina Faso<\/title>\n<meta name=\"description\" content=\"Ces derniers mois, l\u2019homme d\u2019affaires burkinab\u00e8 multiplie les projets d\u2019investissement. Portrait d\u2019un patron aussi discr ...\" \/>\n<meta name=\"robots\" content=\"index, follow, max-snippet:-1, max-image-preview:large, max-video-preview:-1\" \/>\n<link rel=\"canonical\" href=\"https:\/\/www.africa-press.net\/burkina-faso\/economie\/burkina-faso-moussa-koanda-du-photovoltaique-au-ciment\" \/>\n<meta property=\"og:locale\" content=\"fr_FR\" \/>\n<meta property=\"og:type\" content=\"article\" \/>\n<meta property=\"og:title\" content=\"Moussa Koanda, du photovolta\u00efque au ciment\" \/>\n<meta property=\"og:description\" content=\"Ces derniers mois, l\u2019homme d\u2019affaires burkinab\u00e8 multiplie les projets d\u2019investissement. Portrait d\u2019un patron aussi discr ...\" \/>\n<meta property=\"og:url\" content=\"https:\/\/www.africa-press.net\/burkina-faso\/economie\/burkina-faso-moussa-koanda-du-photovoltaique-au-ciment\" \/>\n<meta property=\"og:site_name\" content=\"Burkina Faso\" \/>\n<meta property=\"article:published_time\" content=\"2021-04-18T18:56:02+00:00\" \/>\n<meta property=\"og:image\" content=\"https:\/\/static.africa-press.net\/burkina\/sites\/42\/2021\/04\/img-607c56fbba4cb.jpg\" \/>\n\t<meta property=\"og:image:width\" content=\"720\" \/>\n\t<meta property=\"og:image:height\" content=\"360\" \/>\n\t<meta property=\"og:image:type\" content=\"image\/jpeg\" \/>\n<meta name=\"author\" content=\"cfeditorfr\" \/>\n<meta name=\"twitter:card\" content=\"summary_large_image\" \/>\n<meta name=\"twitter:label1\" content=\"\u00c9crit par\" \/>\n\t<meta name=\"twitter:data1\" content=\"cfeditorfr\" \/>\n\t<meta name=\"twitter:label2\" content=\"Dur\u00e9e de lecture estim\u00e9e\" \/>\n\t<meta name=\"twitter:data2\" content=\"1 minute\" \/>\n<script type=\"application\/ld+json\" class=\"yoast-schema-graph\">{\"@context\":\"https:\/\/schema.org\",\"@graph\":[{\"@type\":\"Article\",\"@id\":\"https:\/\/www.africa-press.net\/burkina-faso\/economie\/burkina-faso-moussa-koanda-du-photovoltaique-au-ciment#article\",\"isPartOf\":{\"@id\":\"https:\/\/www.africa-press.net\/burkina-faso\/economie\/burkina-faso-moussa-koanda-du-photovoltaique-au-ciment\"},\"author\":{\"name\":\"cfeditorfr\",\"@id\":\"https:\/\/www.africa-press.net\/burkina-faso\/#\/schema\/person\/2b1cf3cd81a31e3cd26889ca66d677f1\"},\"headline\":\"Moussa Koanda, du photovolta\u00efque au ciment\",\"datePublished\":\"2021-04-18T18:56:02+00:00\",\"mainEntityOfPage\":{\"@id\":\"https:\/\/www.africa-press.net\/burkina-faso\/economie\/burkina-faso-moussa-koanda-du-photovoltaique-au-ciment\"},\"wordCount\":139,\"commentCount\":0,\"image\":{\"@id\":\"https:\/\/www.africa-press.net\/burkina-faso\/economie\/burkina-faso-moussa-koanda-du-photovoltaique-au-ciment#primaryimage\"},\"thumbnailUrl\":\"https:\/\/static.africa-press.net\/burkina\/sites\/42\/2021\/04\/img-607c56fbba4cb.jpg\",\"keywords\":[\"Africa Press\",\"Africa Press-Burkina Faso\",\"Burkina Faso\"],\"articleSection\":[\"\u00c9conomie\",\"homepage-french\",\"Top Nouvelles\",\"Toutes les actualit\u00e9s\"],\"inLanguage\":\"fr-FR\",\"potentialAction\":[{\"@type\":\"CommentAction\",\"name\":\"Comment\",\"target\":[\"https:\/\/www.africa-press.net\/burkina-faso\/economie\/burkina-faso-moussa-koanda-du-photovoltaique-au-ciment#respond\"]}]},{\"@type\":\"WebPage\",\"@id\":\"https:\/\/www.africa-press.net\/burkina-faso\/economie\/burkina-faso-moussa-koanda-du-photovoltaique-au-ciment\",\"url\":\"https:\/\/www.africa-press.net\/burkina-faso\/economie\/burkina-faso-moussa-koanda-du-photovoltaique-au-ciment\",\"name\":\"Moussa Koanda, du photovolta\u00efque au ciment - Burkina Faso\",\"isPartOf\":{\"@id\":\"https:\/\/www.africa-press.net\/burkina-faso\/#website\"},\"primaryImageOfPage\":{\"@id\":\"https:\/\/www.africa-press.net\/burkina-faso\/economie\/burkina-faso-moussa-koanda-du-photovoltaique-au-ciment#primaryimage\"},\"image\":{\"@id\":\"https:\/\/www.africa-press.net\/burkina-faso\/economie\/burkina-faso-moussa-koanda-du-photovoltaique-au-ciment#primaryimage\"},\"thumbnailUrl\":\"https:\/\/static.africa-press.net\/burkina\/sites\/42\/2021\/04\/img-607c56fbba4cb.jpg\",\"datePublished\":\"2021-04-18T18:56:02+00:00\",\"author\":{\"@id\":\"https:\/\/www.africa-press.net\/burkina-faso\/#\/schema\/person\/2b1cf3cd81a31e3cd26889ca66d677f1\"},\"description\":\"Ces derniers mois, l\u2019homme d\u2019affaires burkinab\u00e8 multiplie les projets d\u2019investissement. Portrait d\u2019un patron aussi discr ...\",\"breadcrumb\":{\"@id\":\"https:\/\/www.africa-press.net\/burkina-faso\/economie\/burkina-faso-moussa-koanda-du-photovoltaique-au-ciment#breadcrumb\"},\"inLanguage\":\"fr-FR\",\"potentialAction\":[{\"@type\":\"ReadAction\",\"target\":[\"https:\/\/www.africa-press.net\/burkina-faso\/economie\/burkina-faso-moussa-koanda-du-photovoltaique-au-ciment\"]}]},{\"@type\":\"ImageObject\",\"inLanguage\":\"fr-FR\",\"@id\":\"https:\/\/www.africa-press.net\/burkina-faso\/economie\/burkina-faso-moussa-koanda-du-photovoltaique-au-ciment#primaryimage\",\"url\":\"https:\/\/static.africa-press.net\/burkina\/sites\/42\/2021\/04\/img-607c56fbba4cb.jpg\",\"contentUrl\":\"https:\/\/static.africa-press.net\/burkina\/sites\/42\/2021\/04\/img-607c56fbba4cb.jpg\",\"width\":720,\"height\":360,\"caption\":\"Burkina Faso : Moussa Koanda, du photovolta\u00efque au ciment\"},{\"@type\":\"BreadcrumbList\",\"@id\":\"https:\/\/www.africa-press.net\/burkina-faso\/economie\/burkina-faso-moussa-koanda-du-photovoltaique-au-ciment#breadcrumb\",\"itemListElement\":[{\"@type\":\"ListItem\",\"position\":1,\"name\":\"Accueil\",\"item\":\"https:\/\/www.africa-press.net\/burkina-faso\/\"},{\"@type\":\"ListItem\",\"position\":2,\"name\":\"Moussa Koanda, du photovolta\u00efque au ciment\"}]},{\"@type\":\"WebSite\",\"@id\":\"https:\/\/www.africa-press.net\/burkina-faso\/#website\",\"url\":\"https:\/\/www.africa-press.net\/burkina-faso\/\",\"name\":\"Burkina Faso\",\"description\":\"Just another Africa News Agency Sites site\",\"potentialAction\":[{\"@type\":\"SearchAction\",\"target\":{\"@type\":\"EntryPoint\",\"urlTemplate\":\"https:\/\/www.africa-press.net\/burkina-faso\/?s={search_term_string}\"},\"query-input\":{\"@type\":\"PropertyValueSpecification\",\"valueRequired\":true,\"valueName\":\"search_term_string\"}}],\"inLanguage\":\"fr-FR\"},{\"@type\":\"Person\",\"@id\":\"https:\/\/www.africa-press.net\/burkina-faso\/#\/schema\/person\/2b1cf3cd81a31e3cd26889ca66d677f1\",\"name\":\"cfeditorfr\"}]}<\/script>\n<!-- \/ Yoast SEO Premium plugin. -->","yoast_head_json":{"title":"Moussa Koanda, du photovolta\u00efque au ciment - Burkina Faso","description":"Ces derniers mois, l\u2019homme d\u2019affaires burkinab\u00e8 multiplie les projets d\u2019investissement. Portrait d\u2019un patron aussi discr ...","robots":{"index":"index","follow":"follow","max-snippet":"max-snippet:-1","max-image-preview":"max-image-preview:large","max-video-preview":"max-video-preview:-1"},"canonical":"https:\/\/www.africa-press.net\/burkina-faso\/economie\/burkina-faso-moussa-koanda-du-photovoltaique-au-ciment","og_locale":"fr_FR","og_type":"article","og_title":"Moussa Koanda, du photovolta\u00efque au ciment","og_description":"Ces derniers mois, l\u2019homme d\u2019affaires burkinab\u00e8 multiplie les projets d\u2019investissement. Portrait d\u2019un patron aussi discr ...","og_url":"https:\/\/www.africa-press.net\/burkina-faso\/economie\/burkina-faso-moussa-koanda-du-photovoltaique-au-ciment","og_site_name":"Burkina Faso","article_published_time":"2021-04-18T18:56:02+00:00","og_image":[{"width":720,"height":360,"url":"https:\/\/static.africa-press.net\/burkina\/sites\/42\/2021\/04\/img-607c56fbba4cb.jpg","type":"image\/jpeg"}],"author":"cfeditorfr","twitter_card":"summary_large_image","twitter_misc":{"\u00c9crit par":"cfeditorfr","Dur\u00e9e de lecture estim\u00e9e":"1 minute"},"schema":{"@context":"https:\/\/schema.org","@graph":[{"@type":"Article","@id":"https:\/\/www.africa-press.net\/burkina-faso\/economie\/burkina-faso-moussa-koanda-du-photovoltaique-au-ciment#article","isPartOf":{"@id":"https:\/\/www.africa-press.net\/burkina-faso\/economie\/burkina-faso-moussa-koanda-du-photovoltaique-au-ciment"},"author":{"name":"cfeditorfr","@id":"https:\/\/www.africa-press.net\/burkina-faso\/#\/schema\/person\/2b1cf3cd81a31e3cd26889ca66d677f1"},"headline":"Moussa Koanda, du photovolta\u00efque au ciment","datePublished":"2021-04-18T18:56:02+00:00","mainEntityOfPage":{"@id":"https:\/\/www.africa-press.net\/burkina-faso\/economie\/burkina-faso-moussa-koanda-du-photovoltaique-au-ciment"},"wordCount":139,"commentCount":0,"image":{"@id":"https:\/\/www.africa-press.net\/burkina-faso\/economie\/burkina-faso-moussa-koanda-du-photovoltaique-au-ciment#primaryimage"},"thumbnailUrl":"https:\/\/static.africa-press.net\/burkina\/sites\/42\/2021\/04\/img-607c56fbba4cb.jpg","keywords":["Africa Press","Africa Press-Burkina Faso","Burkina Faso"],"articleSection":["\u00c9conomie","homepage-french","Top Nouvelles","Toutes les actualit\u00e9s"],"inLanguage":"fr-FR","potentialAction":[{"@type":"CommentAction","name":"Comment","target":["https:\/\/www.africa-press.net\/burkina-faso\/economie\/burkina-faso-moussa-koanda-du-photovoltaique-au-ciment#respond"]}]},{"@type":"WebPage","@id":"https:\/\/www.africa-press.net\/burkina-faso\/economie\/burkina-faso-moussa-koanda-du-photovoltaique-au-ciment","url":"https:\/\/www.africa-press.net\/burkina-faso\/economie\/burkina-faso-moussa-koanda-du-photovoltaique-au-ciment","name":"Moussa Koanda, du photovolta\u00efque au ciment - Burkina Faso","isPartOf":{"@id":"https:\/\/www.africa-press.net\/burkina-faso\/#website"},"primaryImageOfPage":{"@id":"https:\/\/www.africa-press.net\/burkina-faso\/economie\/burkina-faso-moussa-koanda-du-photovoltaique-au-ciment#primaryimage"},"image":{"@id":"https:\/\/www.africa-press.net\/burkina-faso\/economie\/burkina-faso-moussa-koanda-du-photovoltaique-au-ciment#primaryimage"},"thumbnailUrl":"https:\/\/static.africa-press.net\/burkina\/sites\/42\/2021\/04\/img-607c56fbba4cb.jpg","datePublished":"2021-04-18T18:56:02+00:00","author":{"@id":"https:\/\/www.africa-press.net\/burkina-faso\/#\/schema\/person\/2b1cf3cd81a31e3cd26889ca66d677f1"},"description":"Ces derniers mois, l\u2019homme d\u2019affaires burkinab\u00e8 multiplie les projets d\u2019investissement. Portrait d\u2019un patron aussi discr ...","breadcrumb":{"@id":"https:\/\/www.africa-press.net\/burkina-faso\/economie\/burkina-faso-moussa-koanda-du-photovoltaique-au-ciment#breadcrumb"},"inLanguage":"fr-FR","potentialAction":[{"@type":"ReadAction","target":["https:\/\/www.africa-press.net\/burkina-faso\/economie\/burkina-faso-moussa-koanda-du-photovoltaique-au-ciment"]}]},{"@type":"ImageObject","inLanguage":"fr-FR","@id":"https:\/\/www.africa-press.net\/burkina-faso\/economie\/burkina-faso-moussa-koanda-du-photovoltaique-au-ciment#primaryimage","url":"https:\/\/static.africa-press.net\/burkina\/sites\/42\/2021\/04\/img-607c56fbba4cb.jpg","contentUrl":"https:\/\/static.africa-press.net\/burkina\/sites\/42\/2021\/04\/img-607c56fbba4cb.jpg","width":720,"height":360,"caption":"Burkina Faso : Moussa Koanda, du photovolta\u00efque au ciment"},{"@type":"BreadcrumbList","@id":"https:\/\/www.africa-press.net\/burkina-faso\/economie\/burkina-faso-moussa-koanda-du-photovoltaique-au-ciment#breadcrumb","itemListElement":[{"@type":"ListItem","position":1,"name":"Accueil","item":"https:\/\/www.africa-press.net\/burkina-faso\/"},{"@type":"ListItem","position":2,"name":"Moussa Koanda, du photovolta\u00efque au ciment"}]},{"@type":"WebSite","@id":"https:\/\/www.africa-press.net\/burkina-faso\/#website","url":"https:\/\/www.africa-press.net\/burkina-faso\/","name":"Burkina Faso","description":"Just another Africa News Agency Sites site","potentialAction":[{"@type":"SearchAction","target":{"@type":"EntryPoint","urlTemplate":"https:\/\/www.africa-press.net\/burkina-faso\/?s={search_term_string}"},"query-input":{"@type":"PropertyValueSpecification","valueRequired":true,"valueName":"search_term_string"}}],"inLanguage":"fr-FR"},{"@type":"Person","@id":"https:\/\/www.africa-press.net\/burkina-faso\/#\/schema\/person\/2b1cf3cd81a31e3cd26889ca66d677f1","name":"cfeditorfr"}]}},"_links":{"self":[{"href":"https:\/\/www.africa-press.net\/burkina-faso\/wp-json\/wp\/v2\/posts\/10179","targetHints":{"allow":["GET"]}}],"collection":[{"href":"https:\/\/www.africa-press.net\/burkina-faso\/wp-json\/wp\/v2\/posts"}],"about":[{"href":"https:\/\/www.africa-press.net\/burkina-faso\/wp-json\/wp\/v2\/types\/post"}],"author":[{"embeddable":true,"href":"https:\/\/www.africa-press.net\/burkina-faso\/wp-json\/wp\/v2\/users\/82"}],"replies":[{"embeddable":true,"href":"https:\/\/www.africa-press.net\/burkina-faso\/wp-json\/wp\/v2\/comments?post=10179"}],"version-history":[{"count":0,"href":"https:\/\/www.africa-press.net\/burkina-faso\/wp-json\/wp\/v2\/posts\/10179\/revisions"}],"wp:featuredmedia":[{"embeddable":true,"href":"https:\/\/www.africa-press.net\/burkina-faso\/wp-json\/wp\/v2\/media\/10178"}],"wp:attachment":[{"href":"https:\/\/www.africa-press.net\/burkina-faso\/wp-json\/wp\/v2\/media?parent=10179"}],"wp:term":[{"taxonomy":"category","embeddable":true,"href":"https:\/\/www.africa-press.net\/burkina-faso\/wp-json\/wp\/v2\/categories?post=10179"},{"taxonomy":"post_tag","embeddable":true,"href":"https:\/\/www.africa-press.net\/burkina-faso\/wp-json\/wp\/v2\/tags?post=10179"}],"curies":[{"name":"wp","href":"https:\/\/api.w.org\/{rel}","templated":true}]}}