{"id":10216,"date":"2021-04-19T14:12:56","date_gmt":"2021-04-19T14:12:56","guid":{"rendered":"https:\/\/www.africa-press.net\/burkina-faso\/?p=10216"},"modified":"2021-04-19T14:51:02","modified_gmt":"2021-04-19T14:51:02","slug":"riposte-a-la-covid-19-au-burkina-faso-bientot-ladministration-du-vaccin-aux-burkinabe","status":"publish","type":"post","link":"https:\/\/www.africa-press.net\/burkina-faso\/toutes-les-actualites\/riposte-a-la-covid-19-au-burkina-faso-bientot-ladministration-du-vaccin-aux-burkinabe","title":{"rendered":"Riposte \u00e0 la COVID-19 au Burkina Faso : Bient\u00f4t l\u2019administration du vaccin aux Burkinab\u00e8"},"content":{"rendered":"<p><span style=\"color: #ff6600\"><strong><a href=\"https:\/\/www.africa-press.net\/\">Africa-Press<\/a> &#8211; <a href=\"https:\/\/www.africa-press.net\/burkina-faso\">Burkina Faso<\/a>. <\/strong><\/span><b>Le ministre de la Sant\u00e9, le Professeur Charlemagne M. Ragnag-N\u00e9wend\u00e9 OUEDRAOGO, a organis\u00e9 le samedi 17 avril 2021, \u00e0 Ouagadougou, un d\u00e9jeuner de presse, afin d\u2019\u00e9changer avec les journalistes, sur les priorit\u00e9s actuelles de son d\u00e9partement, \u00e0 savoir la n\u00e9cessit\u00e9 d\u2019un plan d\u2019urgence pour les h\u00f4pitaux de r\u00e9f\u00e9rence en p\u00e9riode de COVID-19 d\u2019une part, et la pr\u00e9sentation du plan de d\u00e9ploiement du vaccin anti-COVID-19, d\u2019autre part.<\/b><\/p>\n<p>Le Plan d\u2019urgence de sant\u00e9 en ces temps de COVID-19, va contribuer \u00e0 am\u00e9liorer la gouvernance des soins, \u00e0 renforcer l\u2019offre de soins de sant\u00e9 des malades, \u00e0 renforcer les plateaux techniques, en \u00e9quipements et en infrastructures. Il va \u00e9galement am\u00e9liorer la prise en charge de la sant\u00e9 des patients et de pilotage dans ces h\u00f4pitaux de r\u00e9f\u00e9rence, bref \u00e0 repositionner les h\u00f4pitaux au c\u0153ur du syst\u00e8me de sant\u00e9, avec l\u2019accompagnement de l\u2019Etat et des Partenaires techniques et financiers (PTF ).<\/p>\n<p>Selon le directeur g\u00e9n\u00e9ral de l\u2019Offre des soins, le Dr Salif Sankara, c\u2019est un diagnostic de haut niveau, surtout en imagerie m\u00e9dicale, etc. Quant au directeur g\u00e9n\u00e9ral de la sant\u00e9 publique, Dr Emmanuel SENI, il a \u00e9chang\u00e9 avec l\u2019assistance sur le second point \u00e0 savoir la pr\u00e9sentation du plan de d\u00e9ploiement du vaccin anti COVID-19 au Burkina Faso. Depuis l\u2019apparition de la maladie au Burkina Faso, le 9 mars 2020, une strat\u00e9gie a \u00e9t\u00e9 \u00e9labor\u00e9e par le gouvernement pour lutter contre la COVID-19.<\/p>\n<p>Le Burkina Faso ne doit pas rester en marge de la communaut\u00e9 internationale. Ainsi, le gouvernement a d\u00e9velopp\u00e9 depuis le 9 avril 2021, un plan de vaccination de riposte contre la COVID-19. Bient\u00f4t, 1 million 380 mille doses de vaccins, seront mis \u00e0 la disposition du \u00ab pays des hommes int\u00e8gres \u00bb. depuis le 9 avril 2021, un plan de vaccination de riposte contre la COVID-19. Bient\u00f4t, 1 million 380 mille doses de vaccins, seront mis \u00e0 la disposition du \u00ab pays des hommes int\u00e8gres \u00bb.<\/p>\n<p>L\u2019administration de cette vaccination est volontaire. Elle va concerner au total 9 millions 800 mille personnes sur l\u2019ensemble du territoire. Les principales cibles sont les groupes vuln\u00e9rables, les agents de sant\u00e9 le personnel du grand public, les militaires et paramilitaires.<\/p>\n<p>Le co\u00fbt total de cette op\u00e9ration est de 50 milliards de francs CFA. 33 milliards de francs CFA sont assur\u00e9s par l\u2019Etat et les Partenaires techniques et financiers, et les 17 milliards par l\u2019Alliance mondiale pour la vaccination et les vaccins (GAVI) et aussi le m\u00e9canisme COVAX.<\/p>\n<p><b>Le Service d\u2019information du gouvernement<\/b><\/p>\n","protected":false},"excerpt":{"rendered":"<p>Africa-Press &#8211; Burkina Faso. Le ministre de la Sant\u00e9, le Professeur Charlemagne M. Ragnag-N\u00e9wend\u00e9 OUEDRAOGO, a organis\u00e9 le samedi 17 avril 2021, \u00e0 Ouagadougou, un d\u00e9jeuner de presse, afin d\u2019\u00e9changer avec les journalistes, sur les priorit\u00e9s actuelles de son d\u00e9partement, \u00e0 savoir la n\u00e9cessit\u00e9 d\u2019un plan d\u2019urgence pour les h\u00f4pitaux de r\u00e9f\u00e9rence en p\u00e9riode de [&hellip;]<\/p>\n","protected":false},"author":82,"featured_media":10215,"comment_status":"open","ping_status":"closed","sticky":false,"template":"","format":"standard","meta":{"footnotes":""},"categories":[21,11,10],"tags":[111,725,29],"class_list":["post-10216","post","type-post","status-publish","format-standard","has-post-thumbnail","hentry","category-communaute","category-homepage-french","category-toutes-les-actualites","tag-africa-press","tag-africa-press-burkina-faso","tag-burkina-faso"],"yoast_head":"<!-- This site is optimized with the Yoast SEO Premium plugin v26.1 (Yoast SEO v27.0) - https:\/\/yoast.com\/product\/yoast-seo-premium-wordpress\/ -->\n<title>Riposte \u00e0 la COVID-19 au Burkina Faso : Bient\u00f4t l\u2019administration du vaccin aux Burkinab\u00e8 - Burkina Faso<\/title>\n<meta name=\"description\" content=\"Le ministre de la Sant\u00e9, le Professeur Charlemagne M. Ragnag-N\u00e9wend\u00e9 OUEDRAOGO, a organis\u00e9 le samedi 17 avril 2021, \u00e0 ...\" \/>\n<meta name=\"robots\" content=\"index, follow, max-snippet:-1, max-image-preview:large, max-video-preview:-1\" \/>\n<link rel=\"canonical\" href=\"https:\/\/www.africa-press.net\/burkina-faso\/toutes-les-actualites\/riposte-a-la-covid-19-au-burkina-faso-bientot-ladministration-du-vaccin-aux-burkinabe\" \/>\n<meta property=\"og:locale\" content=\"fr_FR\" \/>\n<meta property=\"og:type\" content=\"article\" \/>\n<meta property=\"og:title\" content=\"Riposte \u00e0 la COVID-19 au Burkina Faso : Bient\u00f4t l\u2019administration du vaccin aux Burkinab\u00e8\" \/>\n<meta property=\"og:description\" content=\"Le ministre de la Sant\u00e9, le Professeur Charlemagne M. Ragnag-N\u00e9wend\u00e9 OUEDRAOGO, a organis\u00e9 le samedi 17 avril 2021, \u00e0 ...\" \/>\n<meta property=\"og:url\" content=\"https:\/\/www.africa-press.net\/burkina-faso\/toutes-les-actualites\/riposte-a-la-covid-19-au-burkina-faso-bientot-ladministration-du-vaccin-aux-burkinabe\" \/>\n<meta property=\"og:site_name\" content=\"Burkina Faso\" \/>\n<meta property=\"article:published_time\" content=\"2021-04-19T14:12:56+00:00\" \/>\n<meta property=\"article:modified_time\" content=\"2021-04-19T14:51:02+00:00\" \/>\n<meta property=\"og:image\" content=\"https:\/\/static.africa-press.net\/burkina\/sites\/42\/2021\/04\/img-607d8eaea7d26.jpg\" \/>\n\t<meta property=\"og:image:width\" content=\"720\" \/>\n\t<meta property=\"og:image:height\" content=\"405\" \/>\n\t<meta property=\"og:image:type\" content=\"image\/jpeg\" \/>\n<meta name=\"author\" content=\"cfeditorfr\" \/>\n<meta name=\"twitter:card\" content=\"summary_large_image\" \/>\n<meta name=\"twitter:label1\" content=\"\u00c9crit par\" \/>\n\t<meta name=\"twitter:data1\" content=\"cfeditorfr\" \/>\n\t<meta name=\"twitter:label2\" content=\"Dur\u00e9e de lecture estim\u00e9e\" \/>\n\t<meta name=\"twitter:data2\" content=\"2 minutes\" \/>\n<script type=\"application\/ld+json\" class=\"yoast-schema-graph\">{\"@context\":\"https:\/\/schema.org\",\"@graph\":[{\"@type\":\"Article\",\"@id\":\"https:\/\/www.africa-press.net\/burkina-faso\/toutes-les-actualites\/riposte-a-la-covid-19-au-burkina-faso-bientot-ladministration-du-vaccin-aux-burkinabe#article\",\"isPartOf\":{\"@id\":\"https:\/\/www.africa-press.net\/burkina-faso\/toutes-les-actualites\/riposte-a-la-covid-19-au-burkina-faso-bientot-ladministration-du-vaccin-aux-burkinabe\"},\"author\":{\"name\":\"cfeditorfr\",\"@id\":\"https:\/\/www.africa-press.net\/burkina-faso\/#\/schema\/person\/2b1cf3cd81a31e3cd26889ca66d677f1\"},\"headline\":\"Riposte \u00e0 la COVID-19 au Burkina Faso : Bient\u00f4t l\u2019administration du vaccin aux Burkinab\u00e8\",\"datePublished\":\"2021-04-19T14:12:56+00:00\",\"dateModified\":\"2021-04-19T14:51:02+00:00\",\"mainEntityOfPage\":{\"@id\":\"https:\/\/www.africa-press.net\/burkina-faso\/toutes-les-actualites\/riposte-a-la-covid-19-au-burkina-faso-bientot-ladministration-du-vaccin-aux-burkinabe\"},\"wordCount\":451,\"commentCount\":0,\"image\":{\"@id\":\"https:\/\/www.africa-press.net\/burkina-faso\/toutes-les-actualites\/riposte-a-la-covid-19-au-burkina-faso-bientot-ladministration-du-vaccin-aux-burkinabe#primaryimage\"},\"thumbnailUrl\":\"https:\/\/static.africa-press.net\/burkina\/sites\/42\/2021\/04\/img-607d8eaea7d26.jpg\",\"keywords\":[\"Africa Press\",\"Africa Press-Burkina Faso\",\"Burkina Faso\"],\"articleSection\":[\"Communaut\u00e9\",\"homepage-french\",\"Toutes les actualit\u00e9s\"],\"inLanguage\":\"fr-FR\",\"potentialAction\":[{\"@type\":\"CommentAction\",\"name\":\"Comment\",\"target\":[\"https:\/\/www.africa-press.net\/burkina-faso\/toutes-les-actualites\/riposte-a-la-covid-19-au-burkina-faso-bientot-ladministration-du-vaccin-aux-burkinabe#respond\"]}]},{\"@type\":\"WebPage\",\"@id\":\"https:\/\/www.africa-press.net\/burkina-faso\/toutes-les-actualites\/riposte-a-la-covid-19-au-burkina-faso-bientot-ladministration-du-vaccin-aux-burkinabe\",\"url\":\"https:\/\/www.africa-press.net\/burkina-faso\/toutes-les-actualites\/riposte-a-la-covid-19-au-burkina-faso-bientot-ladministration-du-vaccin-aux-burkinabe\",\"name\":\"Riposte \u00e0 la COVID-19 au Burkina Faso : Bient\u00f4t l\u2019administration du vaccin aux Burkinab\u00e8 - Burkina Faso\",\"isPartOf\":{\"@id\":\"https:\/\/www.africa-press.net\/burkina-faso\/#website\"},\"primaryImageOfPage\":{\"@id\":\"https:\/\/www.africa-press.net\/burkina-faso\/toutes-les-actualites\/riposte-a-la-covid-19-au-burkina-faso-bientot-ladministration-du-vaccin-aux-burkinabe#primaryimage\"},\"image\":{\"@id\":\"https:\/\/www.africa-press.net\/burkina-faso\/toutes-les-actualites\/riposte-a-la-covid-19-au-burkina-faso-bientot-ladministration-du-vaccin-aux-burkinabe#primaryimage\"},\"thumbnailUrl\":\"https:\/\/static.africa-press.net\/burkina\/sites\/42\/2021\/04\/img-607d8eaea7d26.jpg\",\"datePublished\":\"2021-04-19T14:12:56+00:00\",\"dateModified\":\"2021-04-19T14:51:02+00:00\",\"author\":{\"@id\":\"https:\/\/www.africa-press.net\/burkina-faso\/#\/schema\/person\/2b1cf3cd81a31e3cd26889ca66d677f1\"},\"description\":\"Le ministre de la Sant\u00e9, le Professeur Charlemagne M. Ragnag-N\u00e9wend\u00e9 OUEDRAOGO, a organis\u00e9 le samedi 17 avril 2021, \u00e0 ...\",\"breadcrumb\":{\"@id\":\"https:\/\/www.africa-press.net\/burkina-faso\/toutes-les-actualites\/riposte-a-la-covid-19-au-burkina-faso-bientot-ladministration-du-vaccin-aux-burkinabe#breadcrumb\"},\"inLanguage\":\"fr-FR\",\"potentialAction\":[{\"@type\":\"ReadAction\",\"target\":[\"https:\/\/www.africa-press.net\/burkina-faso\/toutes-les-actualites\/riposte-a-la-covid-19-au-burkina-faso-bientot-ladministration-du-vaccin-aux-burkinabe\"]}]},{\"@type\":\"ImageObject\",\"inLanguage\":\"fr-FR\",\"@id\":\"https:\/\/www.africa-press.net\/burkina-faso\/toutes-les-actualites\/riposte-a-la-covid-19-au-burkina-faso-bientot-ladministration-du-vaccin-aux-burkinabe#primaryimage\",\"url\":\"https:\/\/static.africa-press.net\/burkina\/sites\/42\/2021\/04\/img-607d8eaea7d26.jpg\",\"contentUrl\":\"https:\/\/static.africa-press.net\/burkina\/sites\/42\/2021\/04\/img-607d8eaea7d26.jpg\",\"width\":720,\"height\":405,\"caption\":\"Riposte \u00e0 la COVID-19 au Burkina Faso : Bient\u00f4t l\u2019administration du vaccin aux Burkinab\u00e8\"},{\"@type\":\"BreadcrumbList\",\"@id\":\"https:\/\/www.africa-press.net\/burkina-faso\/toutes-les-actualites\/riposte-a-la-covid-19-au-burkina-faso-bientot-ladministration-du-vaccin-aux-burkinabe#breadcrumb\",\"itemListElement\":[{\"@type\":\"ListItem\",\"position\":1,\"name\":\"Accueil\",\"item\":\"https:\/\/www.africa-press.net\/burkina-faso\/\"},{\"@type\":\"ListItem\",\"position\":2,\"name\":\"Riposte \u00e0 la COVID-19 au Burkina Faso : Bient\u00f4t l\u2019administration du vaccin aux Burkinab\u00e8\"}]},{\"@type\":\"WebSite\",\"@id\":\"https:\/\/www.africa-press.net\/burkina-faso\/#website\",\"url\":\"https:\/\/www.africa-press.net\/burkina-faso\/\",\"name\":\"Burkina Faso\",\"description\":\"Just another Africa News Agency Sites site\",\"potentialAction\":[{\"@type\":\"SearchAction\",\"target\":{\"@type\":\"EntryPoint\",\"urlTemplate\":\"https:\/\/www.africa-press.net\/burkina-faso\/?s={search_term_string}\"},\"query-input\":{\"@type\":\"PropertyValueSpecification\",\"valueRequired\":true,\"valueName\":\"search_term_string\"}}],\"inLanguage\":\"fr-FR\"},{\"@type\":\"Person\",\"@id\":\"https:\/\/www.africa-press.net\/burkina-faso\/#\/schema\/person\/2b1cf3cd81a31e3cd26889ca66d677f1\",\"name\":\"cfeditorfr\"}]}<\/script>\n<!-- \/ Yoast SEO Premium plugin. -->","yoast_head_json":{"title":"Riposte \u00e0 la COVID-19 au Burkina Faso : Bient\u00f4t l\u2019administration du vaccin aux Burkinab\u00e8 - Burkina Faso","description":"Le ministre de la Sant\u00e9, le Professeur Charlemagne M. Ragnag-N\u00e9wend\u00e9 OUEDRAOGO, a organis\u00e9 le samedi 17 avril 2021, \u00e0 ...","robots":{"index":"index","follow":"follow","max-snippet":"max-snippet:-1","max-image-preview":"max-image-preview:large","max-video-preview":"max-video-preview:-1"},"canonical":"https:\/\/www.africa-press.net\/burkina-faso\/toutes-les-actualites\/riposte-a-la-covid-19-au-burkina-faso-bientot-ladministration-du-vaccin-aux-burkinabe","og_locale":"fr_FR","og_type":"article","og_title":"Riposte \u00e0 la COVID-19 au Burkina Faso : Bient\u00f4t l\u2019administration du vaccin aux Burkinab\u00e8","og_description":"Le ministre de la Sant\u00e9, le Professeur Charlemagne M. Ragnag-N\u00e9wend\u00e9 OUEDRAOGO, a organis\u00e9 le samedi 17 avril 2021, \u00e0 ...","og_url":"https:\/\/www.africa-press.net\/burkina-faso\/toutes-les-actualites\/riposte-a-la-covid-19-au-burkina-faso-bientot-ladministration-du-vaccin-aux-burkinabe","og_site_name":"Burkina Faso","article_published_time":"2021-04-19T14:12:56+00:00","article_modified_time":"2021-04-19T14:51:02+00:00","og_image":[{"width":720,"height":405,"url":"https:\/\/static.africa-press.net\/burkina\/sites\/42\/2021\/04\/img-607d8eaea7d26.jpg","type":"image\/jpeg"}],"author":"cfeditorfr","twitter_card":"summary_large_image","twitter_misc":{"\u00c9crit par":"cfeditorfr","Dur\u00e9e de lecture estim\u00e9e":"2 minutes"},"schema":{"@context":"https:\/\/schema.org","@graph":[{"@type":"Article","@id":"https:\/\/www.africa-press.net\/burkina-faso\/toutes-les-actualites\/riposte-a-la-covid-19-au-burkina-faso-bientot-ladministration-du-vaccin-aux-burkinabe#article","isPartOf":{"@id":"https:\/\/www.africa-press.net\/burkina-faso\/toutes-les-actualites\/riposte-a-la-covid-19-au-burkina-faso-bientot-ladministration-du-vaccin-aux-burkinabe"},"author":{"name":"cfeditorfr","@id":"https:\/\/www.africa-press.net\/burkina-faso\/#\/schema\/person\/2b1cf3cd81a31e3cd26889ca66d677f1"},"headline":"Riposte \u00e0 la COVID-19 au Burkina Faso : Bient\u00f4t l\u2019administration du vaccin aux Burkinab\u00e8","datePublished":"2021-04-19T14:12:56+00:00","dateModified":"2021-04-19T14:51:02+00:00","mainEntityOfPage":{"@id":"https:\/\/www.africa-press.net\/burkina-faso\/toutes-les-actualites\/riposte-a-la-covid-19-au-burkina-faso-bientot-ladministration-du-vaccin-aux-burkinabe"},"wordCount":451,"commentCount":0,"image":{"@id":"https:\/\/www.africa-press.net\/burkina-faso\/toutes-les-actualites\/riposte-a-la-covid-19-au-burkina-faso-bientot-ladministration-du-vaccin-aux-burkinabe#primaryimage"},"thumbnailUrl":"https:\/\/static.africa-press.net\/burkina\/sites\/42\/2021\/04\/img-607d8eaea7d26.jpg","keywords":["Africa Press","Africa Press-Burkina Faso","Burkina Faso"],"articleSection":["Communaut\u00e9","homepage-french","Toutes les actualit\u00e9s"],"inLanguage":"fr-FR","potentialAction":[{"@type":"CommentAction","name":"Comment","target":["https:\/\/www.africa-press.net\/burkina-faso\/toutes-les-actualites\/riposte-a-la-covid-19-au-burkina-faso-bientot-ladministration-du-vaccin-aux-burkinabe#respond"]}]},{"@type":"WebPage","@id":"https:\/\/www.africa-press.net\/burkina-faso\/toutes-les-actualites\/riposte-a-la-covid-19-au-burkina-faso-bientot-ladministration-du-vaccin-aux-burkinabe","url":"https:\/\/www.africa-press.net\/burkina-faso\/toutes-les-actualites\/riposte-a-la-covid-19-au-burkina-faso-bientot-ladministration-du-vaccin-aux-burkinabe","name":"Riposte \u00e0 la COVID-19 au Burkina Faso : Bient\u00f4t l\u2019administration du vaccin aux Burkinab\u00e8 - Burkina Faso","isPartOf":{"@id":"https:\/\/www.africa-press.net\/burkina-faso\/#website"},"primaryImageOfPage":{"@id":"https:\/\/www.africa-press.net\/burkina-faso\/toutes-les-actualites\/riposte-a-la-covid-19-au-burkina-faso-bientot-ladministration-du-vaccin-aux-burkinabe#primaryimage"},"image":{"@id":"https:\/\/www.africa-press.net\/burkina-faso\/toutes-les-actualites\/riposte-a-la-covid-19-au-burkina-faso-bientot-ladministration-du-vaccin-aux-burkinabe#primaryimage"},"thumbnailUrl":"https:\/\/static.africa-press.net\/burkina\/sites\/42\/2021\/04\/img-607d8eaea7d26.jpg","datePublished":"2021-04-19T14:12:56+00:00","dateModified":"2021-04-19T14:51:02+00:00","author":{"@id":"https:\/\/www.africa-press.net\/burkina-faso\/#\/schema\/person\/2b1cf3cd81a31e3cd26889ca66d677f1"},"description":"Le ministre de la Sant\u00e9, le Professeur Charlemagne M. Ragnag-N\u00e9wend\u00e9 OUEDRAOGO, a organis\u00e9 le samedi 17 avril 2021, \u00e0 ...","breadcrumb":{"@id":"https:\/\/www.africa-press.net\/burkina-faso\/toutes-les-actualites\/riposte-a-la-covid-19-au-burkina-faso-bientot-ladministration-du-vaccin-aux-burkinabe#breadcrumb"},"inLanguage":"fr-FR","potentialAction":[{"@type":"ReadAction","target":["https:\/\/www.africa-press.net\/burkina-faso\/toutes-les-actualites\/riposte-a-la-covid-19-au-burkina-faso-bientot-ladministration-du-vaccin-aux-burkinabe"]}]},{"@type":"ImageObject","inLanguage":"fr-FR","@id":"https:\/\/www.africa-press.net\/burkina-faso\/toutes-les-actualites\/riposte-a-la-covid-19-au-burkina-faso-bientot-ladministration-du-vaccin-aux-burkinabe#primaryimage","url":"https:\/\/static.africa-press.net\/burkina\/sites\/42\/2021\/04\/img-607d8eaea7d26.jpg","contentUrl":"https:\/\/static.africa-press.net\/burkina\/sites\/42\/2021\/04\/img-607d8eaea7d26.jpg","width":720,"height":405,"caption":"Riposte \u00e0 la COVID-19 au Burkina Faso : Bient\u00f4t l\u2019administration du vaccin aux Burkinab\u00e8"},{"@type":"BreadcrumbList","@id":"https:\/\/www.africa-press.net\/burkina-faso\/toutes-les-actualites\/riposte-a-la-covid-19-au-burkina-faso-bientot-ladministration-du-vaccin-aux-burkinabe#breadcrumb","itemListElement":[{"@type":"ListItem","position":1,"name":"Accueil","item":"https:\/\/www.africa-press.net\/burkina-faso\/"},{"@type":"ListItem","position":2,"name":"Riposte \u00e0 la COVID-19 au Burkina Faso : Bient\u00f4t l\u2019administration du vaccin aux Burkinab\u00e8"}]},{"@type":"WebSite","@id":"https:\/\/www.africa-press.net\/burkina-faso\/#website","url":"https:\/\/www.africa-press.net\/burkina-faso\/","name":"Burkina Faso","description":"Just another Africa News Agency Sites site","potentialAction":[{"@type":"SearchAction","target":{"@type":"EntryPoint","urlTemplate":"https:\/\/www.africa-press.net\/burkina-faso\/?s={search_term_string}"},"query-input":{"@type":"PropertyValueSpecification","valueRequired":true,"valueName":"search_term_string"}}],"inLanguage":"fr-FR"},{"@type":"Person","@id":"https:\/\/www.africa-press.net\/burkina-faso\/#\/schema\/person\/2b1cf3cd81a31e3cd26889ca66d677f1","name":"cfeditorfr"}]}},"_links":{"self":[{"href":"https:\/\/www.africa-press.net\/burkina-faso\/wp-json\/wp\/v2\/posts\/10216","targetHints":{"allow":["GET"]}}],"collection":[{"href":"https:\/\/www.africa-press.net\/burkina-faso\/wp-json\/wp\/v2\/posts"}],"about":[{"href":"https:\/\/www.africa-press.net\/burkina-faso\/wp-json\/wp\/v2\/types\/post"}],"author":[{"embeddable":true,"href":"https:\/\/www.africa-press.net\/burkina-faso\/wp-json\/wp\/v2\/users\/82"}],"replies":[{"embeddable":true,"href":"https:\/\/www.africa-press.net\/burkina-faso\/wp-json\/wp\/v2\/comments?post=10216"}],"version-history":[{"count":0,"href":"https:\/\/www.africa-press.net\/burkina-faso\/wp-json\/wp\/v2\/posts\/10216\/revisions"}],"wp:featuredmedia":[{"embeddable":true,"href":"https:\/\/www.africa-press.net\/burkina-faso\/wp-json\/wp\/v2\/media\/10215"}],"wp:attachment":[{"href":"https:\/\/www.africa-press.net\/burkina-faso\/wp-json\/wp\/v2\/media?parent=10216"}],"wp:term":[{"taxonomy":"category","embeddable":true,"href":"https:\/\/www.africa-press.net\/burkina-faso\/wp-json\/wp\/v2\/categories?post=10216"},{"taxonomy":"post_tag","embeddable":true,"href":"https:\/\/www.africa-press.net\/burkina-faso\/wp-json\/wp\/v2\/tags?post=10216"}],"curies":[{"name":"wp","href":"https:\/\/api.w.org\/{rel}","templated":true}]}}