{"id":10228,"date":"2021-04-19T14:43:58","date_gmt":"2021-04-19T14:43:58","guid":{"rendered":"https:\/\/www.africa-press.net\/burkina-faso\/?p=10228"},"modified":"2021-04-19T14:51:33","modified_gmt":"2021-04-19T14:51:33","slug":"burkina-faso-1-147-699-personnes-deplacees-internes-au-31-mars-2021","status":"publish","type":"post","link":"https:\/\/www.africa-press.net\/burkina-faso\/toutes-les-actualites\/burkina-faso-1-147-699-personnes-deplacees-internes-au-31-mars-2021","title":{"rendered":"1 147\u00a0699\u00a0personnes d\u00e9plac\u00e9es internes au 31 mars 2021"},"content":{"rendered":"<p><span style=\"color: #ff6600\"><strong><a href=\"https:\/\/www.africa-press.net\/\">Africa-Press<\/a> &#8211; <a href=\"https:\/\/www.africa-press.net\/burkina-faso\">Burkina Faso<\/a>. <\/strong><\/span>Le Conseil National de Secours d\u2019Urgence et de R\u00e9habilitation (CONASUR) pr\u00e9sente, \u00e0 la date du 31 mars 2021, la situation des enregistrements sur les personnes d\u00e9plac\u00e9es internes \u00e0 travers le pays.<\/p>\n<p>En ladite date, le nombre de personnes d\u00e9plac\u00e9es internes (PDI) s\u2019\u00e9l\u00e8ve \u00e0 1 147 699 individus dont pr\u00e8s de 84% ont \u00e9t\u00e9 enregistr\u00e9s sur une base individuelle. On note une augmentation de 2,29% par rapport \u00e0 la pr\u00e9c\u00e9dente publication (1 121 960 individus).<\/p>\n<p>Aussi, le taux de croissance du nombre de PDI, au cours de ce premier trimestre de l\u2019ann\u00e9e 2021, est de 6,76% par rapport au 31 d\u00e9cembre 2020. Les 2 premi\u00e8res provinces de provenance constituent en m\u00eame temps celles ayant accueilli plus de PDI. Il s\u2019agit des provinces de Sanmatenga et du Soum.<\/p>\n<p>Selon le CONASUR, le premier besoin prioritaire est l\u2019alimentation avec 79,8%. Le cash transfert occupe la quatri\u00e8me position des premiers besoins exprim\u00e9s avec 3,03%.<\/p>\n","protected":false},"excerpt":{"rendered":"<p>Africa-Press &#8211; Burkina Faso. Le Conseil National de Secours d\u2019Urgence et de R\u00e9habilitation (CONASUR) pr\u00e9sente, \u00e0 la date du 31 mars 2021, la situation des enregistrements sur les personnes d\u00e9plac\u00e9es internes \u00e0 travers le pays. En ladite date, le nombre de personnes d\u00e9plac\u00e9es internes (PDI) s\u2019\u00e9l\u00e8ve \u00e0 1 147 699 individus dont pr\u00e8s de 84% [&hellip;]<\/p>\n","protected":false},"author":82,"featured_media":10227,"comment_status":"open","ping_status":"closed","sticky":false,"template":"","format":"standard","meta":{"footnotes":""},"categories":[21,11,20,10],"tags":[111,725,29],"class_list":["post-10228","post","type-post","status-publish","format-standard","has-post-thumbnail","hentry","category-communaute","category-homepage-french","category-top-nouvelles","category-toutes-les-actualites","tag-africa-press","tag-africa-press-burkina-faso","tag-burkina-faso"],"yoast_head":"<!-- This site is optimized with the Yoast SEO Premium plugin v26.1 (Yoast SEO v27.0) - https:\/\/yoast.com\/product\/yoast-seo-premium-wordpress\/ -->\n<title>1 147\u00a0699\u00a0personnes d\u00e9plac\u00e9es internes au 31 mars 2021 - Burkina Faso<\/title>\n<meta name=\"description\" content=\"Le Conseil National de Secours d\u2019Urgence et de R\u00e9habilitation (CONASUR) pr\u00e9sente, \u00e0 la date du 31 mars 2021, la situatio ...\" \/>\n<meta name=\"robots\" content=\"index, follow, max-snippet:-1, max-image-preview:large, max-video-preview:-1\" \/>\n<link rel=\"canonical\" href=\"https:\/\/www.africa-press.net\/burkina-faso\/toutes-les-actualites\/burkina-faso-1-147-699-personnes-deplacees-internes-au-31-mars-2021\" \/>\n<meta property=\"og:locale\" content=\"fr_FR\" \/>\n<meta property=\"og:type\" content=\"article\" \/>\n<meta property=\"og:title\" content=\"1 147\u00a0699\u00a0personnes d\u00e9plac\u00e9es internes au 31 mars 2021\" \/>\n<meta property=\"og:description\" content=\"Le Conseil National de Secours d\u2019Urgence et de R\u00e9habilitation (CONASUR) pr\u00e9sente, \u00e0 la date du 31 mars 2021, la situatio ...\" \/>\n<meta property=\"og:url\" content=\"https:\/\/www.africa-press.net\/burkina-faso\/toutes-les-actualites\/burkina-faso-1-147-699-personnes-deplacees-internes-au-31-mars-2021\" \/>\n<meta property=\"og:site_name\" content=\"Burkina Faso\" \/>\n<meta property=\"article:published_time\" content=\"2021-04-19T14:43:58+00:00\" \/>\n<meta property=\"article:modified_time\" content=\"2021-04-19T14:51:33+00:00\" \/>\n<meta property=\"og:image\" content=\"https:\/\/static.africa-press.net\/burkina\/sites\/42\/2021\/04\/img-607d8f63b1e23.jpg\" \/>\n\t<meta property=\"og:image:width\" content=\"750\" \/>\n\t<meta property=\"og:image:height\" content=\"363\" \/>\n\t<meta property=\"og:image:type\" content=\"image\/jpeg\" \/>\n<meta name=\"author\" content=\"cfeditorfr\" \/>\n<meta name=\"twitter:card\" content=\"summary_large_image\" \/>\n<meta name=\"twitter:label1\" content=\"\u00c9crit par\" \/>\n\t<meta name=\"twitter:data1\" content=\"cfeditorfr\" \/>\n\t<meta name=\"twitter:label2\" content=\"Dur\u00e9e de lecture estim\u00e9e\" \/>\n\t<meta name=\"twitter:data2\" content=\"1 minute\" \/>\n<script type=\"application\/ld+json\" class=\"yoast-schema-graph\">{\"@context\":\"https:\/\/schema.org\",\"@graph\":[{\"@type\":\"Article\",\"@id\":\"https:\/\/www.africa-press.net\/burkina-faso\/toutes-les-actualites\/burkina-faso-1-147-699-personnes-deplacees-internes-au-31-mars-2021#article\",\"isPartOf\":{\"@id\":\"https:\/\/www.africa-press.net\/burkina-faso\/toutes-les-actualites\/burkina-faso-1-147-699-personnes-deplacees-internes-au-31-mars-2021\"},\"author\":{\"name\":\"cfeditorfr\",\"@id\":\"https:\/\/www.africa-press.net\/burkina-faso\/#\/schema\/person\/2b1cf3cd81a31e3cd26889ca66d677f1\"},\"headline\":\"1 147\u00a0699\u00a0personnes d\u00e9plac\u00e9es internes au 31 mars 2021\",\"datePublished\":\"2021-04-19T14:43:58+00:00\",\"dateModified\":\"2021-04-19T14:51:33+00:00\",\"mainEntityOfPage\":{\"@id\":\"https:\/\/www.africa-press.net\/burkina-faso\/toutes-les-actualites\/burkina-faso-1-147-699-personnes-deplacees-internes-au-31-mars-2021\"},\"wordCount\":162,\"commentCount\":0,\"image\":{\"@id\":\"https:\/\/www.africa-press.net\/burkina-faso\/toutes-les-actualites\/burkina-faso-1-147-699-personnes-deplacees-internes-au-31-mars-2021#primaryimage\"},\"thumbnailUrl\":\"https:\/\/static.africa-press.net\/burkina\/sites\/42\/2021\/04\/img-607d8f63b1e23.jpg\",\"keywords\":[\"Africa Press\",\"Africa Press-Burkina Faso\",\"Burkina Faso\"],\"articleSection\":[\"Communaut\u00e9\",\"homepage-french\",\"Top Nouvelles\",\"Toutes les actualit\u00e9s\"],\"inLanguage\":\"fr-FR\",\"potentialAction\":[{\"@type\":\"CommentAction\",\"name\":\"Comment\",\"target\":[\"https:\/\/www.africa-press.net\/burkina-faso\/toutes-les-actualites\/burkina-faso-1-147-699-personnes-deplacees-internes-au-31-mars-2021#respond\"]}]},{\"@type\":\"WebPage\",\"@id\":\"https:\/\/www.africa-press.net\/burkina-faso\/toutes-les-actualites\/burkina-faso-1-147-699-personnes-deplacees-internes-au-31-mars-2021\",\"url\":\"https:\/\/www.africa-press.net\/burkina-faso\/toutes-les-actualites\/burkina-faso-1-147-699-personnes-deplacees-internes-au-31-mars-2021\",\"name\":\"1 147\u00a0699\u00a0personnes d\u00e9plac\u00e9es internes au 31 mars 2021 - Burkina Faso\",\"isPartOf\":{\"@id\":\"https:\/\/www.africa-press.net\/burkina-faso\/#website\"},\"primaryImageOfPage\":{\"@id\":\"https:\/\/www.africa-press.net\/burkina-faso\/toutes-les-actualites\/burkina-faso-1-147-699-personnes-deplacees-internes-au-31-mars-2021#primaryimage\"},\"image\":{\"@id\":\"https:\/\/www.africa-press.net\/burkina-faso\/toutes-les-actualites\/burkina-faso-1-147-699-personnes-deplacees-internes-au-31-mars-2021#primaryimage\"},\"thumbnailUrl\":\"https:\/\/static.africa-press.net\/burkina\/sites\/42\/2021\/04\/img-607d8f63b1e23.jpg\",\"datePublished\":\"2021-04-19T14:43:58+00:00\",\"dateModified\":\"2021-04-19T14:51:33+00:00\",\"author\":{\"@id\":\"https:\/\/www.africa-press.net\/burkina-faso\/#\/schema\/person\/2b1cf3cd81a31e3cd26889ca66d677f1\"},\"description\":\"Le Conseil National de Secours d\u2019Urgence et de R\u00e9habilitation (CONASUR) pr\u00e9sente, \u00e0 la date du 31 mars 2021, la situatio ...\",\"breadcrumb\":{\"@id\":\"https:\/\/www.africa-press.net\/burkina-faso\/toutes-les-actualites\/burkina-faso-1-147-699-personnes-deplacees-internes-au-31-mars-2021#breadcrumb\"},\"inLanguage\":\"fr-FR\",\"potentialAction\":[{\"@type\":\"ReadAction\",\"target\":[\"https:\/\/www.africa-press.net\/burkina-faso\/toutes-les-actualites\/burkina-faso-1-147-699-personnes-deplacees-internes-au-31-mars-2021\"]}]},{\"@type\":\"ImageObject\",\"inLanguage\":\"fr-FR\",\"@id\":\"https:\/\/www.africa-press.net\/burkina-faso\/toutes-les-actualites\/burkina-faso-1-147-699-personnes-deplacees-internes-au-31-mars-2021#primaryimage\",\"url\":\"https:\/\/static.africa-press.net\/burkina\/sites\/42\/2021\/04\/img-607d8f63b1e23.jpg\",\"contentUrl\":\"https:\/\/static.africa-press.net\/burkina\/sites\/42\/2021\/04\/img-607d8f63b1e23.jpg\",\"width\":750,\"height\":363,\"caption\":\"Burkina Faso\u00a0: 1 147\u00a0699\u00a0personnes d\u00e9plac\u00e9es internes au 31 mars 2021\"},{\"@type\":\"BreadcrumbList\",\"@id\":\"https:\/\/www.africa-press.net\/burkina-faso\/toutes-les-actualites\/burkina-faso-1-147-699-personnes-deplacees-internes-au-31-mars-2021#breadcrumb\",\"itemListElement\":[{\"@type\":\"ListItem\",\"position\":1,\"name\":\"Accueil\",\"item\":\"https:\/\/www.africa-press.net\/burkina-faso\/\"},{\"@type\":\"ListItem\",\"position\":2,\"name\":\"1 147\u00a0699\u00a0personnes d\u00e9plac\u00e9es internes au 31 mars 2021\"}]},{\"@type\":\"WebSite\",\"@id\":\"https:\/\/www.africa-press.net\/burkina-faso\/#website\",\"url\":\"https:\/\/www.africa-press.net\/burkina-faso\/\",\"name\":\"Burkina Faso\",\"description\":\"Just another Africa News Agency Sites site\",\"potentialAction\":[{\"@type\":\"SearchAction\",\"target\":{\"@type\":\"EntryPoint\",\"urlTemplate\":\"https:\/\/www.africa-press.net\/burkina-faso\/?s={search_term_string}\"},\"query-input\":{\"@type\":\"PropertyValueSpecification\",\"valueRequired\":true,\"valueName\":\"search_term_string\"}}],\"inLanguage\":\"fr-FR\"},{\"@type\":\"Person\",\"@id\":\"https:\/\/www.africa-press.net\/burkina-faso\/#\/schema\/person\/2b1cf3cd81a31e3cd26889ca66d677f1\",\"name\":\"cfeditorfr\"}]}<\/script>\n<!-- \/ Yoast SEO Premium plugin. -->","yoast_head_json":{"title":"1 147\u00a0699\u00a0personnes d\u00e9plac\u00e9es internes au 31 mars 2021 - Burkina Faso","description":"Le Conseil National de Secours d\u2019Urgence et de R\u00e9habilitation (CONASUR) pr\u00e9sente, \u00e0 la date du 31 mars 2021, la situatio ...","robots":{"index":"index","follow":"follow","max-snippet":"max-snippet:-1","max-image-preview":"max-image-preview:large","max-video-preview":"max-video-preview:-1"},"canonical":"https:\/\/www.africa-press.net\/burkina-faso\/toutes-les-actualites\/burkina-faso-1-147-699-personnes-deplacees-internes-au-31-mars-2021","og_locale":"fr_FR","og_type":"article","og_title":"1 147\u00a0699\u00a0personnes d\u00e9plac\u00e9es internes au 31 mars 2021","og_description":"Le Conseil National de Secours d\u2019Urgence et de R\u00e9habilitation (CONASUR) pr\u00e9sente, \u00e0 la date du 31 mars 2021, la situatio ...","og_url":"https:\/\/www.africa-press.net\/burkina-faso\/toutes-les-actualites\/burkina-faso-1-147-699-personnes-deplacees-internes-au-31-mars-2021","og_site_name":"Burkina Faso","article_published_time":"2021-04-19T14:43:58+00:00","article_modified_time":"2021-04-19T14:51:33+00:00","og_image":[{"width":750,"height":363,"url":"https:\/\/static.africa-press.net\/burkina\/sites\/42\/2021\/04\/img-607d8f63b1e23.jpg","type":"image\/jpeg"}],"author":"cfeditorfr","twitter_card":"summary_large_image","twitter_misc":{"\u00c9crit par":"cfeditorfr","Dur\u00e9e de lecture estim\u00e9e":"1 minute"},"schema":{"@context":"https:\/\/schema.org","@graph":[{"@type":"Article","@id":"https:\/\/www.africa-press.net\/burkina-faso\/toutes-les-actualites\/burkina-faso-1-147-699-personnes-deplacees-internes-au-31-mars-2021#article","isPartOf":{"@id":"https:\/\/www.africa-press.net\/burkina-faso\/toutes-les-actualites\/burkina-faso-1-147-699-personnes-deplacees-internes-au-31-mars-2021"},"author":{"name":"cfeditorfr","@id":"https:\/\/www.africa-press.net\/burkina-faso\/#\/schema\/person\/2b1cf3cd81a31e3cd26889ca66d677f1"},"headline":"1 147\u00a0699\u00a0personnes d\u00e9plac\u00e9es internes au 31 mars 2021","datePublished":"2021-04-19T14:43:58+00:00","dateModified":"2021-04-19T14:51:33+00:00","mainEntityOfPage":{"@id":"https:\/\/www.africa-press.net\/burkina-faso\/toutes-les-actualites\/burkina-faso-1-147-699-personnes-deplacees-internes-au-31-mars-2021"},"wordCount":162,"commentCount":0,"image":{"@id":"https:\/\/www.africa-press.net\/burkina-faso\/toutes-les-actualites\/burkina-faso-1-147-699-personnes-deplacees-internes-au-31-mars-2021#primaryimage"},"thumbnailUrl":"https:\/\/static.africa-press.net\/burkina\/sites\/42\/2021\/04\/img-607d8f63b1e23.jpg","keywords":["Africa Press","Africa Press-Burkina Faso","Burkina Faso"],"articleSection":["Communaut\u00e9","homepage-french","Top Nouvelles","Toutes les actualit\u00e9s"],"inLanguage":"fr-FR","potentialAction":[{"@type":"CommentAction","name":"Comment","target":["https:\/\/www.africa-press.net\/burkina-faso\/toutes-les-actualites\/burkina-faso-1-147-699-personnes-deplacees-internes-au-31-mars-2021#respond"]}]},{"@type":"WebPage","@id":"https:\/\/www.africa-press.net\/burkina-faso\/toutes-les-actualites\/burkina-faso-1-147-699-personnes-deplacees-internes-au-31-mars-2021","url":"https:\/\/www.africa-press.net\/burkina-faso\/toutes-les-actualites\/burkina-faso-1-147-699-personnes-deplacees-internes-au-31-mars-2021","name":"1 147\u00a0699\u00a0personnes d\u00e9plac\u00e9es internes au 31 mars 2021 - Burkina Faso","isPartOf":{"@id":"https:\/\/www.africa-press.net\/burkina-faso\/#website"},"primaryImageOfPage":{"@id":"https:\/\/www.africa-press.net\/burkina-faso\/toutes-les-actualites\/burkina-faso-1-147-699-personnes-deplacees-internes-au-31-mars-2021#primaryimage"},"image":{"@id":"https:\/\/www.africa-press.net\/burkina-faso\/toutes-les-actualites\/burkina-faso-1-147-699-personnes-deplacees-internes-au-31-mars-2021#primaryimage"},"thumbnailUrl":"https:\/\/static.africa-press.net\/burkina\/sites\/42\/2021\/04\/img-607d8f63b1e23.jpg","datePublished":"2021-04-19T14:43:58+00:00","dateModified":"2021-04-19T14:51:33+00:00","author":{"@id":"https:\/\/www.africa-press.net\/burkina-faso\/#\/schema\/person\/2b1cf3cd81a31e3cd26889ca66d677f1"},"description":"Le Conseil National de Secours d\u2019Urgence et de R\u00e9habilitation (CONASUR) pr\u00e9sente, \u00e0 la date du 31 mars 2021, la situatio ...","breadcrumb":{"@id":"https:\/\/www.africa-press.net\/burkina-faso\/toutes-les-actualites\/burkina-faso-1-147-699-personnes-deplacees-internes-au-31-mars-2021#breadcrumb"},"inLanguage":"fr-FR","potentialAction":[{"@type":"ReadAction","target":["https:\/\/www.africa-press.net\/burkina-faso\/toutes-les-actualites\/burkina-faso-1-147-699-personnes-deplacees-internes-au-31-mars-2021"]}]},{"@type":"ImageObject","inLanguage":"fr-FR","@id":"https:\/\/www.africa-press.net\/burkina-faso\/toutes-les-actualites\/burkina-faso-1-147-699-personnes-deplacees-internes-au-31-mars-2021#primaryimage","url":"https:\/\/static.africa-press.net\/burkina\/sites\/42\/2021\/04\/img-607d8f63b1e23.jpg","contentUrl":"https:\/\/static.africa-press.net\/burkina\/sites\/42\/2021\/04\/img-607d8f63b1e23.jpg","width":750,"height":363,"caption":"Burkina Faso\u00a0: 1 147\u00a0699\u00a0personnes d\u00e9plac\u00e9es internes au 31 mars 2021"},{"@type":"BreadcrumbList","@id":"https:\/\/www.africa-press.net\/burkina-faso\/toutes-les-actualites\/burkina-faso-1-147-699-personnes-deplacees-internes-au-31-mars-2021#breadcrumb","itemListElement":[{"@type":"ListItem","position":1,"name":"Accueil","item":"https:\/\/www.africa-press.net\/burkina-faso\/"},{"@type":"ListItem","position":2,"name":"1 147\u00a0699\u00a0personnes d\u00e9plac\u00e9es internes au 31 mars 2021"}]},{"@type":"WebSite","@id":"https:\/\/www.africa-press.net\/burkina-faso\/#website","url":"https:\/\/www.africa-press.net\/burkina-faso\/","name":"Burkina Faso","description":"Just another Africa News Agency Sites site","potentialAction":[{"@type":"SearchAction","target":{"@type":"EntryPoint","urlTemplate":"https:\/\/www.africa-press.net\/burkina-faso\/?s={search_term_string}"},"query-input":{"@type":"PropertyValueSpecification","valueRequired":true,"valueName":"search_term_string"}}],"inLanguage":"fr-FR"},{"@type":"Person","@id":"https:\/\/www.africa-press.net\/burkina-faso\/#\/schema\/person\/2b1cf3cd81a31e3cd26889ca66d677f1","name":"cfeditorfr"}]}},"_links":{"self":[{"href":"https:\/\/www.africa-press.net\/burkina-faso\/wp-json\/wp\/v2\/posts\/10228","targetHints":{"allow":["GET"]}}],"collection":[{"href":"https:\/\/www.africa-press.net\/burkina-faso\/wp-json\/wp\/v2\/posts"}],"about":[{"href":"https:\/\/www.africa-press.net\/burkina-faso\/wp-json\/wp\/v2\/types\/post"}],"author":[{"embeddable":true,"href":"https:\/\/www.africa-press.net\/burkina-faso\/wp-json\/wp\/v2\/users\/82"}],"replies":[{"embeddable":true,"href":"https:\/\/www.africa-press.net\/burkina-faso\/wp-json\/wp\/v2\/comments?post=10228"}],"version-history":[{"count":0,"href":"https:\/\/www.africa-press.net\/burkina-faso\/wp-json\/wp\/v2\/posts\/10228\/revisions"}],"wp:featuredmedia":[{"embeddable":true,"href":"https:\/\/www.africa-press.net\/burkina-faso\/wp-json\/wp\/v2\/media\/10227"}],"wp:attachment":[{"href":"https:\/\/www.africa-press.net\/burkina-faso\/wp-json\/wp\/v2\/media?parent=10228"}],"wp:term":[{"taxonomy":"category","embeddable":true,"href":"https:\/\/www.africa-press.net\/burkina-faso\/wp-json\/wp\/v2\/categories?post=10228"},{"taxonomy":"post_tag","embeddable":true,"href":"https:\/\/www.africa-press.net\/burkina-faso\/wp-json\/wp\/v2\/tags?post=10228"}],"curies":[{"name":"wp","href":"https:\/\/api.w.org\/{rel}","templated":true}]}}