{"id":10231,"date":"2021-04-19T14:46:46","date_gmt":"2021-04-19T14:46:46","guid":{"rendered":"https:\/\/www.africa-press.net\/burkina-faso\/?p=10231"},"modified":"2021-04-19T14:51:50","modified_gmt":"2021-04-19T14:51:50","slug":"pays-bas-franck-lassina-traore-et-lajax-vainqueurs-de-la-coupe","status":"publish","type":"post","link":"https:\/\/www.africa-press.net\/burkina-faso\/sports\/pays-bas-franck-lassina-traore-et-lajax-vainqueurs-de-la-coupe","title":{"rendered":"Pays-Bas : Franck Lassina Traor\u00e9 et l\u2019Ajax vainqueurs de la Coupe"},"content":{"rendered":"<p><span style=\"color: #ff6600\"><strong><a href=\"https:\/\/www.africa-press.net\/\">Africa-Press<\/a> &#8211; <a href=\"https:\/\/www.africa-press.net\/burkina-faso\">Burkina Faso<\/a>. <\/strong><\/span>Un troph\u00e9e pour Franck Lassina Traor\u00e9. L\u2019international burkinab\u00e8 a remport\u00e9 la Coupe des Pays-Bas avec l\u2019Ajax d\u2019Amsterdam. Le Burkinab\u00e8 et ses partenaires se sont impos\u00e9s (2-1) contre Vitesse Arnhem le dimanche 18 avril 2021. L\u2019Ajax d\u2019Amsterdam a ouvert le score \u00e0 la 23e minute gr\u00e2ce \u00e0 Ryan Gravenberch.<\/p>\n<p>L\u2019\u00e9galisation de Vitesse est intervenue 7 minutes plus tard par l\u2019interm\u00e9diaire de Lois Openda (1-1). C\u2019est en fin de rencontre (90+1) que David Neres a offert la victoire \u00e0 l\u2019Ajax. Cependant, Franck Lassina Traor\u00e9 est rest\u00e9 sur le banc de touche.<\/p>\n","protected":false},"excerpt":{"rendered":"<p>Africa-Press &#8211; Burkina Faso. Un troph\u00e9e pour Franck Lassina Traor\u00e9. L\u2019international burkinab\u00e8 a remport\u00e9 la Coupe des Pays-Bas avec l\u2019Ajax d\u2019Amsterdam. Le Burkinab\u00e8 et ses partenaires se sont impos\u00e9s (2-1) contre Vitesse Arnhem le dimanche 18 avril 2021. L\u2019Ajax d\u2019Amsterdam a ouvert le score \u00e0 la 23e minute gr\u00e2ce \u00e0 Ryan Gravenberch. L\u2019\u00e9galisation de Vitesse [&hellip;]<\/p>\n","protected":false},"author":82,"featured_media":10230,"comment_status":"open","ping_status":"closed","sticky":false,"template":"","format":"standard","meta":{"footnotes":""},"categories":[11,6,10],"tags":[111,725,29],"class_list":["post-10231","post","type-post","status-publish","format-standard","has-post-thumbnail","hentry","category-homepage-french","category-sports","category-toutes-les-actualites","tag-africa-press","tag-africa-press-burkina-faso","tag-burkina-faso"],"yoast_head":"<!-- This site is optimized with the Yoast SEO Premium plugin v26.1 (Yoast SEO v27.0) - https:\/\/yoast.com\/product\/yoast-seo-premium-wordpress\/ -->\n<title>Pays-Bas : Franck Lassina Traor\u00e9 et l\u2019Ajax vainqueurs de la Coupe - Burkina Faso<\/title>\n<meta name=\"description\" content=\"Un troph\u00e9e pour Franck Lassina Traor\u00e9. L\u2019international burkinab\u00e8 a remport\u00e9 la Coupe des Pays-Bas avec l\u2019Ajax d\u2019Amsterda ...\" \/>\n<meta name=\"robots\" content=\"index, follow, max-snippet:-1, max-image-preview:large, max-video-preview:-1\" \/>\n<link rel=\"canonical\" href=\"https:\/\/www.africa-press.net\/burkina-faso\/sports\/pays-bas-franck-lassina-traore-et-lajax-vainqueurs-de-la-coupe\" \/>\n<meta property=\"og:locale\" content=\"fr_FR\" \/>\n<meta property=\"og:type\" content=\"article\" \/>\n<meta property=\"og:title\" content=\"Pays-Bas : Franck Lassina Traor\u00e9 et l\u2019Ajax vainqueurs de la Coupe\" \/>\n<meta property=\"og:description\" content=\"Un troph\u00e9e pour Franck Lassina Traor\u00e9. L\u2019international burkinab\u00e8 a remport\u00e9 la Coupe des Pays-Bas avec l\u2019Ajax d\u2019Amsterda ...\" \/>\n<meta property=\"og:url\" content=\"https:\/\/www.africa-press.net\/burkina-faso\/sports\/pays-bas-franck-lassina-traore-et-lajax-vainqueurs-de-la-coupe\" \/>\n<meta property=\"og:site_name\" content=\"Burkina Faso\" \/>\n<meta property=\"article:published_time\" content=\"2021-04-19T14:46:46+00:00\" \/>\n<meta property=\"article:modified_time\" content=\"2021-04-19T14:51:50+00:00\" \/>\n<meta property=\"og:image\" content=\"https:\/\/static.africa-press.net\/burkina\/sites\/42\/2021\/04\/img-607d8f91e3c21.jpg\" \/>\n\t<meta property=\"og:image:width\" content=\"1024\" \/>\n\t<meta property=\"og:image:height\" content=\"538\" \/>\n\t<meta property=\"og:image:type\" content=\"image\/jpeg\" \/>\n<meta name=\"author\" content=\"cfeditorfr\" \/>\n<meta name=\"twitter:card\" content=\"summary_large_image\" \/>\n<meta name=\"twitter:label1\" content=\"\u00c9crit par\" \/>\n\t<meta name=\"twitter:data1\" content=\"cfeditorfr\" \/>\n<script type=\"application\/ld+json\" class=\"yoast-schema-graph\">{\"@context\":\"https:\/\/schema.org\",\"@graph\":[{\"@type\":\"Article\",\"@id\":\"https:\/\/www.africa-press.net\/burkina-faso\/sports\/pays-bas-franck-lassina-traore-et-lajax-vainqueurs-de-la-coupe#article\",\"isPartOf\":{\"@id\":\"https:\/\/www.africa-press.net\/burkina-faso\/sports\/pays-bas-franck-lassina-traore-et-lajax-vainqueurs-de-la-coupe\"},\"author\":{\"name\":\"cfeditorfr\",\"@id\":\"https:\/\/www.africa-press.net\/burkina-faso\/#\/schema\/person\/2b1cf3cd81a31e3cd26889ca66d677f1\"},\"headline\":\"Pays-Bas : Franck Lassina Traor\u00e9 et l\u2019Ajax vainqueurs de la Coupe\",\"datePublished\":\"2021-04-19T14:46:46+00:00\",\"dateModified\":\"2021-04-19T14:51:50+00:00\",\"mainEntityOfPage\":{\"@id\":\"https:\/\/www.africa-press.net\/burkina-faso\/sports\/pays-bas-franck-lassina-traore-et-lajax-vainqueurs-de-la-coupe\"},\"wordCount\":110,\"commentCount\":0,\"image\":{\"@id\":\"https:\/\/www.africa-press.net\/burkina-faso\/sports\/pays-bas-franck-lassina-traore-et-lajax-vainqueurs-de-la-coupe#primaryimage\"},\"thumbnailUrl\":\"https:\/\/static.africa-press.net\/burkina\/sites\/42\/2021\/04\/img-607d8f91e3c21.jpg\",\"keywords\":[\"Africa Press\",\"Africa Press-Burkina Faso\",\"Burkina Faso\"],\"articleSection\":[\"homepage-french\",\"Sports\",\"Toutes les actualit\u00e9s\"],\"inLanguage\":\"fr-FR\",\"potentialAction\":[{\"@type\":\"CommentAction\",\"name\":\"Comment\",\"target\":[\"https:\/\/www.africa-press.net\/burkina-faso\/sports\/pays-bas-franck-lassina-traore-et-lajax-vainqueurs-de-la-coupe#respond\"]}]},{\"@type\":\"WebPage\",\"@id\":\"https:\/\/www.africa-press.net\/burkina-faso\/sports\/pays-bas-franck-lassina-traore-et-lajax-vainqueurs-de-la-coupe\",\"url\":\"https:\/\/www.africa-press.net\/burkina-faso\/sports\/pays-bas-franck-lassina-traore-et-lajax-vainqueurs-de-la-coupe\",\"name\":\"Pays-Bas : Franck Lassina Traor\u00e9 et l\u2019Ajax vainqueurs de la Coupe - Burkina Faso\",\"isPartOf\":{\"@id\":\"https:\/\/www.africa-press.net\/burkina-faso\/#website\"},\"primaryImageOfPage\":{\"@id\":\"https:\/\/www.africa-press.net\/burkina-faso\/sports\/pays-bas-franck-lassina-traore-et-lajax-vainqueurs-de-la-coupe#primaryimage\"},\"image\":{\"@id\":\"https:\/\/www.africa-press.net\/burkina-faso\/sports\/pays-bas-franck-lassina-traore-et-lajax-vainqueurs-de-la-coupe#primaryimage\"},\"thumbnailUrl\":\"https:\/\/static.africa-press.net\/burkina\/sites\/42\/2021\/04\/img-607d8f91e3c21.jpg\",\"datePublished\":\"2021-04-19T14:46:46+00:00\",\"dateModified\":\"2021-04-19T14:51:50+00:00\",\"author\":{\"@id\":\"https:\/\/www.africa-press.net\/burkina-faso\/#\/schema\/person\/2b1cf3cd81a31e3cd26889ca66d677f1\"},\"description\":\"Un troph\u00e9e pour Franck Lassina Traor\u00e9. L\u2019international burkinab\u00e8 a remport\u00e9 la Coupe des Pays-Bas avec l\u2019Ajax d\u2019Amsterda ...\",\"breadcrumb\":{\"@id\":\"https:\/\/www.africa-press.net\/burkina-faso\/sports\/pays-bas-franck-lassina-traore-et-lajax-vainqueurs-de-la-coupe#breadcrumb\"},\"inLanguage\":\"fr-FR\",\"potentialAction\":[{\"@type\":\"ReadAction\",\"target\":[\"https:\/\/www.africa-press.net\/burkina-faso\/sports\/pays-bas-franck-lassina-traore-et-lajax-vainqueurs-de-la-coupe\"]}]},{\"@type\":\"ImageObject\",\"inLanguage\":\"fr-FR\",\"@id\":\"https:\/\/www.africa-press.net\/burkina-faso\/sports\/pays-bas-franck-lassina-traore-et-lajax-vainqueurs-de-la-coupe#primaryimage\",\"url\":\"https:\/\/static.africa-press.net\/burkina\/sites\/42\/2021\/04\/img-607d8f91e3c21.jpg\",\"contentUrl\":\"https:\/\/static.africa-press.net\/burkina\/sites\/42\/2021\/04\/img-607d8f91e3c21.jpg\",\"width\":1024,\"height\":538,\"caption\":\"Pays-Bas : Franck Lassina Traor\u00e9 et l\u2019Ajax vainqueurs de la Coupe\"},{\"@type\":\"BreadcrumbList\",\"@id\":\"https:\/\/www.africa-press.net\/burkina-faso\/sports\/pays-bas-franck-lassina-traore-et-lajax-vainqueurs-de-la-coupe#breadcrumb\",\"itemListElement\":[{\"@type\":\"ListItem\",\"position\":1,\"name\":\"Accueil\",\"item\":\"https:\/\/www.africa-press.net\/burkina-faso\/\"},{\"@type\":\"ListItem\",\"position\":2,\"name\":\"Pays-Bas : Franck Lassina Traor\u00e9 et l\u2019Ajax vainqueurs de la Coupe\"}]},{\"@type\":\"WebSite\",\"@id\":\"https:\/\/www.africa-press.net\/burkina-faso\/#website\",\"url\":\"https:\/\/www.africa-press.net\/burkina-faso\/\",\"name\":\"Burkina Faso\",\"description\":\"Just another Africa News Agency Sites site\",\"potentialAction\":[{\"@type\":\"SearchAction\",\"target\":{\"@type\":\"EntryPoint\",\"urlTemplate\":\"https:\/\/www.africa-press.net\/burkina-faso\/?s={search_term_string}\"},\"query-input\":{\"@type\":\"PropertyValueSpecification\",\"valueRequired\":true,\"valueName\":\"search_term_string\"}}],\"inLanguage\":\"fr-FR\"},{\"@type\":\"Person\",\"@id\":\"https:\/\/www.africa-press.net\/burkina-faso\/#\/schema\/person\/2b1cf3cd81a31e3cd26889ca66d677f1\",\"name\":\"cfeditorfr\"}]}<\/script>\n<!-- \/ Yoast SEO Premium plugin. -->","yoast_head_json":{"title":"Pays-Bas : Franck Lassina Traor\u00e9 et l\u2019Ajax vainqueurs de la Coupe - Burkina Faso","description":"Un troph\u00e9e pour Franck Lassina Traor\u00e9. L\u2019international burkinab\u00e8 a remport\u00e9 la Coupe des Pays-Bas avec l\u2019Ajax d\u2019Amsterda ...","robots":{"index":"index","follow":"follow","max-snippet":"max-snippet:-1","max-image-preview":"max-image-preview:large","max-video-preview":"max-video-preview:-1"},"canonical":"https:\/\/www.africa-press.net\/burkina-faso\/sports\/pays-bas-franck-lassina-traore-et-lajax-vainqueurs-de-la-coupe","og_locale":"fr_FR","og_type":"article","og_title":"Pays-Bas : Franck Lassina Traor\u00e9 et l\u2019Ajax vainqueurs de la Coupe","og_description":"Un troph\u00e9e pour Franck Lassina Traor\u00e9. L\u2019international burkinab\u00e8 a remport\u00e9 la Coupe des Pays-Bas avec l\u2019Ajax d\u2019Amsterda ...","og_url":"https:\/\/www.africa-press.net\/burkina-faso\/sports\/pays-bas-franck-lassina-traore-et-lajax-vainqueurs-de-la-coupe","og_site_name":"Burkina Faso","article_published_time":"2021-04-19T14:46:46+00:00","article_modified_time":"2021-04-19T14:51:50+00:00","og_image":[{"width":1024,"height":538,"url":"https:\/\/static.africa-press.net\/burkina\/sites\/42\/2021\/04\/img-607d8f91e3c21.jpg","type":"image\/jpeg"}],"author":"cfeditorfr","twitter_card":"summary_large_image","twitter_misc":{"\u00c9crit par":"cfeditorfr"},"schema":{"@context":"https:\/\/schema.org","@graph":[{"@type":"Article","@id":"https:\/\/www.africa-press.net\/burkina-faso\/sports\/pays-bas-franck-lassina-traore-et-lajax-vainqueurs-de-la-coupe#article","isPartOf":{"@id":"https:\/\/www.africa-press.net\/burkina-faso\/sports\/pays-bas-franck-lassina-traore-et-lajax-vainqueurs-de-la-coupe"},"author":{"name":"cfeditorfr","@id":"https:\/\/www.africa-press.net\/burkina-faso\/#\/schema\/person\/2b1cf3cd81a31e3cd26889ca66d677f1"},"headline":"Pays-Bas : Franck Lassina Traor\u00e9 et l\u2019Ajax vainqueurs de la Coupe","datePublished":"2021-04-19T14:46:46+00:00","dateModified":"2021-04-19T14:51:50+00:00","mainEntityOfPage":{"@id":"https:\/\/www.africa-press.net\/burkina-faso\/sports\/pays-bas-franck-lassina-traore-et-lajax-vainqueurs-de-la-coupe"},"wordCount":110,"commentCount":0,"image":{"@id":"https:\/\/www.africa-press.net\/burkina-faso\/sports\/pays-bas-franck-lassina-traore-et-lajax-vainqueurs-de-la-coupe#primaryimage"},"thumbnailUrl":"https:\/\/static.africa-press.net\/burkina\/sites\/42\/2021\/04\/img-607d8f91e3c21.jpg","keywords":["Africa Press","Africa Press-Burkina Faso","Burkina Faso"],"articleSection":["homepage-french","Sports","Toutes les actualit\u00e9s"],"inLanguage":"fr-FR","potentialAction":[{"@type":"CommentAction","name":"Comment","target":["https:\/\/www.africa-press.net\/burkina-faso\/sports\/pays-bas-franck-lassina-traore-et-lajax-vainqueurs-de-la-coupe#respond"]}]},{"@type":"WebPage","@id":"https:\/\/www.africa-press.net\/burkina-faso\/sports\/pays-bas-franck-lassina-traore-et-lajax-vainqueurs-de-la-coupe","url":"https:\/\/www.africa-press.net\/burkina-faso\/sports\/pays-bas-franck-lassina-traore-et-lajax-vainqueurs-de-la-coupe","name":"Pays-Bas : Franck Lassina Traor\u00e9 et l\u2019Ajax vainqueurs de la Coupe - Burkina Faso","isPartOf":{"@id":"https:\/\/www.africa-press.net\/burkina-faso\/#website"},"primaryImageOfPage":{"@id":"https:\/\/www.africa-press.net\/burkina-faso\/sports\/pays-bas-franck-lassina-traore-et-lajax-vainqueurs-de-la-coupe#primaryimage"},"image":{"@id":"https:\/\/www.africa-press.net\/burkina-faso\/sports\/pays-bas-franck-lassina-traore-et-lajax-vainqueurs-de-la-coupe#primaryimage"},"thumbnailUrl":"https:\/\/static.africa-press.net\/burkina\/sites\/42\/2021\/04\/img-607d8f91e3c21.jpg","datePublished":"2021-04-19T14:46:46+00:00","dateModified":"2021-04-19T14:51:50+00:00","author":{"@id":"https:\/\/www.africa-press.net\/burkina-faso\/#\/schema\/person\/2b1cf3cd81a31e3cd26889ca66d677f1"},"description":"Un troph\u00e9e pour Franck Lassina Traor\u00e9. L\u2019international burkinab\u00e8 a remport\u00e9 la Coupe des Pays-Bas avec l\u2019Ajax d\u2019Amsterda ...","breadcrumb":{"@id":"https:\/\/www.africa-press.net\/burkina-faso\/sports\/pays-bas-franck-lassina-traore-et-lajax-vainqueurs-de-la-coupe#breadcrumb"},"inLanguage":"fr-FR","potentialAction":[{"@type":"ReadAction","target":["https:\/\/www.africa-press.net\/burkina-faso\/sports\/pays-bas-franck-lassina-traore-et-lajax-vainqueurs-de-la-coupe"]}]},{"@type":"ImageObject","inLanguage":"fr-FR","@id":"https:\/\/www.africa-press.net\/burkina-faso\/sports\/pays-bas-franck-lassina-traore-et-lajax-vainqueurs-de-la-coupe#primaryimage","url":"https:\/\/static.africa-press.net\/burkina\/sites\/42\/2021\/04\/img-607d8f91e3c21.jpg","contentUrl":"https:\/\/static.africa-press.net\/burkina\/sites\/42\/2021\/04\/img-607d8f91e3c21.jpg","width":1024,"height":538,"caption":"Pays-Bas : Franck Lassina Traor\u00e9 et l\u2019Ajax vainqueurs de la Coupe"},{"@type":"BreadcrumbList","@id":"https:\/\/www.africa-press.net\/burkina-faso\/sports\/pays-bas-franck-lassina-traore-et-lajax-vainqueurs-de-la-coupe#breadcrumb","itemListElement":[{"@type":"ListItem","position":1,"name":"Accueil","item":"https:\/\/www.africa-press.net\/burkina-faso\/"},{"@type":"ListItem","position":2,"name":"Pays-Bas : Franck Lassina Traor\u00e9 et l\u2019Ajax vainqueurs de la Coupe"}]},{"@type":"WebSite","@id":"https:\/\/www.africa-press.net\/burkina-faso\/#website","url":"https:\/\/www.africa-press.net\/burkina-faso\/","name":"Burkina Faso","description":"Just another Africa News Agency Sites site","potentialAction":[{"@type":"SearchAction","target":{"@type":"EntryPoint","urlTemplate":"https:\/\/www.africa-press.net\/burkina-faso\/?s={search_term_string}"},"query-input":{"@type":"PropertyValueSpecification","valueRequired":true,"valueName":"search_term_string"}}],"inLanguage":"fr-FR"},{"@type":"Person","@id":"https:\/\/www.africa-press.net\/burkina-faso\/#\/schema\/person\/2b1cf3cd81a31e3cd26889ca66d677f1","name":"cfeditorfr"}]}},"_links":{"self":[{"href":"https:\/\/www.africa-press.net\/burkina-faso\/wp-json\/wp\/v2\/posts\/10231","targetHints":{"allow":["GET"]}}],"collection":[{"href":"https:\/\/www.africa-press.net\/burkina-faso\/wp-json\/wp\/v2\/posts"}],"about":[{"href":"https:\/\/www.africa-press.net\/burkina-faso\/wp-json\/wp\/v2\/types\/post"}],"author":[{"embeddable":true,"href":"https:\/\/www.africa-press.net\/burkina-faso\/wp-json\/wp\/v2\/users\/82"}],"replies":[{"embeddable":true,"href":"https:\/\/www.africa-press.net\/burkina-faso\/wp-json\/wp\/v2\/comments?post=10231"}],"version-history":[{"count":0,"href":"https:\/\/www.africa-press.net\/burkina-faso\/wp-json\/wp\/v2\/posts\/10231\/revisions"}],"wp:featuredmedia":[{"embeddable":true,"href":"https:\/\/www.africa-press.net\/burkina-faso\/wp-json\/wp\/v2\/media\/10230"}],"wp:attachment":[{"href":"https:\/\/www.africa-press.net\/burkina-faso\/wp-json\/wp\/v2\/media?parent=10231"}],"wp:term":[{"taxonomy":"category","embeddable":true,"href":"https:\/\/www.africa-press.net\/burkina-faso\/wp-json\/wp\/v2\/categories?post=10231"},{"taxonomy":"post_tag","embeddable":true,"href":"https:\/\/www.africa-press.net\/burkina-faso\/wp-json\/wp\/v2\/tags?post=10231"}],"curies":[{"name":"wp","href":"https:\/\/api.w.org\/{rel}","templated":true}]}}