{"id":10234,"date":"2021-04-19T14:57:43","date_gmt":"2021-04-19T14:57:43","guid":{"rendered":"https:\/\/www.africa-press.net\/burkina-faso\/?p=10234"},"modified":"2021-04-19T14:51:58","modified_gmt":"2021-04-19T14:51:58","slug":"burkina-faso-juger-blaise-compaore-najoutera-pas-a-linstabilite","status":"publish","type":"post","link":"https:\/\/www.africa-press.net\/burkina-faso\/politique\/burkina-faso-juger-blaise-compaore-najoutera-pas-a-linstabilite","title":{"rendered":"\u00ab Juger Blaise Compaor\u00e9 n\u2019ajoutera pas \u00e0 l\u2019instabilit\u00e9 \u00bb"},"content":{"rendered":"<p><span style=\"color: #ff6600\"><strong><a href=\"https:\/\/www.africa-press.net\/\">Africa-Press<\/a> &#8211; <a href=\"https:\/\/www.africa-press.net\/burkina-faso\">Burkina Faso<\/a>. <\/strong><\/span>Le chercheur fran\u00e7ais Mathieu Pellerin d\u00e9crypte l\u2019impact s\u00e9curitaire que pourrait avoir au Burkina le proc\u00e8s de Blaise Compaor\u00e9, inculp\u00e9 pour \u00ab complicit\u00e9 \u00bb dans l\u2019assassinat de Thomas Sankara, et revient sur l\u2019ins\u00e9curit\u00e9 galopante qui pr\u00e9vaut chez les voisins malien et nig\u00e9rien.<\/p>\n<p>Le prochain proc\u00e8s de l\u2019ex-chef de l\u2019\u00c9tat burkinab\u00e8, Blaise Compaor\u00e9, inculp\u00e9 pour \u00ab complicit\u00e9 \u00bb dans l\u2019assassinat de Thomas Sankara, sera-t-il un nouveau facteur de d\u00e9stabilisation pour le Burkina Faso ? Selon Mathieu Pellerin, analyste Sahel \u00e0 International Crisis Group (ICG), l\u2019influence de l\u2019ancien pr\u00e9sident sur la situation s\u00e9curitaire depuis sa chute a largement \u00e9t\u00e9 surestim\u00e9e.<\/p>\n<p>\u00ab Il est rare que la r\u00e9conciliation se fasse sans justice \u00bb, insiste le chercheur, qui d\u00e9taille \u00e9galement pour Jeune Afrique l\u2019urgence, pour les voisins malien et nig\u00e9rien, de \u00ab r\u00e9parer les fractures entre communaut\u00e9s \u00bb afin de freiner les risques d\u2019expansion jihadiste au Sahel.<\/p>\n<p><b>Jeune Afrique : L\u2019inculpation de Blaise Compaor\u00e9 dans l\u2019assassinat de Thomas Sankara peut-elle compromettre le processus de r\u00e9conciliation au Burkina Faso ?<\/b><\/p>\n<p><b>Mathieu Pellerin<\/b><\/p>\n<p>: Les \u00c9tats confront\u00e9s \u00e0 ce type de d\u00e9fis se heurtent \u00e0 la difficult\u00e9 de trouver le juste milieu entre r\u00e9conciliation et justice. Il est rare que la r\u00e9conciliation se fasse sans justice, et je crois qu\u2019\u00e0 ce sujet le pr\u00e9sident Roch Marc Christian Kabor\u00e9 a toujours \u00e9t\u00e9 clair. En 2016, il estimait que les proc\u00e8s, dont celui sur responsables pr\u00e9sum\u00e9s de l\u2019assassinat du pr\u00e9sident Thomas Sankara, \u00e9taient le point de d\u00e9part d\u2019une vraie r\u00e9conciliation nationale.<\/p>\n<p>Je ne crois pas qu\u2019un tel proc\u00e8s puisse rajouter de l\u2019instabilit\u00e9\u2026 L\u2019influence de l\u2019ancien pr\u00e9sident sur la situation s\u00e9curitaire depuis 2015 a \u00e9t\u00e9 largement surestim\u00e9e.<\/p>\n<p><b>La question terroriste fait-elle partie du processus de r\u00e9conciliation souhait\u00e9 par le pr\u00e9sident Kabor\u00e9 ?<\/b><\/p>\n<p>Elle est intimement li\u00e9e \u00e0 la question de la r\u00e9conciliation. Les jihadistes se sont d\u00e9velopp\u00e9s au Burkina en exploitant toutes les fractures locales entre communaut\u00e9s, fond\u00e9es tr\u00e8s souvent sur l\u2019exploitation des ressources. Il convient de r\u00e9parer ces fractures et de r\u00e9concilier des communaut\u00e9s qui ont commis de nombreuses violences depuis 2016 au Sahel puis au Burkina, dans le Centre-Nord, l\u2019Est, le Nord et dans la boucle du Mouhoun. Le chantier de la r\u00e9conciliation est clairement un moyen de freiner l\u2019expansion jihadiste.<\/p>\n<p><b>Au Mali, au Burkina et au Niger, les groupes arm\u00e9s continuent de dicter leur loi. Comment jugez-vous la situation s\u00e9curitaire dans ces trois pays ?<\/b><\/p>\n<p>Au Burkina Faso et au Niger, la l\u00e9g\u00e8re baisse du nombre des attaques, qui a \u00e9t\u00e9 observ\u00e9e malgr\u00e9 les \u00e9v\u00e8nements de ces derniers jours, tient \u00e0 la fois \u00e0 l\u2019efficacit\u00e9 du renforcement des effectifs de l\u2019op\u00e9ration Barkhane, aux affrontements entre le Groupe de soutien \u00e0 l\u2019islam et aux musulmans [GSIM] et l\u2019\u00c9tat islamique dans le Grand Sahara [EIGS], mais aussi au changement d\u2019approche du Burkina, qui ne privil\u00e9gie plus seulement l\u2019option militaire. Le Niger fait face \u00e0 de nouvelles violences communautaires tr\u00e8s inqui\u00e9tantes<\/p>\n","protected":false},"excerpt":{"rendered":"<p>Africa-Press &#8211; Burkina Faso. Le chercheur fran\u00e7ais Mathieu Pellerin d\u00e9crypte l\u2019impact s\u00e9curitaire que pourrait avoir au Burkina le proc\u00e8s de Blaise Compaor\u00e9, inculp\u00e9 pour \u00ab complicit\u00e9 \u00bb dans l\u2019assassinat de Thomas Sankara, et revient sur l\u2019ins\u00e9curit\u00e9 galopante qui pr\u00e9vaut chez les voisins malien et nig\u00e9rien. Le prochain proc\u00e8s de l\u2019ex-chef de l\u2019\u00c9tat burkinab\u00e8, Blaise Compaor\u00e9, [&hellip;]<\/p>\n","protected":false},"author":82,"featured_media":10233,"comment_status":"open","ping_status":"closed","sticky":false,"template":"","format":"standard","meta":{"footnotes":""},"categories":[11,2,20,10],"tags":[111,725,29],"class_list":["post-10234","post","type-post","status-publish","format-standard","has-post-thumbnail","hentry","category-homepage-french","category-politique","category-top-nouvelles","category-toutes-les-actualites","tag-africa-press","tag-africa-press-burkina-faso","tag-burkina-faso"],"yoast_head":"<!-- This site is optimized with the Yoast SEO Premium plugin v26.1 (Yoast SEO v27.0) - https:\/\/yoast.com\/product\/yoast-seo-premium-wordpress\/ -->\n<title>\u00ab Juger Blaise Compaor\u00e9 n\u2019ajoutera pas \u00e0 l\u2019instabilit\u00e9 \u00bb - Burkina Faso<\/title>\n<meta name=\"description\" content=\"Le chercheur fran\u00e7ais Mathieu Pellerin d\u00e9crypte l\u2019impact s\u00e9curitaire que pourrait avoir au Burkina le proc\u00e8s de Blaise C ...\" \/>\n<meta name=\"robots\" content=\"index, follow, max-snippet:-1, max-image-preview:large, max-video-preview:-1\" \/>\n<link rel=\"canonical\" href=\"https:\/\/www.africa-press.net\/burkina-faso\/politique\/burkina-faso-juger-blaise-compaore-najoutera-pas-a-linstabilite\" \/>\n<meta property=\"og:locale\" content=\"fr_FR\" \/>\n<meta property=\"og:type\" content=\"article\" \/>\n<meta property=\"og:title\" content=\"\u00ab Juger Blaise Compaor\u00e9 n\u2019ajoutera pas \u00e0 l\u2019instabilit\u00e9 \u00bb\" \/>\n<meta property=\"og:description\" content=\"Le chercheur fran\u00e7ais Mathieu Pellerin d\u00e9crypte l\u2019impact s\u00e9curitaire que pourrait avoir au Burkina le proc\u00e8s de Blaise C ...\" \/>\n<meta property=\"og:url\" content=\"https:\/\/www.africa-press.net\/burkina-faso\/politique\/burkina-faso-juger-blaise-compaore-najoutera-pas-a-linstabilite\" \/>\n<meta property=\"og:site_name\" content=\"Burkina Faso\" \/>\n<meta property=\"article:published_time\" content=\"2021-04-19T14:57:43+00:00\" \/>\n<meta property=\"og:image\" content=\"https:\/\/static.africa-press.net\/burkina\/sites\/42\/2021\/04\/img-607d8fcd74780.jpg\" \/>\n\t<meta property=\"og:image:width\" content=\"720\" \/>\n\t<meta property=\"og:image:height\" content=\"360\" \/>\n\t<meta property=\"og:image:type\" content=\"image\/jpeg\" \/>\n<meta name=\"author\" content=\"cfeditorfr\" \/>\n<meta name=\"twitter:card\" content=\"summary_large_image\" \/>\n<meta name=\"twitter:label1\" content=\"\u00c9crit par\" \/>\n\t<meta name=\"twitter:data1\" content=\"cfeditorfr\" \/>\n\t<meta name=\"twitter:label2\" content=\"Dur\u00e9e de lecture estim\u00e9e\" \/>\n\t<meta name=\"twitter:data2\" content=\"3 minutes\" \/>\n<script type=\"application\/ld+json\" class=\"yoast-schema-graph\">{\"@context\":\"https:\/\/schema.org\",\"@graph\":[{\"@type\":\"Article\",\"@id\":\"https:\/\/www.africa-press.net\/burkina-faso\/politique\/burkina-faso-juger-blaise-compaore-najoutera-pas-a-linstabilite#article\",\"isPartOf\":{\"@id\":\"https:\/\/www.africa-press.net\/burkina-faso\/politique\/burkina-faso-juger-blaise-compaore-najoutera-pas-a-linstabilite\"},\"author\":{\"name\":\"cfeditorfr\",\"@id\":\"https:\/\/www.africa-press.net\/burkina-faso\/#\/schema\/person\/2b1cf3cd81a31e3cd26889ca66d677f1\"},\"headline\":\"\u00ab Juger Blaise Compaor\u00e9 n\u2019ajoutera pas \u00e0 l\u2019instabilit\u00e9 \u00bb\",\"datePublished\":\"2021-04-19T14:57:43+00:00\",\"mainEntityOfPage\":{\"@id\":\"https:\/\/www.africa-press.net\/burkina-faso\/politique\/burkina-faso-juger-blaise-compaore-najoutera-pas-a-linstabilite\"},\"wordCount\":541,\"commentCount\":0,\"image\":{\"@id\":\"https:\/\/www.africa-press.net\/burkina-faso\/politique\/burkina-faso-juger-blaise-compaore-najoutera-pas-a-linstabilite#primaryimage\"},\"thumbnailUrl\":\"https:\/\/static.africa-press.net\/burkina\/sites\/42\/2021\/04\/img-607d8fcd74780.jpg\",\"keywords\":[\"Africa Press\",\"Africa Press-Burkina Faso\",\"Burkina Faso\"],\"articleSection\":[\"homepage-french\",\"Politique\",\"Top Nouvelles\",\"Toutes les actualit\u00e9s\"],\"inLanguage\":\"fr-FR\",\"potentialAction\":[{\"@type\":\"CommentAction\",\"name\":\"Comment\",\"target\":[\"https:\/\/www.africa-press.net\/burkina-faso\/politique\/burkina-faso-juger-blaise-compaore-najoutera-pas-a-linstabilite#respond\"]}]},{\"@type\":\"WebPage\",\"@id\":\"https:\/\/www.africa-press.net\/burkina-faso\/politique\/burkina-faso-juger-blaise-compaore-najoutera-pas-a-linstabilite\",\"url\":\"https:\/\/www.africa-press.net\/burkina-faso\/politique\/burkina-faso-juger-blaise-compaore-najoutera-pas-a-linstabilite\",\"name\":\"\u00ab Juger Blaise Compaor\u00e9 n\u2019ajoutera pas \u00e0 l\u2019instabilit\u00e9 \u00bb - Burkina Faso\",\"isPartOf\":{\"@id\":\"https:\/\/www.africa-press.net\/burkina-faso\/#website\"},\"primaryImageOfPage\":{\"@id\":\"https:\/\/www.africa-press.net\/burkina-faso\/politique\/burkina-faso-juger-blaise-compaore-najoutera-pas-a-linstabilite#primaryimage\"},\"image\":{\"@id\":\"https:\/\/www.africa-press.net\/burkina-faso\/politique\/burkina-faso-juger-blaise-compaore-najoutera-pas-a-linstabilite#primaryimage\"},\"thumbnailUrl\":\"https:\/\/static.africa-press.net\/burkina\/sites\/42\/2021\/04\/img-607d8fcd74780.jpg\",\"datePublished\":\"2021-04-19T14:57:43+00:00\",\"author\":{\"@id\":\"https:\/\/www.africa-press.net\/burkina-faso\/#\/schema\/person\/2b1cf3cd81a31e3cd26889ca66d677f1\"},\"description\":\"Le chercheur fran\u00e7ais Mathieu Pellerin d\u00e9crypte l\u2019impact s\u00e9curitaire que pourrait avoir au Burkina le proc\u00e8s de Blaise C ...\",\"breadcrumb\":{\"@id\":\"https:\/\/www.africa-press.net\/burkina-faso\/politique\/burkina-faso-juger-blaise-compaore-najoutera-pas-a-linstabilite#breadcrumb\"},\"inLanguage\":\"fr-FR\",\"potentialAction\":[{\"@type\":\"ReadAction\",\"target\":[\"https:\/\/www.africa-press.net\/burkina-faso\/politique\/burkina-faso-juger-blaise-compaore-najoutera-pas-a-linstabilite\"]}]},{\"@type\":\"ImageObject\",\"inLanguage\":\"fr-FR\",\"@id\":\"https:\/\/www.africa-press.net\/burkina-faso\/politique\/burkina-faso-juger-blaise-compaore-najoutera-pas-a-linstabilite#primaryimage\",\"url\":\"https:\/\/static.africa-press.net\/burkina\/sites\/42\/2021\/04\/img-607d8fcd74780.jpg\",\"contentUrl\":\"https:\/\/static.africa-press.net\/burkina\/sites\/42\/2021\/04\/img-607d8fcd74780.jpg\",\"width\":720,\"height\":360,\"caption\":\"Burkina Faso : \u00ab Juger Blaise Compaor\u00e9 n\u2019ajoutera pas \u00e0 l\u2019instabilit\u00e9 \u00bb\"},{\"@type\":\"BreadcrumbList\",\"@id\":\"https:\/\/www.africa-press.net\/burkina-faso\/politique\/burkina-faso-juger-blaise-compaore-najoutera-pas-a-linstabilite#breadcrumb\",\"itemListElement\":[{\"@type\":\"ListItem\",\"position\":1,\"name\":\"Accueil\",\"item\":\"https:\/\/www.africa-press.net\/burkina-faso\/\"},{\"@type\":\"ListItem\",\"position\":2,\"name\":\"\u00ab Juger Blaise Compaor\u00e9 n\u2019ajoutera pas \u00e0 l\u2019instabilit\u00e9 \u00bb\"}]},{\"@type\":\"WebSite\",\"@id\":\"https:\/\/www.africa-press.net\/burkina-faso\/#website\",\"url\":\"https:\/\/www.africa-press.net\/burkina-faso\/\",\"name\":\"Burkina Faso\",\"description\":\"Just another Africa News Agency Sites site\",\"potentialAction\":[{\"@type\":\"SearchAction\",\"target\":{\"@type\":\"EntryPoint\",\"urlTemplate\":\"https:\/\/www.africa-press.net\/burkina-faso\/?s={search_term_string}\"},\"query-input\":{\"@type\":\"PropertyValueSpecification\",\"valueRequired\":true,\"valueName\":\"search_term_string\"}}],\"inLanguage\":\"fr-FR\"},{\"@type\":\"Person\",\"@id\":\"https:\/\/www.africa-press.net\/burkina-faso\/#\/schema\/person\/2b1cf3cd81a31e3cd26889ca66d677f1\",\"name\":\"cfeditorfr\"}]}<\/script>\n<!-- \/ Yoast SEO Premium plugin. -->","yoast_head_json":{"title":"\u00ab Juger Blaise Compaor\u00e9 n\u2019ajoutera pas \u00e0 l\u2019instabilit\u00e9 \u00bb - Burkina Faso","description":"Le chercheur fran\u00e7ais Mathieu Pellerin d\u00e9crypte l\u2019impact s\u00e9curitaire que pourrait avoir au Burkina le proc\u00e8s de Blaise C ...","robots":{"index":"index","follow":"follow","max-snippet":"max-snippet:-1","max-image-preview":"max-image-preview:large","max-video-preview":"max-video-preview:-1"},"canonical":"https:\/\/www.africa-press.net\/burkina-faso\/politique\/burkina-faso-juger-blaise-compaore-najoutera-pas-a-linstabilite","og_locale":"fr_FR","og_type":"article","og_title":"\u00ab Juger Blaise Compaor\u00e9 n\u2019ajoutera pas \u00e0 l\u2019instabilit\u00e9 \u00bb","og_description":"Le chercheur fran\u00e7ais Mathieu Pellerin d\u00e9crypte l\u2019impact s\u00e9curitaire que pourrait avoir au Burkina le proc\u00e8s de Blaise C ...","og_url":"https:\/\/www.africa-press.net\/burkina-faso\/politique\/burkina-faso-juger-blaise-compaore-najoutera-pas-a-linstabilite","og_site_name":"Burkina Faso","article_published_time":"2021-04-19T14:57:43+00:00","og_image":[{"width":720,"height":360,"url":"https:\/\/static.africa-press.net\/burkina\/sites\/42\/2021\/04\/img-607d8fcd74780.jpg","type":"image\/jpeg"}],"author":"cfeditorfr","twitter_card":"summary_large_image","twitter_misc":{"\u00c9crit par":"cfeditorfr","Dur\u00e9e de lecture estim\u00e9e":"3 minutes"},"schema":{"@context":"https:\/\/schema.org","@graph":[{"@type":"Article","@id":"https:\/\/www.africa-press.net\/burkina-faso\/politique\/burkina-faso-juger-blaise-compaore-najoutera-pas-a-linstabilite#article","isPartOf":{"@id":"https:\/\/www.africa-press.net\/burkina-faso\/politique\/burkina-faso-juger-blaise-compaore-najoutera-pas-a-linstabilite"},"author":{"name":"cfeditorfr","@id":"https:\/\/www.africa-press.net\/burkina-faso\/#\/schema\/person\/2b1cf3cd81a31e3cd26889ca66d677f1"},"headline":"\u00ab Juger Blaise Compaor\u00e9 n\u2019ajoutera pas \u00e0 l\u2019instabilit\u00e9 \u00bb","datePublished":"2021-04-19T14:57:43+00:00","mainEntityOfPage":{"@id":"https:\/\/www.africa-press.net\/burkina-faso\/politique\/burkina-faso-juger-blaise-compaore-najoutera-pas-a-linstabilite"},"wordCount":541,"commentCount":0,"image":{"@id":"https:\/\/www.africa-press.net\/burkina-faso\/politique\/burkina-faso-juger-blaise-compaore-najoutera-pas-a-linstabilite#primaryimage"},"thumbnailUrl":"https:\/\/static.africa-press.net\/burkina\/sites\/42\/2021\/04\/img-607d8fcd74780.jpg","keywords":["Africa Press","Africa Press-Burkina Faso","Burkina Faso"],"articleSection":["homepage-french","Politique","Top Nouvelles","Toutes les actualit\u00e9s"],"inLanguage":"fr-FR","potentialAction":[{"@type":"CommentAction","name":"Comment","target":["https:\/\/www.africa-press.net\/burkina-faso\/politique\/burkina-faso-juger-blaise-compaore-najoutera-pas-a-linstabilite#respond"]}]},{"@type":"WebPage","@id":"https:\/\/www.africa-press.net\/burkina-faso\/politique\/burkina-faso-juger-blaise-compaore-najoutera-pas-a-linstabilite","url":"https:\/\/www.africa-press.net\/burkina-faso\/politique\/burkina-faso-juger-blaise-compaore-najoutera-pas-a-linstabilite","name":"\u00ab Juger Blaise Compaor\u00e9 n\u2019ajoutera pas \u00e0 l\u2019instabilit\u00e9 \u00bb - Burkina Faso","isPartOf":{"@id":"https:\/\/www.africa-press.net\/burkina-faso\/#website"},"primaryImageOfPage":{"@id":"https:\/\/www.africa-press.net\/burkina-faso\/politique\/burkina-faso-juger-blaise-compaore-najoutera-pas-a-linstabilite#primaryimage"},"image":{"@id":"https:\/\/www.africa-press.net\/burkina-faso\/politique\/burkina-faso-juger-blaise-compaore-najoutera-pas-a-linstabilite#primaryimage"},"thumbnailUrl":"https:\/\/static.africa-press.net\/burkina\/sites\/42\/2021\/04\/img-607d8fcd74780.jpg","datePublished":"2021-04-19T14:57:43+00:00","author":{"@id":"https:\/\/www.africa-press.net\/burkina-faso\/#\/schema\/person\/2b1cf3cd81a31e3cd26889ca66d677f1"},"description":"Le chercheur fran\u00e7ais Mathieu Pellerin d\u00e9crypte l\u2019impact s\u00e9curitaire que pourrait avoir au Burkina le proc\u00e8s de Blaise C ...","breadcrumb":{"@id":"https:\/\/www.africa-press.net\/burkina-faso\/politique\/burkina-faso-juger-blaise-compaore-najoutera-pas-a-linstabilite#breadcrumb"},"inLanguage":"fr-FR","potentialAction":[{"@type":"ReadAction","target":["https:\/\/www.africa-press.net\/burkina-faso\/politique\/burkina-faso-juger-blaise-compaore-najoutera-pas-a-linstabilite"]}]},{"@type":"ImageObject","inLanguage":"fr-FR","@id":"https:\/\/www.africa-press.net\/burkina-faso\/politique\/burkina-faso-juger-blaise-compaore-najoutera-pas-a-linstabilite#primaryimage","url":"https:\/\/static.africa-press.net\/burkina\/sites\/42\/2021\/04\/img-607d8fcd74780.jpg","contentUrl":"https:\/\/static.africa-press.net\/burkina\/sites\/42\/2021\/04\/img-607d8fcd74780.jpg","width":720,"height":360,"caption":"Burkina Faso : \u00ab Juger Blaise Compaor\u00e9 n\u2019ajoutera pas \u00e0 l\u2019instabilit\u00e9 \u00bb"},{"@type":"BreadcrumbList","@id":"https:\/\/www.africa-press.net\/burkina-faso\/politique\/burkina-faso-juger-blaise-compaore-najoutera-pas-a-linstabilite#breadcrumb","itemListElement":[{"@type":"ListItem","position":1,"name":"Accueil","item":"https:\/\/www.africa-press.net\/burkina-faso\/"},{"@type":"ListItem","position":2,"name":"\u00ab Juger Blaise Compaor\u00e9 n\u2019ajoutera pas \u00e0 l\u2019instabilit\u00e9 \u00bb"}]},{"@type":"WebSite","@id":"https:\/\/www.africa-press.net\/burkina-faso\/#website","url":"https:\/\/www.africa-press.net\/burkina-faso\/","name":"Burkina Faso","description":"Just another Africa News Agency Sites site","potentialAction":[{"@type":"SearchAction","target":{"@type":"EntryPoint","urlTemplate":"https:\/\/www.africa-press.net\/burkina-faso\/?s={search_term_string}"},"query-input":{"@type":"PropertyValueSpecification","valueRequired":true,"valueName":"search_term_string"}}],"inLanguage":"fr-FR"},{"@type":"Person","@id":"https:\/\/www.africa-press.net\/burkina-faso\/#\/schema\/person\/2b1cf3cd81a31e3cd26889ca66d677f1","name":"cfeditorfr"}]}},"_links":{"self":[{"href":"https:\/\/www.africa-press.net\/burkina-faso\/wp-json\/wp\/v2\/posts\/10234","targetHints":{"allow":["GET"]}}],"collection":[{"href":"https:\/\/www.africa-press.net\/burkina-faso\/wp-json\/wp\/v2\/posts"}],"about":[{"href":"https:\/\/www.africa-press.net\/burkina-faso\/wp-json\/wp\/v2\/types\/post"}],"author":[{"embeddable":true,"href":"https:\/\/www.africa-press.net\/burkina-faso\/wp-json\/wp\/v2\/users\/82"}],"replies":[{"embeddable":true,"href":"https:\/\/www.africa-press.net\/burkina-faso\/wp-json\/wp\/v2\/comments?post=10234"}],"version-history":[{"count":0,"href":"https:\/\/www.africa-press.net\/burkina-faso\/wp-json\/wp\/v2\/posts\/10234\/revisions"}],"wp:featuredmedia":[{"embeddable":true,"href":"https:\/\/www.africa-press.net\/burkina-faso\/wp-json\/wp\/v2\/media\/10233"}],"wp:attachment":[{"href":"https:\/\/www.africa-press.net\/burkina-faso\/wp-json\/wp\/v2\/media?parent=10234"}],"wp:term":[{"taxonomy":"category","embeddable":true,"href":"https:\/\/www.africa-press.net\/burkina-faso\/wp-json\/wp\/v2\/categories?post=10234"},{"taxonomy":"post_tag","embeddable":true,"href":"https:\/\/www.africa-press.net\/burkina-faso\/wp-json\/wp\/v2\/tags?post=10234"}],"curies":[{"name":"wp","href":"https:\/\/api.w.org\/{rel}","templated":true}]}}