{"id":10269,"date":"2021-04-20T14:54:54","date_gmt":"2021-04-20T14:54:54","guid":{"rendered":"https:\/\/www.africa-press.net\/burkina-faso\/?p=10269"},"modified":"2021-04-20T14:19:10","modified_gmt":"2021-04-20T14:19:10","slug":"burkina-faso-un-terroriste-neutralise-dans-la-region-de-lest","status":"publish","type":"post","link":"https:\/\/www.africa-press.net\/burkina-faso\/politique\/burkina-faso-un-terroriste-neutralise-dans-la-region-de-lest","title":{"rendered":"Burkina Faso\u00a0: Un terroriste neutralis\u00e9 dans la r\u00e9gion de l\u2019Est"},"content":{"rendered":"<p><span style=\"color: #ff6600\"><strong><a href=\"https:\/\/www.africa-press.net\/\">Africa-Press<\/a> &#8211; <a href=\"https:\/\/www.africa-press.net\/burkina-faso\">Burkina Faso<\/a>. <\/strong><\/span>Un terroriste a \u00e9t\u00e9 neutralis\u00e9 dans les environs de Ougarou, province du Gourma le 14 avril 2021, dans le cadre des op\u00e9rations de s\u00e9curisation du territoire national, effectu\u00e9es dans la semaine du 12 au 18 avril 2021.<\/p>\n<p>Dans la semaine du 12 au 18 avril 2021, les Forces Arm\u00e9es Nationales (FAN) ont r\u00e9alis\u00e9 plusieurs activit\u00e9s entrant dans le cadre de la s\u00e9curisation du territoire national. Une patrouille du d\u00e9tachement militaire de Mansila dans la province du Yagha a \u00e9t\u00e9 prise \u00e0 partie le 13 avril, par des individus arm\u00e9s, non loin de la localit\u00e9 de Kossi, lors de leur mission de reconnaissance.<\/p>\n<p>Aucune perte n\u2019a \u00e9t\u00e9 enregistr\u00e9e mais de l\u2019armement, plusieurs moyens roulants, du mat\u00e9riel de communication et divers autres mat\u00e9riels ont \u00e9t\u00e9 r\u00e9cup\u00e9r\u00e9s du c\u00f4t\u00e9 ennemi.<\/p>\n<p>Une op\u00e9ration coordonn\u00e9e des forces terrestres et a\u00e9riennes a permis de d\u00e9manteler une base terroriste dans les environs de Ougarou situ\u00e9e dans la province du Gourma, le 14 avril. Le mat\u00e9riel r\u00e9cup\u00e9r\u00e9 est constitu\u00e9 d\u2019armement, des munitions, des moyens roulants, des mat\u00e9riels de communication, des vivres, du mat\u00e9riel de couchage, du carburant et des lubrifiants ainsi que divers autres mat\u00e9riels ont \u00e9t\u00e9 saisis ou d\u00e9truits.<\/p>\n<p>Il est \u00e0 noter qu\u2019un terroriste a \u00e9t\u00e9 neutralis\u00e9 au cours de cette op\u00e9ration et aucune perte n\u2019a \u00e9t\u00e9 enregistr\u00e9e du c\u00f4t\u00e9 des FDS. Le 14 avril 2021, le d\u00e9tachement de To\u00e9ni de son c\u00f4t\u00e9 a effectu\u00e9 une mission d\u2019escorte au profit d\u2019\u00e9quipes techniques d\u2019une compagnie de t\u00e9l\u00e9phonie mobile et de la SONABEL. Selon le point de situation hebdomadaire des op\u00e9rations de s\u00e9curisation, cette mission a permis d\u2019intervenir sur le r\u00e9seau t\u00e9l\u00e9phonique et \u00e9lectrique pour des op\u00e9rations d\u2019entretien et de d\u00e9pannage.<\/p>\n<p>Le 15 avril 2021, suite \u00e0 l\u2019embuscade contre un groupe de VDP de Gorgadji, situ\u00e9 dans la province du S\u00e9no, des op\u00e9rations de ratissage ont \u00e9t\u00e9 effectu\u00e9es par le peloton port\u00e9 de Gorgadji afin de retrouver les assaillants.<\/p>\n<p>Le Chef d\u2019Etat-major G\u00e9n\u00e9ral de l\u2019Arm\u00e9e (CEMGA) Mo\u00efse Minoungou a, dans ses tourn\u00e9es, visit\u00e9 le bataillon de la Justice militaire et les installations. Il s\u2019est entretenu avec les Hommes et rendu visite aux d\u00e9tenus militaires de la MACA, afin de les encourager.<\/p>\n<p>Les FAN ont \u00e9galement aid\u00e9 \u00e0 la r\u00e9installation de personnes d\u00e9plac\u00e9es internes dans certaines localit\u00e9s et \u00e0 l\u2019escorte de ravitaillement au profit de structures priv\u00e9es dans la r\u00e9gion de l\u2019Est.<\/p>\n","protected":false},"excerpt":{"rendered":"<p>Africa-Press &#8211; Burkina Faso. Un terroriste a \u00e9t\u00e9 neutralis\u00e9 dans les environs de Ougarou, province du Gourma le 14 avril 2021, dans le cadre des op\u00e9rations de s\u00e9curisation du territoire national, effectu\u00e9es dans la semaine du 12 au 18 avril 2021. Dans la semaine du 12 au 18 avril 2021, les Forces Arm\u00e9es Nationales (FAN) [&hellip;]<\/p>\n","protected":false},"author":82,"featured_media":10268,"comment_status":"open","ping_status":"closed","sticky":false,"template":"","format":"standard","meta":{"footnotes":""},"categories":[11,2,10],"tags":[111,725,29],"class_list":["post-10269","post","type-post","status-publish","format-standard","has-post-thumbnail","hentry","category-homepage-french","category-politique","category-toutes-les-actualites","tag-africa-press","tag-africa-press-burkina-faso","tag-burkina-faso"],"yoast_head":"<!-- This site is optimized with the Yoast SEO Premium plugin v26.1 (Yoast SEO v27.0) - https:\/\/yoast.com\/product\/yoast-seo-premium-wordpress\/ -->\n<title>Burkina Faso\u00a0: Un terroriste neutralis\u00e9 dans la r\u00e9gion de l\u2019Est - Burkina Faso<\/title>\n<meta name=\"description\" content=\"Un terroriste a \u00e9t\u00e9 neutralis\u00e9 dans les environs de Ougarou, province du Gourma le 14 avril 2021, dans le cadre des op\u00e9r ...\" \/>\n<meta name=\"robots\" content=\"index, follow, max-snippet:-1, max-image-preview:large, max-video-preview:-1\" \/>\n<link rel=\"canonical\" href=\"https:\/\/www.africa-press.net\/burkina-faso\/politique\/burkina-faso-un-terroriste-neutralise-dans-la-region-de-lest\" \/>\n<meta property=\"og:locale\" content=\"fr_FR\" \/>\n<meta property=\"og:type\" content=\"article\" \/>\n<meta property=\"og:title\" content=\"Burkina Faso\u00a0: Un terroriste neutralis\u00e9 dans la r\u00e9gion de l\u2019Est\" \/>\n<meta property=\"og:description\" content=\"Un terroriste a \u00e9t\u00e9 neutralis\u00e9 dans les environs de Ougarou, province du Gourma le 14 avril 2021, dans le cadre des op\u00e9r ...\" \/>\n<meta property=\"og:url\" content=\"https:\/\/www.africa-press.net\/burkina-faso\/politique\/burkina-faso-un-terroriste-neutralise-dans-la-region-de-lest\" \/>\n<meta property=\"og:site_name\" content=\"Burkina Faso\" \/>\n<meta property=\"article:published_time\" content=\"2021-04-20T14:54:54+00:00\" \/>\n<meta property=\"og:image\" content=\"https:\/\/static.africa-press.net\/burkina\/sites\/42\/2021\/04\/img-607ee2be1e499.jpg\" \/>\n\t<meta property=\"og:image:width\" content=\"1024\" \/>\n\t<meta property=\"og:image:height\" content=\"683\" \/>\n\t<meta property=\"og:image:type\" content=\"image\/jpeg\" \/>\n<meta name=\"author\" content=\"cfeditorfr\" \/>\n<meta name=\"twitter:card\" content=\"summary_large_image\" \/>\n<meta name=\"twitter:label1\" content=\"\u00c9crit par\" \/>\n\t<meta name=\"twitter:data1\" content=\"cfeditorfr\" \/>\n\t<meta name=\"twitter:label2\" content=\"Dur\u00e9e de lecture estim\u00e9e\" \/>\n\t<meta name=\"twitter:data2\" content=\"2 minutes\" \/>\n<script type=\"application\/ld+json\" class=\"yoast-schema-graph\">{\"@context\":\"https:\/\/schema.org\",\"@graph\":[{\"@type\":\"Article\",\"@id\":\"https:\/\/www.africa-press.net\/burkina-faso\/politique\/burkina-faso-un-terroriste-neutralise-dans-la-region-de-lest#article\",\"isPartOf\":{\"@id\":\"https:\/\/www.africa-press.net\/burkina-faso\/politique\/burkina-faso-un-terroriste-neutralise-dans-la-region-de-lest\"},\"author\":{\"name\":\"cfeditorfr\",\"@id\":\"https:\/\/www.africa-press.net\/burkina-faso\/#\/schema\/person\/2b1cf3cd81a31e3cd26889ca66d677f1\"},\"headline\":\"Burkina Faso\u00a0: Un terroriste neutralis\u00e9 dans la r\u00e9gion de l\u2019Est\",\"datePublished\":\"2021-04-20T14:54:54+00:00\",\"mainEntityOfPage\":{\"@id\":\"https:\/\/www.africa-press.net\/burkina-faso\/politique\/burkina-faso-un-terroriste-neutralise-dans-la-region-de-lest\"},\"wordCount\":454,\"commentCount\":0,\"image\":{\"@id\":\"https:\/\/www.africa-press.net\/burkina-faso\/politique\/burkina-faso-un-terroriste-neutralise-dans-la-region-de-lest#primaryimage\"},\"thumbnailUrl\":\"https:\/\/static.africa-press.net\/burkina\/sites\/42\/2021\/04\/img-607ee2be1e499.jpg\",\"keywords\":[\"Africa Press\",\"Africa Press-Burkina Faso\",\"Burkina Faso\"],\"articleSection\":[\"homepage-french\",\"Politique\",\"Toutes les actualit\u00e9s\"],\"inLanguage\":\"fr-FR\",\"potentialAction\":[{\"@type\":\"CommentAction\",\"name\":\"Comment\",\"target\":[\"https:\/\/www.africa-press.net\/burkina-faso\/politique\/burkina-faso-un-terroriste-neutralise-dans-la-region-de-lest#respond\"]}]},{\"@type\":\"WebPage\",\"@id\":\"https:\/\/www.africa-press.net\/burkina-faso\/politique\/burkina-faso-un-terroriste-neutralise-dans-la-region-de-lest\",\"url\":\"https:\/\/www.africa-press.net\/burkina-faso\/politique\/burkina-faso-un-terroriste-neutralise-dans-la-region-de-lest\",\"name\":\"Burkina Faso\u00a0: Un terroriste neutralis\u00e9 dans la r\u00e9gion de l\u2019Est - Burkina Faso\",\"isPartOf\":{\"@id\":\"https:\/\/www.africa-press.net\/burkina-faso\/#website\"},\"primaryImageOfPage\":{\"@id\":\"https:\/\/www.africa-press.net\/burkina-faso\/politique\/burkina-faso-un-terroriste-neutralise-dans-la-region-de-lest#primaryimage\"},\"image\":{\"@id\":\"https:\/\/www.africa-press.net\/burkina-faso\/politique\/burkina-faso-un-terroriste-neutralise-dans-la-region-de-lest#primaryimage\"},\"thumbnailUrl\":\"https:\/\/static.africa-press.net\/burkina\/sites\/42\/2021\/04\/img-607ee2be1e499.jpg\",\"datePublished\":\"2021-04-20T14:54:54+00:00\",\"author\":{\"@id\":\"https:\/\/www.africa-press.net\/burkina-faso\/#\/schema\/person\/2b1cf3cd81a31e3cd26889ca66d677f1\"},\"description\":\"Un terroriste a \u00e9t\u00e9 neutralis\u00e9 dans les environs de Ougarou, province du Gourma le 14 avril 2021, dans le cadre des op\u00e9r ...\",\"breadcrumb\":{\"@id\":\"https:\/\/www.africa-press.net\/burkina-faso\/politique\/burkina-faso-un-terroriste-neutralise-dans-la-region-de-lest#breadcrumb\"},\"inLanguage\":\"fr-FR\",\"potentialAction\":[{\"@type\":\"ReadAction\",\"target\":[\"https:\/\/www.africa-press.net\/burkina-faso\/politique\/burkina-faso-un-terroriste-neutralise-dans-la-region-de-lest\"]}]},{\"@type\":\"ImageObject\",\"inLanguage\":\"fr-FR\",\"@id\":\"https:\/\/www.africa-press.net\/burkina-faso\/politique\/burkina-faso-un-terroriste-neutralise-dans-la-region-de-lest#primaryimage\",\"url\":\"https:\/\/static.africa-press.net\/burkina\/sites\/42\/2021\/04\/img-607ee2be1e499.jpg\",\"contentUrl\":\"https:\/\/static.africa-press.net\/burkina\/sites\/42\/2021\/04\/img-607ee2be1e499.jpg\",\"width\":1024,\"height\":683,\"caption\":\"Burkina Faso\u00a0: Un terroriste neutralis\u00e9 dans la r\u00e9gion de l\u2019Est\"},{\"@type\":\"BreadcrumbList\",\"@id\":\"https:\/\/www.africa-press.net\/burkina-faso\/politique\/burkina-faso-un-terroriste-neutralise-dans-la-region-de-lest#breadcrumb\",\"itemListElement\":[{\"@type\":\"ListItem\",\"position\":1,\"name\":\"Accueil\",\"item\":\"https:\/\/www.africa-press.net\/burkina-faso\/\"},{\"@type\":\"ListItem\",\"position\":2,\"name\":\"Burkina Faso\u00a0: Un terroriste neutralis\u00e9 dans la r\u00e9gion de l\u2019Est\"}]},{\"@type\":\"WebSite\",\"@id\":\"https:\/\/www.africa-press.net\/burkina-faso\/#website\",\"url\":\"https:\/\/www.africa-press.net\/burkina-faso\/\",\"name\":\"Burkina Faso\",\"description\":\"Just another Africa News Agency Sites site\",\"potentialAction\":[{\"@type\":\"SearchAction\",\"target\":{\"@type\":\"EntryPoint\",\"urlTemplate\":\"https:\/\/www.africa-press.net\/burkina-faso\/?s={search_term_string}\"},\"query-input\":{\"@type\":\"PropertyValueSpecification\",\"valueRequired\":true,\"valueName\":\"search_term_string\"}}],\"inLanguage\":\"fr-FR\"},{\"@type\":\"Person\",\"@id\":\"https:\/\/www.africa-press.net\/burkina-faso\/#\/schema\/person\/2b1cf3cd81a31e3cd26889ca66d677f1\",\"name\":\"cfeditorfr\"}]}<\/script>\n<!-- \/ Yoast SEO Premium plugin. -->","yoast_head_json":{"title":"Burkina Faso\u00a0: Un terroriste neutralis\u00e9 dans la r\u00e9gion de l\u2019Est - Burkina Faso","description":"Un terroriste a \u00e9t\u00e9 neutralis\u00e9 dans les environs de Ougarou, province du Gourma le 14 avril 2021, dans le cadre des op\u00e9r ...","robots":{"index":"index","follow":"follow","max-snippet":"max-snippet:-1","max-image-preview":"max-image-preview:large","max-video-preview":"max-video-preview:-1"},"canonical":"https:\/\/www.africa-press.net\/burkina-faso\/politique\/burkina-faso-un-terroriste-neutralise-dans-la-region-de-lest","og_locale":"fr_FR","og_type":"article","og_title":"Burkina Faso\u00a0: Un terroriste neutralis\u00e9 dans la r\u00e9gion de l\u2019Est","og_description":"Un terroriste a \u00e9t\u00e9 neutralis\u00e9 dans les environs de Ougarou, province du Gourma le 14 avril 2021, dans le cadre des op\u00e9r ...","og_url":"https:\/\/www.africa-press.net\/burkina-faso\/politique\/burkina-faso-un-terroriste-neutralise-dans-la-region-de-lest","og_site_name":"Burkina Faso","article_published_time":"2021-04-20T14:54:54+00:00","og_image":[{"width":1024,"height":683,"url":"https:\/\/static.africa-press.net\/burkina\/sites\/42\/2021\/04\/img-607ee2be1e499.jpg","type":"image\/jpeg"}],"author":"cfeditorfr","twitter_card":"summary_large_image","twitter_misc":{"\u00c9crit par":"cfeditorfr","Dur\u00e9e de lecture estim\u00e9e":"2 minutes"},"schema":{"@context":"https:\/\/schema.org","@graph":[{"@type":"Article","@id":"https:\/\/www.africa-press.net\/burkina-faso\/politique\/burkina-faso-un-terroriste-neutralise-dans-la-region-de-lest#article","isPartOf":{"@id":"https:\/\/www.africa-press.net\/burkina-faso\/politique\/burkina-faso-un-terroriste-neutralise-dans-la-region-de-lest"},"author":{"name":"cfeditorfr","@id":"https:\/\/www.africa-press.net\/burkina-faso\/#\/schema\/person\/2b1cf3cd81a31e3cd26889ca66d677f1"},"headline":"Burkina Faso\u00a0: Un terroriste neutralis\u00e9 dans la r\u00e9gion de l\u2019Est","datePublished":"2021-04-20T14:54:54+00:00","mainEntityOfPage":{"@id":"https:\/\/www.africa-press.net\/burkina-faso\/politique\/burkina-faso-un-terroriste-neutralise-dans-la-region-de-lest"},"wordCount":454,"commentCount":0,"image":{"@id":"https:\/\/www.africa-press.net\/burkina-faso\/politique\/burkina-faso-un-terroriste-neutralise-dans-la-region-de-lest#primaryimage"},"thumbnailUrl":"https:\/\/static.africa-press.net\/burkina\/sites\/42\/2021\/04\/img-607ee2be1e499.jpg","keywords":["Africa Press","Africa Press-Burkina Faso","Burkina Faso"],"articleSection":["homepage-french","Politique","Toutes les actualit\u00e9s"],"inLanguage":"fr-FR","potentialAction":[{"@type":"CommentAction","name":"Comment","target":["https:\/\/www.africa-press.net\/burkina-faso\/politique\/burkina-faso-un-terroriste-neutralise-dans-la-region-de-lest#respond"]}]},{"@type":"WebPage","@id":"https:\/\/www.africa-press.net\/burkina-faso\/politique\/burkina-faso-un-terroriste-neutralise-dans-la-region-de-lest","url":"https:\/\/www.africa-press.net\/burkina-faso\/politique\/burkina-faso-un-terroriste-neutralise-dans-la-region-de-lest","name":"Burkina Faso\u00a0: Un terroriste neutralis\u00e9 dans la r\u00e9gion de l\u2019Est - Burkina Faso","isPartOf":{"@id":"https:\/\/www.africa-press.net\/burkina-faso\/#website"},"primaryImageOfPage":{"@id":"https:\/\/www.africa-press.net\/burkina-faso\/politique\/burkina-faso-un-terroriste-neutralise-dans-la-region-de-lest#primaryimage"},"image":{"@id":"https:\/\/www.africa-press.net\/burkina-faso\/politique\/burkina-faso-un-terroriste-neutralise-dans-la-region-de-lest#primaryimage"},"thumbnailUrl":"https:\/\/static.africa-press.net\/burkina\/sites\/42\/2021\/04\/img-607ee2be1e499.jpg","datePublished":"2021-04-20T14:54:54+00:00","author":{"@id":"https:\/\/www.africa-press.net\/burkina-faso\/#\/schema\/person\/2b1cf3cd81a31e3cd26889ca66d677f1"},"description":"Un terroriste a \u00e9t\u00e9 neutralis\u00e9 dans les environs de Ougarou, province du Gourma le 14 avril 2021, dans le cadre des op\u00e9r ...","breadcrumb":{"@id":"https:\/\/www.africa-press.net\/burkina-faso\/politique\/burkina-faso-un-terroriste-neutralise-dans-la-region-de-lest#breadcrumb"},"inLanguage":"fr-FR","potentialAction":[{"@type":"ReadAction","target":["https:\/\/www.africa-press.net\/burkina-faso\/politique\/burkina-faso-un-terroriste-neutralise-dans-la-region-de-lest"]}]},{"@type":"ImageObject","inLanguage":"fr-FR","@id":"https:\/\/www.africa-press.net\/burkina-faso\/politique\/burkina-faso-un-terroriste-neutralise-dans-la-region-de-lest#primaryimage","url":"https:\/\/static.africa-press.net\/burkina\/sites\/42\/2021\/04\/img-607ee2be1e499.jpg","contentUrl":"https:\/\/static.africa-press.net\/burkina\/sites\/42\/2021\/04\/img-607ee2be1e499.jpg","width":1024,"height":683,"caption":"Burkina Faso\u00a0: Un terroriste neutralis\u00e9 dans la r\u00e9gion de l\u2019Est"},{"@type":"BreadcrumbList","@id":"https:\/\/www.africa-press.net\/burkina-faso\/politique\/burkina-faso-un-terroriste-neutralise-dans-la-region-de-lest#breadcrumb","itemListElement":[{"@type":"ListItem","position":1,"name":"Accueil","item":"https:\/\/www.africa-press.net\/burkina-faso\/"},{"@type":"ListItem","position":2,"name":"Burkina Faso\u00a0: Un terroriste neutralis\u00e9 dans la r\u00e9gion de l\u2019Est"}]},{"@type":"WebSite","@id":"https:\/\/www.africa-press.net\/burkina-faso\/#website","url":"https:\/\/www.africa-press.net\/burkina-faso\/","name":"Burkina Faso","description":"Just another Africa News Agency Sites site","potentialAction":[{"@type":"SearchAction","target":{"@type":"EntryPoint","urlTemplate":"https:\/\/www.africa-press.net\/burkina-faso\/?s={search_term_string}"},"query-input":{"@type":"PropertyValueSpecification","valueRequired":true,"valueName":"search_term_string"}}],"inLanguage":"fr-FR"},{"@type":"Person","@id":"https:\/\/www.africa-press.net\/burkina-faso\/#\/schema\/person\/2b1cf3cd81a31e3cd26889ca66d677f1","name":"cfeditorfr"}]}},"_links":{"self":[{"href":"https:\/\/www.africa-press.net\/burkina-faso\/wp-json\/wp\/v2\/posts\/10269","targetHints":{"allow":["GET"]}}],"collection":[{"href":"https:\/\/www.africa-press.net\/burkina-faso\/wp-json\/wp\/v2\/posts"}],"about":[{"href":"https:\/\/www.africa-press.net\/burkina-faso\/wp-json\/wp\/v2\/types\/post"}],"author":[{"embeddable":true,"href":"https:\/\/www.africa-press.net\/burkina-faso\/wp-json\/wp\/v2\/users\/82"}],"replies":[{"embeddable":true,"href":"https:\/\/www.africa-press.net\/burkina-faso\/wp-json\/wp\/v2\/comments?post=10269"}],"version-history":[{"count":0,"href":"https:\/\/www.africa-press.net\/burkina-faso\/wp-json\/wp\/v2\/posts\/10269\/revisions"}],"wp:featuredmedia":[{"embeddable":true,"href":"https:\/\/www.africa-press.net\/burkina-faso\/wp-json\/wp\/v2\/media\/10268"}],"wp:attachment":[{"href":"https:\/\/www.africa-press.net\/burkina-faso\/wp-json\/wp\/v2\/media?parent=10269"}],"wp:term":[{"taxonomy":"category","embeddable":true,"href":"https:\/\/www.africa-press.net\/burkina-faso\/wp-json\/wp\/v2\/categories?post=10269"},{"taxonomy":"post_tag","embeddable":true,"href":"https:\/\/www.africa-press.net\/burkina-faso\/wp-json\/wp\/v2\/tags?post=10269"}],"curies":[{"name":"wp","href":"https:\/\/api.w.org\/{rel}","templated":true}]}}