{"id":10284,"date":"2021-04-20T15:38:07","date_gmt":"2021-04-20T15:38:07","guid":{"rendered":"https:\/\/www.africa-press.net\/burkina-faso\/?p=10284"},"modified":"2021-04-20T15:10:10","modified_gmt":"2021-04-20T15:10:10","slug":"journee-nationale-du-paysan-2021-400-participants-attendus-au-lieu-de-1500","status":"publish","type":"post","link":"https:\/\/www.africa-press.net\/burkina-faso\/economie\/journee-nationale-du-paysan-2021-400-participants-attendus-au-lieu-de-1500","title":{"rendered":"Journ\u00e9e nationale du paysan 2021 : 400 participants attendus au lieu de 1500"},"content":{"rendered":"<p><span style=\"color: #ff6600\"><strong><a href=\"https:\/\/www.africa-press.net\/\">Africa-Press<\/a> &#8211; <a href=\"https:\/\/www.africa-press.net\/burkina-faso\">Burkina Faso<\/a>. <\/strong><\/span><b>Le ministre de l\u2019Agriculture, des Am\u00e9nagements hydro-agricoles et de la M\u00e9canisation, Salifou Ou\u00e9draogo, a anim\u00e9 une conf\u00e9rence de presse ce lundi 19 avril 2021, pour annoncer les couleurs de la 22e \u00e9dition de la Journ\u00e9e nationale du paysan (JNP).<\/b><\/p>\n<p>Le vendredi 23 avril 2021, la ville de Manga, chef-lieu de la r\u00e9gion du Centre-Sud, va accueillir la 22e \u00e9dition de la Journ\u00e9e nationale du paysan (JNP). Ce grand rendez-vous du monde paysan va se tenir sous le th\u00e8me \u00ab Impacts socio-\u00e9conomiques des crises s\u00e9curitaires et sanitaires sur les secteurs productifs du monde rural : quelles strat\u00e9gies de r\u00e9silience ? \u00bb<\/p>\n<p>Ce lundi 19 avril 2021, le ministre de l\u2019Agriculture, des Am\u00e9nagements hydro-agricoles et de la M\u00e9canisation, Salifou Ou\u00e9draogo, a, au cours d\u2019une conf\u00e9rence de presse, donn\u00e9 des informations relatives \u00e0 ladite journ\u00e9e. A l\u2019en croire, le programme de cette \u00e9dition a pr\u00e9vu des fora r\u00e9gionaux et des ateliers sectoriels tenus du 13 au 16 avril 2021 dans les chefs-lieux de r\u00e9gion.<\/p>\n<p>Selon le ministre Salifou Ou\u00e9draogo, le th\u00e8me de cette \u00e9dition traduit l\u2019engagement des acteurs du d\u00e9veloppement rural \u00e0 trouver des solutions d\u2019adaptation et d\u2019att\u00e9nuation des contraintes s\u00e9curitaires et sanitaire pour l\u2019essor du secteur agro-sylvo-pastoral, halieutique et faunique.<\/p>\n<p>Compte tenu de la crise sanitaire li\u00e9e au Covid-19, la JNP de cette \u00e9dition va conna\u00eetre des r\u00e9am\u00e9nagements. En effet, contrairement au pass\u00e9, la JNP se tiendra en un seul jour avec un nombre limit\u00e9 de participants. Ils seront 400 participants au lieu de 1500, a annonc\u00e9 le ministre. Et il a rassur\u00e9 que c\u2019est un chapiteau d\u2019une capacit\u00e9 de 2000 personnes qui va accueillir les 400 participants.<\/p>\n<p>Un autre changement. La foire agro-sylvo-pastoral, halieutique et faunique regroupant habituellement des exposants des treize r\u00e9gions du Burkina est \u00ab redimensionn\u00e9e en une exposition des produits de la r\u00e9gion h\u00f4te \u00bb.<br \/>\nSelon les organisateurs, la journ\u00e9e du 23 avril sera consacr\u00e9e \u00e0 la c\u00e9r\u00e9monie officielle d\u2019ouverture de la JNP suivie de la d\u00e9coration des acteurs m\u00e9ritants. En tant que premier patron de l\u2019\u00e9v\u00e9nement, le pr\u00e9sident du Faso, Roch Kabor\u00e9, aura un entretien direct avec les d\u00e9l\u00e9gu\u00e9s des producteurs venus de toutes les provinces du Burkina.<\/p>\n<p><b>Cryspin Laoundiki<br \/>\n<\/b><\/p>\n","protected":false},"excerpt":{"rendered":"<p>Africa-Press &#8211; Burkina Faso. Le ministre de l\u2019Agriculture, des Am\u00e9nagements hydro-agricoles et de la M\u00e9canisation, Salifou Ou\u00e9draogo, a anim\u00e9 une conf\u00e9rence de presse ce lundi 19 avril 2021, pour annoncer les couleurs de la 22e \u00e9dition de la Journ\u00e9e nationale du paysan (JNP). Le vendredi 23 avril 2021, la ville de Manga, chef-lieu de la [&hellip;]<\/p>\n","protected":false},"author":82,"featured_media":10283,"comment_status":"open","ping_status":"closed","sticky":false,"template":"","format":"standard","meta":{"footnotes":""},"categories":[3,11,10],"tags":[111,725,29],"class_list":["post-10284","post","type-post","status-publish","format-standard","has-post-thumbnail","hentry","category-economie","category-homepage-french","category-toutes-les-actualites","tag-africa-press","tag-africa-press-burkina-faso","tag-burkina-faso"],"yoast_head":"<!-- This site is optimized with the Yoast SEO Premium plugin v26.1 (Yoast SEO v27.0) - https:\/\/yoast.com\/product\/yoast-seo-premium-wordpress\/ -->\n<title>Journ\u00e9e nationale du paysan 2021 : 400 participants attendus au lieu de 1500 - Burkina Faso<\/title>\n<meta name=\"description\" content=\"Le ministre de l\u2019Agriculture, des Am\u00e9nagements hydro-agricoles et de la M\u00e9canisation, Salifou Ou\u00e9draogo, a anim\u00e9 une ...\" \/>\n<meta name=\"robots\" content=\"index, follow, max-snippet:-1, max-image-preview:large, max-video-preview:-1\" \/>\n<link rel=\"canonical\" href=\"https:\/\/www.africa-press.net\/burkina-faso\/economie\/journee-nationale-du-paysan-2021-400-participants-attendus-au-lieu-de-1500\" \/>\n<meta property=\"og:locale\" content=\"fr_FR\" \/>\n<meta property=\"og:type\" content=\"article\" \/>\n<meta property=\"og:title\" content=\"Journ\u00e9e nationale du paysan 2021 : 400 participants attendus au lieu de 1500\" \/>\n<meta property=\"og:description\" content=\"Le ministre de l\u2019Agriculture, des Am\u00e9nagements hydro-agricoles et de la M\u00e9canisation, Salifou Ou\u00e9draogo, a anim\u00e9 une ...\" \/>\n<meta property=\"og:url\" content=\"https:\/\/www.africa-press.net\/burkina-faso\/economie\/journee-nationale-du-paysan-2021-400-participants-attendus-au-lieu-de-1500\" \/>\n<meta property=\"og:site_name\" content=\"Burkina Faso\" \/>\n<meta property=\"article:published_time\" content=\"2021-04-20T15:38:07+00:00\" \/>\n<meta property=\"og:image\" content=\"https:\/\/static.africa-press.net\/burkina\/sites\/42\/2021\/04\/img-607ee3bd257fe.jpg\" \/>\n\t<meta property=\"og:image:width\" content=\"720\" \/>\n\t<meta property=\"og:image:height\" content=\"367\" \/>\n\t<meta property=\"og:image:type\" content=\"image\/jpeg\" \/>\n<meta name=\"author\" content=\"cfeditorfr\" \/>\n<meta name=\"twitter:card\" content=\"summary_large_image\" \/>\n<meta name=\"twitter:label1\" content=\"\u00c9crit par\" \/>\n\t<meta name=\"twitter:data1\" content=\"cfeditorfr\" \/>\n\t<meta name=\"twitter:label2\" content=\"Dur\u00e9e de lecture estim\u00e9e\" \/>\n\t<meta name=\"twitter:data2\" content=\"2 minutes\" \/>\n<script type=\"application\/ld+json\" class=\"yoast-schema-graph\">{\"@context\":\"https:\/\/schema.org\",\"@graph\":[{\"@type\":\"Article\",\"@id\":\"https:\/\/www.africa-press.net\/burkina-faso\/economie\/journee-nationale-du-paysan-2021-400-participants-attendus-au-lieu-de-1500#article\",\"isPartOf\":{\"@id\":\"https:\/\/www.africa-press.net\/burkina-faso\/economie\/journee-nationale-du-paysan-2021-400-participants-attendus-au-lieu-de-1500\"},\"author\":{\"name\":\"cfeditorfr\",\"@id\":\"https:\/\/www.africa-press.net\/burkina-faso\/#\/schema\/person\/2b1cf3cd81a31e3cd26889ca66d677f1\"},\"headline\":\"Journ\u00e9e nationale du paysan 2021 : 400 participants attendus au lieu de 1500\",\"datePublished\":\"2021-04-20T15:38:07+00:00\",\"mainEntityOfPage\":{\"@id\":\"https:\/\/www.africa-press.net\/burkina-faso\/economie\/journee-nationale-du-paysan-2021-400-participants-attendus-au-lieu-de-1500\"},\"wordCount\":400,\"commentCount\":0,\"image\":{\"@id\":\"https:\/\/www.africa-press.net\/burkina-faso\/economie\/journee-nationale-du-paysan-2021-400-participants-attendus-au-lieu-de-1500#primaryimage\"},\"thumbnailUrl\":\"https:\/\/static.africa-press.net\/burkina\/sites\/42\/2021\/04\/img-607ee3bd257fe.jpg\",\"keywords\":[\"Africa Press\",\"Africa Press-Burkina Faso\",\"Burkina Faso\"],\"articleSection\":[\"\u00c9conomie\",\"homepage-french\",\"Toutes les actualit\u00e9s\"],\"inLanguage\":\"fr-FR\",\"potentialAction\":[{\"@type\":\"CommentAction\",\"name\":\"Comment\",\"target\":[\"https:\/\/www.africa-press.net\/burkina-faso\/economie\/journee-nationale-du-paysan-2021-400-participants-attendus-au-lieu-de-1500#respond\"]}]},{\"@type\":\"WebPage\",\"@id\":\"https:\/\/www.africa-press.net\/burkina-faso\/economie\/journee-nationale-du-paysan-2021-400-participants-attendus-au-lieu-de-1500\",\"url\":\"https:\/\/www.africa-press.net\/burkina-faso\/economie\/journee-nationale-du-paysan-2021-400-participants-attendus-au-lieu-de-1500\",\"name\":\"Journ\u00e9e nationale du paysan 2021 : 400 participants attendus au lieu de 1500 - Burkina Faso\",\"isPartOf\":{\"@id\":\"https:\/\/www.africa-press.net\/burkina-faso\/#website\"},\"primaryImageOfPage\":{\"@id\":\"https:\/\/www.africa-press.net\/burkina-faso\/economie\/journee-nationale-du-paysan-2021-400-participants-attendus-au-lieu-de-1500#primaryimage\"},\"image\":{\"@id\":\"https:\/\/www.africa-press.net\/burkina-faso\/economie\/journee-nationale-du-paysan-2021-400-participants-attendus-au-lieu-de-1500#primaryimage\"},\"thumbnailUrl\":\"https:\/\/static.africa-press.net\/burkina\/sites\/42\/2021\/04\/img-607ee3bd257fe.jpg\",\"datePublished\":\"2021-04-20T15:38:07+00:00\",\"author\":{\"@id\":\"https:\/\/www.africa-press.net\/burkina-faso\/#\/schema\/person\/2b1cf3cd81a31e3cd26889ca66d677f1\"},\"description\":\"Le ministre de l\u2019Agriculture, des Am\u00e9nagements hydro-agricoles et de la M\u00e9canisation, Salifou Ou\u00e9draogo, a anim\u00e9 une ...\",\"breadcrumb\":{\"@id\":\"https:\/\/www.africa-press.net\/burkina-faso\/economie\/journee-nationale-du-paysan-2021-400-participants-attendus-au-lieu-de-1500#breadcrumb\"},\"inLanguage\":\"fr-FR\",\"potentialAction\":[{\"@type\":\"ReadAction\",\"target\":[\"https:\/\/www.africa-press.net\/burkina-faso\/economie\/journee-nationale-du-paysan-2021-400-participants-attendus-au-lieu-de-1500\"]}]},{\"@type\":\"ImageObject\",\"inLanguage\":\"fr-FR\",\"@id\":\"https:\/\/www.africa-press.net\/burkina-faso\/economie\/journee-nationale-du-paysan-2021-400-participants-attendus-au-lieu-de-1500#primaryimage\",\"url\":\"https:\/\/static.africa-press.net\/burkina\/sites\/42\/2021\/04\/img-607ee3bd257fe.jpg\",\"contentUrl\":\"https:\/\/static.africa-press.net\/burkina\/sites\/42\/2021\/04\/img-607ee3bd257fe.jpg\",\"width\":720,\"height\":367,\"caption\":\"Journ\u00e9e nationale du paysan 2021 : 400 participants attendus au lieu de 1500\"},{\"@type\":\"BreadcrumbList\",\"@id\":\"https:\/\/www.africa-press.net\/burkina-faso\/economie\/journee-nationale-du-paysan-2021-400-participants-attendus-au-lieu-de-1500#breadcrumb\",\"itemListElement\":[{\"@type\":\"ListItem\",\"position\":1,\"name\":\"Accueil\",\"item\":\"https:\/\/www.africa-press.net\/burkina-faso\/\"},{\"@type\":\"ListItem\",\"position\":2,\"name\":\"Journ\u00e9e nationale du paysan 2021 : 400 participants attendus au lieu de 1500\"}]},{\"@type\":\"WebSite\",\"@id\":\"https:\/\/www.africa-press.net\/burkina-faso\/#website\",\"url\":\"https:\/\/www.africa-press.net\/burkina-faso\/\",\"name\":\"Burkina Faso\",\"description\":\"Just another Africa News Agency Sites site\",\"potentialAction\":[{\"@type\":\"SearchAction\",\"target\":{\"@type\":\"EntryPoint\",\"urlTemplate\":\"https:\/\/www.africa-press.net\/burkina-faso\/?s={search_term_string}\"},\"query-input\":{\"@type\":\"PropertyValueSpecification\",\"valueRequired\":true,\"valueName\":\"search_term_string\"}}],\"inLanguage\":\"fr-FR\"},{\"@type\":\"Person\",\"@id\":\"https:\/\/www.africa-press.net\/burkina-faso\/#\/schema\/person\/2b1cf3cd81a31e3cd26889ca66d677f1\",\"name\":\"cfeditorfr\"}]}<\/script>\n<!-- \/ Yoast SEO Premium plugin. -->","yoast_head_json":{"title":"Journ\u00e9e nationale du paysan 2021 : 400 participants attendus au lieu de 1500 - Burkina Faso","description":"Le ministre de l\u2019Agriculture, des Am\u00e9nagements hydro-agricoles et de la M\u00e9canisation, Salifou Ou\u00e9draogo, a anim\u00e9 une ...","robots":{"index":"index","follow":"follow","max-snippet":"max-snippet:-1","max-image-preview":"max-image-preview:large","max-video-preview":"max-video-preview:-1"},"canonical":"https:\/\/www.africa-press.net\/burkina-faso\/economie\/journee-nationale-du-paysan-2021-400-participants-attendus-au-lieu-de-1500","og_locale":"fr_FR","og_type":"article","og_title":"Journ\u00e9e nationale du paysan 2021 : 400 participants attendus au lieu de 1500","og_description":"Le ministre de l\u2019Agriculture, des Am\u00e9nagements hydro-agricoles et de la M\u00e9canisation, Salifou Ou\u00e9draogo, a anim\u00e9 une ...","og_url":"https:\/\/www.africa-press.net\/burkina-faso\/economie\/journee-nationale-du-paysan-2021-400-participants-attendus-au-lieu-de-1500","og_site_name":"Burkina Faso","article_published_time":"2021-04-20T15:38:07+00:00","og_image":[{"width":720,"height":367,"url":"https:\/\/static.africa-press.net\/burkina\/sites\/42\/2021\/04\/img-607ee3bd257fe.jpg","type":"image\/jpeg"}],"author":"cfeditorfr","twitter_card":"summary_large_image","twitter_misc":{"\u00c9crit par":"cfeditorfr","Dur\u00e9e de lecture estim\u00e9e":"2 minutes"},"schema":{"@context":"https:\/\/schema.org","@graph":[{"@type":"Article","@id":"https:\/\/www.africa-press.net\/burkina-faso\/economie\/journee-nationale-du-paysan-2021-400-participants-attendus-au-lieu-de-1500#article","isPartOf":{"@id":"https:\/\/www.africa-press.net\/burkina-faso\/economie\/journee-nationale-du-paysan-2021-400-participants-attendus-au-lieu-de-1500"},"author":{"name":"cfeditorfr","@id":"https:\/\/www.africa-press.net\/burkina-faso\/#\/schema\/person\/2b1cf3cd81a31e3cd26889ca66d677f1"},"headline":"Journ\u00e9e nationale du paysan 2021 : 400 participants attendus au lieu de 1500","datePublished":"2021-04-20T15:38:07+00:00","mainEntityOfPage":{"@id":"https:\/\/www.africa-press.net\/burkina-faso\/economie\/journee-nationale-du-paysan-2021-400-participants-attendus-au-lieu-de-1500"},"wordCount":400,"commentCount":0,"image":{"@id":"https:\/\/www.africa-press.net\/burkina-faso\/economie\/journee-nationale-du-paysan-2021-400-participants-attendus-au-lieu-de-1500#primaryimage"},"thumbnailUrl":"https:\/\/static.africa-press.net\/burkina\/sites\/42\/2021\/04\/img-607ee3bd257fe.jpg","keywords":["Africa Press","Africa Press-Burkina Faso","Burkina Faso"],"articleSection":["\u00c9conomie","homepage-french","Toutes les actualit\u00e9s"],"inLanguage":"fr-FR","potentialAction":[{"@type":"CommentAction","name":"Comment","target":["https:\/\/www.africa-press.net\/burkina-faso\/economie\/journee-nationale-du-paysan-2021-400-participants-attendus-au-lieu-de-1500#respond"]}]},{"@type":"WebPage","@id":"https:\/\/www.africa-press.net\/burkina-faso\/economie\/journee-nationale-du-paysan-2021-400-participants-attendus-au-lieu-de-1500","url":"https:\/\/www.africa-press.net\/burkina-faso\/economie\/journee-nationale-du-paysan-2021-400-participants-attendus-au-lieu-de-1500","name":"Journ\u00e9e nationale du paysan 2021 : 400 participants attendus au lieu de 1500 - Burkina Faso","isPartOf":{"@id":"https:\/\/www.africa-press.net\/burkina-faso\/#website"},"primaryImageOfPage":{"@id":"https:\/\/www.africa-press.net\/burkina-faso\/economie\/journee-nationale-du-paysan-2021-400-participants-attendus-au-lieu-de-1500#primaryimage"},"image":{"@id":"https:\/\/www.africa-press.net\/burkina-faso\/economie\/journee-nationale-du-paysan-2021-400-participants-attendus-au-lieu-de-1500#primaryimage"},"thumbnailUrl":"https:\/\/static.africa-press.net\/burkina\/sites\/42\/2021\/04\/img-607ee3bd257fe.jpg","datePublished":"2021-04-20T15:38:07+00:00","author":{"@id":"https:\/\/www.africa-press.net\/burkina-faso\/#\/schema\/person\/2b1cf3cd81a31e3cd26889ca66d677f1"},"description":"Le ministre de l\u2019Agriculture, des Am\u00e9nagements hydro-agricoles et de la M\u00e9canisation, Salifou Ou\u00e9draogo, a anim\u00e9 une ...","breadcrumb":{"@id":"https:\/\/www.africa-press.net\/burkina-faso\/economie\/journee-nationale-du-paysan-2021-400-participants-attendus-au-lieu-de-1500#breadcrumb"},"inLanguage":"fr-FR","potentialAction":[{"@type":"ReadAction","target":["https:\/\/www.africa-press.net\/burkina-faso\/economie\/journee-nationale-du-paysan-2021-400-participants-attendus-au-lieu-de-1500"]}]},{"@type":"ImageObject","inLanguage":"fr-FR","@id":"https:\/\/www.africa-press.net\/burkina-faso\/economie\/journee-nationale-du-paysan-2021-400-participants-attendus-au-lieu-de-1500#primaryimage","url":"https:\/\/static.africa-press.net\/burkina\/sites\/42\/2021\/04\/img-607ee3bd257fe.jpg","contentUrl":"https:\/\/static.africa-press.net\/burkina\/sites\/42\/2021\/04\/img-607ee3bd257fe.jpg","width":720,"height":367,"caption":"Journ\u00e9e nationale du paysan 2021 : 400 participants attendus au lieu de 1500"},{"@type":"BreadcrumbList","@id":"https:\/\/www.africa-press.net\/burkina-faso\/economie\/journee-nationale-du-paysan-2021-400-participants-attendus-au-lieu-de-1500#breadcrumb","itemListElement":[{"@type":"ListItem","position":1,"name":"Accueil","item":"https:\/\/www.africa-press.net\/burkina-faso\/"},{"@type":"ListItem","position":2,"name":"Journ\u00e9e nationale du paysan 2021 : 400 participants attendus au lieu de 1500"}]},{"@type":"WebSite","@id":"https:\/\/www.africa-press.net\/burkina-faso\/#website","url":"https:\/\/www.africa-press.net\/burkina-faso\/","name":"Burkina Faso","description":"Just another Africa News Agency Sites site","potentialAction":[{"@type":"SearchAction","target":{"@type":"EntryPoint","urlTemplate":"https:\/\/www.africa-press.net\/burkina-faso\/?s={search_term_string}"},"query-input":{"@type":"PropertyValueSpecification","valueRequired":true,"valueName":"search_term_string"}}],"inLanguage":"fr-FR"},{"@type":"Person","@id":"https:\/\/www.africa-press.net\/burkina-faso\/#\/schema\/person\/2b1cf3cd81a31e3cd26889ca66d677f1","name":"cfeditorfr"}]}},"_links":{"self":[{"href":"https:\/\/www.africa-press.net\/burkina-faso\/wp-json\/wp\/v2\/posts\/10284","targetHints":{"allow":["GET"]}}],"collection":[{"href":"https:\/\/www.africa-press.net\/burkina-faso\/wp-json\/wp\/v2\/posts"}],"about":[{"href":"https:\/\/www.africa-press.net\/burkina-faso\/wp-json\/wp\/v2\/types\/post"}],"author":[{"embeddable":true,"href":"https:\/\/www.africa-press.net\/burkina-faso\/wp-json\/wp\/v2\/users\/82"}],"replies":[{"embeddable":true,"href":"https:\/\/www.africa-press.net\/burkina-faso\/wp-json\/wp\/v2\/comments?post=10284"}],"version-history":[{"count":0,"href":"https:\/\/www.africa-press.net\/burkina-faso\/wp-json\/wp\/v2\/posts\/10284\/revisions"}],"wp:featuredmedia":[{"embeddable":true,"href":"https:\/\/www.africa-press.net\/burkina-faso\/wp-json\/wp\/v2\/media\/10283"}],"wp:attachment":[{"href":"https:\/\/www.africa-press.net\/burkina-faso\/wp-json\/wp\/v2\/media?parent=10284"}],"wp:term":[{"taxonomy":"category","embeddable":true,"href":"https:\/\/www.africa-press.net\/burkina-faso\/wp-json\/wp\/v2\/categories?post=10284"},{"taxonomy":"post_tag","embeddable":true,"href":"https:\/\/www.africa-press.net\/burkina-faso\/wp-json\/wp\/v2\/tags?post=10284"}],"curies":[{"name":"wp","href":"https:\/\/api.w.org\/{rel}","templated":true}]}}