{"id":10287,"date":"2021-04-20T15:41:52","date_gmt":"2021-04-20T15:41:52","guid":{"rendered":"https:\/\/www.africa-press.net\/burkina-faso\/?p=10287"},"modified":"2021-04-20T15:10:29","modified_gmt":"2021-04-20T15:10:29","slug":"assemblee-nationale-les-deputes-adoptent-le-programme-wuri-pour-la-mise-en-oeuvre-didentifiant-unique-electronique-de-la-personne-au-burkina","status":"publish","type":"post","link":"https:\/\/www.africa-press.net\/burkina-faso\/politique\/assemblee-nationale-les-deputes-adoptent-le-programme-wuri-pour-la-mise-en-oeuvre-didentifiant-unique-electronique-de-la-personne-au-burkina","title":{"rendered":"Assembl\u00e9e nationale : Les d\u00e9put\u00e9s adoptent le programme Wuri pour la mise en \u0153uvre d\u2019identifiant unique \u00e9lectronique de la personne au Burkina"},"content":{"rendered":"<p><span style=\"color: #ff6600\"><strong><a href=\"https:\/\/www.africa-press.net\/\">Africa-Press<\/a> &#8211; <a href=\"https:\/\/www.africa-press.net\/burkina-faso\">Burkina Faso<\/a>. <\/strong><\/span><b>Les d\u00e9put\u00e9s r\u00e9unis \u00e0 l\u2019h\u00e9micycle en s\u00e9ance pl\u00e9ni\u00e8re ce lundi 19 avril 2021 ont examin\u00e9 trois projets de loi. Il s\u2019agit du Programme de l\u2019identification unique pour l\u2019int\u00e9gration r\u00e9gionale et l\u2019inclusion en Afrique de l\u2019Ouest (Wuri) ; du financement partiel du Projet de construction et d\u2019\u00e9quipements d\u2019une structure de formation et de recherche en science et technique, d\u2019une cit\u00e9 universitaire \u00e0 l\u2019universit\u00e9 de Dori et d\u2019une cit\u00e9 universitaire \u00e0 l\u2019universit\u00e9 de Fada N\u2019Gourma mais aussi le financement additionnel pour la mise en \u0153uvre du projet d\u2019am\u00e9lioration de l\u2019acc\u00e8s au syst\u00e8me \u00e9ducatif et la qualit\u00e9 de l\u2019\u00e9ducation.<\/b><\/p>\n<p>Le projet de loi du programme Wuri a \u00e9t\u00e9 soumis pour examen \u00e0 trois commissions (dont la commission des Affaires \u00e9trang\u00e8res et des Burkinab\u00e8 de l\u2019\u00e9tranger, de l\u2019environnement et du d\u00e9veloppement durable, et \u00e0 celle des finances et du budget). Les rapports de ces commissions ont \u00e9t\u00e9 livr\u00e9s \u00e0 la pl\u00e9ni\u00e8re ce lundi 19 avril 2021.<\/p>\n<p>D\u2019une dur\u00e9e de six ans, l\u2019adoption de cette initiative sous l\u2019impulsion de la Banque mondiale permettra au Burkina Faso de disposer, \u00e0 l\u2019instar des autres pays b\u00e9n\u00e9ficiaires de la CEDEAO, d\u2019un dispositif \u00e9lectronique facilitant l\u2019acc\u00e8s des personnes aux services de base, de satisfaire les conditions d\u2019entr\u00e9e en vigueur et d\u2019assurer la mise en \u0153uvre effective du programme. A terme, le gouvernement entend enr\u00f4ler 80% de la population burkinab\u00e8.<\/p>\n<p>Le second dossier \u00e0 l\u2019ordre du jour \u00e9tait relatif au projet de loi concernant la construction du centre universitaire de Dori et l\u2019universit\u00e9 de Fada N\u2019Gourma. La Commission des Affaires \u00e9trang\u00e8res et des Burkinab\u00e8 de l\u2019\u00e9tranger a \u00e9t\u00e9 affectataire de ce dossier avec pour rapporteur le d\u00e9put\u00e9 Abdoul-Salam Dicko. Pour le centre universitaire de Dori, il s\u2019agit, selon le ministre de l\u2019Enseignement sup\u00e9rieur, Pr Alkassoum Ma\u00efga, de la construction d\u2019un b\u00e2timent p\u00e9dagogique devant servir d\u2019UFR science et technique, d\u2019un b\u00e2timent administratif pour la pr\u00e9sidence de l\u2019universit\u00e9 mais \u00e9galement la construction d\u2019une cit\u00e9 universitaire de 1000 lits, d\u2019un restaurant de 800 places et d\u2019un amphith\u00e9\u00e2tre de 350 places.<\/p>\n<p>Au niveau de Fada N\u2019Gourma, les travaux consisteront \u00e0 la construction d\u2019un restaurant de 800 places, un amphith\u00e9\u00e2tre de 350 places et une cit\u00e9 universitaire de 1000 lits. Toutes ces infrastructures seront accompagn\u00e9es d\u2019un espace r\u00e9cr\u00e9atif dans les deux universit\u00e9s. \u00ab Les espaces o\u00f9 on va faire les constructions seront s\u00e9curis\u00e9s par des cl\u00f4tures \u00bb, a soulign\u00e9 le ministre Ma\u00efga.<\/p>\n<p>Le co\u00fbt total de ce projet est \u00e9valu\u00e9 \u00e0 plus de 12 milliards de F CFA et vise d\u2019une part, \u00e0 contribuer \u00e0 l\u2019\u00e9largissement du portefeuille des formations acad\u00e9miques et d\u2019autres part \u00e0 renforcer la capacit\u00e9 d\u2019accueil en mati\u00e8re d\u2019h\u00e9bergement des \u00e9tudiants du centre universitaire de Dori et de l\u2019universit\u00e9 de Fada N\u2019Gourma en vue d\u2019am\u00e9liorer leurs conditions de vie. A l\u2019issue du d\u00e9bat g\u00e9n\u00e9ral, les d\u00e9put\u00e9s ont adopt\u00e9 \u00e0 l\u2019unanimit\u00e9 le pr\u00e9sent projet de loi. Cela permettra au minist\u00e8re de l\u2019Enseignement sup\u00e9rieur de rentrer dans la phase d\u2019op\u00e9rationnalisation de ces constructions au b\u00e9n\u00e9fice des universit\u00e9s.<\/p>\n<p>Le troisi\u00e8me dossier est relatif au projet de ratification d\u2019un accord de don de la Banque mondiale au Burkina Faso d\u2019un montant d\u2019environ 56 milliards de F CFA pour poursuivre le projet d\u2019am\u00e9lioration de l\u2019acc\u00e8s au syst\u00e8me \u00e9ducatif et la qualit\u00e9 de l\u2019\u00e9ducation sur les cinq prochaines ann\u00e9es.<\/p>\n<p>Ce projet de loi a \u00e9t\u00e9 soumis pour examen \u00e0 la Commission de la jeunesse, de l\u2019\u00e9ducation, de l\u2019emploi et de la culture. Dans son allocution, le ministre de l\u2019Education nationale, Pr Stanislas Ouaro, s\u2019est pench\u00e9 sur les activit\u00e9s qui seront men\u00e9es dans le cadre de ce projet. Il s\u2019agit notamment de la construction des lyc\u00e9es scientifiques dans les r\u00e9gions qui n\u2019en avaient pas d\u2019abord, de classes pr\u00e9paratoires d\u2019entr\u00e9e dans les grandes \u00e9coles et de centres de pr\u00e9paration aux concours d\u2019agr\u00e9gation pour former des enseignants. Mais ce n\u2019est pas tout, car ce projet \u00e0 de grandes ambitions. [ Cliquez ici pour lire l\u2019int\u00e9gralit\u00e9 ]<\/p>\n<p><b>A\u00efssata Laure G. Sidib\u00e9<br \/>\n<\/b><\/p>\n","protected":false},"excerpt":{"rendered":"<p>Africa-Press &#8211; Burkina Faso. Les d\u00e9put\u00e9s r\u00e9unis \u00e0 l\u2019h\u00e9micycle en s\u00e9ance pl\u00e9ni\u00e8re ce lundi 19 avril 2021 ont examin\u00e9 trois projets de loi. Il s\u2019agit du Programme de l\u2019identification unique pour l\u2019int\u00e9gration r\u00e9gionale et l\u2019inclusion en Afrique de l\u2019Ouest (Wuri) ; du financement partiel du Projet de construction et d\u2019\u00e9quipements d\u2019une structure de formation et [&hellip;]<\/p>\n","protected":false},"author":82,"featured_media":10286,"comment_status":"open","ping_status":"closed","sticky":false,"template":"","format":"standard","meta":{"footnotes":""},"categories":[11,2,10],"tags":[111,725,29],"class_list":["post-10287","post","type-post","status-publish","format-standard","has-post-thumbnail","hentry","category-homepage-french","category-politique","category-toutes-les-actualites","tag-africa-press","tag-africa-press-burkina-faso","tag-burkina-faso"],"yoast_head":"<!-- This site is optimized with the Yoast SEO Premium plugin v26.1 (Yoast SEO v27.0) - https:\/\/yoast.com\/product\/yoast-seo-premium-wordpress\/ -->\n<title>Assembl\u00e9e nationale : Les d\u00e9put\u00e9s adoptent le programme Wuri pour la mise en \u0153uvre d\u2019identifiant unique \u00e9lectronique de la personne au Burkina - Burkina Faso<\/title>\n<meta name=\"description\" content=\"Les d\u00e9put\u00e9s r\u00e9unis \u00e0 l\u2019h\u00e9micycle en s\u00e9ance pl\u00e9ni\u00e8re ce lundi 19 avril 2021 ont examin\u00e9 trois projets de loi. Il s\u2019agi ...\" \/>\n<meta name=\"robots\" content=\"index, follow, max-snippet:-1, max-image-preview:large, max-video-preview:-1\" \/>\n<link rel=\"canonical\" href=\"https:\/\/www.africa-press.net\/burkina-faso\/politique\/assemblee-nationale-les-deputes-adoptent-le-programme-wuri-pour-la-mise-en-oeuvre-didentifiant-unique-electronique-de-la-personne-au-burkina\" \/>\n<meta property=\"og:locale\" content=\"fr_FR\" \/>\n<meta property=\"og:type\" content=\"article\" \/>\n<meta property=\"og:title\" content=\"Assembl\u00e9e nationale : Les d\u00e9put\u00e9s adoptent le programme Wuri pour la mise en \u0153uvre d\u2019identifiant unique \u00e9lectronique de la personne au Burkina\" \/>\n<meta property=\"og:description\" content=\"Les d\u00e9put\u00e9s r\u00e9unis \u00e0 l\u2019h\u00e9micycle en s\u00e9ance pl\u00e9ni\u00e8re ce lundi 19 avril 2021 ont examin\u00e9 trois projets de loi. Il s\u2019agi ...\" \/>\n<meta property=\"og:url\" content=\"https:\/\/www.africa-press.net\/burkina-faso\/politique\/assemblee-nationale-les-deputes-adoptent-le-programme-wuri-pour-la-mise-en-oeuvre-didentifiant-unique-electronique-de-la-personne-au-burkina\" \/>\n<meta property=\"og:site_name\" content=\"Burkina Faso\" \/>\n<meta property=\"article:published_time\" content=\"2021-04-20T15:41:52+00:00\" \/>\n<meta property=\"og:image\" content=\"https:\/\/static.africa-press.net\/burkina\/sites\/42\/2021\/04\/img-607ee3ea3b4cc.jpg\" \/>\n\t<meta property=\"og:image:width\" content=\"720\" \/>\n\t<meta property=\"og:image:height\" content=\"371\" \/>\n\t<meta property=\"og:image:type\" content=\"image\/jpeg\" \/>\n<meta name=\"author\" content=\"cfeditorfr\" \/>\n<meta name=\"twitter:card\" content=\"summary_large_image\" \/>\n<meta name=\"twitter:label1\" content=\"\u00c9crit par\" \/>\n\t<meta name=\"twitter:data1\" content=\"cfeditorfr\" \/>\n\t<meta name=\"twitter:label2\" content=\"Dur\u00e9e de lecture estim\u00e9e\" \/>\n\t<meta name=\"twitter:data2\" content=\"4 minutes\" \/>\n<script type=\"application\/ld+json\" class=\"yoast-schema-graph\">{\"@context\":\"https:\/\/schema.org\",\"@graph\":[{\"@type\":\"Article\",\"@id\":\"https:\/\/www.africa-press.net\/burkina-faso\/politique\/assemblee-nationale-les-deputes-adoptent-le-programme-wuri-pour-la-mise-en-oeuvre-didentifiant-unique-electronique-de-la-personne-au-burkina#article\",\"isPartOf\":{\"@id\":\"https:\/\/www.africa-press.net\/burkina-faso\/politique\/assemblee-nationale-les-deputes-adoptent-le-programme-wuri-pour-la-mise-en-oeuvre-didentifiant-unique-electronique-de-la-personne-au-burkina\"},\"author\":{\"name\":\"cfeditorfr\",\"@id\":\"https:\/\/www.africa-press.net\/burkina-faso\/#\/schema\/person\/2b1cf3cd81a31e3cd26889ca66d677f1\"},\"headline\":\"Assembl\u00e9e nationale : Les d\u00e9put\u00e9s adoptent le programme Wuri pour la mise en \u0153uvre d\u2019identifiant unique \u00e9lectronique de la personne au Burkina\",\"datePublished\":\"2021-04-20T15:41:52+00:00\",\"mainEntityOfPage\":{\"@id\":\"https:\/\/www.africa-press.net\/burkina-faso\/politique\/assemblee-nationale-les-deputes-adoptent-le-programme-wuri-pour-la-mise-en-oeuvre-didentifiant-unique-electronique-de-la-personne-au-burkina\"},\"wordCount\":778,\"commentCount\":0,\"image\":{\"@id\":\"https:\/\/www.africa-press.net\/burkina-faso\/politique\/assemblee-nationale-les-deputes-adoptent-le-programme-wuri-pour-la-mise-en-oeuvre-didentifiant-unique-electronique-de-la-personne-au-burkina#primaryimage\"},\"thumbnailUrl\":\"https:\/\/static.africa-press.net\/burkina\/sites\/42\/2021\/04\/img-607ee3ea3b4cc.jpg\",\"keywords\":[\"Africa Press\",\"Africa Press-Burkina Faso\",\"Burkina Faso\"],\"articleSection\":[\"homepage-french\",\"Politique\",\"Toutes les actualit\u00e9s\"],\"inLanguage\":\"fr-FR\",\"potentialAction\":[{\"@type\":\"CommentAction\",\"name\":\"Comment\",\"target\":[\"https:\/\/www.africa-press.net\/burkina-faso\/politique\/assemblee-nationale-les-deputes-adoptent-le-programme-wuri-pour-la-mise-en-oeuvre-didentifiant-unique-electronique-de-la-personne-au-burkina#respond\"]}]},{\"@type\":\"WebPage\",\"@id\":\"https:\/\/www.africa-press.net\/burkina-faso\/politique\/assemblee-nationale-les-deputes-adoptent-le-programme-wuri-pour-la-mise-en-oeuvre-didentifiant-unique-electronique-de-la-personne-au-burkina\",\"url\":\"https:\/\/www.africa-press.net\/burkina-faso\/politique\/assemblee-nationale-les-deputes-adoptent-le-programme-wuri-pour-la-mise-en-oeuvre-didentifiant-unique-electronique-de-la-personne-au-burkina\",\"name\":\"Assembl\u00e9e nationale : Les d\u00e9put\u00e9s adoptent le programme Wuri pour la mise en \u0153uvre d\u2019identifiant unique \u00e9lectronique de la personne au Burkina - Burkina Faso\",\"isPartOf\":{\"@id\":\"https:\/\/www.africa-press.net\/burkina-faso\/#website\"},\"primaryImageOfPage\":{\"@id\":\"https:\/\/www.africa-press.net\/burkina-faso\/politique\/assemblee-nationale-les-deputes-adoptent-le-programme-wuri-pour-la-mise-en-oeuvre-didentifiant-unique-electronique-de-la-personne-au-burkina#primaryimage\"},\"image\":{\"@id\":\"https:\/\/www.africa-press.net\/burkina-faso\/politique\/assemblee-nationale-les-deputes-adoptent-le-programme-wuri-pour-la-mise-en-oeuvre-didentifiant-unique-electronique-de-la-personne-au-burkina#primaryimage\"},\"thumbnailUrl\":\"https:\/\/static.africa-press.net\/burkina\/sites\/42\/2021\/04\/img-607ee3ea3b4cc.jpg\",\"datePublished\":\"2021-04-20T15:41:52+00:00\",\"author\":{\"@id\":\"https:\/\/www.africa-press.net\/burkina-faso\/#\/schema\/person\/2b1cf3cd81a31e3cd26889ca66d677f1\"},\"description\":\"Les d\u00e9put\u00e9s r\u00e9unis \u00e0 l\u2019h\u00e9micycle en s\u00e9ance pl\u00e9ni\u00e8re ce lundi 19 avril 2021 ont examin\u00e9 trois projets de loi. Il s\u2019agi ...\",\"breadcrumb\":{\"@id\":\"https:\/\/www.africa-press.net\/burkina-faso\/politique\/assemblee-nationale-les-deputes-adoptent-le-programme-wuri-pour-la-mise-en-oeuvre-didentifiant-unique-electronique-de-la-personne-au-burkina#breadcrumb\"},\"inLanguage\":\"fr-FR\",\"potentialAction\":[{\"@type\":\"ReadAction\",\"target\":[\"https:\/\/www.africa-press.net\/burkina-faso\/politique\/assemblee-nationale-les-deputes-adoptent-le-programme-wuri-pour-la-mise-en-oeuvre-didentifiant-unique-electronique-de-la-personne-au-burkina\"]}]},{\"@type\":\"ImageObject\",\"inLanguage\":\"fr-FR\",\"@id\":\"https:\/\/www.africa-press.net\/burkina-faso\/politique\/assemblee-nationale-les-deputes-adoptent-le-programme-wuri-pour-la-mise-en-oeuvre-didentifiant-unique-electronique-de-la-personne-au-burkina#primaryimage\",\"url\":\"https:\/\/static.africa-press.net\/burkina\/sites\/42\/2021\/04\/img-607ee3ea3b4cc.jpg\",\"contentUrl\":\"https:\/\/static.africa-press.net\/burkina\/sites\/42\/2021\/04\/img-607ee3ea3b4cc.jpg\",\"width\":720,\"height\":371,\"caption\":\"Assembl\u00e9e nationale : Les d\u00e9put\u00e9s adoptent le programme Wuri pour la mise en \u0153uvre d\u2019identifiant unique \u00e9lectronique de la personne au Burkina\"},{\"@type\":\"BreadcrumbList\",\"@id\":\"https:\/\/www.africa-press.net\/burkina-faso\/politique\/assemblee-nationale-les-deputes-adoptent-le-programme-wuri-pour-la-mise-en-oeuvre-didentifiant-unique-electronique-de-la-personne-au-burkina#breadcrumb\",\"itemListElement\":[{\"@type\":\"ListItem\",\"position\":1,\"name\":\"Accueil\",\"item\":\"https:\/\/www.africa-press.net\/burkina-faso\/\"},{\"@type\":\"ListItem\",\"position\":2,\"name\":\"Assembl\u00e9e nationale : Les d\u00e9put\u00e9s adoptent le programme Wuri pour la mise en \u0153uvre d\u2019identifiant unique \u00e9lectronique de la personne au Burkina\"}]},{\"@type\":\"WebSite\",\"@id\":\"https:\/\/www.africa-press.net\/burkina-faso\/#website\",\"url\":\"https:\/\/www.africa-press.net\/burkina-faso\/\",\"name\":\"Burkina Faso\",\"description\":\"Just another Africa News Agency Sites site\",\"potentialAction\":[{\"@type\":\"SearchAction\",\"target\":{\"@type\":\"EntryPoint\",\"urlTemplate\":\"https:\/\/www.africa-press.net\/burkina-faso\/?s={search_term_string}\"},\"query-input\":{\"@type\":\"PropertyValueSpecification\",\"valueRequired\":true,\"valueName\":\"search_term_string\"}}],\"inLanguage\":\"fr-FR\"},{\"@type\":\"Person\",\"@id\":\"https:\/\/www.africa-press.net\/burkina-faso\/#\/schema\/person\/2b1cf3cd81a31e3cd26889ca66d677f1\",\"name\":\"cfeditorfr\"}]}<\/script>\n<!-- \/ Yoast SEO Premium plugin. -->","yoast_head_json":{"title":"Assembl\u00e9e nationale : Les d\u00e9put\u00e9s adoptent le programme Wuri pour la mise en \u0153uvre d\u2019identifiant unique \u00e9lectronique de la personne au Burkina - Burkina Faso","description":"Les d\u00e9put\u00e9s r\u00e9unis \u00e0 l\u2019h\u00e9micycle en s\u00e9ance pl\u00e9ni\u00e8re ce lundi 19 avril 2021 ont examin\u00e9 trois projets de loi. Il s\u2019agi ...","robots":{"index":"index","follow":"follow","max-snippet":"max-snippet:-1","max-image-preview":"max-image-preview:large","max-video-preview":"max-video-preview:-1"},"canonical":"https:\/\/www.africa-press.net\/burkina-faso\/politique\/assemblee-nationale-les-deputes-adoptent-le-programme-wuri-pour-la-mise-en-oeuvre-didentifiant-unique-electronique-de-la-personne-au-burkina","og_locale":"fr_FR","og_type":"article","og_title":"Assembl\u00e9e nationale : Les d\u00e9put\u00e9s adoptent le programme Wuri pour la mise en \u0153uvre d\u2019identifiant unique \u00e9lectronique de la personne au Burkina","og_description":"Les d\u00e9put\u00e9s r\u00e9unis \u00e0 l\u2019h\u00e9micycle en s\u00e9ance pl\u00e9ni\u00e8re ce lundi 19 avril 2021 ont examin\u00e9 trois projets de loi. Il s\u2019agi ...","og_url":"https:\/\/www.africa-press.net\/burkina-faso\/politique\/assemblee-nationale-les-deputes-adoptent-le-programme-wuri-pour-la-mise-en-oeuvre-didentifiant-unique-electronique-de-la-personne-au-burkina","og_site_name":"Burkina Faso","article_published_time":"2021-04-20T15:41:52+00:00","og_image":[{"width":720,"height":371,"url":"https:\/\/static.africa-press.net\/burkina\/sites\/42\/2021\/04\/img-607ee3ea3b4cc.jpg","type":"image\/jpeg"}],"author":"cfeditorfr","twitter_card":"summary_large_image","twitter_misc":{"\u00c9crit par":"cfeditorfr","Dur\u00e9e de lecture estim\u00e9e":"4 minutes"},"schema":{"@context":"https:\/\/schema.org","@graph":[{"@type":"Article","@id":"https:\/\/www.africa-press.net\/burkina-faso\/politique\/assemblee-nationale-les-deputes-adoptent-le-programme-wuri-pour-la-mise-en-oeuvre-didentifiant-unique-electronique-de-la-personne-au-burkina#article","isPartOf":{"@id":"https:\/\/www.africa-press.net\/burkina-faso\/politique\/assemblee-nationale-les-deputes-adoptent-le-programme-wuri-pour-la-mise-en-oeuvre-didentifiant-unique-electronique-de-la-personne-au-burkina"},"author":{"name":"cfeditorfr","@id":"https:\/\/www.africa-press.net\/burkina-faso\/#\/schema\/person\/2b1cf3cd81a31e3cd26889ca66d677f1"},"headline":"Assembl\u00e9e nationale : Les d\u00e9put\u00e9s adoptent le programme Wuri pour la mise en \u0153uvre d\u2019identifiant unique \u00e9lectronique de la personne au Burkina","datePublished":"2021-04-20T15:41:52+00:00","mainEntityOfPage":{"@id":"https:\/\/www.africa-press.net\/burkina-faso\/politique\/assemblee-nationale-les-deputes-adoptent-le-programme-wuri-pour-la-mise-en-oeuvre-didentifiant-unique-electronique-de-la-personne-au-burkina"},"wordCount":778,"commentCount":0,"image":{"@id":"https:\/\/www.africa-press.net\/burkina-faso\/politique\/assemblee-nationale-les-deputes-adoptent-le-programme-wuri-pour-la-mise-en-oeuvre-didentifiant-unique-electronique-de-la-personne-au-burkina#primaryimage"},"thumbnailUrl":"https:\/\/static.africa-press.net\/burkina\/sites\/42\/2021\/04\/img-607ee3ea3b4cc.jpg","keywords":["Africa Press","Africa Press-Burkina Faso","Burkina Faso"],"articleSection":["homepage-french","Politique","Toutes les actualit\u00e9s"],"inLanguage":"fr-FR","potentialAction":[{"@type":"CommentAction","name":"Comment","target":["https:\/\/www.africa-press.net\/burkina-faso\/politique\/assemblee-nationale-les-deputes-adoptent-le-programme-wuri-pour-la-mise-en-oeuvre-didentifiant-unique-electronique-de-la-personne-au-burkina#respond"]}]},{"@type":"WebPage","@id":"https:\/\/www.africa-press.net\/burkina-faso\/politique\/assemblee-nationale-les-deputes-adoptent-le-programme-wuri-pour-la-mise-en-oeuvre-didentifiant-unique-electronique-de-la-personne-au-burkina","url":"https:\/\/www.africa-press.net\/burkina-faso\/politique\/assemblee-nationale-les-deputes-adoptent-le-programme-wuri-pour-la-mise-en-oeuvre-didentifiant-unique-electronique-de-la-personne-au-burkina","name":"Assembl\u00e9e nationale : Les d\u00e9put\u00e9s adoptent le programme Wuri pour la mise en \u0153uvre d\u2019identifiant unique \u00e9lectronique de la personne au Burkina - Burkina Faso","isPartOf":{"@id":"https:\/\/www.africa-press.net\/burkina-faso\/#website"},"primaryImageOfPage":{"@id":"https:\/\/www.africa-press.net\/burkina-faso\/politique\/assemblee-nationale-les-deputes-adoptent-le-programme-wuri-pour-la-mise-en-oeuvre-didentifiant-unique-electronique-de-la-personne-au-burkina#primaryimage"},"image":{"@id":"https:\/\/www.africa-press.net\/burkina-faso\/politique\/assemblee-nationale-les-deputes-adoptent-le-programme-wuri-pour-la-mise-en-oeuvre-didentifiant-unique-electronique-de-la-personne-au-burkina#primaryimage"},"thumbnailUrl":"https:\/\/static.africa-press.net\/burkina\/sites\/42\/2021\/04\/img-607ee3ea3b4cc.jpg","datePublished":"2021-04-20T15:41:52+00:00","author":{"@id":"https:\/\/www.africa-press.net\/burkina-faso\/#\/schema\/person\/2b1cf3cd81a31e3cd26889ca66d677f1"},"description":"Les d\u00e9put\u00e9s r\u00e9unis \u00e0 l\u2019h\u00e9micycle en s\u00e9ance pl\u00e9ni\u00e8re ce lundi 19 avril 2021 ont examin\u00e9 trois projets de loi. Il s\u2019agi ...","breadcrumb":{"@id":"https:\/\/www.africa-press.net\/burkina-faso\/politique\/assemblee-nationale-les-deputes-adoptent-le-programme-wuri-pour-la-mise-en-oeuvre-didentifiant-unique-electronique-de-la-personne-au-burkina#breadcrumb"},"inLanguage":"fr-FR","potentialAction":[{"@type":"ReadAction","target":["https:\/\/www.africa-press.net\/burkina-faso\/politique\/assemblee-nationale-les-deputes-adoptent-le-programme-wuri-pour-la-mise-en-oeuvre-didentifiant-unique-electronique-de-la-personne-au-burkina"]}]},{"@type":"ImageObject","inLanguage":"fr-FR","@id":"https:\/\/www.africa-press.net\/burkina-faso\/politique\/assemblee-nationale-les-deputes-adoptent-le-programme-wuri-pour-la-mise-en-oeuvre-didentifiant-unique-electronique-de-la-personne-au-burkina#primaryimage","url":"https:\/\/static.africa-press.net\/burkina\/sites\/42\/2021\/04\/img-607ee3ea3b4cc.jpg","contentUrl":"https:\/\/static.africa-press.net\/burkina\/sites\/42\/2021\/04\/img-607ee3ea3b4cc.jpg","width":720,"height":371,"caption":"Assembl\u00e9e nationale : Les d\u00e9put\u00e9s adoptent le programme Wuri pour la mise en \u0153uvre d\u2019identifiant unique \u00e9lectronique de la personne au Burkina"},{"@type":"BreadcrumbList","@id":"https:\/\/www.africa-press.net\/burkina-faso\/politique\/assemblee-nationale-les-deputes-adoptent-le-programme-wuri-pour-la-mise-en-oeuvre-didentifiant-unique-electronique-de-la-personne-au-burkina#breadcrumb","itemListElement":[{"@type":"ListItem","position":1,"name":"Accueil","item":"https:\/\/www.africa-press.net\/burkina-faso\/"},{"@type":"ListItem","position":2,"name":"Assembl\u00e9e nationale : Les d\u00e9put\u00e9s adoptent le programme Wuri pour la mise en \u0153uvre d\u2019identifiant unique \u00e9lectronique de la personne au Burkina"}]},{"@type":"WebSite","@id":"https:\/\/www.africa-press.net\/burkina-faso\/#website","url":"https:\/\/www.africa-press.net\/burkina-faso\/","name":"Burkina Faso","description":"Just another Africa News Agency Sites site","potentialAction":[{"@type":"SearchAction","target":{"@type":"EntryPoint","urlTemplate":"https:\/\/www.africa-press.net\/burkina-faso\/?s={search_term_string}"},"query-input":{"@type":"PropertyValueSpecification","valueRequired":true,"valueName":"search_term_string"}}],"inLanguage":"fr-FR"},{"@type":"Person","@id":"https:\/\/www.africa-press.net\/burkina-faso\/#\/schema\/person\/2b1cf3cd81a31e3cd26889ca66d677f1","name":"cfeditorfr"}]}},"_links":{"self":[{"href":"https:\/\/www.africa-press.net\/burkina-faso\/wp-json\/wp\/v2\/posts\/10287","targetHints":{"allow":["GET"]}}],"collection":[{"href":"https:\/\/www.africa-press.net\/burkina-faso\/wp-json\/wp\/v2\/posts"}],"about":[{"href":"https:\/\/www.africa-press.net\/burkina-faso\/wp-json\/wp\/v2\/types\/post"}],"author":[{"embeddable":true,"href":"https:\/\/www.africa-press.net\/burkina-faso\/wp-json\/wp\/v2\/users\/82"}],"replies":[{"embeddable":true,"href":"https:\/\/www.africa-press.net\/burkina-faso\/wp-json\/wp\/v2\/comments?post=10287"}],"version-history":[{"count":0,"href":"https:\/\/www.africa-press.net\/burkina-faso\/wp-json\/wp\/v2\/posts\/10287\/revisions"}],"wp:featuredmedia":[{"embeddable":true,"href":"https:\/\/www.africa-press.net\/burkina-faso\/wp-json\/wp\/v2\/media\/10286"}],"wp:attachment":[{"href":"https:\/\/www.africa-press.net\/burkina-faso\/wp-json\/wp\/v2\/media?parent=10287"}],"wp:term":[{"taxonomy":"category","embeddable":true,"href":"https:\/\/www.africa-press.net\/burkina-faso\/wp-json\/wp\/v2\/categories?post=10287"},{"taxonomy":"post_tag","embeddable":true,"href":"https:\/\/www.africa-press.net\/burkina-faso\/wp-json\/wp\/v2\/tags?post=10287"}],"curies":[{"name":"wp","href":"https:\/\/api.w.org\/{rel}","templated":true}]}}