{"id":10303,"date":"2021-04-21T11:15:14","date_gmt":"2021-04-21T11:15:14","guid":{"rendered":"https:\/\/www.africa-press.net\/burkina-faso\/?p=10303"},"modified":"2021-04-21T12:56:15","modified_gmt":"2021-04-21T12:56:15","slug":"marche-du-24-avril-a-fada-cest-parce-quil-y-a-des-soucis-dans-la-cite-que-nous-sommes-debout-emmanuel-ouoba","status":"publish","type":"post","link":"https:\/\/www.africa-press.net\/burkina-faso\/toutes-les-actualites\/marche-du-24-avril-a-fada-cest-parce-quil-y-a-des-soucis-dans-la-cite-que-nous-sommes-debout-emmanuel-ouoba","title":{"rendered":"Marche du 24 avril \u00e0 Fada : \u201cC\u2019est parce qu\u2019il y a des soucis dans la cit\u00e9 que nous sommes debout\u201d (Emmanuel Ouoba)"},"content":{"rendered":"<p><span style=\"color: #ff6600\"><strong><a href=\"https:\/\/www.africa-press.net\/\">Africa-Press<\/a> &#8211; <a href=\"https:\/\/www.africa-press.net\/burkina-faso\">Burkina Faso<\/a>. <\/strong><\/span>(B24) : Rappelez-nous les principales revendications port\u00e9es par votre mouvement.<\/p>\n<p>Emmanuel Ouoba : Le \u00ab mouvement U Gulmu Fi \u00bb a vu le jour compte tenu de ce qu\u2019il y a comme situation au niveau de la R\u00e9gion de l\u2019Est. La r\u00e9gion, c\u2019est un certain nombre de probl\u00e8mes qui assaillent les populations et menacent l\u2019\u00e9conomie et la survie des populations au niveau de cette r\u00e9gion. Les pr\u00e9occupations du \u00ab mouvement U Gulmu Fi \u00bb, c\u2019est d\u2019abord la question s\u00e9curitaire.<\/p>\n<p>Dans ce contexte que vit notre pays, la r\u00e9gion de l\u2019Est est l\u2019une des r\u00e9gions o\u00f9 la crise s\u00e9curitaire est assez prononc\u00e9e. La revendication \u00e0 ce niveau est que l\u2019ex\u00e9cutif puisse \u0153uvrer \u00e0 garantir la s\u00e9curit\u00e9 des biens et des personnes et qu\u2019il y ait une meilleure prise en charge des personnes d\u00e9plac\u00e9es internes.<\/p>\n<p>Elles ne sont pas dans un camp de d\u00e9plac\u00e9s, mais dans ce qu\u2019elles ont pu se fabriquer comme abris dans les quartiers p\u00e9riph\u00e9riques de la ville de Fada N\u2019Gourma, elles vivent dans des conditions vraiment tr\u00e8s d\u00e9plorables. Nous souhaiterons qu\u2019il y ait un meilleur regard vis-\u00e0-vis de ces gens du point de vue de l\u2019alimentation, de l\u2019acc\u00e8s \u00e0 l\u2019eau et de l\u2019\u00e9ducation de leurs enfants.<\/p>\n<p>Au-del\u00e0 de la s\u00e9curit\u00e9, l\u2019une des pr\u00e9occupations qui est connue du monde, c\u2019est la question du r\u00e9seau routier qui est totalement d\u00e9labr\u00e9, des voies impraticables. C\u2019est vrai, on va nous dire qu\u2019il y eu des lancements. Mais dans tous les cas, aujourd\u2019hui, les choses peinent \u00e0 se concr\u00e9tiser sur le terrain et voil\u00e0 pourquoi nous interpellons les autorit\u00e9s pour qu\u2019elles puissent prendre toutes les mesures qui conviennent afin que les usagers puissent emprunter des voies correctes.<\/p>\n<p>L\u2019autre grande question, c\u2019est le Centre hospitalier universitaire (CHR) de Fada N\u2019Gourma. Pour un centre de r\u00e9f\u00e9rence, qui est d\u00e9di\u00e9 \u00e0 toute la r\u00e9gion, c\u2019est vraiment d\u00e9plorable de constater que dans le CHR de Fada N\u2019Gourma, les b\u00e2timents sont v\u00e9tustes, exigus parce qu\u2019il n\u2019y a pas assez de chambres pour les malades surtout en p\u00e9diatrie et en maternit\u00e9.<\/p>\n<p>Parfois, on voit les parturientes dans les couloirs de la maternit\u00e9, \u00e0 m\u00eame le sol, ce n\u2019est pas du tout beau. Au-del\u00e0 de cet aspect, il y a aussi l\u2019insuffisance du mat\u00e9riel, notamment la question du groupe \u00e9lectrog\u00e8ne qui est fr\u00e9quemment en panne. Nous pensons que cela m\u00e9rite une solution ad\u00e9quate.<\/p>\n<p>Sur l\u2019exig\u00fcit\u00e9, il y a quelques temps, les autorit\u00e9s avaient entrepris quelques travaux de r\u00e9fection et m\u00eame d\u2019extension. Malheureusement, cela a \u00e9t\u00e9 suspendu depuis de longs mois. Or, au niveau de l\u2019extension, il y avait d\u00e9j\u00e0 \u00e9t\u00e9 fait des fondations, les ayant abandonn\u00e9es, ces fondations sont devenues maintenant comme des bassins. Quand il pleut, l\u2019eau y stagne et \u00e7a devient comme un nid o\u00f9 les moustiques se d\u00e9veloppent \u00e0 souhait et naturellement, ce n\u2019est pas bon ni pour les agents de l\u2019h\u00f4pital, ni pour les malades qui viennent pour se soigner et qui, malheureusement, peuvent contracter d\u2019autres maladies li\u00e9es \u00e0 cet \u00e9tat de chose.<\/p>\n<p>Le dernier \u00e9l\u00e9ment, c\u2019est au niveau de l\u2019exploitation du gisement de phosphate au niveau de Kodjari, du village de la commune de Tansarga dans la province de la Tapoa. Voil\u00e0 tout ce qu\u2019il y a comme pr\u00e9occupations autour desquelles le mouvement se mobilise. B24 : Pour ces pr\u00e9occupations, vous avez entrepris une marche le 24 avril 2021. Comment celle-ci va se d\u00e9rouler ?<\/p>\n<p>Emmanuel Ouoba : Nous voulons que tout soit suffisamment clair pour tout le monde. Le mouvement U Gulmu Fi organise une marche le 24 avril et c\u2019est une marche assez pacifique \u00e0 Fada N\u2019Gourma. Nous appelons la population \u00e0 sortir massivement et que chacun puisse se munir de son cache-nez et que de fa\u00e7on disciplin\u00e9e, cette marche pacifique serve d\u2019interpellation \u00e0 l\u2019autorit\u00e9 pour qu\u2019elle sache qu\u2019on n\u2019est pas content de la situation et que nous souhaiterions que dans les meilleurs d\u00e9lais, dans les jours \u00e0 venir, que quelque chose soit r\u00e9alis\u00e9 pour soulager la population qui souffre depuis longtemps.<\/p>\n<p>B24 : Mais bien avant l\u2019annonce de cette marche, avez-vous pris langue avec les autorit\u00e9s pour faire ressortir les diff\u00e9rents griefs ? Emmanuel Ouoba : De fa\u00e7on sp\u00e9cifique en tant que tel, non ! Le mouvement U Gulmu Fi, en tant que coalition, est assez jeune. Mais dans d\u2019autres cadres, il y a eu des efforts de discussion avec les autorit\u00e9s de ces m\u00eames probl\u00e8mes, que ce soit la question de la route, du CHR et m\u00eame s\u00e9curitaire. Il y a eu des discussions. Malheureusement, cela n\u2019a pas permis de constater des changements positifs et satisfaisants. Voil\u00e0 pourquoi aujourd\u2019hui nous allons donc vers cette initiative qu\u2019est la marche.<\/p>\n<p>B24 : Outre la marche, est-ce que d\u2019autres activit\u00e9s sont pr\u00e9vues ? Emmanuel Ouoba : Certainement ! Nous voulons interpeller les autorit\u00e9s et la marche n\u2019est qu\u2019une forme parmi tant d\u2019autres. Si \u00e0 l\u2019issue de cette marche les autorit\u00e9s restent muettes, on sera oblig\u00e9 encore d\u2019envisager autre chose pour interpeller. Mais dans tous les cas, nous nous inscrivons dans des manifestations citoyennes, pacifiques, en conformit\u00e9 avec ce qu\u2019il y a dans la mati\u00e8re.<\/p>\n<p>C\u2019est surtout sur \u00e7a que je voulais insister, parce qu\u2019il y a des gens qui pensent qu\u2019il s\u2019agit de semer la tambouille dans la cit\u00e9, mais c\u2019est le contraire.<\/p>\n<p>C\u2019est parce qu\u2019il y a des soucis dans la cit\u00e9 que nous sommes debout afin que des solutions viables soient trouv\u00e9es et que de fa\u00e7on \u00e9panouie, les populations vivent tranquillement et puissent voyager avec plaisir et vaquer \u00e0 leurs occupations sans avoir peur qu\u2019en cas de maladie, on ne puisse pas se soigner sur place. Propos recueillis par Ignace Isma\u00ebl NABOLE<\/p>\n","protected":false},"excerpt":{"rendered":"<p>Africa-Press &#8211; Burkina Faso. (B24) : Rappelez-nous les principales revendications port\u00e9es par votre mouvement. Emmanuel Ouoba : Le \u00ab mouvement U Gulmu Fi \u00bb a vu le jour compte tenu de ce qu\u2019il y a comme situation au niveau de la R\u00e9gion de l\u2019Est. La r\u00e9gion, c\u2019est un certain nombre de probl\u00e8mes qui assaillent les [&hellip;]<\/p>\n","protected":false},"author":82,"featured_media":10302,"comment_status":"open","ping_status":"closed","sticky":false,"template":"","format":"standard","meta":{"footnotes":""},"categories":[21,11,10],"tags":[111,725,29],"class_list":["post-10303","post","type-post","status-publish","format-standard","has-post-thumbnail","hentry","category-communaute","category-homepage-french","category-toutes-les-actualites","tag-africa-press","tag-africa-press-burkina-faso","tag-burkina-faso"],"yoast_head":"<!-- This site is optimized with the Yoast SEO Premium plugin v26.1 (Yoast SEO v27.0) - https:\/\/yoast.com\/product\/yoast-seo-premium-wordpress\/ -->\n<title>Marche du 24 avril \u00e0 Fada : \u201cC\u2019est parce qu\u2019il y a des soucis dans la cit\u00e9 que nous sommes debout\u201d (Emmanuel Ouoba) - Burkina Faso<\/title>\n<meta name=\"description\" content=\"(B24) : Rappelez-nous les principales revendications port\u00e9es par votre mouvement. Emmanuel Ouoba : Le \u00ab mouvement U Gul ...\" \/>\n<meta name=\"robots\" content=\"index, follow, max-snippet:-1, max-image-preview:large, max-video-preview:-1\" \/>\n<link rel=\"canonical\" href=\"https:\/\/www.africa-press.net\/burkina-faso\/toutes-les-actualites\/marche-du-24-avril-a-fada-cest-parce-quil-y-a-des-soucis-dans-la-cite-que-nous-sommes-debout-emmanuel-ouoba\" \/>\n<meta property=\"og:locale\" content=\"fr_FR\" \/>\n<meta property=\"og:type\" content=\"article\" \/>\n<meta property=\"og:title\" content=\"Marche du 24 avril \u00e0 Fada : \u201cC\u2019est parce qu\u2019il y a des soucis dans la cit\u00e9 que nous sommes debout\u201d (Emmanuel Ouoba)\" \/>\n<meta property=\"og:description\" content=\"(B24) : Rappelez-nous les principales revendications port\u00e9es par votre mouvement. Emmanuel Ouoba : Le \u00ab mouvement U Gul ...\" \/>\n<meta property=\"og:url\" content=\"https:\/\/www.africa-press.net\/burkina-faso\/toutes-les-actualites\/marche-du-24-avril-a-fada-cest-parce-quil-y-a-des-soucis-dans-la-cite-que-nous-sommes-debout-emmanuel-ouoba\" \/>\n<meta property=\"og:site_name\" content=\"Burkina Faso\" \/>\n<meta property=\"article:published_time\" content=\"2021-04-21T11:15:14+00:00\" \/>\n<meta property=\"article:modified_time\" content=\"2021-04-21T12:56:15+00:00\" \/>\n<meta property=\"og:image\" content=\"https:\/\/static.africa-press.net\/burkina\/sites\/42\/2021\/04\/img-60800806294ac.jpg\" \/>\n\t<meta property=\"og:image:width\" content=\"1024\" \/>\n\t<meta property=\"og:image:height\" content=\"640\" \/>\n\t<meta property=\"og:image:type\" content=\"image\/jpeg\" \/>\n<meta name=\"author\" content=\"cfeditorfr\" \/>\n<meta name=\"twitter:card\" content=\"summary_large_image\" \/>\n<meta name=\"twitter:label1\" content=\"\u00c9crit par\" \/>\n\t<meta name=\"twitter:data1\" content=\"cfeditorfr\" \/>\n\t<meta name=\"twitter:label2\" content=\"Dur\u00e9e de lecture estim\u00e9e\" \/>\n\t<meta name=\"twitter:data2\" content=\"5 minutes\" \/>\n<script type=\"application\/ld+json\" class=\"yoast-schema-graph\">{\"@context\":\"https:\/\/schema.org\",\"@graph\":[{\"@type\":\"Article\",\"@id\":\"https:\/\/www.africa-press.net\/burkina-faso\/toutes-les-actualites\/marche-du-24-avril-a-fada-cest-parce-quil-y-a-des-soucis-dans-la-cite-que-nous-sommes-debout-emmanuel-ouoba#article\",\"isPartOf\":{\"@id\":\"https:\/\/www.africa-press.net\/burkina-faso\/toutes-les-actualites\/marche-du-24-avril-a-fada-cest-parce-quil-y-a-des-soucis-dans-la-cite-que-nous-sommes-debout-emmanuel-ouoba\"},\"author\":{\"name\":\"cfeditorfr\",\"@id\":\"https:\/\/www.africa-press.net\/burkina-faso\/#\/schema\/person\/2b1cf3cd81a31e3cd26889ca66d677f1\"},\"headline\":\"Marche du 24 avril \u00e0 Fada : \u201cC\u2019est parce qu\u2019il y a des soucis dans la cit\u00e9 que nous sommes debout\u201d (Emmanuel Ouoba)\",\"datePublished\":\"2021-04-21T11:15:14+00:00\",\"dateModified\":\"2021-04-21T12:56:15+00:00\",\"mainEntityOfPage\":{\"@id\":\"https:\/\/www.africa-press.net\/burkina-faso\/toutes-les-actualites\/marche-du-24-avril-a-fada-cest-parce-quil-y-a-des-soucis-dans-la-cite-que-nous-sommes-debout-emmanuel-ouoba\"},\"wordCount\":1058,\"commentCount\":0,\"image\":{\"@id\":\"https:\/\/www.africa-press.net\/burkina-faso\/toutes-les-actualites\/marche-du-24-avril-a-fada-cest-parce-quil-y-a-des-soucis-dans-la-cite-que-nous-sommes-debout-emmanuel-ouoba#primaryimage\"},\"thumbnailUrl\":\"https:\/\/static.africa-press.net\/burkina\/sites\/42\/2021\/04\/img-60800806294ac.jpg\",\"keywords\":[\"Africa Press\",\"Africa Press-Burkina Faso\",\"Burkina Faso\"],\"articleSection\":[\"Communaut\u00e9\",\"homepage-french\",\"Toutes les actualit\u00e9s\"],\"inLanguage\":\"fr-FR\",\"potentialAction\":[{\"@type\":\"CommentAction\",\"name\":\"Comment\",\"target\":[\"https:\/\/www.africa-press.net\/burkina-faso\/toutes-les-actualites\/marche-du-24-avril-a-fada-cest-parce-quil-y-a-des-soucis-dans-la-cite-que-nous-sommes-debout-emmanuel-ouoba#respond\"]}]},{\"@type\":\"WebPage\",\"@id\":\"https:\/\/www.africa-press.net\/burkina-faso\/toutes-les-actualites\/marche-du-24-avril-a-fada-cest-parce-quil-y-a-des-soucis-dans-la-cite-que-nous-sommes-debout-emmanuel-ouoba\",\"url\":\"https:\/\/www.africa-press.net\/burkina-faso\/toutes-les-actualites\/marche-du-24-avril-a-fada-cest-parce-quil-y-a-des-soucis-dans-la-cite-que-nous-sommes-debout-emmanuel-ouoba\",\"name\":\"Marche du 24 avril \u00e0 Fada : \u201cC\u2019est parce qu\u2019il y a des soucis dans la cit\u00e9 que nous sommes debout\u201d (Emmanuel Ouoba) - Burkina Faso\",\"isPartOf\":{\"@id\":\"https:\/\/www.africa-press.net\/burkina-faso\/#website\"},\"primaryImageOfPage\":{\"@id\":\"https:\/\/www.africa-press.net\/burkina-faso\/toutes-les-actualites\/marche-du-24-avril-a-fada-cest-parce-quil-y-a-des-soucis-dans-la-cite-que-nous-sommes-debout-emmanuel-ouoba#primaryimage\"},\"image\":{\"@id\":\"https:\/\/www.africa-press.net\/burkina-faso\/toutes-les-actualites\/marche-du-24-avril-a-fada-cest-parce-quil-y-a-des-soucis-dans-la-cite-que-nous-sommes-debout-emmanuel-ouoba#primaryimage\"},\"thumbnailUrl\":\"https:\/\/static.africa-press.net\/burkina\/sites\/42\/2021\/04\/img-60800806294ac.jpg\",\"datePublished\":\"2021-04-21T11:15:14+00:00\",\"dateModified\":\"2021-04-21T12:56:15+00:00\",\"author\":{\"@id\":\"https:\/\/www.africa-press.net\/burkina-faso\/#\/schema\/person\/2b1cf3cd81a31e3cd26889ca66d677f1\"},\"description\":\"(B24) : Rappelez-nous les principales revendications port\u00e9es par votre mouvement. Emmanuel Ouoba : Le \u00ab mouvement U Gul ...\",\"breadcrumb\":{\"@id\":\"https:\/\/www.africa-press.net\/burkina-faso\/toutes-les-actualites\/marche-du-24-avril-a-fada-cest-parce-quil-y-a-des-soucis-dans-la-cite-que-nous-sommes-debout-emmanuel-ouoba#breadcrumb\"},\"inLanguage\":\"fr-FR\",\"potentialAction\":[{\"@type\":\"ReadAction\",\"target\":[\"https:\/\/www.africa-press.net\/burkina-faso\/toutes-les-actualites\/marche-du-24-avril-a-fada-cest-parce-quil-y-a-des-soucis-dans-la-cite-que-nous-sommes-debout-emmanuel-ouoba\"]}]},{\"@type\":\"ImageObject\",\"inLanguage\":\"fr-FR\",\"@id\":\"https:\/\/www.africa-press.net\/burkina-faso\/toutes-les-actualites\/marche-du-24-avril-a-fada-cest-parce-quil-y-a-des-soucis-dans-la-cite-que-nous-sommes-debout-emmanuel-ouoba#primaryimage\",\"url\":\"https:\/\/static.africa-press.net\/burkina\/sites\/42\/2021\/04\/img-60800806294ac.jpg\",\"contentUrl\":\"https:\/\/static.africa-press.net\/burkina\/sites\/42\/2021\/04\/img-60800806294ac.jpg\",\"width\":1024,\"height\":640,\"caption\":\"Marche du 24 avril \u00e0 Fada : \u201cC\u2019est parce qu\u2019il y a des soucis dans la cit\u00e9 que nous sommes debout\u201d (Emmanuel Ouoba)\"},{\"@type\":\"BreadcrumbList\",\"@id\":\"https:\/\/www.africa-press.net\/burkina-faso\/toutes-les-actualites\/marche-du-24-avril-a-fada-cest-parce-quil-y-a-des-soucis-dans-la-cite-que-nous-sommes-debout-emmanuel-ouoba#breadcrumb\",\"itemListElement\":[{\"@type\":\"ListItem\",\"position\":1,\"name\":\"Accueil\",\"item\":\"https:\/\/www.africa-press.net\/burkina-faso\/\"},{\"@type\":\"ListItem\",\"position\":2,\"name\":\"Marche du 24 avril \u00e0 Fada : \u201cC\u2019est parce qu\u2019il y a des soucis dans la cit\u00e9 que nous sommes debout\u201d (Emmanuel Ouoba)\"}]},{\"@type\":\"WebSite\",\"@id\":\"https:\/\/www.africa-press.net\/burkina-faso\/#website\",\"url\":\"https:\/\/www.africa-press.net\/burkina-faso\/\",\"name\":\"Burkina Faso\",\"description\":\"Just another Africa News Agency Sites site\",\"potentialAction\":[{\"@type\":\"SearchAction\",\"target\":{\"@type\":\"EntryPoint\",\"urlTemplate\":\"https:\/\/www.africa-press.net\/burkina-faso\/?s={search_term_string}\"},\"query-input\":{\"@type\":\"PropertyValueSpecification\",\"valueRequired\":true,\"valueName\":\"search_term_string\"}}],\"inLanguage\":\"fr-FR\"},{\"@type\":\"Person\",\"@id\":\"https:\/\/www.africa-press.net\/burkina-faso\/#\/schema\/person\/2b1cf3cd81a31e3cd26889ca66d677f1\",\"name\":\"cfeditorfr\"}]}<\/script>\n<!-- \/ Yoast SEO Premium plugin. -->","yoast_head_json":{"title":"Marche du 24 avril \u00e0 Fada : \u201cC\u2019est parce qu\u2019il y a des soucis dans la cit\u00e9 que nous sommes debout\u201d (Emmanuel Ouoba) - Burkina Faso","description":"(B24) : Rappelez-nous les principales revendications port\u00e9es par votre mouvement. Emmanuel Ouoba : Le \u00ab mouvement U Gul ...","robots":{"index":"index","follow":"follow","max-snippet":"max-snippet:-1","max-image-preview":"max-image-preview:large","max-video-preview":"max-video-preview:-1"},"canonical":"https:\/\/www.africa-press.net\/burkina-faso\/toutes-les-actualites\/marche-du-24-avril-a-fada-cest-parce-quil-y-a-des-soucis-dans-la-cite-que-nous-sommes-debout-emmanuel-ouoba","og_locale":"fr_FR","og_type":"article","og_title":"Marche du 24 avril \u00e0 Fada : \u201cC\u2019est parce qu\u2019il y a des soucis dans la cit\u00e9 que nous sommes debout\u201d (Emmanuel Ouoba)","og_description":"(B24) : Rappelez-nous les principales revendications port\u00e9es par votre mouvement. Emmanuel Ouoba : Le \u00ab mouvement U Gul ...","og_url":"https:\/\/www.africa-press.net\/burkina-faso\/toutes-les-actualites\/marche-du-24-avril-a-fada-cest-parce-quil-y-a-des-soucis-dans-la-cite-que-nous-sommes-debout-emmanuel-ouoba","og_site_name":"Burkina Faso","article_published_time":"2021-04-21T11:15:14+00:00","article_modified_time":"2021-04-21T12:56:15+00:00","og_image":[{"width":1024,"height":640,"url":"https:\/\/static.africa-press.net\/burkina\/sites\/42\/2021\/04\/img-60800806294ac.jpg","type":"image\/jpeg"}],"author":"cfeditorfr","twitter_card":"summary_large_image","twitter_misc":{"\u00c9crit par":"cfeditorfr","Dur\u00e9e de lecture estim\u00e9e":"5 minutes"},"schema":{"@context":"https:\/\/schema.org","@graph":[{"@type":"Article","@id":"https:\/\/www.africa-press.net\/burkina-faso\/toutes-les-actualites\/marche-du-24-avril-a-fada-cest-parce-quil-y-a-des-soucis-dans-la-cite-que-nous-sommes-debout-emmanuel-ouoba#article","isPartOf":{"@id":"https:\/\/www.africa-press.net\/burkina-faso\/toutes-les-actualites\/marche-du-24-avril-a-fada-cest-parce-quil-y-a-des-soucis-dans-la-cite-que-nous-sommes-debout-emmanuel-ouoba"},"author":{"name":"cfeditorfr","@id":"https:\/\/www.africa-press.net\/burkina-faso\/#\/schema\/person\/2b1cf3cd81a31e3cd26889ca66d677f1"},"headline":"Marche du 24 avril \u00e0 Fada : \u201cC\u2019est parce qu\u2019il y a des soucis dans la cit\u00e9 que nous sommes debout\u201d (Emmanuel Ouoba)","datePublished":"2021-04-21T11:15:14+00:00","dateModified":"2021-04-21T12:56:15+00:00","mainEntityOfPage":{"@id":"https:\/\/www.africa-press.net\/burkina-faso\/toutes-les-actualites\/marche-du-24-avril-a-fada-cest-parce-quil-y-a-des-soucis-dans-la-cite-que-nous-sommes-debout-emmanuel-ouoba"},"wordCount":1058,"commentCount":0,"image":{"@id":"https:\/\/www.africa-press.net\/burkina-faso\/toutes-les-actualites\/marche-du-24-avril-a-fada-cest-parce-quil-y-a-des-soucis-dans-la-cite-que-nous-sommes-debout-emmanuel-ouoba#primaryimage"},"thumbnailUrl":"https:\/\/static.africa-press.net\/burkina\/sites\/42\/2021\/04\/img-60800806294ac.jpg","keywords":["Africa Press","Africa Press-Burkina Faso","Burkina Faso"],"articleSection":["Communaut\u00e9","homepage-french","Toutes les actualit\u00e9s"],"inLanguage":"fr-FR","potentialAction":[{"@type":"CommentAction","name":"Comment","target":["https:\/\/www.africa-press.net\/burkina-faso\/toutes-les-actualites\/marche-du-24-avril-a-fada-cest-parce-quil-y-a-des-soucis-dans-la-cite-que-nous-sommes-debout-emmanuel-ouoba#respond"]}]},{"@type":"WebPage","@id":"https:\/\/www.africa-press.net\/burkina-faso\/toutes-les-actualites\/marche-du-24-avril-a-fada-cest-parce-quil-y-a-des-soucis-dans-la-cite-que-nous-sommes-debout-emmanuel-ouoba","url":"https:\/\/www.africa-press.net\/burkina-faso\/toutes-les-actualites\/marche-du-24-avril-a-fada-cest-parce-quil-y-a-des-soucis-dans-la-cite-que-nous-sommes-debout-emmanuel-ouoba","name":"Marche du 24 avril \u00e0 Fada : \u201cC\u2019est parce qu\u2019il y a des soucis dans la cit\u00e9 que nous sommes debout\u201d (Emmanuel Ouoba) - Burkina Faso","isPartOf":{"@id":"https:\/\/www.africa-press.net\/burkina-faso\/#website"},"primaryImageOfPage":{"@id":"https:\/\/www.africa-press.net\/burkina-faso\/toutes-les-actualites\/marche-du-24-avril-a-fada-cest-parce-quil-y-a-des-soucis-dans-la-cite-que-nous-sommes-debout-emmanuel-ouoba#primaryimage"},"image":{"@id":"https:\/\/www.africa-press.net\/burkina-faso\/toutes-les-actualites\/marche-du-24-avril-a-fada-cest-parce-quil-y-a-des-soucis-dans-la-cite-que-nous-sommes-debout-emmanuel-ouoba#primaryimage"},"thumbnailUrl":"https:\/\/static.africa-press.net\/burkina\/sites\/42\/2021\/04\/img-60800806294ac.jpg","datePublished":"2021-04-21T11:15:14+00:00","dateModified":"2021-04-21T12:56:15+00:00","author":{"@id":"https:\/\/www.africa-press.net\/burkina-faso\/#\/schema\/person\/2b1cf3cd81a31e3cd26889ca66d677f1"},"description":"(B24) : Rappelez-nous les principales revendications port\u00e9es par votre mouvement. Emmanuel Ouoba : Le \u00ab mouvement U Gul ...","breadcrumb":{"@id":"https:\/\/www.africa-press.net\/burkina-faso\/toutes-les-actualites\/marche-du-24-avril-a-fada-cest-parce-quil-y-a-des-soucis-dans-la-cite-que-nous-sommes-debout-emmanuel-ouoba#breadcrumb"},"inLanguage":"fr-FR","potentialAction":[{"@type":"ReadAction","target":["https:\/\/www.africa-press.net\/burkina-faso\/toutes-les-actualites\/marche-du-24-avril-a-fada-cest-parce-quil-y-a-des-soucis-dans-la-cite-que-nous-sommes-debout-emmanuel-ouoba"]}]},{"@type":"ImageObject","inLanguage":"fr-FR","@id":"https:\/\/www.africa-press.net\/burkina-faso\/toutes-les-actualites\/marche-du-24-avril-a-fada-cest-parce-quil-y-a-des-soucis-dans-la-cite-que-nous-sommes-debout-emmanuel-ouoba#primaryimage","url":"https:\/\/static.africa-press.net\/burkina\/sites\/42\/2021\/04\/img-60800806294ac.jpg","contentUrl":"https:\/\/static.africa-press.net\/burkina\/sites\/42\/2021\/04\/img-60800806294ac.jpg","width":1024,"height":640,"caption":"Marche du 24 avril \u00e0 Fada : \u201cC\u2019est parce qu\u2019il y a des soucis dans la cit\u00e9 que nous sommes debout\u201d (Emmanuel Ouoba)"},{"@type":"BreadcrumbList","@id":"https:\/\/www.africa-press.net\/burkina-faso\/toutes-les-actualites\/marche-du-24-avril-a-fada-cest-parce-quil-y-a-des-soucis-dans-la-cite-que-nous-sommes-debout-emmanuel-ouoba#breadcrumb","itemListElement":[{"@type":"ListItem","position":1,"name":"Accueil","item":"https:\/\/www.africa-press.net\/burkina-faso\/"},{"@type":"ListItem","position":2,"name":"Marche du 24 avril \u00e0 Fada : \u201cC\u2019est parce qu\u2019il y a des soucis dans la cit\u00e9 que nous sommes debout\u201d (Emmanuel Ouoba)"}]},{"@type":"WebSite","@id":"https:\/\/www.africa-press.net\/burkina-faso\/#website","url":"https:\/\/www.africa-press.net\/burkina-faso\/","name":"Burkina Faso","description":"Just another Africa News Agency Sites site","potentialAction":[{"@type":"SearchAction","target":{"@type":"EntryPoint","urlTemplate":"https:\/\/www.africa-press.net\/burkina-faso\/?s={search_term_string}"},"query-input":{"@type":"PropertyValueSpecification","valueRequired":true,"valueName":"search_term_string"}}],"inLanguage":"fr-FR"},{"@type":"Person","@id":"https:\/\/www.africa-press.net\/burkina-faso\/#\/schema\/person\/2b1cf3cd81a31e3cd26889ca66d677f1","name":"cfeditorfr"}]}},"_links":{"self":[{"href":"https:\/\/www.africa-press.net\/burkina-faso\/wp-json\/wp\/v2\/posts\/10303","targetHints":{"allow":["GET"]}}],"collection":[{"href":"https:\/\/www.africa-press.net\/burkina-faso\/wp-json\/wp\/v2\/posts"}],"about":[{"href":"https:\/\/www.africa-press.net\/burkina-faso\/wp-json\/wp\/v2\/types\/post"}],"author":[{"embeddable":true,"href":"https:\/\/www.africa-press.net\/burkina-faso\/wp-json\/wp\/v2\/users\/82"}],"replies":[{"embeddable":true,"href":"https:\/\/www.africa-press.net\/burkina-faso\/wp-json\/wp\/v2\/comments?post=10303"}],"version-history":[{"count":0,"href":"https:\/\/www.africa-press.net\/burkina-faso\/wp-json\/wp\/v2\/posts\/10303\/revisions"}],"wp:featuredmedia":[{"embeddable":true,"href":"https:\/\/www.africa-press.net\/burkina-faso\/wp-json\/wp\/v2\/media\/10302"}],"wp:attachment":[{"href":"https:\/\/www.africa-press.net\/burkina-faso\/wp-json\/wp\/v2\/media?parent=10303"}],"wp:term":[{"taxonomy":"category","embeddable":true,"href":"https:\/\/www.africa-press.net\/burkina-faso\/wp-json\/wp\/v2\/categories?post=10303"},{"taxonomy":"post_tag","embeddable":true,"href":"https:\/\/www.africa-press.net\/burkina-faso\/wp-json\/wp\/v2\/tags?post=10303"}],"curies":[{"name":"wp","href":"https:\/\/api.w.org\/{rel}","templated":true}]}}