{"id":10306,"date":"2021-04-21T11:22:08","date_gmt":"2021-04-21T11:22:08","guid":{"rendered":"https:\/\/www.africa-press.net\/burkina-faso\/?p=10306"},"modified":"2021-04-21T12:56:24","modified_gmt":"2021-04-21T12:56:24","slug":"periode-de-ramadan-ladct-et-la-cnamu-autour-dun-meme-plat-pour-la-rupture","status":"publish","type":"post","link":"https:\/\/www.africa-press.net\/burkina-faso\/culture-et-art\/periode-de-ramadan-ladct-et-la-cnamu-autour-dun-meme-plat-pour-la-rupture","title":{"rendered":"P\u00e9riode de Ramadan\u00a0: L\u2019ADCT et la CNAMU autour d\u2019un m\u00eame plat pour la rupture"},"content":{"rendered":"<p><span style=\"color: #ff6600\"><strong><a href=\"https:\/\/www.africa-press.net\/\">Africa-Press<\/a> &#8211; <a href=\"https:\/\/www.africa-press.net\/burkina-faso\">Burkina Faso<\/a>. <\/strong><\/span>A l\u2019occasion du mois de Ramadan, l\u2019Agence nationale d\u2019appui au D\u00e9veloppement des Collectivit\u00e9s Territoriales (ADCT) et la Caisse Nationale d\u2019Assurance Maladie Universelle (CNAMU) ont offert un repas de rupture \u00e0 leur personnel le mardi 20 avril 2021.<\/p>\n<p>Il est 18H20 quand les personnels de l\u2019ADCT et de la CNAMU entament la rupture du je\u00fbne du jour. Apr\u00e8s quelques gorg\u00e9es d\u2019eau et de jus, place \u00e0 la pri\u00e8re du Maghreb. Ensuite, c\u2019est le partage d\u2019un repas communautaire offert par les deux directeurs g\u00e9n\u00e9raux des deux structures. Selon les propos de Bruno Dipama, directeur g\u00e9n\u00e9ral de l\u2019ADCT, cette action a pour objectif de montrer que les Burkinab\u00e8 doivent cultiver l\u2019esprit de tol\u00e9rance. \u00ab La tol\u00e9rance, c\u2019est l\u2019acception de l\u2019autre selon sa diff\u00e9rence. Ce qui nous unit est plus fort que ce qui nous divise \u00bb, a-t-il indiqu\u00e9.<\/p>\n<p>Pour lui, la soir\u00e9e v\u00e9cue doit \u00eatre un exemple pour chacun des Burkinab\u00e8 afin d\u2019entretenir une bonne coh\u00e9sion sociale. Allant plus loin, Bruno Dipama a soulign\u00e9 qu\u2019en d\u00e9pit des divergences religieuses, ethniques, r\u00e9gionales et politiques, les uns et les autres devraient adopter une posture de construction d\u2019un Burkina prosp\u00e8re et stable.<\/p>\n<p>En plus des personnels de ces deux structures, il faut noter que cette rupture commune \u00e9tait ouverte au grand public. Dans cet esprit de partage du mois de Ramadan, le directeur g\u00e9n\u00e9ral de l\u2019ADCT a indiqu\u00e9 que ce mois de solidarit\u00e9 doit s\u2019exprimer partout.<\/p>\n<p>Pour sa part, le directeur g\u00e9n\u00e9ral de la CNAMU, Yves Kinda, a expliqu\u00e9 que ce repas communautaire est une \u00ab occasion de fraternisation \u00bb. En effet, les deux structures partagent le m\u00eame immeuble et sont appel\u00e9es \u00e0 collaborer et se fr\u00e9quenter \u00e0 tout moment. Au-del\u00e0 de cet aspect, il est porteur d\u2019un message \u00ab fort \u00bb.<\/p>\n<p>\u00ab Nous souhaitons que cette initiative soit un message \u00e0 ceux qui essayent de diviser notre pays sur des bases faussement religieuses. Restons unis car notre fraternit\u00e9 d\u00e9passe cette folie meurtri\u00e8re \u00bb, a-t-il lanc\u00e9.<\/p>\n<p>A travers cette \u00ab cohabitation pacifique \u00bb, il estime que le combat contre le terrorisme et les conflits intercommunautaires peut \u00eatre gagn\u00e9. Cette soir\u00e9e de partage et de communion a connu la participation d\u2019autres entit\u00e9s. Et parmi elles, on avait des communaut\u00e9s \u00e9trang\u00e8res en mission au \u00ab pays des Hommes int\u00e8gres \u00bb.<\/p>\n<p>La directrice g\u00e9n\u00e9rale du budget du Niger, Nouhou Mourjanatou a laiss\u00e9 entendre qu\u2019ils \u00ab sont tous d\u00e9pass\u00e9s \u00bb. Pour elle, ils se sont adapt\u00e9s et ont \u00e9t\u00e9 \u00ab bien accueillis \u00bb au Burkina malgr\u00e9 les disparit\u00e9s.<\/p>\n<p>L\u2019imam de la soir\u00e9e, Abdoulaye Traor\u00e9, l\u2019ing\u00e9nieur informaticien de l\u2019ADCT, a remerci\u00e9 les deux directeurs g\u00e9n\u00e9raux au nom de tous les personnels. Revenant sur la symbolique de cette rupture commune, il a dit que selon la religion, \u00ab celui qui offre un repas pour une rupture re\u00e7oit les m\u00eames gr\u00e2ces que celui qui a je\u00fbn\u00e9\u00bb. Il a aussi relev\u00e9 la bonne ambiance qui pr\u00e9vaut entre les agents de l\u2019ADCT et ceux de la CNAMU. Basile SAMA<\/p>\n","protected":false},"excerpt":{"rendered":"<p>Africa-Press &#8211; Burkina Faso. A l\u2019occasion du mois de Ramadan, l\u2019Agence nationale d\u2019appui au D\u00e9veloppement des Collectivit\u00e9s Territoriales (ADCT) et la Caisse Nationale d\u2019Assurance Maladie Universelle (CNAMU) ont offert un repas de rupture \u00e0 leur personnel le mardi 20 avril 2021. Il est 18H20 quand les personnels de l\u2019ADCT et de la CNAMU entament la [&hellip;]<\/p>\n","protected":false},"author":82,"featured_media":10305,"comment_status":"open","ping_status":"closed","sticky":false,"template":"","format":"standard","meta":{"footnotes":""},"categories":[5,11,10],"tags":[111,725,29],"class_list":["post-10306","post","type-post","status-publish","format-standard","has-post-thumbnail","hentry","category-culture-et-art","category-homepage-french","category-toutes-les-actualites","tag-africa-press","tag-africa-press-burkina-faso","tag-burkina-faso"],"yoast_head":"<!-- This site is optimized with the Yoast SEO Premium plugin v26.1 (Yoast SEO v27.0) - https:\/\/yoast.com\/product\/yoast-seo-premium-wordpress\/ -->\n<title>P\u00e9riode de Ramadan\u00a0: L\u2019ADCT et la CNAMU autour d\u2019un m\u00eame plat pour la rupture - Burkina Faso<\/title>\n<meta name=\"description\" content=\"A l\u2019occasion du mois de Ramadan, l\u2019Agence nationale d\u2019appui au D\u00e9veloppement des Collectivit\u00e9s Territoriales (ADCT) et l ...\" \/>\n<meta name=\"robots\" content=\"index, follow, max-snippet:-1, max-image-preview:large, max-video-preview:-1\" \/>\n<link rel=\"canonical\" href=\"https:\/\/www.africa-press.net\/burkina-faso\/culture-et-art\/periode-de-ramadan-ladct-et-la-cnamu-autour-dun-meme-plat-pour-la-rupture\" \/>\n<meta property=\"og:locale\" content=\"fr_FR\" \/>\n<meta property=\"og:type\" content=\"article\" \/>\n<meta property=\"og:title\" content=\"P\u00e9riode de Ramadan\u00a0: L\u2019ADCT et la CNAMU autour d\u2019un m\u00eame plat pour la rupture\" \/>\n<meta property=\"og:description\" content=\"A l\u2019occasion du mois de Ramadan, l\u2019Agence nationale d\u2019appui au D\u00e9veloppement des Collectivit\u00e9s Territoriales (ADCT) et l ...\" \/>\n<meta property=\"og:url\" content=\"https:\/\/www.africa-press.net\/burkina-faso\/culture-et-art\/periode-de-ramadan-ladct-et-la-cnamu-autour-dun-meme-plat-pour-la-rupture\" \/>\n<meta property=\"og:site_name\" content=\"Burkina Faso\" \/>\n<meta property=\"article:published_time\" content=\"2021-04-21T11:22:08+00:00\" \/>\n<meta property=\"article:modified_time\" content=\"2021-04-21T12:56:24+00:00\" \/>\n<meta property=\"og:image\" content=\"https:\/\/static.africa-press.net\/burkina\/sites\/42\/2021\/04\/img-6080083d403e0.jpg\" \/>\n\t<meta property=\"og:image:width\" content=\"1024\" \/>\n\t<meta property=\"og:image:height\" content=\"598\" \/>\n\t<meta property=\"og:image:type\" content=\"image\/jpeg\" \/>\n<meta name=\"author\" content=\"cfeditorfr\" \/>\n<meta name=\"twitter:card\" content=\"summary_large_image\" \/>\n<meta name=\"twitter:label1\" content=\"\u00c9crit par\" \/>\n\t<meta name=\"twitter:data1\" content=\"cfeditorfr\" \/>\n\t<meta name=\"twitter:label2\" content=\"Dur\u00e9e de lecture estim\u00e9e\" \/>\n\t<meta name=\"twitter:data2\" content=\"3 minutes\" \/>\n<script type=\"application\/ld+json\" class=\"yoast-schema-graph\">{\"@context\":\"https:\/\/schema.org\",\"@graph\":[{\"@type\":\"Article\",\"@id\":\"https:\/\/www.africa-press.net\/burkina-faso\/culture-et-art\/periode-de-ramadan-ladct-et-la-cnamu-autour-dun-meme-plat-pour-la-rupture#article\",\"isPartOf\":{\"@id\":\"https:\/\/www.africa-press.net\/burkina-faso\/culture-et-art\/periode-de-ramadan-ladct-et-la-cnamu-autour-dun-meme-plat-pour-la-rupture\"},\"author\":{\"name\":\"cfeditorfr\",\"@id\":\"https:\/\/www.africa-press.net\/burkina-faso\/#\/schema\/person\/2b1cf3cd81a31e3cd26889ca66d677f1\"},\"headline\":\"P\u00e9riode de Ramadan\u00a0: L\u2019ADCT et la CNAMU autour d\u2019un m\u00eame plat pour la rupture\",\"datePublished\":\"2021-04-21T11:22:08+00:00\",\"dateModified\":\"2021-04-21T12:56:24+00:00\",\"mainEntityOfPage\":{\"@id\":\"https:\/\/www.africa-press.net\/burkina-faso\/culture-et-art\/periode-de-ramadan-ladct-et-la-cnamu-autour-dun-meme-plat-pour-la-rupture\"},\"wordCount\":555,\"commentCount\":0,\"image\":{\"@id\":\"https:\/\/www.africa-press.net\/burkina-faso\/culture-et-art\/periode-de-ramadan-ladct-et-la-cnamu-autour-dun-meme-plat-pour-la-rupture#primaryimage\"},\"thumbnailUrl\":\"https:\/\/static.africa-press.net\/burkina\/sites\/42\/2021\/04\/img-6080083d403e0.jpg\",\"keywords\":[\"Africa Press\",\"Africa Press-Burkina Faso\",\"Burkina Faso\"],\"articleSection\":[\"Culture et Art\",\"homepage-french\",\"Toutes les actualit\u00e9s\"],\"inLanguage\":\"fr-FR\",\"potentialAction\":[{\"@type\":\"CommentAction\",\"name\":\"Comment\",\"target\":[\"https:\/\/www.africa-press.net\/burkina-faso\/culture-et-art\/periode-de-ramadan-ladct-et-la-cnamu-autour-dun-meme-plat-pour-la-rupture#respond\"]}]},{\"@type\":\"WebPage\",\"@id\":\"https:\/\/www.africa-press.net\/burkina-faso\/culture-et-art\/periode-de-ramadan-ladct-et-la-cnamu-autour-dun-meme-plat-pour-la-rupture\",\"url\":\"https:\/\/www.africa-press.net\/burkina-faso\/culture-et-art\/periode-de-ramadan-ladct-et-la-cnamu-autour-dun-meme-plat-pour-la-rupture\",\"name\":\"P\u00e9riode de Ramadan\u00a0: L\u2019ADCT et la CNAMU autour d\u2019un m\u00eame plat pour la rupture - Burkina Faso\",\"isPartOf\":{\"@id\":\"https:\/\/www.africa-press.net\/burkina-faso\/#website\"},\"primaryImageOfPage\":{\"@id\":\"https:\/\/www.africa-press.net\/burkina-faso\/culture-et-art\/periode-de-ramadan-ladct-et-la-cnamu-autour-dun-meme-plat-pour-la-rupture#primaryimage\"},\"image\":{\"@id\":\"https:\/\/www.africa-press.net\/burkina-faso\/culture-et-art\/periode-de-ramadan-ladct-et-la-cnamu-autour-dun-meme-plat-pour-la-rupture#primaryimage\"},\"thumbnailUrl\":\"https:\/\/static.africa-press.net\/burkina\/sites\/42\/2021\/04\/img-6080083d403e0.jpg\",\"datePublished\":\"2021-04-21T11:22:08+00:00\",\"dateModified\":\"2021-04-21T12:56:24+00:00\",\"author\":{\"@id\":\"https:\/\/www.africa-press.net\/burkina-faso\/#\/schema\/person\/2b1cf3cd81a31e3cd26889ca66d677f1\"},\"description\":\"A l\u2019occasion du mois de Ramadan, l\u2019Agence nationale d\u2019appui au D\u00e9veloppement des Collectivit\u00e9s Territoriales (ADCT) et l ...\",\"breadcrumb\":{\"@id\":\"https:\/\/www.africa-press.net\/burkina-faso\/culture-et-art\/periode-de-ramadan-ladct-et-la-cnamu-autour-dun-meme-plat-pour-la-rupture#breadcrumb\"},\"inLanguage\":\"fr-FR\",\"potentialAction\":[{\"@type\":\"ReadAction\",\"target\":[\"https:\/\/www.africa-press.net\/burkina-faso\/culture-et-art\/periode-de-ramadan-ladct-et-la-cnamu-autour-dun-meme-plat-pour-la-rupture\"]}]},{\"@type\":\"ImageObject\",\"inLanguage\":\"fr-FR\",\"@id\":\"https:\/\/www.africa-press.net\/burkina-faso\/culture-et-art\/periode-de-ramadan-ladct-et-la-cnamu-autour-dun-meme-plat-pour-la-rupture#primaryimage\",\"url\":\"https:\/\/static.africa-press.net\/burkina\/sites\/42\/2021\/04\/img-6080083d403e0.jpg\",\"contentUrl\":\"https:\/\/static.africa-press.net\/burkina\/sites\/42\/2021\/04\/img-6080083d403e0.jpg\",\"width\":1024,\"height\":598,\"caption\":\"P\u00e9riode de Ramadan\u00a0: L\u2019ADCT et la CNAMU autour d\u2019un m\u00eame plat pour la rupture\"},{\"@type\":\"BreadcrumbList\",\"@id\":\"https:\/\/www.africa-press.net\/burkina-faso\/culture-et-art\/periode-de-ramadan-ladct-et-la-cnamu-autour-dun-meme-plat-pour-la-rupture#breadcrumb\",\"itemListElement\":[{\"@type\":\"ListItem\",\"position\":1,\"name\":\"Accueil\",\"item\":\"https:\/\/www.africa-press.net\/burkina-faso\/\"},{\"@type\":\"ListItem\",\"position\":2,\"name\":\"P\u00e9riode de Ramadan\u00a0: L\u2019ADCT et la CNAMU autour d\u2019un m\u00eame plat pour la rupture\"}]},{\"@type\":\"WebSite\",\"@id\":\"https:\/\/www.africa-press.net\/burkina-faso\/#website\",\"url\":\"https:\/\/www.africa-press.net\/burkina-faso\/\",\"name\":\"Burkina Faso\",\"description\":\"Just another Africa News Agency Sites site\",\"potentialAction\":[{\"@type\":\"SearchAction\",\"target\":{\"@type\":\"EntryPoint\",\"urlTemplate\":\"https:\/\/www.africa-press.net\/burkina-faso\/?s={search_term_string}\"},\"query-input\":{\"@type\":\"PropertyValueSpecification\",\"valueRequired\":true,\"valueName\":\"search_term_string\"}}],\"inLanguage\":\"fr-FR\"},{\"@type\":\"Person\",\"@id\":\"https:\/\/www.africa-press.net\/burkina-faso\/#\/schema\/person\/2b1cf3cd81a31e3cd26889ca66d677f1\",\"name\":\"cfeditorfr\"}]}<\/script>\n<!-- \/ Yoast SEO Premium plugin. -->","yoast_head_json":{"title":"P\u00e9riode de Ramadan\u00a0: L\u2019ADCT et la CNAMU autour d\u2019un m\u00eame plat pour la rupture - Burkina Faso","description":"A l\u2019occasion du mois de Ramadan, l\u2019Agence nationale d\u2019appui au D\u00e9veloppement des Collectivit\u00e9s Territoriales (ADCT) et l ...","robots":{"index":"index","follow":"follow","max-snippet":"max-snippet:-1","max-image-preview":"max-image-preview:large","max-video-preview":"max-video-preview:-1"},"canonical":"https:\/\/www.africa-press.net\/burkina-faso\/culture-et-art\/periode-de-ramadan-ladct-et-la-cnamu-autour-dun-meme-plat-pour-la-rupture","og_locale":"fr_FR","og_type":"article","og_title":"P\u00e9riode de Ramadan\u00a0: L\u2019ADCT et la CNAMU autour d\u2019un m\u00eame plat pour la rupture","og_description":"A l\u2019occasion du mois de Ramadan, l\u2019Agence nationale d\u2019appui au D\u00e9veloppement des Collectivit\u00e9s Territoriales (ADCT) et l ...","og_url":"https:\/\/www.africa-press.net\/burkina-faso\/culture-et-art\/periode-de-ramadan-ladct-et-la-cnamu-autour-dun-meme-plat-pour-la-rupture","og_site_name":"Burkina Faso","article_published_time":"2021-04-21T11:22:08+00:00","article_modified_time":"2021-04-21T12:56:24+00:00","og_image":[{"width":1024,"height":598,"url":"https:\/\/static.africa-press.net\/burkina\/sites\/42\/2021\/04\/img-6080083d403e0.jpg","type":"image\/jpeg"}],"author":"cfeditorfr","twitter_card":"summary_large_image","twitter_misc":{"\u00c9crit par":"cfeditorfr","Dur\u00e9e de lecture estim\u00e9e":"3 minutes"},"schema":{"@context":"https:\/\/schema.org","@graph":[{"@type":"Article","@id":"https:\/\/www.africa-press.net\/burkina-faso\/culture-et-art\/periode-de-ramadan-ladct-et-la-cnamu-autour-dun-meme-plat-pour-la-rupture#article","isPartOf":{"@id":"https:\/\/www.africa-press.net\/burkina-faso\/culture-et-art\/periode-de-ramadan-ladct-et-la-cnamu-autour-dun-meme-plat-pour-la-rupture"},"author":{"name":"cfeditorfr","@id":"https:\/\/www.africa-press.net\/burkina-faso\/#\/schema\/person\/2b1cf3cd81a31e3cd26889ca66d677f1"},"headline":"P\u00e9riode de Ramadan\u00a0: L\u2019ADCT et la CNAMU autour d\u2019un m\u00eame plat pour la rupture","datePublished":"2021-04-21T11:22:08+00:00","dateModified":"2021-04-21T12:56:24+00:00","mainEntityOfPage":{"@id":"https:\/\/www.africa-press.net\/burkina-faso\/culture-et-art\/periode-de-ramadan-ladct-et-la-cnamu-autour-dun-meme-plat-pour-la-rupture"},"wordCount":555,"commentCount":0,"image":{"@id":"https:\/\/www.africa-press.net\/burkina-faso\/culture-et-art\/periode-de-ramadan-ladct-et-la-cnamu-autour-dun-meme-plat-pour-la-rupture#primaryimage"},"thumbnailUrl":"https:\/\/static.africa-press.net\/burkina\/sites\/42\/2021\/04\/img-6080083d403e0.jpg","keywords":["Africa Press","Africa Press-Burkina Faso","Burkina Faso"],"articleSection":["Culture et Art","homepage-french","Toutes les actualit\u00e9s"],"inLanguage":"fr-FR","potentialAction":[{"@type":"CommentAction","name":"Comment","target":["https:\/\/www.africa-press.net\/burkina-faso\/culture-et-art\/periode-de-ramadan-ladct-et-la-cnamu-autour-dun-meme-plat-pour-la-rupture#respond"]}]},{"@type":"WebPage","@id":"https:\/\/www.africa-press.net\/burkina-faso\/culture-et-art\/periode-de-ramadan-ladct-et-la-cnamu-autour-dun-meme-plat-pour-la-rupture","url":"https:\/\/www.africa-press.net\/burkina-faso\/culture-et-art\/periode-de-ramadan-ladct-et-la-cnamu-autour-dun-meme-plat-pour-la-rupture","name":"P\u00e9riode de Ramadan\u00a0: L\u2019ADCT et la CNAMU autour d\u2019un m\u00eame plat pour la rupture - Burkina Faso","isPartOf":{"@id":"https:\/\/www.africa-press.net\/burkina-faso\/#website"},"primaryImageOfPage":{"@id":"https:\/\/www.africa-press.net\/burkina-faso\/culture-et-art\/periode-de-ramadan-ladct-et-la-cnamu-autour-dun-meme-plat-pour-la-rupture#primaryimage"},"image":{"@id":"https:\/\/www.africa-press.net\/burkina-faso\/culture-et-art\/periode-de-ramadan-ladct-et-la-cnamu-autour-dun-meme-plat-pour-la-rupture#primaryimage"},"thumbnailUrl":"https:\/\/static.africa-press.net\/burkina\/sites\/42\/2021\/04\/img-6080083d403e0.jpg","datePublished":"2021-04-21T11:22:08+00:00","dateModified":"2021-04-21T12:56:24+00:00","author":{"@id":"https:\/\/www.africa-press.net\/burkina-faso\/#\/schema\/person\/2b1cf3cd81a31e3cd26889ca66d677f1"},"description":"A l\u2019occasion du mois de Ramadan, l\u2019Agence nationale d\u2019appui au D\u00e9veloppement des Collectivit\u00e9s Territoriales (ADCT) et l ...","breadcrumb":{"@id":"https:\/\/www.africa-press.net\/burkina-faso\/culture-et-art\/periode-de-ramadan-ladct-et-la-cnamu-autour-dun-meme-plat-pour-la-rupture#breadcrumb"},"inLanguage":"fr-FR","potentialAction":[{"@type":"ReadAction","target":["https:\/\/www.africa-press.net\/burkina-faso\/culture-et-art\/periode-de-ramadan-ladct-et-la-cnamu-autour-dun-meme-plat-pour-la-rupture"]}]},{"@type":"ImageObject","inLanguage":"fr-FR","@id":"https:\/\/www.africa-press.net\/burkina-faso\/culture-et-art\/periode-de-ramadan-ladct-et-la-cnamu-autour-dun-meme-plat-pour-la-rupture#primaryimage","url":"https:\/\/static.africa-press.net\/burkina\/sites\/42\/2021\/04\/img-6080083d403e0.jpg","contentUrl":"https:\/\/static.africa-press.net\/burkina\/sites\/42\/2021\/04\/img-6080083d403e0.jpg","width":1024,"height":598,"caption":"P\u00e9riode de Ramadan\u00a0: L\u2019ADCT et la CNAMU autour d\u2019un m\u00eame plat pour la rupture"},{"@type":"BreadcrumbList","@id":"https:\/\/www.africa-press.net\/burkina-faso\/culture-et-art\/periode-de-ramadan-ladct-et-la-cnamu-autour-dun-meme-plat-pour-la-rupture#breadcrumb","itemListElement":[{"@type":"ListItem","position":1,"name":"Accueil","item":"https:\/\/www.africa-press.net\/burkina-faso\/"},{"@type":"ListItem","position":2,"name":"P\u00e9riode de Ramadan\u00a0: L\u2019ADCT et la CNAMU autour d\u2019un m\u00eame plat pour la rupture"}]},{"@type":"WebSite","@id":"https:\/\/www.africa-press.net\/burkina-faso\/#website","url":"https:\/\/www.africa-press.net\/burkina-faso\/","name":"Burkina Faso","description":"Just another Africa News Agency Sites site","potentialAction":[{"@type":"SearchAction","target":{"@type":"EntryPoint","urlTemplate":"https:\/\/www.africa-press.net\/burkina-faso\/?s={search_term_string}"},"query-input":{"@type":"PropertyValueSpecification","valueRequired":true,"valueName":"search_term_string"}}],"inLanguage":"fr-FR"},{"@type":"Person","@id":"https:\/\/www.africa-press.net\/burkina-faso\/#\/schema\/person\/2b1cf3cd81a31e3cd26889ca66d677f1","name":"cfeditorfr"}]}},"_links":{"self":[{"href":"https:\/\/www.africa-press.net\/burkina-faso\/wp-json\/wp\/v2\/posts\/10306","targetHints":{"allow":["GET"]}}],"collection":[{"href":"https:\/\/www.africa-press.net\/burkina-faso\/wp-json\/wp\/v2\/posts"}],"about":[{"href":"https:\/\/www.africa-press.net\/burkina-faso\/wp-json\/wp\/v2\/types\/post"}],"author":[{"embeddable":true,"href":"https:\/\/www.africa-press.net\/burkina-faso\/wp-json\/wp\/v2\/users\/82"}],"replies":[{"embeddable":true,"href":"https:\/\/www.africa-press.net\/burkina-faso\/wp-json\/wp\/v2\/comments?post=10306"}],"version-history":[{"count":0,"href":"https:\/\/www.africa-press.net\/burkina-faso\/wp-json\/wp\/v2\/posts\/10306\/revisions"}],"wp:featuredmedia":[{"embeddable":true,"href":"https:\/\/www.africa-press.net\/burkina-faso\/wp-json\/wp\/v2\/media\/10305"}],"wp:attachment":[{"href":"https:\/\/www.africa-press.net\/burkina-faso\/wp-json\/wp\/v2\/media?parent=10306"}],"wp:term":[{"taxonomy":"category","embeddable":true,"href":"https:\/\/www.africa-press.net\/burkina-faso\/wp-json\/wp\/v2\/categories?post=10306"},{"taxonomy":"post_tag","embeddable":true,"href":"https:\/\/www.africa-press.net\/burkina-faso\/wp-json\/wp\/v2\/tags?post=10306"}],"curies":[{"name":"wp","href":"https:\/\/api.w.org\/{rel}","templated":true}]}}