{"id":10312,"date":"2021-04-21T11:37:51","date_gmt":"2021-04-21T11:37:51","guid":{"rendered":"https:\/\/www.africa-press.net\/burkina-faso\/?p=10312"},"modified":"2021-04-21T12:56:45","modified_gmt":"2021-04-21T12:56:45","slug":"burkina-faso-la-suisse-lance-un-nouveau-programme-de-cooperation-2021-2025","status":"publish","type":"post","link":"https:\/\/www.africa-press.net\/burkina-faso\/economie\/burkina-faso-la-suisse-lance-un-nouveau-programme-de-cooperation-2021-2025","title":{"rendered":"La Suisse lance un nouveau programme de coop\u00e9ration 2021-2025"},"content":{"rendered":"<p><span style=\"color: #ff6600\"><strong><a href=\"https:\/\/www.africa-press.net\/\">Africa-Press<\/a> &#8211; <a href=\"https:\/\/www.africa-press.net\/burkina-faso\">Burkina Faso<\/a>. <\/strong><\/span><b>Dans le cadre des engagements de la Suisse envers le Burkina Faso depuis quatre d\u00e9cennies, le pr\u00e9sident du Conseil national de la conf\u00e9d\u00e9ration suisse, Andreas Aebi, a proc\u00e9d\u00e9 le lundi 19 avril 2021, au lancement du nouveau programme de la coop\u00e9ration 2021-2025. C\u2019\u00e9tait en pr\u00e9sence du pr\u00e9sident de l\u2019Assembl\u00e9e nationale, Alassane Bala Sakand\u00e9, de la ministre d\u00e9l\u00e9gu\u00e9e charg\u00e9e de l\u2019Am\u00e9nagement du territoire, Pauline Zour\u00e9, repr\u00e9sentant le Premier ministre, et du ministre de l\u2019Education nationale, de l\u2019Alphab\u00e9tisation et de la Promotion des langues nationales, Stanislas Ouaro.<\/b><\/p>\n<p>Depuis plus de quatre d\u00e9cennies, la Suisse accompagne le Burkina Faso dans la r\u00e9alisation de plusieurs projets et programmes entrant dans le cadre de la gouvernance et la d\u00e9mocratie ; l\u2019\u00e9ducation de base et la formation professionnelle ; le d\u00e9veloppement \u00e9conomique local et l\u2019appui macro\u00e9conomique. Des actions ont \u00e9t\u00e9 men\u00e9es \u00e0 plusieurs niveaux pour permettre au Burkina Faso d\u2019atteindre son stade actuel.<\/p>\n<p>Cette ann\u00e9e encore, la Suisse a renouvel\u00e9 son engagement \u00e0 accompagner le pays dans son \u00e9lan de d\u00e9veloppement. Elle a proc\u00e9d\u00e9 le lundi 19 avril 2021 au lancement du programme de Coop\u00e9ration suisse 2021-2025 au Burkina Faso. Selon le chef de bureau de Coop\u00e9ration suisse au Burkina Faso, Jean-Michel Limat, au regard de l\u2019\u00e9volution du contexte du pays, il \u00e9tait n\u00e9cessaire de r\u00e9adapter les interventions de la Suisse en fonction de ces changements importants pour imposer un programme qui soit conforme \u00e0 la r\u00e9alit\u00e9 du terrain.<\/p>\n<p>Ainsi le pr\u00e9sent programme a pris en compte les grands d\u00e9fis actuels auxquels le Burkina Faso fait face ces derni\u00e8res ann\u00e9es. Il s\u2019agit notamment de la pauvret\u00e9, la s\u00e9curit\u00e9, la coh\u00e9sion sociale, l\u2019ins\u00e9curit\u00e9 alimentaire et la confiance entre les citoyens et le gouvernement.<br \/>\nPour faire face \u00e0 ces d\u00e9fis, le programme de Coop\u00e9ration suisse au Burkina-Faso pour la p\u00e9riode 2021-2025 s\u2019inscrit dans un sc\u00e9nario de stabilisation de la crise.<\/p>\n<p>A cet effet, il met l\u2019accent sur la sauvegarde et le renforcement des acquis de d\u00e9veloppement ainsi que sur les actions d\u2019urgence pour renforcer la r\u00e9silience des populations, notamment celles impact\u00e9es par les d\u00e9placements forc\u00e9s. A en croire Jean Michelle Lima, pour atteindre cet objectif, le programme s\u2019appuie sur l\u2019approche du triple Nexus. \u00ab Cette approche demande \u00e0 ce que les diff\u00e9rents instruments de la coop\u00e9ration au d\u00e9veloppement de l\u2019aide humanitaire et de la promotion de la Paix se coordonnent et travaillent en synergie \u00bb, a-t-il expliqu\u00e9.<\/p>\n<p><b>Un budget de plus de 90 milliards de Fcfa<\/b><\/p>\n<p>De son c\u00f4t\u00e9, le pr\u00e9sident du Conseil national de la conf\u00e9d\u00e9ration suisse, Andreas Aebi, a indiqu\u00e9 que le pr\u00e9sent programme 2021-2025 a \u00e9t\u00e9 \u00e9labor\u00e9 en fonction des priorit\u00e9s d\u00e9finies par les autorit\u00e9s burkinab\u00e8 et adopt\u00e9 selon la politique ext\u00e9rieure de la Suisse b\u00e2tie sur les succ\u00e8s en mati\u00e8re de d\u00e9veloppement. A cet effet, le budget pr\u00e9vu pour la p\u00e9riode 2021-2025 est de 256,5 millions de francs suisses soit environ 90 milliards 650 millions de francs CFA. Cela correspond \u00e0 un budget annuel de 18 milliards 350 millions de francs CFA soit une augmentation de 15 % du budget annuel par rapport au programme pr\u00e9c\u00e9dent.<\/p>\n<p>Pour sa part, le Premier ministre, repr\u00e9sent\u00e9 par la ministre d\u00e9l\u00e9gu\u00e9e charg\u00e9e de l\u2019Am\u00e9nagement du territoire, Pauline Zour\u00e9, a au nom du gouvernement burkinab\u00e8 remerci\u00e9 la d\u00e9l\u00e9gation suisse au Burkina Faso pour l\u2019excellence de l\u2019amiti\u00e9 et de la coop\u00e9ration entre les deux pays. Pour lui, le lancement de ce nouveau programme t\u00e9moigne de l\u2019excellence des relations que les deux pays entretiennent. \u00ab Mon gouvernement salue les efforts qui seront accomplis dans le nouveau programme de coop\u00e9ration 2021-2025 pour adresser en plus des questions de d\u00e9veloppement, les efforts pour la paix, la concorde et la coh\u00e9sion sociale \u00bb, a-t-il indiqu\u00e9.<\/p>\n<p>Il rassure de l\u2019enti\u00e8re disponibilit\u00e9 de son gouvernement et des \u00e9quipes techniques pour conduire \u00e0 bon port le programme de coop\u00e9ration pour le bonheur des populations.<\/p>\n<p>Pour rappel, depuis 1970, la Suisse soutient les efforts du Burkina Faso pour la r\u00e9duction de la pauvret\u00e9 et un d\u00e9veloppement durable. A partir de 1994, le secr\u00e9tariat d\u2019Etat \u00e0 l\u2019\u00e9conomie (SECO) a commenc\u00e9 a apport\u00e9 aussi une aide budg\u00e9taire g\u00e9n\u00e9rale et des appuis compl\u00e9mentaires aux efforts macro\u00e9conomiques du gouvernement burkinab\u00e8. La Suisse intervient dans les r\u00e9gions de l\u2019Est, du Centre-Ouest et du Nord.<\/p>\n<p><b>Judith SANOU<\/b><\/p>\n","protected":false},"excerpt":{"rendered":"<p>Africa-Press &#8211; Burkina Faso. Dans le cadre des engagements de la Suisse envers le Burkina Faso depuis quatre d\u00e9cennies, le pr\u00e9sident du Conseil national de la conf\u00e9d\u00e9ration suisse, Andreas Aebi, a proc\u00e9d\u00e9 le lundi 19 avril 2021, au lancement du nouveau programme de la coop\u00e9ration 2021-2025. C\u2019\u00e9tait en pr\u00e9sence du pr\u00e9sident de l\u2019Assembl\u00e9e nationale, Alassane [&hellip;]<\/p>\n","protected":false},"author":82,"featured_media":10311,"comment_status":"open","ping_status":"closed","sticky":false,"template":"","format":"standard","meta":{"footnotes":""},"categories":[3,11,10],"tags":[111,725,29],"class_list":["post-10312","post","type-post","status-publish","format-standard","has-post-thumbnail","hentry","category-economie","category-homepage-french","category-toutes-les-actualites","tag-africa-press","tag-africa-press-burkina-faso","tag-burkina-faso"],"yoast_head":"<!-- This site is optimized with the Yoast SEO Premium plugin v26.1 (Yoast SEO v27.0) - https:\/\/yoast.com\/product\/yoast-seo-premium-wordpress\/ -->\n<title>La Suisse lance un nouveau programme de coop\u00e9ration 2021-2025 - Burkina Faso<\/title>\n<meta name=\"description\" content=\"Dans le cadre des engagements de la Suisse envers le Burkina Faso depuis quatre d\u00e9cennies, le pr\u00e9sident du Conseil na ...\" \/>\n<meta name=\"robots\" content=\"index, follow, max-snippet:-1, max-image-preview:large, max-video-preview:-1\" \/>\n<link rel=\"canonical\" href=\"https:\/\/www.africa-press.net\/burkina-faso\/economie\/burkina-faso-la-suisse-lance-un-nouveau-programme-de-cooperation-2021-2025\" \/>\n<meta property=\"og:locale\" content=\"fr_FR\" \/>\n<meta property=\"og:type\" content=\"article\" \/>\n<meta property=\"og:title\" content=\"La Suisse lance un nouveau programme de coop\u00e9ration 2021-2025\" \/>\n<meta property=\"og:description\" content=\"Dans le cadre des engagements de la Suisse envers le Burkina Faso depuis quatre d\u00e9cennies, le pr\u00e9sident du Conseil na ...\" \/>\n<meta property=\"og:url\" content=\"https:\/\/www.africa-press.net\/burkina-faso\/economie\/burkina-faso-la-suisse-lance-un-nouveau-programme-de-cooperation-2021-2025\" \/>\n<meta property=\"og:site_name\" content=\"Burkina Faso\" \/>\n<meta property=\"article:published_time\" content=\"2021-04-21T11:37:51+00:00\" \/>\n<meta property=\"article:modified_time\" content=\"2021-04-21T12:56:45+00:00\" \/>\n<meta property=\"og:image\" content=\"https:\/\/static.africa-press.net\/burkina\/sites\/42\/2021\/04\/img-608008a5ac3c6.jpg\" \/>\n\t<meta property=\"og:image:width\" content=\"720\" \/>\n\t<meta property=\"og:image:height\" content=\"537\" \/>\n\t<meta property=\"og:image:type\" content=\"image\/jpeg\" \/>\n<meta name=\"author\" content=\"cfeditorfr\" \/>\n<meta name=\"twitter:card\" content=\"summary_large_image\" \/>\n<meta name=\"twitter:label1\" content=\"\u00c9crit par\" \/>\n\t<meta name=\"twitter:data1\" content=\"cfeditorfr\" \/>\n\t<meta name=\"twitter:label2\" content=\"Dur\u00e9e de lecture estim\u00e9e\" \/>\n\t<meta name=\"twitter:data2\" content=\"4 minutes\" \/>\n<script type=\"application\/ld+json\" class=\"yoast-schema-graph\">{\"@context\":\"https:\/\/schema.org\",\"@graph\":[{\"@type\":\"Article\",\"@id\":\"https:\/\/www.africa-press.net\/burkina-faso\/economie\/burkina-faso-la-suisse-lance-un-nouveau-programme-de-cooperation-2021-2025#article\",\"isPartOf\":{\"@id\":\"https:\/\/www.africa-press.net\/burkina-faso\/economie\/burkina-faso-la-suisse-lance-un-nouveau-programme-de-cooperation-2021-2025\"},\"author\":{\"name\":\"cfeditorfr\",\"@id\":\"https:\/\/www.africa-press.net\/burkina-faso\/#\/schema\/person\/2b1cf3cd81a31e3cd26889ca66d677f1\"},\"headline\":\"La Suisse lance un nouveau programme de coop\u00e9ration 2021-2025\",\"datePublished\":\"2021-04-21T11:37:51+00:00\",\"dateModified\":\"2021-04-21T12:56:45+00:00\",\"mainEntityOfPage\":{\"@id\":\"https:\/\/www.africa-press.net\/burkina-faso\/economie\/burkina-faso-la-suisse-lance-un-nouveau-programme-de-cooperation-2021-2025\"},\"wordCount\":794,\"commentCount\":0,\"image\":{\"@id\":\"https:\/\/www.africa-press.net\/burkina-faso\/economie\/burkina-faso-la-suisse-lance-un-nouveau-programme-de-cooperation-2021-2025#primaryimage\"},\"thumbnailUrl\":\"https:\/\/static.africa-press.net\/burkina\/sites\/42\/2021\/04\/img-608008a5ac3c6.jpg\",\"keywords\":[\"Africa Press\",\"Africa Press-Burkina Faso\",\"Burkina Faso\"],\"articleSection\":[\"\u00c9conomie\",\"homepage-french\",\"Toutes les actualit\u00e9s\"],\"inLanguage\":\"fr-FR\",\"potentialAction\":[{\"@type\":\"CommentAction\",\"name\":\"Comment\",\"target\":[\"https:\/\/www.africa-press.net\/burkina-faso\/economie\/burkina-faso-la-suisse-lance-un-nouveau-programme-de-cooperation-2021-2025#respond\"]}]},{\"@type\":\"WebPage\",\"@id\":\"https:\/\/www.africa-press.net\/burkina-faso\/economie\/burkina-faso-la-suisse-lance-un-nouveau-programme-de-cooperation-2021-2025\",\"url\":\"https:\/\/www.africa-press.net\/burkina-faso\/economie\/burkina-faso-la-suisse-lance-un-nouveau-programme-de-cooperation-2021-2025\",\"name\":\"La Suisse lance un nouveau programme de coop\u00e9ration 2021-2025 - Burkina Faso\",\"isPartOf\":{\"@id\":\"https:\/\/www.africa-press.net\/burkina-faso\/#website\"},\"primaryImageOfPage\":{\"@id\":\"https:\/\/www.africa-press.net\/burkina-faso\/economie\/burkina-faso-la-suisse-lance-un-nouveau-programme-de-cooperation-2021-2025#primaryimage\"},\"image\":{\"@id\":\"https:\/\/www.africa-press.net\/burkina-faso\/economie\/burkina-faso-la-suisse-lance-un-nouveau-programme-de-cooperation-2021-2025#primaryimage\"},\"thumbnailUrl\":\"https:\/\/static.africa-press.net\/burkina\/sites\/42\/2021\/04\/img-608008a5ac3c6.jpg\",\"datePublished\":\"2021-04-21T11:37:51+00:00\",\"dateModified\":\"2021-04-21T12:56:45+00:00\",\"author\":{\"@id\":\"https:\/\/www.africa-press.net\/burkina-faso\/#\/schema\/person\/2b1cf3cd81a31e3cd26889ca66d677f1\"},\"description\":\"Dans le cadre des engagements de la Suisse envers le Burkina Faso depuis quatre d\u00e9cennies, le pr\u00e9sident du Conseil na ...\",\"breadcrumb\":{\"@id\":\"https:\/\/www.africa-press.net\/burkina-faso\/economie\/burkina-faso-la-suisse-lance-un-nouveau-programme-de-cooperation-2021-2025#breadcrumb\"},\"inLanguage\":\"fr-FR\",\"potentialAction\":[{\"@type\":\"ReadAction\",\"target\":[\"https:\/\/www.africa-press.net\/burkina-faso\/economie\/burkina-faso-la-suisse-lance-un-nouveau-programme-de-cooperation-2021-2025\"]}]},{\"@type\":\"ImageObject\",\"inLanguage\":\"fr-FR\",\"@id\":\"https:\/\/www.africa-press.net\/burkina-faso\/economie\/burkina-faso-la-suisse-lance-un-nouveau-programme-de-cooperation-2021-2025#primaryimage\",\"url\":\"https:\/\/static.africa-press.net\/burkina\/sites\/42\/2021\/04\/img-608008a5ac3c6.jpg\",\"contentUrl\":\"https:\/\/static.africa-press.net\/burkina\/sites\/42\/2021\/04\/img-608008a5ac3c6.jpg\",\"width\":720,\"height\":537,\"caption\":\"Burkina Faso : La Suisse lance un nouveau programme de coop\u00e9ration 2021-2025\"},{\"@type\":\"BreadcrumbList\",\"@id\":\"https:\/\/www.africa-press.net\/burkina-faso\/economie\/burkina-faso-la-suisse-lance-un-nouveau-programme-de-cooperation-2021-2025#breadcrumb\",\"itemListElement\":[{\"@type\":\"ListItem\",\"position\":1,\"name\":\"Accueil\",\"item\":\"https:\/\/www.africa-press.net\/burkina-faso\/\"},{\"@type\":\"ListItem\",\"position\":2,\"name\":\"La Suisse lance un nouveau programme de coop\u00e9ration 2021-2025\"}]},{\"@type\":\"WebSite\",\"@id\":\"https:\/\/www.africa-press.net\/burkina-faso\/#website\",\"url\":\"https:\/\/www.africa-press.net\/burkina-faso\/\",\"name\":\"Burkina Faso\",\"description\":\"Just another Africa News Agency Sites site\",\"potentialAction\":[{\"@type\":\"SearchAction\",\"target\":{\"@type\":\"EntryPoint\",\"urlTemplate\":\"https:\/\/www.africa-press.net\/burkina-faso\/?s={search_term_string}\"},\"query-input\":{\"@type\":\"PropertyValueSpecification\",\"valueRequired\":true,\"valueName\":\"search_term_string\"}}],\"inLanguage\":\"fr-FR\"},{\"@type\":\"Person\",\"@id\":\"https:\/\/www.africa-press.net\/burkina-faso\/#\/schema\/person\/2b1cf3cd81a31e3cd26889ca66d677f1\",\"name\":\"cfeditorfr\"}]}<\/script>\n<!-- \/ Yoast SEO Premium plugin. -->","yoast_head_json":{"title":"La Suisse lance un nouveau programme de coop\u00e9ration 2021-2025 - Burkina Faso","description":"Dans le cadre des engagements de la Suisse envers le Burkina Faso depuis quatre d\u00e9cennies, le pr\u00e9sident du Conseil na ...","robots":{"index":"index","follow":"follow","max-snippet":"max-snippet:-1","max-image-preview":"max-image-preview:large","max-video-preview":"max-video-preview:-1"},"canonical":"https:\/\/www.africa-press.net\/burkina-faso\/economie\/burkina-faso-la-suisse-lance-un-nouveau-programme-de-cooperation-2021-2025","og_locale":"fr_FR","og_type":"article","og_title":"La Suisse lance un nouveau programme de coop\u00e9ration 2021-2025","og_description":"Dans le cadre des engagements de la Suisse envers le Burkina Faso depuis quatre d\u00e9cennies, le pr\u00e9sident du Conseil na ...","og_url":"https:\/\/www.africa-press.net\/burkina-faso\/economie\/burkina-faso-la-suisse-lance-un-nouveau-programme-de-cooperation-2021-2025","og_site_name":"Burkina Faso","article_published_time":"2021-04-21T11:37:51+00:00","article_modified_time":"2021-04-21T12:56:45+00:00","og_image":[{"width":720,"height":537,"url":"https:\/\/static.africa-press.net\/burkina\/sites\/42\/2021\/04\/img-608008a5ac3c6.jpg","type":"image\/jpeg"}],"author":"cfeditorfr","twitter_card":"summary_large_image","twitter_misc":{"\u00c9crit par":"cfeditorfr","Dur\u00e9e de lecture estim\u00e9e":"4 minutes"},"schema":{"@context":"https:\/\/schema.org","@graph":[{"@type":"Article","@id":"https:\/\/www.africa-press.net\/burkina-faso\/economie\/burkina-faso-la-suisse-lance-un-nouveau-programme-de-cooperation-2021-2025#article","isPartOf":{"@id":"https:\/\/www.africa-press.net\/burkina-faso\/economie\/burkina-faso-la-suisse-lance-un-nouveau-programme-de-cooperation-2021-2025"},"author":{"name":"cfeditorfr","@id":"https:\/\/www.africa-press.net\/burkina-faso\/#\/schema\/person\/2b1cf3cd81a31e3cd26889ca66d677f1"},"headline":"La Suisse lance un nouveau programme de coop\u00e9ration 2021-2025","datePublished":"2021-04-21T11:37:51+00:00","dateModified":"2021-04-21T12:56:45+00:00","mainEntityOfPage":{"@id":"https:\/\/www.africa-press.net\/burkina-faso\/economie\/burkina-faso-la-suisse-lance-un-nouveau-programme-de-cooperation-2021-2025"},"wordCount":794,"commentCount":0,"image":{"@id":"https:\/\/www.africa-press.net\/burkina-faso\/economie\/burkina-faso-la-suisse-lance-un-nouveau-programme-de-cooperation-2021-2025#primaryimage"},"thumbnailUrl":"https:\/\/static.africa-press.net\/burkina\/sites\/42\/2021\/04\/img-608008a5ac3c6.jpg","keywords":["Africa Press","Africa Press-Burkina Faso","Burkina Faso"],"articleSection":["\u00c9conomie","homepage-french","Toutes les actualit\u00e9s"],"inLanguage":"fr-FR","potentialAction":[{"@type":"CommentAction","name":"Comment","target":["https:\/\/www.africa-press.net\/burkina-faso\/economie\/burkina-faso-la-suisse-lance-un-nouveau-programme-de-cooperation-2021-2025#respond"]}]},{"@type":"WebPage","@id":"https:\/\/www.africa-press.net\/burkina-faso\/economie\/burkina-faso-la-suisse-lance-un-nouveau-programme-de-cooperation-2021-2025","url":"https:\/\/www.africa-press.net\/burkina-faso\/economie\/burkina-faso-la-suisse-lance-un-nouveau-programme-de-cooperation-2021-2025","name":"La Suisse lance un nouveau programme de coop\u00e9ration 2021-2025 - Burkina Faso","isPartOf":{"@id":"https:\/\/www.africa-press.net\/burkina-faso\/#website"},"primaryImageOfPage":{"@id":"https:\/\/www.africa-press.net\/burkina-faso\/economie\/burkina-faso-la-suisse-lance-un-nouveau-programme-de-cooperation-2021-2025#primaryimage"},"image":{"@id":"https:\/\/www.africa-press.net\/burkina-faso\/economie\/burkina-faso-la-suisse-lance-un-nouveau-programme-de-cooperation-2021-2025#primaryimage"},"thumbnailUrl":"https:\/\/static.africa-press.net\/burkina\/sites\/42\/2021\/04\/img-608008a5ac3c6.jpg","datePublished":"2021-04-21T11:37:51+00:00","dateModified":"2021-04-21T12:56:45+00:00","author":{"@id":"https:\/\/www.africa-press.net\/burkina-faso\/#\/schema\/person\/2b1cf3cd81a31e3cd26889ca66d677f1"},"description":"Dans le cadre des engagements de la Suisse envers le Burkina Faso depuis quatre d\u00e9cennies, le pr\u00e9sident du Conseil na ...","breadcrumb":{"@id":"https:\/\/www.africa-press.net\/burkina-faso\/economie\/burkina-faso-la-suisse-lance-un-nouveau-programme-de-cooperation-2021-2025#breadcrumb"},"inLanguage":"fr-FR","potentialAction":[{"@type":"ReadAction","target":["https:\/\/www.africa-press.net\/burkina-faso\/economie\/burkina-faso-la-suisse-lance-un-nouveau-programme-de-cooperation-2021-2025"]}]},{"@type":"ImageObject","inLanguage":"fr-FR","@id":"https:\/\/www.africa-press.net\/burkina-faso\/economie\/burkina-faso-la-suisse-lance-un-nouveau-programme-de-cooperation-2021-2025#primaryimage","url":"https:\/\/static.africa-press.net\/burkina\/sites\/42\/2021\/04\/img-608008a5ac3c6.jpg","contentUrl":"https:\/\/static.africa-press.net\/burkina\/sites\/42\/2021\/04\/img-608008a5ac3c6.jpg","width":720,"height":537,"caption":"Burkina Faso : La Suisse lance un nouveau programme de coop\u00e9ration 2021-2025"},{"@type":"BreadcrumbList","@id":"https:\/\/www.africa-press.net\/burkina-faso\/economie\/burkina-faso-la-suisse-lance-un-nouveau-programme-de-cooperation-2021-2025#breadcrumb","itemListElement":[{"@type":"ListItem","position":1,"name":"Accueil","item":"https:\/\/www.africa-press.net\/burkina-faso\/"},{"@type":"ListItem","position":2,"name":"La Suisse lance un nouveau programme de coop\u00e9ration 2021-2025"}]},{"@type":"WebSite","@id":"https:\/\/www.africa-press.net\/burkina-faso\/#website","url":"https:\/\/www.africa-press.net\/burkina-faso\/","name":"Burkina Faso","description":"Just another Africa News Agency Sites site","potentialAction":[{"@type":"SearchAction","target":{"@type":"EntryPoint","urlTemplate":"https:\/\/www.africa-press.net\/burkina-faso\/?s={search_term_string}"},"query-input":{"@type":"PropertyValueSpecification","valueRequired":true,"valueName":"search_term_string"}}],"inLanguage":"fr-FR"},{"@type":"Person","@id":"https:\/\/www.africa-press.net\/burkina-faso\/#\/schema\/person\/2b1cf3cd81a31e3cd26889ca66d677f1","name":"cfeditorfr"}]}},"_links":{"self":[{"href":"https:\/\/www.africa-press.net\/burkina-faso\/wp-json\/wp\/v2\/posts\/10312","targetHints":{"allow":["GET"]}}],"collection":[{"href":"https:\/\/www.africa-press.net\/burkina-faso\/wp-json\/wp\/v2\/posts"}],"about":[{"href":"https:\/\/www.africa-press.net\/burkina-faso\/wp-json\/wp\/v2\/types\/post"}],"author":[{"embeddable":true,"href":"https:\/\/www.africa-press.net\/burkina-faso\/wp-json\/wp\/v2\/users\/82"}],"replies":[{"embeddable":true,"href":"https:\/\/www.africa-press.net\/burkina-faso\/wp-json\/wp\/v2\/comments?post=10312"}],"version-history":[{"count":0,"href":"https:\/\/www.africa-press.net\/burkina-faso\/wp-json\/wp\/v2\/posts\/10312\/revisions"}],"wp:featuredmedia":[{"embeddable":true,"href":"https:\/\/www.africa-press.net\/burkina-faso\/wp-json\/wp\/v2\/media\/10311"}],"wp:attachment":[{"href":"https:\/\/www.africa-press.net\/burkina-faso\/wp-json\/wp\/v2\/media?parent=10312"}],"wp:term":[{"taxonomy":"category","embeddable":true,"href":"https:\/\/www.africa-press.net\/burkina-faso\/wp-json\/wp\/v2\/categories?post=10312"},{"taxonomy":"post_tag","embeddable":true,"href":"https:\/\/www.africa-press.net\/burkina-faso\/wp-json\/wp\/v2\/tags?post=10312"}],"curies":[{"name":"wp","href":"https:\/\/api.w.org\/{rel}","templated":true}]}}