{"id":10315,"date":"2021-04-21T11:43:38","date_gmt":"2021-04-21T11:43:38","guid":{"rendered":"https:\/\/www.africa-press.net\/burkina-faso\/?p=10315"},"modified":"2021-04-21T12:57:00","modified_gmt":"2021-04-21T12:57:00","slug":"effets-de-la-canicule-sur-la-saison-agricole-il-faut-travailler-a-reverdir-le-burkina-conseille-pr-jean-marie-dipama-climatologue","status":"publish","type":"post","link":"https:\/\/www.africa-press.net\/burkina-faso\/economie\/effets-de-la-canicule-sur-la-saison-agricole-il-faut-travailler-a-reverdir-le-burkina-conseille-pr-jean-marie-dipama-climatologue","title":{"rendered":"Effets de la canicule sur la saison agricole : \u00ab Il faut travailler \u00e0 reverdir le Burkina \u00bb, conseille Pr Jean-Marie Dipama, climatologue"},"content":{"rendered":"<p><span style=\"color: #ff6600\"><strong><a href=\"https:\/\/www.africa-press.net\/\">Africa-Press<\/a> &#8211; <a href=\"https:\/\/www.africa-press.net\/burkina-faso\">Burkina Faso<\/a>. <\/strong><\/span><b>Le Burkina Faso vit actuellement une p\u00e9riode caniculaire importante de son histoire. Ce qui ne serait pas sans cons\u00e9quence sur la saison agricole qui s\u2019annonce. Pour comprendre les causes de cette canicule et ses \u00e9ventuelles cons\u00e9quences sur la saison hivernale, est all\u00e9 \u00e0 la rencontre de l\u2019un des \u00e9minents professeurs de l\u2019universit\u00e9 Joseph Ki-Zerbo, le Pr titulaire de G\u00e9ographie et climatologue, Jean-Marie Dipama. Dans cette interview qu\u2019il nous a accord\u00e9e, il r\u00e9pond \u00e0 nos pr\u00e9occupations et donne \u00e9galement des conseils pratiques.<\/b><\/p>\n<p><b> : On a l\u2019impression que chaque ann\u00e9e, il fait de plus en plus chaud au Burkina. Est-ce juste une impression ou s\u2019agit-il de la r\u00e9alit\u00e9 ?<\/b><\/p>\n<p>Pr Jean-Marie Dipama (Pr JMD) : C\u2019est loin d\u2019\u00eatre une impression, parce que depuis quelques ann\u00e9es, on tire la sonnette d\u2019alarme sur le ph\u00e9nom\u00e8ne du r\u00e9chauffement climatique li\u00e9 donc \u00e0 un certain nombre de facteurs : facteur cosmique et surtout le facteur anthropique. Ce que nous vivons aujourd\u2019hui n\u2019est que la r\u00e9sultante de ces effets conjugu\u00e9s.<\/p>\n<p><b> : Dites-nous, en tant que sp\u00e9cialiste des questions environnementales, quel sera l\u2019impact de cette canicule sur la saison hivernale qui s\u2019annonce ?<\/b><\/p>\n<p>Pr JMD : Bien, c\u2019est assez pr\u00e9matur\u00e9 de le dire mais il faut retenir que pour le cas du Burkina Faso, nous avons deux types d\u2019agriculture notamment l\u2019agriculture pluviale et celle hors saison pluviale qui exploite les ressources en eau de surface. Donc, il va sans dire que ces fortes chaleurs vont impacter sur la quantit\u00e9 d\u2019eau qui va s\u2019\u00e9vaporer, auquel cas cela va entrainer un tarissement pr\u00e9coce des sources d\u2019eau et les populations ne pourront pas avoir de la ressource pour entretenir leurs activit\u00e9s.<\/p>\n<p>Pour ce qui concerne l\u2019agriculture pluviale, ces fortes chaleurs, \u00e9tant entendu que nous n\u2019avons pas une v\u00e9g\u00e9tation relativement fournie, la chaleur au niveau du sol va entrainer l\u2019induration du sol et par cons\u00e9quent, cela pourrait aussi enlever au sol un certain nombre de nutriments et cela impactera sur le rendement des sols et les activit\u00e9s agricoles pourraient se retrouver compromises.<\/p>\n<p><b> : A quel sc\u00e9nario faut-il s\u2019attendre ?<\/b><\/p>\n<p>Pr JMD : De toute fa\u00e7on, les sc\u00e9narios auxquels on peut s\u2019attendre sont ceux d\u00e9j\u00e0 pr\u00e9vus. Si vous prenez par exemple le cas du Burkina Faso, il y a des \u00e9tudes qui, \u00e0 partir des mod\u00e8les, pr\u00e9disent d\u2019ici 2030 \u00e0 2050, un rel\u00e8vement de la temp\u00e9rature d\u2019une moyenne de 0,8 \u00e0 1,5. Dans ces conditions, si les tendances devaient se poursuivre, il faut s\u2019attendre \u00e0 ce qu\u2019il y ait davantage de vagues de chaleur auquel cas la temp\u00e9rature va continuer \u00e0 augmenter. M\u00eame si vous faites une r\u00e9trospective, il y a une analyse spatiale des isothermes qui a \u00e9t\u00e9 faite jusqu\u2019en 2010 et ces \u00e9tudes tendent \u00e0 d\u00e9montrer qu\u2019au niveau du Burkina Faso, nous sommes en train d\u2019entrer dans une phase de r\u00e9chauffement.<\/p>\n<p><b> : Au vu de ces fortes chaleurs qui ne cessent de grimper, quelles sont les pr\u00e9visions sur la saison des pluies ? Pleuvra-t-il ou doit-on s\u2019attendre \u00e0 une s\u00e9cheresse accrue ?<\/b><\/p>\n<p>Pr JMD : Bon (sourire), vous savez, pour ce qui concerne le ph\u00e9nom\u00e8ne des chutes d\u2019eau atmosph\u00e9riques, c\u2019est tout un ensemble cosmique, ce n\u2019est pas uniquement \u00e0 l\u2019\u00e9chelle du Burkina. Car les ph\u00e9nom\u00e8nes naturels proc\u00e8dent d\u2019un ensemble de processus au niveau de l\u2019atmosph\u00e8re. Or, l\u2019atmosph\u00e8re n\u2019est pas cloisonn\u00e9e. C\u2019est un continuum et il peut avoir des conditions favorables \u00e0 des endroits qui peuvent \u00eatre propices \u00e0 une bonne pluviom\u00e9trie au Burkina Faso. Dans tous les cas, les services de la m\u00e9t\u00e9orologie nationale et le centre AGRHYMET de Niamey vont, \u00e0 l\u2019or\u00e9e de la saison hivernale, sortir leurs cartes pr\u00e9visionnelles sur les tendances pluviom\u00e9triques. Donc, je pense que, pour l\u2019instant, c\u2019est assez pr\u00e9matur\u00e9 de pouvoir parler de ces pr\u00e9visions.<\/p>\n<p><b> : Comment les paysans doivent-ils pr\u00e9parer cette saison ?<\/b><\/p>\n<p>Pr JMD : Tout ce qu\u2019on peut dire, c\u2019est que ces fortes chaleurs \u00e0 partir du moment o\u00f9 \u00e7a entraine une forte \u00e9vaporation, \u00e7a veut dire que l\u2019atmosph\u00e8re est aliment\u00e9e en vapeur d\u2019eau \u00e0 laquelle, il y a des possibilit\u00e9s qu\u2019il y ait de fortes pr\u00e9cipitions. Dans tous les cas, ce n\u2019est pas tant les quantit\u00e9s d\u2019eaux qui posent probl\u00e8me, c\u2019est surtout sa r\u00e9partition dans le temps et dans l\u2019espace qui peuvent constituer un facteur \u00e0 une bonne production agricole ou \u00e0 une saison agricole assez m\u00e9diocre.<\/p>\n<p><b> : Que faut-il faire au cas o\u00f9 la chaleur se poursuit jusqu\u2019\u00e0 la saison ?<\/b><\/p>\n<p>Pr JMD : Bien, il n\u2019y a pas de pr\u00e9paration particuli\u00e8re, tout au moins attendre l\u2019information climatique qui va \u00eatre donn\u00e9e, sinon habituellement \u00e0 partir de cette p\u00e9riode-l\u00e0, selon les zones, les gens sont dans le processus de pr\u00e9paration des champs. Et dans ces conditions, ces populations qui s\u2019adonnent \u00e0 cette activit\u00e9-l\u00e0 vont rester dans leur dynamique normale, comment pr\u00e9parer leurs champs en attendant les premi\u00e8res pluies, parce qu\u2019il faut aussi vous dire que les populations ont aussi une lecture de la nature et par cons\u00e9quent en fonction des premi\u00e8res manifestations pluviom\u00e9triques, elles envisagent la suite de la saison. Mais je pense que l\u2019agence nationale de la m\u00e9t\u00e9orologie et le centre AGRHYMETRE sont l\u00e0 pour accompagner les producteurs en leur fournissant des informations fiables.<\/p>\n<p><b> : Y a-t-il un type de culture qu\u2019il faut privil\u00e9gier face aux changements climatiques ou doit-on faire comme d\u2019habitude ?<\/b><\/p>\n<p>Pr JMD : Non, vous savez, l\u2019ann\u00e9e est toujours s\u00e9quenc\u00e9e. Nous avons donc la saison pluvieuse \u00e0 laquelle succ\u00e8de la saison s\u00e8che. Concernant la saison s\u00e8che, nous avons la p\u00e9riode froide et la p\u00e9riode chaude. Actuellement, nous sommes dans la saison s\u00e8che chaude sans pour autant qu\u2019il y ait des cloisonnements. Donc, je pense que c\u2019est assez pr\u00e9matur\u00e9 pour qu\u2019on commence \u00e0 tirer la sonnette d\u2019alarme.<\/p>\n<p>Quoi qu\u2019il en soit, je pense que ce n\u2019est pas le d\u00e9marrage de la saison qui est assez probl\u00e9matique, c\u2019est plut\u00f4t l\u2019\u00e9talement de cette saison dans le temps qui va d\u00e9terminer la nature ou le visage de la saison agricole. Mais \u00e0 ce stade, c\u2019est un ph\u00e9nom\u00e8ne \u00e9pisodique, parce que c\u2019est quand m\u00eame l\u2019une des fois que nous connaissons une canicule sur une telle dur\u00e9e comme \u00e7a. Du reste, la m\u00e9t\u00e9orologie l\u2019avait pr\u00e9vue et m\u00eame que le minist\u00e8re de la Sant\u00e9 avait donn\u00e9 l\u2019alerte en pr\u00e9cisant quels sont les comportements \u00e0 adopter pour ne pas souffrir de cette canicule. C\u2019est pourquoi, je pense qu\u2019\u00e0 ce stade, c\u2019est pr\u00e9matur\u00e9 de vouloir faire une pr\u00e9vision quant au devenir de la saison agricole.<\/p>\n<p><b> : Quels conseils pourrez-vous donner aux paysans \u00e0 l\u2019heure actuelle ?<\/b><\/p>\n<p>Pr JMP : Au niveau des populations rurales, les agriculteurs ont leur connaissance endog\u00e8ne, un savoir-faire endog\u00e8ne qui pr\u00e9side \u00e0 la s\u00e9lection des semences mais je pense qu\u2019\u00e0 l\u2019allure ou les choses se profilent, il va falloir que la recherche puisse \u00eatre mise \u00e0 profit.<\/p>\n<p>C\u2019est \u00e9galement une opportunit\u00e9 de revoir nos esp\u00e8ces vari\u00e9tales, de sorte \u00e0 adapter leur cycle au contexte climatique actuel et \u00e0 venir. Dans ces conditions, c\u2019est de mettre la science \u00e0 l\u2019\u00e9preuve de cette dynamique nouvelle qui se met en place et que le chercheur, c\u2019est-\u00e0-dire, les agronomes, les g\u00e9n\u00e9ticiens, \u00e0 partir des diff\u00e9rentes esp\u00e8ces v\u00e9g\u00e9tales traditionnelles, puissent travailler \u00e0 s\u00e9lectionner et \u00e0 faire les diff\u00e9rents croisements possibles permettant de disposer des vari\u00e9t\u00e9s au rendement appr\u00e9ciables qui vont s\u2019adapter \u00e0 nos conditions climatiques et au contexte du sol, parce que cela d\u00e9pend aussi de la nature du sol.<\/p>\n<p>Les fortes chaleurs, \u00e7a entraine la perte de la v\u00e9g\u00e9tation et si la v\u00e9g\u00e9tation se perd, \u00e7a veut dire que le sol est expos\u00e9 aux fortes chaleurs et il y a aussi que les premi\u00e8res pluies qui vont tomber sous le sol d\u00e9garni de v\u00e9g\u00e9tation, bien que l\u2019\u00e9rosion hydrique va se mettre en place et dans ces conditions, il y a tout un ensemble qu\u2019il va falloir mettre en \u0153uvre pour lutter contre la d\u00e9gradation des sols et pour lutter contre la r\u00e9duction des ressources en eau.<\/p>\n<p>Dans ces conditions, les populations ont des savoirs locaux qui ont d\u00e9j\u00e0 fait leur preuve, notamment les diff\u00e9rentes techniques comme le za\u00ef, les demi-lunes, les cordons pierreux, etc.<\/p>\n<p>Nous pensons que les populations sont relativement aguerries pour faire face \u00e0 l\u2019adversit\u00e9 de la nature. Et pour accompagner les populations dans leur volont\u00e9 de pouvoir produire dans les conditions assez aust\u00e8res, il faut que la science puisse les accompagner en \u00e9laborant de nouvelles esp\u00e8ces vari\u00e9tales qui vont avoir des rendements assez appr\u00e9ciables et qui s\u2019adaptent au contexte climatique qui sont les n\u00f4tres actuellement.<\/p>\n<p>Le meilleur conseil qu\u2019on puisse leur donner, c\u2019est de contribuer et de participer au reverdissement du Burkina, parce que c\u2019est de \u00e7a qu\u2019il est question aujourd\u2019hui. Si nous arrivons, par le reboisement et tous les m\u00e9canismes de r\u00e9cup\u00e9ration des sols, cela pourrait \u00eatre la solution. Parce que la v\u00e9g\u00e9tation c\u2019est notre meilleur compagnon pour lutter contre les r\u00e9chauffements, si nous avons une v\u00e9g\u00e9tation assez dense, elle va donc pouvoir fournir l\u2019humidit\u00e9 \u00e0 l\u2019atmosph\u00e8re \u00e0 cause de l\u2019\u00e9levapo-transpiration, et si l\u2019atmosph\u00e8re est charg\u00e9e en humidit\u00e9, il va sans dire que la quantit\u00e9 d\u2019\u00e9nergie qui va donc venir au niveau de la surface de la terre va s\u2019amoindrir.<\/p>\n<p>Donc, le conseil que je veux donner, ce n\u2019est pas seulement au monde paysan, c\u2019est \u00e0 tous les citoyens, il faut travailler \u00e0 reverdir le Burkina et il faut \u00e9viter de couper de fa\u00e7on abusive les plantes. Pour cela, il faut travailler \u00e0 un changement de comportement, de mode et d\u2019habitude de vie, de sorte \u00e0 ce que le bois-\u00e9nergie qui est la source principale de la d\u00e9gradation de nos formations v\u00e9g\u00e9tales, on puisse trouver des \u00e9nergies alternatives. Il y a le gaz qui est pr\u00e9conis\u00e9 dans une dynamique de pouvoir vulgariser cela et de r\u00e9duire la consommation du bois-\u00e9nergie. En m\u00eame temps que nous travaillons \u00e0 pouvoir reboiser le Burkina Faso, il faut trouver des solutions de pouvoir r\u00e9duire notre consommation en bois-\u00e9nergie.<\/p>\n<p><b>\u00a0<\/b><\/p>\n","protected":false},"excerpt":{"rendered":"<p>Africa-Press &#8211; Burkina Faso. Le Burkina Faso vit actuellement une p\u00e9riode caniculaire importante de son histoire. Ce qui ne serait pas sans cons\u00e9quence sur la saison agricole qui s\u2019annonce. Pour comprendre les causes de cette canicule et ses \u00e9ventuelles cons\u00e9quences sur la saison hivernale, est all\u00e9 \u00e0 la rencontre de l\u2019un des \u00e9minents professeurs de [&hellip;]<\/p>\n","protected":false},"author":82,"featured_media":10314,"comment_status":"open","ping_status":"closed","sticky":false,"template":"","format":"standard","meta":{"footnotes":""},"categories":[3,11,10],"tags":[111,725,29],"class_list":["post-10315","post","type-post","status-publish","format-standard","has-post-thumbnail","hentry","category-economie","category-homepage-french","category-toutes-les-actualites","tag-africa-press","tag-africa-press-burkina-faso","tag-burkina-faso"],"yoast_head":"<!-- This site is optimized with the Yoast SEO Premium plugin v26.1 (Yoast SEO v27.0) - https:\/\/yoast.com\/product\/yoast-seo-premium-wordpress\/ -->\n<title>Effets de la canicule sur la saison agricole : \u00ab Il faut travailler \u00e0 reverdir le Burkina \u00bb, conseille Pr Jean-Marie Dipama, climatologue - Burkina Faso<\/title>\n<meta name=\"description\" content=\"Le Burkina Faso vit actuellement une p\u00e9riode caniculaire importante de son histoire. Ce qui ne serait pas sans cons\u00e9q ...\" \/>\n<meta name=\"robots\" content=\"index, follow, max-snippet:-1, max-image-preview:large, max-video-preview:-1\" \/>\n<link rel=\"canonical\" href=\"https:\/\/www.africa-press.net\/burkina-faso\/economie\/effets-de-la-canicule-sur-la-saison-agricole-il-faut-travailler-a-reverdir-le-burkina-conseille-pr-jean-marie-dipama-climatologue\" \/>\n<meta property=\"og:locale\" content=\"fr_FR\" \/>\n<meta property=\"og:type\" content=\"article\" \/>\n<meta property=\"og:title\" content=\"Effets de la canicule sur la saison agricole : \u00ab Il faut travailler \u00e0 reverdir le Burkina \u00bb, conseille Pr Jean-Marie Dipama, climatologue\" \/>\n<meta property=\"og:description\" content=\"Le Burkina Faso vit actuellement une p\u00e9riode caniculaire importante de son histoire. Ce qui ne serait pas sans cons\u00e9q ...\" \/>\n<meta property=\"og:url\" content=\"https:\/\/www.africa-press.net\/burkina-faso\/economie\/effets-de-la-canicule-sur-la-saison-agricole-il-faut-travailler-a-reverdir-le-burkina-conseille-pr-jean-marie-dipama-climatologue\" \/>\n<meta property=\"og:site_name\" content=\"Burkina Faso\" \/>\n<meta property=\"article:published_time\" content=\"2021-04-21T11:43:38+00:00\" \/>\n<meta property=\"article:modified_time\" content=\"2021-04-21T12:57:00+00:00\" \/>\n<meta property=\"og:image\" content=\"https:\/\/static.africa-press.net\/burkina\/sites\/42\/2021\/04\/img-608008d4b7130.jpg\" \/>\n\t<meta property=\"og:image:width\" content=\"720\" \/>\n\t<meta property=\"og:image:height\" content=\"486\" \/>\n\t<meta property=\"og:image:type\" content=\"image\/jpeg\" \/>\n<meta name=\"author\" content=\"cfeditorfr\" \/>\n<meta name=\"twitter:card\" content=\"summary_large_image\" \/>\n<meta name=\"twitter:label1\" content=\"\u00c9crit par\" \/>\n\t<meta name=\"twitter:data1\" content=\"cfeditorfr\" \/>\n\t<meta name=\"twitter:label2\" content=\"Dur\u00e9e de lecture estim\u00e9e\" \/>\n\t<meta name=\"twitter:data2\" content=\"7 minutes\" \/>\n<script type=\"application\/ld+json\" class=\"yoast-schema-graph\">{\"@context\":\"https:\/\/schema.org\",\"@graph\":[{\"@type\":\"Article\",\"@id\":\"https:\/\/www.africa-press.net\/burkina-faso\/economie\/effets-de-la-canicule-sur-la-saison-agricole-il-faut-travailler-a-reverdir-le-burkina-conseille-pr-jean-marie-dipama-climatologue#article\",\"isPartOf\":{\"@id\":\"https:\/\/www.africa-press.net\/burkina-faso\/economie\/effets-de-la-canicule-sur-la-saison-agricole-il-faut-travailler-a-reverdir-le-burkina-conseille-pr-jean-marie-dipama-climatologue\"},\"author\":{\"name\":\"cfeditorfr\",\"@id\":\"https:\/\/www.africa-press.net\/burkina-faso\/#\/schema\/person\/2b1cf3cd81a31e3cd26889ca66d677f1\"},\"headline\":\"Effets de la canicule sur la saison agricole : \u00ab Il faut travailler \u00e0 reverdir le Burkina \u00bb, conseille Pr Jean-Marie Dipama, climatologue\",\"datePublished\":\"2021-04-21T11:43:38+00:00\",\"dateModified\":\"2021-04-21T12:57:00+00:00\",\"mainEntityOfPage\":{\"@id\":\"https:\/\/www.africa-press.net\/burkina-faso\/economie\/effets-de-la-canicule-sur-la-saison-agricole-il-faut-travailler-a-reverdir-le-burkina-conseille-pr-jean-marie-dipama-climatologue\"},\"wordCount\":1828,\"commentCount\":0,\"image\":{\"@id\":\"https:\/\/www.africa-press.net\/burkina-faso\/economie\/effets-de-la-canicule-sur-la-saison-agricole-il-faut-travailler-a-reverdir-le-burkina-conseille-pr-jean-marie-dipama-climatologue#primaryimage\"},\"thumbnailUrl\":\"https:\/\/static.africa-press.net\/burkina\/sites\/42\/2021\/04\/img-608008d4b7130.jpg\",\"keywords\":[\"Africa Press\",\"Africa Press-Burkina Faso\",\"Burkina Faso\"],\"articleSection\":[\"\u00c9conomie\",\"homepage-french\",\"Toutes les actualit\u00e9s\"],\"inLanguage\":\"fr-FR\",\"potentialAction\":[{\"@type\":\"CommentAction\",\"name\":\"Comment\",\"target\":[\"https:\/\/www.africa-press.net\/burkina-faso\/economie\/effets-de-la-canicule-sur-la-saison-agricole-il-faut-travailler-a-reverdir-le-burkina-conseille-pr-jean-marie-dipama-climatologue#respond\"]}]},{\"@type\":\"WebPage\",\"@id\":\"https:\/\/www.africa-press.net\/burkina-faso\/economie\/effets-de-la-canicule-sur-la-saison-agricole-il-faut-travailler-a-reverdir-le-burkina-conseille-pr-jean-marie-dipama-climatologue\",\"url\":\"https:\/\/www.africa-press.net\/burkina-faso\/economie\/effets-de-la-canicule-sur-la-saison-agricole-il-faut-travailler-a-reverdir-le-burkina-conseille-pr-jean-marie-dipama-climatologue\",\"name\":\"Effets de la canicule sur la saison agricole : \u00ab Il faut travailler \u00e0 reverdir le Burkina \u00bb, conseille Pr Jean-Marie Dipama, climatologue - Burkina Faso\",\"isPartOf\":{\"@id\":\"https:\/\/www.africa-press.net\/burkina-faso\/#website\"},\"primaryImageOfPage\":{\"@id\":\"https:\/\/www.africa-press.net\/burkina-faso\/economie\/effets-de-la-canicule-sur-la-saison-agricole-il-faut-travailler-a-reverdir-le-burkina-conseille-pr-jean-marie-dipama-climatologue#primaryimage\"},\"image\":{\"@id\":\"https:\/\/www.africa-press.net\/burkina-faso\/economie\/effets-de-la-canicule-sur-la-saison-agricole-il-faut-travailler-a-reverdir-le-burkina-conseille-pr-jean-marie-dipama-climatologue#primaryimage\"},\"thumbnailUrl\":\"https:\/\/static.africa-press.net\/burkina\/sites\/42\/2021\/04\/img-608008d4b7130.jpg\",\"datePublished\":\"2021-04-21T11:43:38+00:00\",\"dateModified\":\"2021-04-21T12:57:00+00:00\",\"author\":{\"@id\":\"https:\/\/www.africa-press.net\/burkina-faso\/#\/schema\/person\/2b1cf3cd81a31e3cd26889ca66d677f1\"},\"description\":\"Le Burkina Faso vit actuellement une p\u00e9riode caniculaire importante de son histoire. Ce qui ne serait pas sans cons\u00e9q ...\",\"breadcrumb\":{\"@id\":\"https:\/\/www.africa-press.net\/burkina-faso\/economie\/effets-de-la-canicule-sur-la-saison-agricole-il-faut-travailler-a-reverdir-le-burkina-conseille-pr-jean-marie-dipama-climatologue#breadcrumb\"},\"inLanguage\":\"fr-FR\",\"potentialAction\":[{\"@type\":\"ReadAction\",\"target\":[\"https:\/\/www.africa-press.net\/burkina-faso\/economie\/effets-de-la-canicule-sur-la-saison-agricole-il-faut-travailler-a-reverdir-le-burkina-conseille-pr-jean-marie-dipama-climatologue\"]}]},{\"@type\":\"ImageObject\",\"inLanguage\":\"fr-FR\",\"@id\":\"https:\/\/www.africa-press.net\/burkina-faso\/economie\/effets-de-la-canicule-sur-la-saison-agricole-il-faut-travailler-a-reverdir-le-burkina-conseille-pr-jean-marie-dipama-climatologue#primaryimage\",\"url\":\"https:\/\/static.africa-press.net\/burkina\/sites\/42\/2021\/04\/img-608008d4b7130.jpg\",\"contentUrl\":\"https:\/\/static.africa-press.net\/burkina\/sites\/42\/2021\/04\/img-608008d4b7130.jpg\",\"width\":720,\"height\":486,\"caption\":\"Effets de la canicule sur la saison agricole : \u00ab Il faut travailler \u00e0 reverdir le Burkina \u00bb, conseille Pr Jean-Marie Dipama, climatologue\"},{\"@type\":\"BreadcrumbList\",\"@id\":\"https:\/\/www.africa-press.net\/burkina-faso\/economie\/effets-de-la-canicule-sur-la-saison-agricole-il-faut-travailler-a-reverdir-le-burkina-conseille-pr-jean-marie-dipama-climatologue#breadcrumb\",\"itemListElement\":[{\"@type\":\"ListItem\",\"position\":1,\"name\":\"Accueil\",\"item\":\"https:\/\/www.africa-press.net\/burkina-faso\/\"},{\"@type\":\"ListItem\",\"position\":2,\"name\":\"Effets de la canicule sur la saison agricole : \u00ab Il faut travailler \u00e0 reverdir le Burkina \u00bb, conseille Pr Jean-Marie Dipama, climatologue\"}]},{\"@type\":\"WebSite\",\"@id\":\"https:\/\/www.africa-press.net\/burkina-faso\/#website\",\"url\":\"https:\/\/www.africa-press.net\/burkina-faso\/\",\"name\":\"Burkina Faso\",\"description\":\"Just another Africa News Agency Sites site\",\"potentialAction\":[{\"@type\":\"SearchAction\",\"target\":{\"@type\":\"EntryPoint\",\"urlTemplate\":\"https:\/\/www.africa-press.net\/burkina-faso\/?s={search_term_string}\"},\"query-input\":{\"@type\":\"PropertyValueSpecification\",\"valueRequired\":true,\"valueName\":\"search_term_string\"}}],\"inLanguage\":\"fr-FR\"},{\"@type\":\"Person\",\"@id\":\"https:\/\/www.africa-press.net\/burkina-faso\/#\/schema\/person\/2b1cf3cd81a31e3cd26889ca66d677f1\",\"name\":\"cfeditorfr\"}]}<\/script>\n<!-- \/ Yoast SEO Premium plugin. -->","yoast_head_json":{"title":"Effets de la canicule sur la saison agricole : \u00ab Il faut travailler \u00e0 reverdir le Burkina \u00bb, conseille Pr Jean-Marie Dipama, climatologue - Burkina Faso","description":"Le Burkina Faso vit actuellement une p\u00e9riode caniculaire importante de son histoire. Ce qui ne serait pas sans cons\u00e9q ...","robots":{"index":"index","follow":"follow","max-snippet":"max-snippet:-1","max-image-preview":"max-image-preview:large","max-video-preview":"max-video-preview:-1"},"canonical":"https:\/\/www.africa-press.net\/burkina-faso\/economie\/effets-de-la-canicule-sur-la-saison-agricole-il-faut-travailler-a-reverdir-le-burkina-conseille-pr-jean-marie-dipama-climatologue","og_locale":"fr_FR","og_type":"article","og_title":"Effets de la canicule sur la saison agricole : \u00ab Il faut travailler \u00e0 reverdir le Burkina \u00bb, conseille Pr Jean-Marie Dipama, climatologue","og_description":"Le Burkina Faso vit actuellement une p\u00e9riode caniculaire importante de son histoire. Ce qui ne serait pas sans cons\u00e9q ...","og_url":"https:\/\/www.africa-press.net\/burkina-faso\/economie\/effets-de-la-canicule-sur-la-saison-agricole-il-faut-travailler-a-reverdir-le-burkina-conseille-pr-jean-marie-dipama-climatologue","og_site_name":"Burkina Faso","article_published_time":"2021-04-21T11:43:38+00:00","article_modified_time":"2021-04-21T12:57:00+00:00","og_image":[{"width":720,"height":486,"url":"https:\/\/static.africa-press.net\/burkina\/sites\/42\/2021\/04\/img-608008d4b7130.jpg","type":"image\/jpeg"}],"author":"cfeditorfr","twitter_card":"summary_large_image","twitter_misc":{"\u00c9crit par":"cfeditorfr","Dur\u00e9e de lecture estim\u00e9e":"7 minutes"},"schema":{"@context":"https:\/\/schema.org","@graph":[{"@type":"Article","@id":"https:\/\/www.africa-press.net\/burkina-faso\/economie\/effets-de-la-canicule-sur-la-saison-agricole-il-faut-travailler-a-reverdir-le-burkina-conseille-pr-jean-marie-dipama-climatologue#article","isPartOf":{"@id":"https:\/\/www.africa-press.net\/burkina-faso\/economie\/effets-de-la-canicule-sur-la-saison-agricole-il-faut-travailler-a-reverdir-le-burkina-conseille-pr-jean-marie-dipama-climatologue"},"author":{"name":"cfeditorfr","@id":"https:\/\/www.africa-press.net\/burkina-faso\/#\/schema\/person\/2b1cf3cd81a31e3cd26889ca66d677f1"},"headline":"Effets de la canicule sur la saison agricole : \u00ab Il faut travailler \u00e0 reverdir le Burkina \u00bb, conseille Pr Jean-Marie Dipama, climatologue","datePublished":"2021-04-21T11:43:38+00:00","dateModified":"2021-04-21T12:57:00+00:00","mainEntityOfPage":{"@id":"https:\/\/www.africa-press.net\/burkina-faso\/economie\/effets-de-la-canicule-sur-la-saison-agricole-il-faut-travailler-a-reverdir-le-burkina-conseille-pr-jean-marie-dipama-climatologue"},"wordCount":1828,"commentCount":0,"image":{"@id":"https:\/\/www.africa-press.net\/burkina-faso\/economie\/effets-de-la-canicule-sur-la-saison-agricole-il-faut-travailler-a-reverdir-le-burkina-conseille-pr-jean-marie-dipama-climatologue#primaryimage"},"thumbnailUrl":"https:\/\/static.africa-press.net\/burkina\/sites\/42\/2021\/04\/img-608008d4b7130.jpg","keywords":["Africa Press","Africa Press-Burkina Faso","Burkina Faso"],"articleSection":["\u00c9conomie","homepage-french","Toutes les actualit\u00e9s"],"inLanguage":"fr-FR","potentialAction":[{"@type":"CommentAction","name":"Comment","target":["https:\/\/www.africa-press.net\/burkina-faso\/economie\/effets-de-la-canicule-sur-la-saison-agricole-il-faut-travailler-a-reverdir-le-burkina-conseille-pr-jean-marie-dipama-climatologue#respond"]}]},{"@type":"WebPage","@id":"https:\/\/www.africa-press.net\/burkina-faso\/economie\/effets-de-la-canicule-sur-la-saison-agricole-il-faut-travailler-a-reverdir-le-burkina-conseille-pr-jean-marie-dipama-climatologue","url":"https:\/\/www.africa-press.net\/burkina-faso\/economie\/effets-de-la-canicule-sur-la-saison-agricole-il-faut-travailler-a-reverdir-le-burkina-conseille-pr-jean-marie-dipama-climatologue","name":"Effets de la canicule sur la saison agricole : \u00ab Il faut travailler \u00e0 reverdir le Burkina \u00bb, conseille Pr Jean-Marie Dipama, climatologue - Burkina Faso","isPartOf":{"@id":"https:\/\/www.africa-press.net\/burkina-faso\/#website"},"primaryImageOfPage":{"@id":"https:\/\/www.africa-press.net\/burkina-faso\/economie\/effets-de-la-canicule-sur-la-saison-agricole-il-faut-travailler-a-reverdir-le-burkina-conseille-pr-jean-marie-dipama-climatologue#primaryimage"},"image":{"@id":"https:\/\/www.africa-press.net\/burkina-faso\/economie\/effets-de-la-canicule-sur-la-saison-agricole-il-faut-travailler-a-reverdir-le-burkina-conseille-pr-jean-marie-dipama-climatologue#primaryimage"},"thumbnailUrl":"https:\/\/static.africa-press.net\/burkina\/sites\/42\/2021\/04\/img-608008d4b7130.jpg","datePublished":"2021-04-21T11:43:38+00:00","dateModified":"2021-04-21T12:57:00+00:00","author":{"@id":"https:\/\/www.africa-press.net\/burkina-faso\/#\/schema\/person\/2b1cf3cd81a31e3cd26889ca66d677f1"},"description":"Le Burkina Faso vit actuellement une p\u00e9riode caniculaire importante de son histoire. Ce qui ne serait pas sans cons\u00e9q ...","breadcrumb":{"@id":"https:\/\/www.africa-press.net\/burkina-faso\/economie\/effets-de-la-canicule-sur-la-saison-agricole-il-faut-travailler-a-reverdir-le-burkina-conseille-pr-jean-marie-dipama-climatologue#breadcrumb"},"inLanguage":"fr-FR","potentialAction":[{"@type":"ReadAction","target":["https:\/\/www.africa-press.net\/burkina-faso\/economie\/effets-de-la-canicule-sur-la-saison-agricole-il-faut-travailler-a-reverdir-le-burkina-conseille-pr-jean-marie-dipama-climatologue"]}]},{"@type":"ImageObject","inLanguage":"fr-FR","@id":"https:\/\/www.africa-press.net\/burkina-faso\/economie\/effets-de-la-canicule-sur-la-saison-agricole-il-faut-travailler-a-reverdir-le-burkina-conseille-pr-jean-marie-dipama-climatologue#primaryimage","url":"https:\/\/static.africa-press.net\/burkina\/sites\/42\/2021\/04\/img-608008d4b7130.jpg","contentUrl":"https:\/\/static.africa-press.net\/burkina\/sites\/42\/2021\/04\/img-608008d4b7130.jpg","width":720,"height":486,"caption":"Effets de la canicule sur la saison agricole : \u00ab Il faut travailler \u00e0 reverdir le Burkina \u00bb, conseille Pr Jean-Marie Dipama, climatologue"},{"@type":"BreadcrumbList","@id":"https:\/\/www.africa-press.net\/burkina-faso\/economie\/effets-de-la-canicule-sur-la-saison-agricole-il-faut-travailler-a-reverdir-le-burkina-conseille-pr-jean-marie-dipama-climatologue#breadcrumb","itemListElement":[{"@type":"ListItem","position":1,"name":"Accueil","item":"https:\/\/www.africa-press.net\/burkina-faso\/"},{"@type":"ListItem","position":2,"name":"Effets de la canicule sur la saison agricole : \u00ab Il faut travailler \u00e0 reverdir le Burkina \u00bb, conseille Pr Jean-Marie Dipama, climatologue"}]},{"@type":"WebSite","@id":"https:\/\/www.africa-press.net\/burkina-faso\/#website","url":"https:\/\/www.africa-press.net\/burkina-faso\/","name":"Burkina Faso","description":"Just another Africa News Agency Sites site","potentialAction":[{"@type":"SearchAction","target":{"@type":"EntryPoint","urlTemplate":"https:\/\/www.africa-press.net\/burkina-faso\/?s={search_term_string}"},"query-input":{"@type":"PropertyValueSpecification","valueRequired":true,"valueName":"search_term_string"}}],"inLanguage":"fr-FR"},{"@type":"Person","@id":"https:\/\/www.africa-press.net\/burkina-faso\/#\/schema\/person\/2b1cf3cd81a31e3cd26889ca66d677f1","name":"cfeditorfr"}]}},"_links":{"self":[{"href":"https:\/\/www.africa-press.net\/burkina-faso\/wp-json\/wp\/v2\/posts\/10315","targetHints":{"allow":["GET"]}}],"collection":[{"href":"https:\/\/www.africa-press.net\/burkina-faso\/wp-json\/wp\/v2\/posts"}],"about":[{"href":"https:\/\/www.africa-press.net\/burkina-faso\/wp-json\/wp\/v2\/types\/post"}],"author":[{"embeddable":true,"href":"https:\/\/www.africa-press.net\/burkina-faso\/wp-json\/wp\/v2\/users\/82"}],"replies":[{"embeddable":true,"href":"https:\/\/www.africa-press.net\/burkina-faso\/wp-json\/wp\/v2\/comments?post=10315"}],"version-history":[{"count":0,"href":"https:\/\/www.africa-press.net\/burkina-faso\/wp-json\/wp\/v2\/posts\/10315\/revisions"}],"wp:featuredmedia":[{"embeddable":true,"href":"https:\/\/www.africa-press.net\/burkina-faso\/wp-json\/wp\/v2\/media\/10314"}],"wp:attachment":[{"href":"https:\/\/www.africa-press.net\/burkina-faso\/wp-json\/wp\/v2\/media?parent=10315"}],"wp:term":[{"taxonomy":"category","embeddable":true,"href":"https:\/\/www.africa-press.net\/burkina-faso\/wp-json\/wp\/v2\/categories?post=10315"},{"taxonomy":"post_tag","embeddable":true,"href":"https:\/\/www.africa-press.net\/burkina-faso\/wp-json\/wp\/v2\/tags?post=10315"}],"curies":[{"name":"wp","href":"https:\/\/api.w.org\/{rel}","templated":true}]}}