{"id":10324,"date":"2021-04-21T12:06:53","date_gmt":"2021-04-21T12:06:53","guid":{"rendered":"https:\/\/www.africa-press.net\/burkina-faso\/?p=10324"},"modified":"2021-04-21T12:57:30","modified_gmt":"2021-04-21T12:57:30","slug":"burkina-faso-le-synaseb-denonce-un-saccage-de-carriere-de-la-part-du-gouvernement","status":"publish","type":"post","link":"https:\/\/www.africa-press.net\/burkina-faso\/toutes-les-actualites\/burkina-faso-le-synaseb-denonce-un-saccage-de-carriere-de-la-part-du-gouvernement","title":{"rendered":"Le SYNASEB d\u00e9nonce un \u00ab\u00a0saccage de carri\u00e8re\u00a0\u00bb de la part du gouvernement"},"content":{"rendered":"<p><span style=\"color: #ff6600\"><strong><a href=\"https:\/\/www.africa-press.net\/\">Africa-Press<\/a> &#8211; <a href=\"https:\/\/www.africa-press.net\/burkina-faso\">Burkina Faso<\/a>. <\/strong><\/span>Le Syndicat National des Secr\u00e9taires du Burkina (SYNASEB) a d\u00e9nonc\u00e9 les agissements du gouvernement dans la gestion, des carri\u00e8res des travailleurs et la \u00ab mauvaise \u00bb gestion du dialogue social par leur minist\u00e8re en tutelle. C\u2019\u00e9tait au cours d\u2019une rencontre tenue ce mardi 20 avril 2021, \u00e0 Ouagadougou.<\/p>\n<p>Le 02 mars 2021, le gouvernement \u00e0 travers son minist\u00e8re en charge de la fonction publique a mis en place le processus d\u2019\u00e9laboration du R\u00e9pertoire Interminist\u00e9riel des M\u00e9tiers de l\u2019Etat (RIME). Ce qui a conduit \u00e0 l\u2019adoption des statuts particuliers des diff\u00e9rents m\u00e9tiers, malgr\u00e9 les maintes plaintes et observations du Syndicat National des Secr\u00e9taires du Burkina (SYNASEB).<\/p>\n<p>A cet effet, le SYNASEB a tenu une rencontre ce mardi 20 avril 2021 pour d\u00e9noncer ces agissements. Selon le Secr\u00e9taire G\u00e9n\u00e9ral du SYNASEB, Bourama Ouattara, ces mesures sont per\u00e7ues dans le milieu comme \u00ab un saccage de carri\u00e8re \u00bb en ce sens que les statuts particuliers sont irrationnellement g\u00e9r\u00e9s, des cat\u00e9gories supprim\u00e9es et un t\u00e2tonnement au niveau des participations aux concours \u00e9tatiques. \u00ab Comment il faut comprendre que par exemple pour participer \u00e0 un concours, il faut en plus des dipl\u00f4mes, respecter une condition de quota ? On pense que la notion de m\u00e9rite doit \u00eatre privil\u00e9gi\u00e9e au d\u00e9triment du quota \u00bb, a-t-il d\u00e9plor\u00e9.<\/p>\n<p>Il a aussi d\u00e9plor\u00e9 le fait que le ministre Pr S\u00e9ni Mahamadou Ou\u00e9draogo ne prenne pas en compte les pr\u00e9occupations et revendications qu\u2019ils ont \u00e9mises \u00e0 son \u00e9gard depuis sa prise de fonction. Il a qualifi\u00e9 ces agissements de \u00ab jeu de carte dangereuse de division entre organisation syndicale \u00bb, donc une \u00ab mauvaise gestion \u00bb du dialogue social.<\/p>\n<p>\u00ab En r\u00e9alit\u00e9, ces man\u0153uvres traduisent une mauvaise volont\u00e9 manifeste et un m\u00e9pris total du Ministre \u00e0 l\u2019endroit des travailleurs en g\u00e9n\u00e9ral et des secr\u00e9taires en particulier \u00bb, a-t-il ajout\u00e9.<\/p>\n<p>Le syndicat par la voix de son secr\u00e9taire g\u00e9n\u00e9ral a \u00e9num\u00e9r\u00e9 plusieurs revendications \u00e0 l\u2019\u00e9gard de son minist\u00e8re de tutelle. Il s\u2019agit, entre autres, de la poursuite des n\u00e9gociations avec le syndicat, la possibilit\u00e9 pour les cat\u00e9gories C et B de postuler aux emplois de leur choix sans principe de dipl\u00f4me et quota, l\u2019instauration d\u2019un dialogue franc et sinc\u00e8re entre le gouvernement et les partenaires sociaux.<\/p>\n<p>Avant de souhaiter que les choses se passent dans de meilleures conditions, Bourama Ouattara a insist\u00e9 sur le fait que le SYNASEB se donnera tous les moyens pour atteindre les objectifs. Il a \u00e9galement affirm\u00e9 que le gouvernement endossera l\u2019enti\u00e8re responsabilit\u00e9 de la d\u00e9gradation du climat social dans le cas contraire. Abdoul Gani BARRY (stagiaire)<\/p>\n","protected":false},"excerpt":{"rendered":"<p>Africa-Press &#8211; Burkina Faso. Le Syndicat National des Secr\u00e9taires du Burkina (SYNASEB) a d\u00e9nonc\u00e9 les agissements du gouvernement dans la gestion, des carri\u00e8res des travailleurs et la \u00ab mauvaise \u00bb gestion du dialogue social par leur minist\u00e8re en tutelle. C\u2019\u00e9tait au cours d\u2019une rencontre tenue ce mardi 20 avril 2021, \u00e0 Ouagadougou. Le 02 mars [&hellip;]<\/p>\n","protected":false},"author":82,"featured_media":10323,"comment_status":"open","ping_status":"closed","sticky":false,"template":"","format":"standard","meta":{"footnotes":""},"categories":[21,11,10],"tags":[111,725,29],"class_list":["post-10324","post","type-post","status-publish","format-standard","has-post-thumbnail","hentry","category-communaute","category-homepage-french","category-toutes-les-actualites","tag-africa-press","tag-africa-press-burkina-faso","tag-burkina-faso"],"yoast_head":"<!-- This site is optimized with the Yoast SEO Premium plugin v26.1 (Yoast SEO v27.0) - https:\/\/yoast.com\/product\/yoast-seo-premium-wordpress\/ -->\n<title>Le SYNASEB d\u00e9nonce un \u00ab\u00a0saccage de carri\u00e8re\u00a0\u00bb de la part du gouvernement - Burkina Faso<\/title>\n<meta name=\"description\" content=\"Le Syndicat National des Secr\u00e9taires du Burkina (SYNASEB) a d\u00e9nonc\u00e9 les agissements du gouvernement dans la gestion, des ...\" \/>\n<meta name=\"robots\" content=\"index, follow, max-snippet:-1, max-image-preview:large, max-video-preview:-1\" \/>\n<link rel=\"canonical\" href=\"https:\/\/www.africa-press.net\/burkina-faso\/toutes-les-actualites\/burkina-faso-le-synaseb-denonce-un-saccage-de-carriere-de-la-part-du-gouvernement\" \/>\n<meta property=\"og:locale\" content=\"fr_FR\" \/>\n<meta property=\"og:type\" content=\"article\" \/>\n<meta property=\"og:title\" content=\"Le SYNASEB d\u00e9nonce un \u00ab\u00a0saccage de carri\u00e8re\u00a0\u00bb de la part du gouvernement\" \/>\n<meta property=\"og:description\" content=\"Le Syndicat National des Secr\u00e9taires du Burkina (SYNASEB) a d\u00e9nonc\u00e9 les agissements du gouvernement dans la gestion, des ...\" \/>\n<meta property=\"og:url\" content=\"https:\/\/www.africa-press.net\/burkina-faso\/toutes-les-actualites\/burkina-faso-le-synaseb-denonce-un-saccage-de-carriere-de-la-part-du-gouvernement\" \/>\n<meta property=\"og:site_name\" content=\"Burkina Faso\" \/>\n<meta property=\"article:published_time\" content=\"2021-04-21T12:06:53+00:00\" \/>\n<meta property=\"article:modified_time\" content=\"2021-04-21T12:57:30+00:00\" \/>\n<meta property=\"og:image\" content=\"https:\/\/static.africa-press.net\/burkina\/sites\/42\/2021\/04\/img-608009560902f.jpg\" \/>\n\t<meta property=\"og:image:width\" content=\"750\" \/>\n\t<meta property=\"og:image:height\" content=\"452\" \/>\n\t<meta property=\"og:image:type\" content=\"image\/jpeg\" \/>\n<meta name=\"author\" content=\"cfeditorfr\" \/>\n<meta name=\"twitter:card\" content=\"summary_large_image\" \/>\n<meta name=\"twitter:label1\" content=\"\u00c9crit par\" \/>\n\t<meta name=\"twitter:data1\" content=\"cfeditorfr\" \/>\n\t<meta name=\"twitter:label2\" content=\"Dur\u00e9e de lecture estim\u00e9e\" \/>\n\t<meta name=\"twitter:data2\" content=\"2 minutes\" \/>\n<script type=\"application\/ld+json\" class=\"yoast-schema-graph\">{\"@context\":\"https:\/\/schema.org\",\"@graph\":[{\"@type\":\"Article\",\"@id\":\"https:\/\/www.africa-press.net\/burkina-faso\/toutes-les-actualites\/burkina-faso-le-synaseb-denonce-un-saccage-de-carriere-de-la-part-du-gouvernement#article\",\"isPartOf\":{\"@id\":\"https:\/\/www.africa-press.net\/burkina-faso\/toutes-les-actualites\/burkina-faso-le-synaseb-denonce-un-saccage-de-carriere-de-la-part-du-gouvernement\"},\"author\":{\"name\":\"cfeditorfr\",\"@id\":\"https:\/\/www.africa-press.net\/burkina-faso\/#\/schema\/person\/2b1cf3cd81a31e3cd26889ca66d677f1\"},\"headline\":\"Le SYNASEB d\u00e9nonce un \u00ab\u00a0saccage de carri\u00e8re\u00a0\u00bb de la part du gouvernement\",\"datePublished\":\"2021-04-21T12:06:53+00:00\",\"dateModified\":\"2021-04-21T12:57:30+00:00\",\"mainEntityOfPage\":{\"@id\":\"https:\/\/www.africa-press.net\/burkina-faso\/toutes-les-actualites\/burkina-faso-le-synaseb-denonce-un-saccage-de-carriere-de-la-part-du-gouvernement\"},\"wordCount\":473,\"commentCount\":0,\"image\":{\"@id\":\"https:\/\/www.africa-press.net\/burkina-faso\/toutes-les-actualites\/burkina-faso-le-synaseb-denonce-un-saccage-de-carriere-de-la-part-du-gouvernement#primaryimage\"},\"thumbnailUrl\":\"https:\/\/static.africa-press.net\/burkina\/sites\/42\/2021\/04\/img-608009560902f.jpg\",\"keywords\":[\"Africa Press\",\"Africa Press-Burkina Faso\",\"Burkina Faso\"],\"articleSection\":[\"Communaut\u00e9\",\"homepage-french\",\"Toutes les actualit\u00e9s\"],\"inLanguage\":\"fr-FR\",\"potentialAction\":[{\"@type\":\"CommentAction\",\"name\":\"Comment\",\"target\":[\"https:\/\/www.africa-press.net\/burkina-faso\/toutes-les-actualites\/burkina-faso-le-synaseb-denonce-un-saccage-de-carriere-de-la-part-du-gouvernement#respond\"]}]},{\"@type\":\"WebPage\",\"@id\":\"https:\/\/www.africa-press.net\/burkina-faso\/toutes-les-actualites\/burkina-faso-le-synaseb-denonce-un-saccage-de-carriere-de-la-part-du-gouvernement\",\"url\":\"https:\/\/www.africa-press.net\/burkina-faso\/toutes-les-actualites\/burkina-faso-le-synaseb-denonce-un-saccage-de-carriere-de-la-part-du-gouvernement\",\"name\":\"Le SYNASEB d\u00e9nonce un \u00ab\u00a0saccage de carri\u00e8re\u00a0\u00bb de la part du gouvernement - Burkina Faso\",\"isPartOf\":{\"@id\":\"https:\/\/www.africa-press.net\/burkina-faso\/#website\"},\"primaryImageOfPage\":{\"@id\":\"https:\/\/www.africa-press.net\/burkina-faso\/toutes-les-actualites\/burkina-faso-le-synaseb-denonce-un-saccage-de-carriere-de-la-part-du-gouvernement#primaryimage\"},\"image\":{\"@id\":\"https:\/\/www.africa-press.net\/burkina-faso\/toutes-les-actualites\/burkina-faso-le-synaseb-denonce-un-saccage-de-carriere-de-la-part-du-gouvernement#primaryimage\"},\"thumbnailUrl\":\"https:\/\/static.africa-press.net\/burkina\/sites\/42\/2021\/04\/img-608009560902f.jpg\",\"datePublished\":\"2021-04-21T12:06:53+00:00\",\"dateModified\":\"2021-04-21T12:57:30+00:00\",\"author\":{\"@id\":\"https:\/\/www.africa-press.net\/burkina-faso\/#\/schema\/person\/2b1cf3cd81a31e3cd26889ca66d677f1\"},\"description\":\"Le Syndicat National des Secr\u00e9taires du Burkina (SYNASEB) a d\u00e9nonc\u00e9 les agissements du gouvernement dans la gestion, des ...\",\"breadcrumb\":{\"@id\":\"https:\/\/www.africa-press.net\/burkina-faso\/toutes-les-actualites\/burkina-faso-le-synaseb-denonce-un-saccage-de-carriere-de-la-part-du-gouvernement#breadcrumb\"},\"inLanguage\":\"fr-FR\",\"potentialAction\":[{\"@type\":\"ReadAction\",\"target\":[\"https:\/\/www.africa-press.net\/burkina-faso\/toutes-les-actualites\/burkina-faso-le-synaseb-denonce-un-saccage-de-carriere-de-la-part-du-gouvernement\"]}]},{\"@type\":\"ImageObject\",\"inLanguage\":\"fr-FR\",\"@id\":\"https:\/\/www.africa-press.net\/burkina-faso\/toutes-les-actualites\/burkina-faso-le-synaseb-denonce-un-saccage-de-carriere-de-la-part-du-gouvernement#primaryimage\",\"url\":\"https:\/\/static.africa-press.net\/burkina\/sites\/42\/2021\/04\/img-608009560902f.jpg\",\"contentUrl\":\"https:\/\/static.africa-press.net\/burkina\/sites\/42\/2021\/04\/img-608009560902f.jpg\",\"width\":750,\"height\":452,\"caption\":\"Burkina Faso\u00a0: Le SYNASEB d\u00e9nonce un \u00ab\u00a0saccage de carri\u00e8re\u00a0\u00bb de la part du gouvernement\"},{\"@type\":\"BreadcrumbList\",\"@id\":\"https:\/\/www.africa-press.net\/burkina-faso\/toutes-les-actualites\/burkina-faso-le-synaseb-denonce-un-saccage-de-carriere-de-la-part-du-gouvernement#breadcrumb\",\"itemListElement\":[{\"@type\":\"ListItem\",\"position\":1,\"name\":\"Accueil\",\"item\":\"https:\/\/www.africa-press.net\/burkina-faso\/\"},{\"@type\":\"ListItem\",\"position\":2,\"name\":\"Le SYNASEB d\u00e9nonce un \u00ab\u00a0saccage de carri\u00e8re\u00a0\u00bb de la part du gouvernement\"}]},{\"@type\":\"WebSite\",\"@id\":\"https:\/\/www.africa-press.net\/burkina-faso\/#website\",\"url\":\"https:\/\/www.africa-press.net\/burkina-faso\/\",\"name\":\"Burkina Faso\",\"description\":\"Just another Africa News Agency Sites site\",\"potentialAction\":[{\"@type\":\"SearchAction\",\"target\":{\"@type\":\"EntryPoint\",\"urlTemplate\":\"https:\/\/www.africa-press.net\/burkina-faso\/?s={search_term_string}\"},\"query-input\":{\"@type\":\"PropertyValueSpecification\",\"valueRequired\":true,\"valueName\":\"search_term_string\"}}],\"inLanguage\":\"fr-FR\"},{\"@type\":\"Person\",\"@id\":\"https:\/\/www.africa-press.net\/burkina-faso\/#\/schema\/person\/2b1cf3cd81a31e3cd26889ca66d677f1\",\"name\":\"cfeditorfr\"}]}<\/script>\n<!-- \/ Yoast SEO Premium plugin. -->","yoast_head_json":{"title":"Le SYNASEB d\u00e9nonce un \u00ab\u00a0saccage de carri\u00e8re\u00a0\u00bb de la part du gouvernement - Burkina Faso","description":"Le Syndicat National des Secr\u00e9taires du Burkina (SYNASEB) a d\u00e9nonc\u00e9 les agissements du gouvernement dans la gestion, des ...","robots":{"index":"index","follow":"follow","max-snippet":"max-snippet:-1","max-image-preview":"max-image-preview:large","max-video-preview":"max-video-preview:-1"},"canonical":"https:\/\/www.africa-press.net\/burkina-faso\/toutes-les-actualites\/burkina-faso-le-synaseb-denonce-un-saccage-de-carriere-de-la-part-du-gouvernement","og_locale":"fr_FR","og_type":"article","og_title":"Le SYNASEB d\u00e9nonce un \u00ab\u00a0saccage de carri\u00e8re\u00a0\u00bb de la part du gouvernement","og_description":"Le Syndicat National des Secr\u00e9taires du Burkina (SYNASEB) a d\u00e9nonc\u00e9 les agissements du gouvernement dans la gestion, des ...","og_url":"https:\/\/www.africa-press.net\/burkina-faso\/toutes-les-actualites\/burkina-faso-le-synaseb-denonce-un-saccage-de-carriere-de-la-part-du-gouvernement","og_site_name":"Burkina Faso","article_published_time":"2021-04-21T12:06:53+00:00","article_modified_time":"2021-04-21T12:57:30+00:00","og_image":[{"width":750,"height":452,"url":"https:\/\/static.africa-press.net\/burkina\/sites\/42\/2021\/04\/img-608009560902f.jpg","type":"image\/jpeg"}],"author":"cfeditorfr","twitter_card":"summary_large_image","twitter_misc":{"\u00c9crit par":"cfeditorfr","Dur\u00e9e de lecture estim\u00e9e":"2 minutes"},"schema":{"@context":"https:\/\/schema.org","@graph":[{"@type":"Article","@id":"https:\/\/www.africa-press.net\/burkina-faso\/toutes-les-actualites\/burkina-faso-le-synaseb-denonce-un-saccage-de-carriere-de-la-part-du-gouvernement#article","isPartOf":{"@id":"https:\/\/www.africa-press.net\/burkina-faso\/toutes-les-actualites\/burkina-faso-le-synaseb-denonce-un-saccage-de-carriere-de-la-part-du-gouvernement"},"author":{"name":"cfeditorfr","@id":"https:\/\/www.africa-press.net\/burkina-faso\/#\/schema\/person\/2b1cf3cd81a31e3cd26889ca66d677f1"},"headline":"Le SYNASEB d\u00e9nonce un \u00ab\u00a0saccage de carri\u00e8re\u00a0\u00bb de la part du gouvernement","datePublished":"2021-04-21T12:06:53+00:00","dateModified":"2021-04-21T12:57:30+00:00","mainEntityOfPage":{"@id":"https:\/\/www.africa-press.net\/burkina-faso\/toutes-les-actualites\/burkina-faso-le-synaseb-denonce-un-saccage-de-carriere-de-la-part-du-gouvernement"},"wordCount":473,"commentCount":0,"image":{"@id":"https:\/\/www.africa-press.net\/burkina-faso\/toutes-les-actualites\/burkina-faso-le-synaseb-denonce-un-saccage-de-carriere-de-la-part-du-gouvernement#primaryimage"},"thumbnailUrl":"https:\/\/static.africa-press.net\/burkina\/sites\/42\/2021\/04\/img-608009560902f.jpg","keywords":["Africa Press","Africa Press-Burkina Faso","Burkina Faso"],"articleSection":["Communaut\u00e9","homepage-french","Toutes les actualit\u00e9s"],"inLanguage":"fr-FR","potentialAction":[{"@type":"CommentAction","name":"Comment","target":["https:\/\/www.africa-press.net\/burkina-faso\/toutes-les-actualites\/burkina-faso-le-synaseb-denonce-un-saccage-de-carriere-de-la-part-du-gouvernement#respond"]}]},{"@type":"WebPage","@id":"https:\/\/www.africa-press.net\/burkina-faso\/toutes-les-actualites\/burkina-faso-le-synaseb-denonce-un-saccage-de-carriere-de-la-part-du-gouvernement","url":"https:\/\/www.africa-press.net\/burkina-faso\/toutes-les-actualites\/burkina-faso-le-synaseb-denonce-un-saccage-de-carriere-de-la-part-du-gouvernement","name":"Le SYNASEB d\u00e9nonce un \u00ab\u00a0saccage de carri\u00e8re\u00a0\u00bb de la part du gouvernement - Burkina Faso","isPartOf":{"@id":"https:\/\/www.africa-press.net\/burkina-faso\/#website"},"primaryImageOfPage":{"@id":"https:\/\/www.africa-press.net\/burkina-faso\/toutes-les-actualites\/burkina-faso-le-synaseb-denonce-un-saccage-de-carriere-de-la-part-du-gouvernement#primaryimage"},"image":{"@id":"https:\/\/www.africa-press.net\/burkina-faso\/toutes-les-actualites\/burkina-faso-le-synaseb-denonce-un-saccage-de-carriere-de-la-part-du-gouvernement#primaryimage"},"thumbnailUrl":"https:\/\/static.africa-press.net\/burkina\/sites\/42\/2021\/04\/img-608009560902f.jpg","datePublished":"2021-04-21T12:06:53+00:00","dateModified":"2021-04-21T12:57:30+00:00","author":{"@id":"https:\/\/www.africa-press.net\/burkina-faso\/#\/schema\/person\/2b1cf3cd81a31e3cd26889ca66d677f1"},"description":"Le Syndicat National des Secr\u00e9taires du Burkina (SYNASEB) a d\u00e9nonc\u00e9 les agissements du gouvernement dans la gestion, des ...","breadcrumb":{"@id":"https:\/\/www.africa-press.net\/burkina-faso\/toutes-les-actualites\/burkina-faso-le-synaseb-denonce-un-saccage-de-carriere-de-la-part-du-gouvernement#breadcrumb"},"inLanguage":"fr-FR","potentialAction":[{"@type":"ReadAction","target":["https:\/\/www.africa-press.net\/burkina-faso\/toutes-les-actualites\/burkina-faso-le-synaseb-denonce-un-saccage-de-carriere-de-la-part-du-gouvernement"]}]},{"@type":"ImageObject","inLanguage":"fr-FR","@id":"https:\/\/www.africa-press.net\/burkina-faso\/toutes-les-actualites\/burkina-faso-le-synaseb-denonce-un-saccage-de-carriere-de-la-part-du-gouvernement#primaryimage","url":"https:\/\/static.africa-press.net\/burkina\/sites\/42\/2021\/04\/img-608009560902f.jpg","contentUrl":"https:\/\/static.africa-press.net\/burkina\/sites\/42\/2021\/04\/img-608009560902f.jpg","width":750,"height":452,"caption":"Burkina Faso\u00a0: Le SYNASEB d\u00e9nonce un \u00ab\u00a0saccage de carri\u00e8re\u00a0\u00bb de la part du gouvernement"},{"@type":"BreadcrumbList","@id":"https:\/\/www.africa-press.net\/burkina-faso\/toutes-les-actualites\/burkina-faso-le-synaseb-denonce-un-saccage-de-carriere-de-la-part-du-gouvernement#breadcrumb","itemListElement":[{"@type":"ListItem","position":1,"name":"Accueil","item":"https:\/\/www.africa-press.net\/burkina-faso\/"},{"@type":"ListItem","position":2,"name":"Le SYNASEB d\u00e9nonce un \u00ab\u00a0saccage de carri\u00e8re\u00a0\u00bb de la part du gouvernement"}]},{"@type":"WebSite","@id":"https:\/\/www.africa-press.net\/burkina-faso\/#website","url":"https:\/\/www.africa-press.net\/burkina-faso\/","name":"Burkina Faso","description":"Just another Africa News Agency Sites site","potentialAction":[{"@type":"SearchAction","target":{"@type":"EntryPoint","urlTemplate":"https:\/\/www.africa-press.net\/burkina-faso\/?s={search_term_string}"},"query-input":{"@type":"PropertyValueSpecification","valueRequired":true,"valueName":"search_term_string"}}],"inLanguage":"fr-FR"},{"@type":"Person","@id":"https:\/\/www.africa-press.net\/burkina-faso\/#\/schema\/person\/2b1cf3cd81a31e3cd26889ca66d677f1","name":"cfeditorfr"}]}},"_links":{"self":[{"href":"https:\/\/www.africa-press.net\/burkina-faso\/wp-json\/wp\/v2\/posts\/10324","targetHints":{"allow":["GET"]}}],"collection":[{"href":"https:\/\/www.africa-press.net\/burkina-faso\/wp-json\/wp\/v2\/posts"}],"about":[{"href":"https:\/\/www.africa-press.net\/burkina-faso\/wp-json\/wp\/v2\/types\/post"}],"author":[{"embeddable":true,"href":"https:\/\/www.africa-press.net\/burkina-faso\/wp-json\/wp\/v2\/users\/82"}],"replies":[{"embeddable":true,"href":"https:\/\/www.africa-press.net\/burkina-faso\/wp-json\/wp\/v2\/comments?post=10324"}],"version-history":[{"count":0,"href":"https:\/\/www.africa-press.net\/burkina-faso\/wp-json\/wp\/v2\/posts\/10324\/revisions"}],"wp:featuredmedia":[{"embeddable":true,"href":"https:\/\/www.africa-press.net\/burkina-faso\/wp-json\/wp\/v2\/media\/10323"}],"wp:attachment":[{"href":"https:\/\/www.africa-press.net\/burkina-faso\/wp-json\/wp\/v2\/media?parent=10324"}],"wp:term":[{"taxonomy":"category","embeddable":true,"href":"https:\/\/www.africa-press.net\/burkina-faso\/wp-json\/wp\/v2\/categories?post=10324"},{"taxonomy":"post_tag","embeddable":true,"href":"https:\/\/www.africa-press.net\/burkina-faso\/wp-json\/wp\/v2\/tags?post=10324"}],"curies":[{"name":"wp","href":"https:\/\/api.w.org\/{rel}","templated":true}]}}