{"id":10327,"date":"2021-04-21T12:12:36","date_gmt":"2021-04-21T12:12:36","guid":{"rendered":"https:\/\/www.africa-press.net\/burkina-faso\/?p=10327"},"modified":"2021-04-21T12:57:46","modified_gmt":"2021-04-21T12:57:46","slug":"burkina-faso-debat-autour-du-plan-strategique-de-lutte-contre-le-paludisme","status":"publish","type":"post","link":"https:\/\/www.africa-press.net\/burkina-faso\/toutes-les-actualites\/burkina-faso-debat-autour-du-plan-strategique-de-lutte-contre-le-paludisme","title":{"rendered":"D\u00e9bat autour du plan strat\u00e9gique de lutte contre le paludisme"},"content":{"rendered":"<p><span style=\"color: #ff6600\"><strong><a href=\"https:\/\/www.africa-press.net\/\">Africa-Press<\/a> &#8211; <a href=\"https:\/\/www.africa-press.net\/burkina-faso\">Burkina Faso<\/a>. <\/strong><\/span><b>Le Programme national de lutte contre le paludisme (PNLP) a r\u00e9uni le mardi 20 avril 2021, \u00e0 Ouagadougou, les acteurs de la soci\u00e9t\u00e9 civile et les hommes de m\u00e9dias pour discuter du plan strat\u00e9gique national pour la lutte contre le paludisme.<\/b><\/p>\n<p>Lutter contre le paludisme. C\u2019est le sujet qui a r\u00e9uni les acteurs de la soci\u00e9t\u00e9 civile autour d\u2019une table pour discuter de leur engagement dans cette lutte. Il faut rappeler que conform\u00e9ment aux engagements pris par l\u2019Union Africaine et l\u2019ambition du Burkina Faso est l\u2019\u00e9limination du paludisme d\u2019ici \u00e0 2030. Il s\u2019av\u00e8re indispensable pour les acteurs de la soci\u00e9t\u00e9 civile de r\u00e9affirmer leur engagement et leur implication pour la r\u00e9alisation de cette ambition traduite dans l\u2019initiative \u00ab Z\u00e9ro : Palu je m\u2019engage !\u00bb.<\/p>\n<p>C\u2019est dans cette lanc\u00e9e que le Programme national de lutte contre le paludisme (PNLP), en partenariat avec Speak Up Africa, a organis\u00e9 cet atelier d\u2019appropriation du plan strat\u00e9gique national de lutte contre le paludisme par des OSC dans le cadre des activit\u00e9s en pr\u00e9lude de la Journ\u00e9e Mondiale de lutte contre le paludisme, c\u00e9l\u00e9brer tous les 25 avril. L\u2019atelier a connu la participation d\u2019une quarantaine de structures dont les OSC et les services techniques du minist\u00e8re de la sant\u00e9..<\/p>\n<p>Selon les organisateurs, l\u2019objectif de cet atelier est de contribuer \u00e0 une meilleure connaissance du Plan de Strat\u00e9gie National (PSN) 2021-2025 de lutte contre le paludisme pour un accompagnement des OSC dans sa mise en \u0153uvre. Selon le directeur de la protection de la sant\u00e9 de la population, Dr Seydou Ouattara, \u201cles attentes \u00e0 l\u2019endroit des OSC, c\u2019est de demander leur engagement et leur accompagnement \u00e0 une mise en \u0153uvre r\u00e9ussie de ce programme\u201d.<\/p>\n<p><b>R\u00e9duction de la l\u00e9talit\u00e9 surtout chez les enfants de moins cinq ans<\/b><\/p>\n<p>C\u2019est fort de cela qu\u2019il est plus que jamais important de les associer \u00e0 cette lutte. Pour Carina N\u2019Diaye, directrice des op\u00e9rations strat\u00e9giques \u00e0 Speak Up Africa, \u201cl\u2019apport des OSC dans la r\u00e9ussite du programme est crucial du fait de leur proximit\u00e9 dans les communaut\u00e9s et de leur approche multisectorielle aux maux de la sant\u00e9 dans un pays comme le Burkina Faso. Au niveau national, il est important d\u2019avoir les OSC \u00e0 tous les niveaux d\u2019engagement et de dialogue quand il s\u2019agit de la lutte contre le paludisme\u201d, affirme-t-elle.<\/p>\n<p>En ce qui concerne l\u2019\u00e9volution du paludisme, les efforts sont faits pour atteindre l\u2019objectif vis\u00e9 en 2030. Pour le directeur, \u201cil y a beaucoup d\u2019efforts qui sont faits et il faut reconna\u00eetre qu\u2019il y a des r\u00e9sultats qui sont engrang\u00e9s notamment en termes de r\u00e9duction de la l\u00e9talit\u00e9, surtout chez les enfants de moins cinq (05) ans. Mais nous reconnaissons qu\u2019il reste beaucoup \u00e0 faire\u201d.<\/p>\n<p>L\u2019organisation \u00e0 but non lucratif Speak Up Africa bas\u00e9e \u00e0 Dakar au S\u00e9n\u00e9gal, en soutien \u00e0 l\u2019initiative \u201cZ\u00e9ro Palu : je m\u2019engage !\u201d vient en appui aux autorit\u00e9s pour organiser ce genre d\u2019atelier pour que les efforts de toutes les parties prenantes ent s\u2019alignent sur les priorit\u00e9s strat\u00e9giques nationales dans la lutte contre le paludisme au Burkina Faso.<\/p>\n<p>En rappel, en 2020, il y a eu plus de 11 millions de cas de paludisme \u00ab et malheureusement 3 966 d\u00e9c\u00e8s enregistr\u00e9s \u00bb, selon les chiffres \u00e9manant du minist\u00e8re de la sant\u00e9.<\/p>\n<p><b>\u00a0<\/b><\/p>\n","protected":false},"excerpt":{"rendered":"<p>Africa-Press &#8211; Burkina Faso. Le Programme national de lutte contre le paludisme (PNLP) a r\u00e9uni le mardi 20 avril 2021, \u00e0 Ouagadougou, les acteurs de la soci\u00e9t\u00e9 civile et les hommes de m\u00e9dias pour discuter du plan strat\u00e9gique national pour la lutte contre le paludisme. Lutter contre le paludisme. C\u2019est le sujet qui a r\u00e9uni [&hellip;]<\/p>\n","protected":false},"author":82,"featured_media":10326,"comment_status":"open","ping_status":"closed","sticky":false,"template":"","format":"standard","meta":{"footnotes":""},"categories":[21,11,10],"tags":[111,725,29],"class_list":["post-10327","post","type-post","status-publish","format-standard","has-post-thumbnail","hentry","category-communaute","category-homepage-french","category-toutes-les-actualites","tag-africa-press","tag-africa-press-burkina-faso","tag-burkina-faso"],"yoast_head":"<!-- This site is optimized with the Yoast SEO Premium plugin v26.1 (Yoast SEO v27.0) - https:\/\/yoast.com\/product\/yoast-seo-premium-wordpress\/ -->\n<title>D\u00e9bat autour du plan strat\u00e9gique de lutte contre le paludisme - Burkina Faso<\/title>\n<meta name=\"description\" content=\"Le Programme national de lutte contre le paludisme (PNLP) a r\u00e9uni le mardi 20 avril 2021, \u00e0 Ouagadougou, les acteurs ...\" \/>\n<meta name=\"robots\" content=\"index, follow, max-snippet:-1, max-image-preview:large, max-video-preview:-1\" \/>\n<link rel=\"canonical\" href=\"https:\/\/www.africa-press.net\/burkina-faso\/toutes-les-actualites\/burkina-faso-debat-autour-du-plan-strategique-de-lutte-contre-le-paludisme\" \/>\n<meta property=\"og:locale\" content=\"fr_FR\" \/>\n<meta property=\"og:type\" content=\"article\" \/>\n<meta property=\"og:title\" content=\"D\u00e9bat autour du plan strat\u00e9gique de lutte contre le paludisme\" \/>\n<meta property=\"og:description\" content=\"Le Programme national de lutte contre le paludisme (PNLP) a r\u00e9uni le mardi 20 avril 2021, \u00e0 Ouagadougou, les acteurs ...\" \/>\n<meta property=\"og:url\" content=\"https:\/\/www.africa-press.net\/burkina-faso\/toutes-les-actualites\/burkina-faso-debat-autour-du-plan-strategique-de-lutte-contre-le-paludisme\" \/>\n<meta property=\"og:site_name\" content=\"Burkina Faso\" \/>\n<meta property=\"article:published_time\" content=\"2021-04-21T12:12:36+00:00\" \/>\n<meta property=\"article:modified_time\" content=\"2021-04-21T12:57:46+00:00\" \/>\n<meta property=\"og:image\" content=\"https:\/\/static.africa-press.net\/burkina\/sites\/42\/2021\/04\/img-6080098530408.jpg\" \/>\n\t<meta property=\"og:image:width\" content=\"750\" \/>\n\t<meta property=\"og:image:height\" content=\"432\" \/>\n\t<meta property=\"og:image:type\" content=\"image\/jpeg\" \/>\n<meta name=\"author\" content=\"cfeditorfr\" \/>\n<meta name=\"twitter:card\" content=\"summary_large_image\" \/>\n<meta name=\"twitter:label1\" content=\"\u00c9crit par\" \/>\n\t<meta name=\"twitter:data1\" content=\"cfeditorfr\" \/>\n\t<meta name=\"twitter:label2\" content=\"Dur\u00e9e de lecture estim\u00e9e\" \/>\n\t<meta name=\"twitter:data2\" content=\"3 minutes\" \/>\n<script type=\"application\/ld+json\" class=\"yoast-schema-graph\">{\"@context\":\"https:\/\/schema.org\",\"@graph\":[{\"@type\":\"Article\",\"@id\":\"https:\/\/www.africa-press.net\/burkina-faso\/toutes-les-actualites\/burkina-faso-debat-autour-du-plan-strategique-de-lutte-contre-le-paludisme#article\",\"isPartOf\":{\"@id\":\"https:\/\/www.africa-press.net\/burkina-faso\/toutes-les-actualites\/burkina-faso-debat-autour-du-plan-strategique-de-lutte-contre-le-paludisme\"},\"author\":{\"name\":\"cfeditorfr\",\"@id\":\"https:\/\/www.africa-press.net\/burkina-faso\/#\/schema\/person\/2b1cf3cd81a31e3cd26889ca66d677f1\"},\"headline\":\"D\u00e9bat autour du plan strat\u00e9gique de lutte contre le paludisme\",\"datePublished\":\"2021-04-21T12:12:36+00:00\",\"dateModified\":\"2021-04-21T12:57:46+00:00\",\"mainEntityOfPage\":{\"@id\":\"https:\/\/www.africa-press.net\/burkina-faso\/toutes-les-actualites\/burkina-faso-debat-autour-du-plan-strategique-de-lutte-contre-le-paludisme\"},\"wordCount\":598,\"commentCount\":0,\"image\":{\"@id\":\"https:\/\/www.africa-press.net\/burkina-faso\/toutes-les-actualites\/burkina-faso-debat-autour-du-plan-strategique-de-lutte-contre-le-paludisme#primaryimage\"},\"thumbnailUrl\":\"https:\/\/static.africa-press.net\/burkina\/sites\/42\/2021\/04\/img-6080098530408.jpg\",\"keywords\":[\"Africa Press\",\"Africa Press-Burkina Faso\",\"Burkina Faso\"],\"articleSection\":[\"Communaut\u00e9\",\"homepage-french\",\"Toutes les actualit\u00e9s\"],\"inLanguage\":\"fr-FR\",\"potentialAction\":[{\"@type\":\"CommentAction\",\"name\":\"Comment\",\"target\":[\"https:\/\/www.africa-press.net\/burkina-faso\/toutes-les-actualites\/burkina-faso-debat-autour-du-plan-strategique-de-lutte-contre-le-paludisme#respond\"]}]},{\"@type\":\"WebPage\",\"@id\":\"https:\/\/www.africa-press.net\/burkina-faso\/toutes-les-actualites\/burkina-faso-debat-autour-du-plan-strategique-de-lutte-contre-le-paludisme\",\"url\":\"https:\/\/www.africa-press.net\/burkina-faso\/toutes-les-actualites\/burkina-faso-debat-autour-du-plan-strategique-de-lutte-contre-le-paludisme\",\"name\":\"D\u00e9bat autour du plan strat\u00e9gique de lutte contre le paludisme - Burkina Faso\",\"isPartOf\":{\"@id\":\"https:\/\/www.africa-press.net\/burkina-faso\/#website\"},\"primaryImageOfPage\":{\"@id\":\"https:\/\/www.africa-press.net\/burkina-faso\/toutes-les-actualites\/burkina-faso-debat-autour-du-plan-strategique-de-lutte-contre-le-paludisme#primaryimage\"},\"image\":{\"@id\":\"https:\/\/www.africa-press.net\/burkina-faso\/toutes-les-actualites\/burkina-faso-debat-autour-du-plan-strategique-de-lutte-contre-le-paludisme#primaryimage\"},\"thumbnailUrl\":\"https:\/\/static.africa-press.net\/burkina\/sites\/42\/2021\/04\/img-6080098530408.jpg\",\"datePublished\":\"2021-04-21T12:12:36+00:00\",\"dateModified\":\"2021-04-21T12:57:46+00:00\",\"author\":{\"@id\":\"https:\/\/www.africa-press.net\/burkina-faso\/#\/schema\/person\/2b1cf3cd81a31e3cd26889ca66d677f1\"},\"description\":\"Le Programme national de lutte contre le paludisme (PNLP) a r\u00e9uni le mardi 20 avril 2021, \u00e0 Ouagadougou, les acteurs ...\",\"breadcrumb\":{\"@id\":\"https:\/\/www.africa-press.net\/burkina-faso\/toutes-les-actualites\/burkina-faso-debat-autour-du-plan-strategique-de-lutte-contre-le-paludisme#breadcrumb\"},\"inLanguage\":\"fr-FR\",\"potentialAction\":[{\"@type\":\"ReadAction\",\"target\":[\"https:\/\/www.africa-press.net\/burkina-faso\/toutes-les-actualites\/burkina-faso-debat-autour-du-plan-strategique-de-lutte-contre-le-paludisme\"]}]},{\"@type\":\"ImageObject\",\"inLanguage\":\"fr-FR\",\"@id\":\"https:\/\/www.africa-press.net\/burkina-faso\/toutes-les-actualites\/burkina-faso-debat-autour-du-plan-strategique-de-lutte-contre-le-paludisme#primaryimage\",\"url\":\"https:\/\/static.africa-press.net\/burkina\/sites\/42\/2021\/04\/img-6080098530408.jpg\",\"contentUrl\":\"https:\/\/static.africa-press.net\/burkina\/sites\/42\/2021\/04\/img-6080098530408.jpg\",\"width\":750,\"height\":432,\"caption\":\"Burkina Faso : D\u00e9bat autour du plan strat\u00e9gique de lutte contre le paludisme\"},{\"@type\":\"BreadcrumbList\",\"@id\":\"https:\/\/www.africa-press.net\/burkina-faso\/toutes-les-actualites\/burkina-faso-debat-autour-du-plan-strategique-de-lutte-contre-le-paludisme#breadcrumb\",\"itemListElement\":[{\"@type\":\"ListItem\",\"position\":1,\"name\":\"Accueil\",\"item\":\"https:\/\/www.africa-press.net\/burkina-faso\/\"},{\"@type\":\"ListItem\",\"position\":2,\"name\":\"D\u00e9bat autour du plan strat\u00e9gique de lutte contre le paludisme\"}]},{\"@type\":\"WebSite\",\"@id\":\"https:\/\/www.africa-press.net\/burkina-faso\/#website\",\"url\":\"https:\/\/www.africa-press.net\/burkina-faso\/\",\"name\":\"Burkina Faso\",\"description\":\"Just another Africa News Agency Sites site\",\"potentialAction\":[{\"@type\":\"SearchAction\",\"target\":{\"@type\":\"EntryPoint\",\"urlTemplate\":\"https:\/\/www.africa-press.net\/burkina-faso\/?s={search_term_string}\"},\"query-input\":{\"@type\":\"PropertyValueSpecification\",\"valueRequired\":true,\"valueName\":\"search_term_string\"}}],\"inLanguage\":\"fr-FR\"},{\"@type\":\"Person\",\"@id\":\"https:\/\/www.africa-press.net\/burkina-faso\/#\/schema\/person\/2b1cf3cd81a31e3cd26889ca66d677f1\",\"name\":\"cfeditorfr\"}]}<\/script>\n<!-- \/ Yoast SEO Premium plugin. -->","yoast_head_json":{"title":"D\u00e9bat autour du plan strat\u00e9gique de lutte contre le paludisme - Burkina Faso","description":"Le Programme national de lutte contre le paludisme (PNLP) a r\u00e9uni le mardi 20 avril 2021, \u00e0 Ouagadougou, les acteurs ...","robots":{"index":"index","follow":"follow","max-snippet":"max-snippet:-1","max-image-preview":"max-image-preview:large","max-video-preview":"max-video-preview:-1"},"canonical":"https:\/\/www.africa-press.net\/burkina-faso\/toutes-les-actualites\/burkina-faso-debat-autour-du-plan-strategique-de-lutte-contre-le-paludisme","og_locale":"fr_FR","og_type":"article","og_title":"D\u00e9bat autour du plan strat\u00e9gique de lutte contre le paludisme","og_description":"Le Programme national de lutte contre le paludisme (PNLP) a r\u00e9uni le mardi 20 avril 2021, \u00e0 Ouagadougou, les acteurs ...","og_url":"https:\/\/www.africa-press.net\/burkina-faso\/toutes-les-actualites\/burkina-faso-debat-autour-du-plan-strategique-de-lutte-contre-le-paludisme","og_site_name":"Burkina Faso","article_published_time":"2021-04-21T12:12:36+00:00","article_modified_time":"2021-04-21T12:57:46+00:00","og_image":[{"width":750,"height":432,"url":"https:\/\/static.africa-press.net\/burkina\/sites\/42\/2021\/04\/img-6080098530408.jpg","type":"image\/jpeg"}],"author":"cfeditorfr","twitter_card":"summary_large_image","twitter_misc":{"\u00c9crit par":"cfeditorfr","Dur\u00e9e de lecture estim\u00e9e":"3 minutes"},"schema":{"@context":"https:\/\/schema.org","@graph":[{"@type":"Article","@id":"https:\/\/www.africa-press.net\/burkina-faso\/toutes-les-actualites\/burkina-faso-debat-autour-du-plan-strategique-de-lutte-contre-le-paludisme#article","isPartOf":{"@id":"https:\/\/www.africa-press.net\/burkina-faso\/toutes-les-actualites\/burkina-faso-debat-autour-du-plan-strategique-de-lutte-contre-le-paludisme"},"author":{"name":"cfeditorfr","@id":"https:\/\/www.africa-press.net\/burkina-faso\/#\/schema\/person\/2b1cf3cd81a31e3cd26889ca66d677f1"},"headline":"D\u00e9bat autour du plan strat\u00e9gique de lutte contre le paludisme","datePublished":"2021-04-21T12:12:36+00:00","dateModified":"2021-04-21T12:57:46+00:00","mainEntityOfPage":{"@id":"https:\/\/www.africa-press.net\/burkina-faso\/toutes-les-actualites\/burkina-faso-debat-autour-du-plan-strategique-de-lutte-contre-le-paludisme"},"wordCount":598,"commentCount":0,"image":{"@id":"https:\/\/www.africa-press.net\/burkina-faso\/toutes-les-actualites\/burkina-faso-debat-autour-du-plan-strategique-de-lutte-contre-le-paludisme#primaryimage"},"thumbnailUrl":"https:\/\/static.africa-press.net\/burkina\/sites\/42\/2021\/04\/img-6080098530408.jpg","keywords":["Africa Press","Africa Press-Burkina Faso","Burkina Faso"],"articleSection":["Communaut\u00e9","homepage-french","Toutes les actualit\u00e9s"],"inLanguage":"fr-FR","potentialAction":[{"@type":"CommentAction","name":"Comment","target":["https:\/\/www.africa-press.net\/burkina-faso\/toutes-les-actualites\/burkina-faso-debat-autour-du-plan-strategique-de-lutte-contre-le-paludisme#respond"]}]},{"@type":"WebPage","@id":"https:\/\/www.africa-press.net\/burkina-faso\/toutes-les-actualites\/burkina-faso-debat-autour-du-plan-strategique-de-lutte-contre-le-paludisme","url":"https:\/\/www.africa-press.net\/burkina-faso\/toutes-les-actualites\/burkina-faso-debat-autour-du-plan-strategique-de-lutte-contre-le-paludisme","name":"D\u00e9bat autour du plan strat\u00e9gique de lutte contre le paludisme - Burkina Faso","isPartOf":{"@id":"https:\/\/www.africa-press.net\/burkina-faso\/#website"},"primaryImageOfPage":{"@id":"https:\/\/www.africa-press.net\/burkina-faso\/toutes-les-actualites\/burkina-faso-debat-autour-du-plan-strategique-de-lutte-contre-le-paludisme#primaryimage"},"image":{"@id":"https:\/\/www.africa-press.net\/burkina-faso\/toutes-les-actualites\/burkina-faso-debat-autour-du-plan-strategique-de-lutte-contre-le-paludisme#primaryimage"},"thumbnailUrl":"https:\/\/static.africa-press.net\/burkina\/sites\/42\/2021\/04\/img-6080098530408.jpg","datePublished":"2021-04-21T12:12:36+00:00","dateModified":"2021-04-21T12:57:46+00:00","author":{"@id":"https:\/\/www.africa-press.net\/burkina-faso\/#\/schema\/person\/2b1cf3cd81a31e3cd26889ca66d677f1"},"description":"Le Programme national de lutte contre le paludisme (PNLP) a r\u00e9uni le mardi 20 avril 2021, \u00e0 Ouagadougou, les acteurs ...","breadcrumb":{"@id":"https:\/\/www.africa-press.net\/burkina-faso\/toutes-les-actualites\/burkina-faso-debat-autour-du-plan-strategique-de-lutte-contre-le-paludisme#breadcrumb"},"inLanguage":"fr-FR","potentialAction":[{"@type":"ReadAction","target":["https:\/\/www.africa-press.net\/burkina-faso\/toutes-les-actualites\/burkina-faso-debat-autour-du-plan-strategique-de-lutte-contre-le-paludisme"]}]},{"@type":"ImageObject","inLanguage":"fr-FR","@id":"https:\/\/www.africa-press.net\/burkina-faso\/toutes-les-actualites\/burkina-faso-debat-autour-du-plan-strategique-de-lutte-contre-le-paludisme#primaryimage","url":"https:\/\/static.africa-press.net\/burkina\/sites\/42\/2021\/04\/img-6080098530408.jpg","contentUrl":"https:\/\/static.africa-press.net\/burkina\/sites\/42\/2021\/04\/img-6080098530408.jpg","width":750,"height":432,"caption":"Burkina Faso : D\u00e9bat autour du plan strat\u00e9gique de lutte contre le paludisme"},{"@type":"BreadcrumbList","@id":"https:\/\/www.africa-press.net\/burkina-faso\/toutes-les-actualites\/burkina-faso-debat-autour-du-plan-strategique-de-lutte-contre-le-paludisme#breadcrumb","itemListElement":[{"@type":"ListItem","position":1,"name":"Accueil","item":"https:\/\/www.africa-press.net\/burkina-faso\/"},{"@type":"ListItem","position":2,"name":"D\u00e9bat autour du plan strat\u00e9gique de lutte contre le paludisme"}]},{"@type":"WebSite","@id":"https:\/\/www.africa-press.net\/burkina-faso\/#website","url":"https:\/\/www.africa-press.net\/burkina-faso\/","name":"Burkina Faso","description":"Just another Africa News Agency Sites site","potentialAction":[{"@type":"SearchAction","target":{"@type":"EntryPoint","urlTemplate":"https:\/\/www.africa-press.net\/burkina-faso\/?s={search_term_string}"},"query-input":{"@type":"PropertyValueSpecification","valueRequired":true,"valueName":"search_term_string"}}],"inLanguage":"fr-FR"},{"@type":"Person","@id":"https:\/\/www.africa-press.net\/burkina-faso\/#\/schema\/person\/2b1cf3cd81a31e3cd26889ca66d677f1","name":"cfeditorfr"}]}},"_links":{"self":[{"href":"https:\/\/www.africa-press.net\/burkina-faso\/wp-json\/wp\/v2\/posts\/10327","targetHints":{"allow":["GET"]}}],"collection":[{"href":"https:\/\/www.africa-press.net\/burkina-faso\/wp-json\/wp\/v2\/posts"}],"about":[{"href":"https:\/\/www.africa-press.net\/burkina-faso\/wp-json\/wp\/v2\/types\/post"}],"author":[{"embeddable":true,"href":"https:\/\/www.africa-press.net\/burkina-faso\/wp-json\/wp\/v2\/users\/82"}],"replies":[{"embeddable":true,"href":"https:\/\/www.africa-press.net\/burkina-faso\/wp-json\/wp\/v2\/comments?post=10327"}],"version-history":[{"count":0,"href":"https:\/\/www.africa-press.net\/burkina-faso\/wp-json\/wp\/v2\/posts\/10327\/revisions"}],"wp:featuredmedia":[{"embeddable":true,"href":"https:\/\/www.africa-press.net\/burkina-faso\/wp-json\/wp\/v2\/media\/10326"}],"wp:attachment":[{"href":"https:\/\/www.africa-press.net\/burkina-faso\/wp-json\/wp\/v2\/media?parent=10327"}],"wp:term":[{"taxonomy":"category","embeddable":true,"href":"https:\/\/www.africa-press.net\/burkina-faso\/wp-json\/wp\/v2\/categories?post=10327"},{"taxonomy":"post_tag","embeddable":true,"href":"https:\/\/www.africa-press.net\/burkina-faso\/wp-json\/wp\/v2\/tags?post=10327"}],"curies":[{"name":"wp","href":"https:\/\/api.w.org\/{rel}","templated":true}]}}