{"id":10330,"date":"2021-04-21T12:24:35","date_gmt":"2021-04-21T12:24:35","guid":{"rendered":"https:\/\/www.africa-press.net\/burkina-faso\/?p=10330"},"modified":"2021-04-21T12:57:57","modified_gmt":"2021-04-21T12:57:57","slug":"burkina-faso-10-kilometres-a-pied-pour-soutenir-les-dialyses","status":"publish","type":"post","link":"https:\/\/www.africa-press.net\/burkina-faso\/toutes-les-actualites\/burkina-faso-10-kilometres-a-pied-pour-soutenir-les-dialyses","title":{"rendered":"10 kilom\u00e8tres \u00e0 pied pour soutenir les dialys\u00e9s"},"content":{"rendered":"<p><span style=\"color: #ff6600\"><strong><a href=\"https:\/\/www.africa-press.net\/\">Africa-Press<\/a> &#8211; <a href=\"https:\/\/www.africa-press.net\/burkina-faso\">Burkina Faso<\/a>. <\/strong><\/span>Des jeunes ont manifest\u00e9 leur soutien aux personnes vivant avec une insuffisance r\u00e9nale et aux dialys\u00e9s ce mardi 20 avril 2021 \u00e0 Ouagadougou. A travers une marche relais, ils veulent attirer l\u2019attention des autorit\u00e9s afin que des d\u00e9cisions puissent \u00eatre prises pour accompagner les malades. Il faut noter \u00e9galement que cette marche a \u00e9t\u00e9 suivie dans d\u2019autres localit\u00e9s comme P\u00f4, Nouna, Bobo-Bioulasso et aux Etats-Unis d\u2019Am\u00e9rique.<\/p>\n<p>Du rond-point des cin\u00e9astes au carrefour de la t\u00e9l\u00e9vision BF1, soit environ 10 kilom\u00e8tres, c\u2019est la distance parcourue par les marcheurs en cette journ\u00e9e pour marquer leur soutien aux personnes dialys\u00e9es. Selon le promoteur de l\u2019initiative, Constant Y\u00e9 Bazi\u00e9, cette marche a pour vision d\u2019apporter un peu de r\u00e9confort aux malades qui \u00ab vivent pratiquement seuls avec leurs familles \u00bb. \u00ab Nous plaidons aupr\u00e8s des autorit\u00e9s pour qu\u2019ils mettent plus de ressources, de moyens. Et ce, m\u00eame si c\u2019est en termes de subventions \u00bb, a-t-il laiss\u00e9 entendre.<\/p>\n<p>Selon ses propos, le Burkina compte entre 700 et 1 000 dialys\u00e9s. Une prise en charge de ces malades n\u00e9cessiterait environ 13 milliards de Francs CFA. Une enveloppe qui \u00ab n\u2019est pas la mer \u00e0 boire \u00bb selon Constant Y\u00e9 Bazi\u00e9, surtout qu\u2019il s\u2019agit d\u2019une question de sant\u00e9. \u00ab Comme vous le savez, quand le rein est atteint, il ne se r\u00e9g\u00e9n\u00e8re pas. Il faut forcement faire une greffe \u00bb, a-t-il ajout\u00e9. Il refuse donc de laisser ces dialys\u00e9s face \u00e0 leur sort car pour lui, \u00ab au Burkina, quand quelqu\u2019un est atteint d\u2019insuffisance r\u00e9nale, on le voit comme quelqu\u2019un qui est d\u00e9j\u00e0 mort \u00bb.<\/p>\n<p>Ce qu\u2019il demande d\u2019\u00e9viter, c\u2019est de laisser les malades souffrir du stress de manque de moyens. C\u2019est alors un appel qu\u2019il lance afin de toucher les c\u0153urs. Pour B\u00e9atrice Soubi\u00e8ga, une dialys\u00e9e, le geste pos\u00e9 par les jeunes est lourd de sens. \u00ab Je suis pratiquement sans mots. C\u2019est tr\u00e8s louable et noble. Il n\u2019y a rien de tel que de marcher pour une telle cause \u00bb, a-t-elle exprim\u00e9.<\/p>\n<p>Selon ses propos, la dialyse est \u00ab une maladie tr\u00e8s co\u00fbteuse \u00bb car elle n\u00e9cessite des moyens cons\u00e9quents pour la prise en charge. En effet, avant de d\u00e9buter la dialyse, il faut d\u00e9poser une somme de 500 000 Francs CFA, selon les dires de B\u00e9atrice Soubi\u00e8ga.<\/p>\n<p>Apr\u00e8s cette \u00e9tape, chaque dialyse co\u00fbte 90 000 Francs CFA par s\u00e9ance dans le priv\u00e9. Pourtant, les dialys\u00e9s ont besoin de trois s\u00e9ances par semaine. Ce qui fait un total de plus d\u2019un million de Francs CFA par mois, selon les explications de Constant Bazi\u00e9. Une situation \u00ab lourde \u00bb de son point de vue quand on voit le revenu d\u2019un Burkinab\u00e8 moyen. Cette marche a \u00e9t\u00e9 une occasion \u00e9galement pour ces jeunes de demander une l\u00e9gislation sur l\u2019utilisation de certains pesticides et des insecticides. Basile SAMA<\/p>\n","protected":false},"excerpt":{"rendered":"<p>Africa-Press &#8211; Burkina Faso. Des jeunes ont manifest\u00e9 leur soutien aux personnes vivant avec une insuffisance r\u00e9nale et aux dialys\u00e9s ce mardi 20 avril 2021 \u00e0 Ouagadougou. A travers une marche relais, ils veulent attirer l\u2019attention des autorit\u00e9s afin que des d\u00e9cisions puissent \u00eatre prises pour accompagner les malades. Il faut noter \u00e9galement que cette [&hellip;]<\/p>\n","protected":false},"author":82,"featured_media":10329,"comment_status":"open","ping_status":"closed","sticky":false,"template":"","format":"standard","meta":{"footnotes":""},"categories":[21,11,10],"tags":[111,725,29],"class_list":["post-10330","post","type-post","status-publish","format-standard","has-post-thumbnail","hentry","category-communaute","category-homepage-french","category-toutes-les-actualites","tag-africa-press","tag-africa-press-burkina-faso","tag-burkina-faso"],"yoast_head":"<!-- This site is optimized with the Yoast SEO Premium plugin v26.1 (Yoast SEO v27.0) - https:\/\/yoast.com\/product\/yoast-seo-premium-wordpress\/ -->\n<title>10 kilom\u00e8tres \u00e0 pied pour soutenir les dialys\u00e9s - Burkina Faso<\/title>\n<meta name=\"description\" content=\"Des jeunes ont manifest\u00e9 leur soutien aux personnes vivant avec une insuffisance r\u00e9nale et aux dialys\u00e9s ce mardi 20 avri ...\" \/>\n<meta name=\"robots\" content=\"index, follow, max-snippet:-1, max-image-preview:large, max-video-preview:-1\" \/>\n<link rel=\"canonical\" href=\"https:\/\/www.africa-press.net\/burkina-faso\/toutes-les-actualites\/burkina-faso-10-kilometres-a-pied-pour-soutenir-les-dialyses\" \/>\n<meta property=\"og:locale\" content=\"fr_FR\" \/>\n<meta property=\"og:type\" content=\"article\" \/>\n<meta property=\"og:title\" content=\"10 kilom\u00e8tres \u00e0 pied pour soutenir les dialys\u00e9s\" \/>\n<meta property=\"og:description\" content=\"Des jeunes ont manifest\u00e9 leur soutien aux personnes vivant avec une insuffisance r\u00e9nale et aux dialys\u00e9s ce mardi 20 avri ...\" \/>\n<meta property=\"og:url\" content=\"https:\/\/www.africa-press.net\/burkina-faso\/toutes-les-actualites\/burkina-faso-10-kilometres-a-pied-pour-soutenir-les-dialyses\" \/>\n<meta property=\"og:site_name\" content=\"Burkina Faso\" \/>\n<meta property=\"article:published_time\" content=\"2021-04-21T12:24:35+00:00\" \/>\n<meta property=\"article:modified_time\" content=\"2021-04-21T12:57:57+00:00\" \/>\n<meta property=\"og:image\" content=\"https:\/\/static.africa-press.net\/burkina\/sites\/42\/2021\/04\/img-608009baa06b7.jpg\" \/>\n\t<meta property=\"og:image:width\" content=\"1024\" \/>\n\t<meta property=\"og:image:height\" content=\"571\" \/>\n\t<meta property=\"og:image:type\" content=\"image\/jpeg\" \/>\n<meta name=\"author\" content=\"cfeditorfr\" \/>\n<meta name=\"twitter:card\" content=\"summary_large_image\" \/>\n<meta name=\"twitter:label1\" content=\"\u00c9crit par\" \/>\n\t<meta name=\"twitter:data1\" content=\"cfeditorfr\" \/>\n\t<meta name=\"twitter:label2\" content=\"Dur\u00e9e de lecture estim\u00e9e\" \/>\n\t<meta name=\"twitter:data2\" content=\"3 minutes\" \/>\n<script type=\"application\/ld+json\" class=\"yoast-schema-graph\">{\"@context\":\"https:\/\/schema.org\",\"@graph\":[{\"@type\":\"Article\",\"@id\":\"https:\/\/www.africa-press.net\/burkina-faso\/toutes-les-actualites\/burkina-faso-10-kilometres-a-pied-pour-soutenir-les-dialyses#article\",\"isPartOf\":{\"@id\":\"https:\/\/www.africa-press.net\/burkina-faso\/toutes-les-actualites\/burkina-faso-10-kilometres-a-pied-pour-soutenir-les-dialyses\"},\"author\":{\"name\":\"cfeditorfr\",\"@id\":\"https:\/\/www.africa-press.net\/burkina-faso\/#\/schema\/person\/2b1cf3cd81a31e3cd26889ca66d677f1\"},\"headline\":\"10 kilom\u00e8tres \u00e0 pied pour soutenir les dialys\u00e9s\",\"datePublished\":\"2021-04-21T12:24:35+00:00\",\"dateModified\":\"2021-04-21T12:57:57+00:00\",\"mainEntityOfPage\":{\"@id\":\"https:\/\/www.africa-press.net\/burkina-faso\/toutes-les-actualites\/burkina-faso-10-kilometres-a-pied-pour-soutenir-les-dialyses\"},\"wordCount\":510,\"commentCount\":0,\"image\":{\"@id\":\"https:\/\/www.africa-press.net\/burkina-faso\/toutes-les-actualites\/burkina-faso-10-kilometres-a-pied-pour-soutenir-les-dialyses#primaryimage\"},\"thumbnailUrl\":\"https:\/\/static.africa-press.net\/burkina\/sites\/42\/2021\/04\/img-608009baa06b7.jpg\",\"keywords\":[\"Africa Press\",\"Africa Press-Burkina Faso\",\"Burkina Faso\"],\"articleSection\":[\"Communaut\u00e9\",\"homepage-french\",\"Toutes les actualit\u00e9s\"],\"inLanguage\":\"fr-FR\",\"potentialAction\":[{\"@type\":\"CommentAction\",\"name\":\"Comment\",\"target\":[\"https:\/\/www.africa-press.net\/burkina-faso\/toutes-les-actualites\/burkina-faso-10-kilometres-a-pied-pour-soutenir-les-dialyses#respond\"]}]},{\"@type\":\"WebPage\",\"@id\":\"https:\/\/www.africa-press.net\/burkina-faso\/toutes-les-actualites\/burkina-faso-10-kilometres-a-pied-pour-soutenir-les-dialyses\",\"url\":\"https:\/\/www.africa-press.net\/burkina-faso\/toutes-les-actualites\/burkina-faso-10-kilometres-a-pied-pour-soutenir-les-dialyses\",\"name\":\"10 kilom\u00e8tres \u00e0 pied pour soutenir les dialys\u00e9s - Burkina Faso\",\"isPartOf\":{\"@id\":\"https:\/\/www.africa-press.net\/burkina-faso\/#website\"},\"primaryImageOfPage\":{\"@id\":\"https:\/\/www.africa-press.net\/burkina-faso\/toutes-les-actualites\/burkina-faso-10-kilometres-a-pied-pour-soutenir-les-dialyses#primaryimage\"},\"image\":{\"@id\":\"https:\/\/www.africa-press.net\/burkina-faso\/toutes-les-actualites\/burkina-faso-10-kilometres-a-pied-pour-soutenir-les-dialyses#primaryimage\"},\"thumbnailUrl\":\"https:\/\/static.africa-press.net\/burkina\/sites\/42\/2021\/04\/img-608009baa06b7.jpg\",\"datePublished\":\"2021-04-21T12:24:35+00:00\",\"dateModified\":\"2021-04-21T12:57:57+00:00\",\"author\":{\"@id\":\"https:\/\/www.africa-press.net\/burkina-faso\/#\/schema\/person\/2b1cf3cd81a31e3cd26889ca66d677f1\"},\"description\":\"Des jeunes ont manifest\u00e9 leur soutien aux personnes vivant avec une insuffisance r\u00e9nale et aux dialys\u00e9s ce mardi 20 avri ...\",\"breadcrumb\":{\"@id\":\"https:\/\/www.africa-press.net\/burkina-faso\/toutes-les-actualites\/burkina-faso-10-kilometres-a-pied-pour-soutenir-les-dialyses#breadcrumb\"},\"inLanguage\":\"fr-FR\",\"potentialAction\":[{\"@type\":\"ReadAction\",\"target\":[\"https:\/\/www.africa-press.net\/burkina-faso\/toutes-les-actualites\/burkina-faso-10-kilometres-a-pied-pour-soutenir-les-dialyses\"]}]},{\"@type\":\"ImageObject\",\"inLanguage\":\"fr-FR\",\"@id\":\"https:\/\/www.africa-press.net\/burkina-faso\/toutes-les-actualites\/burkina-faso-10-kilometres-a-pied-pour-soutenir-les-dialyses#primaryimage\",\"url\":\"https:\/\/static.africa-press.net\/burkina\/sites\/42\/2021\/04\/img-608009baa06b7.jpg\",\"contentUrl\":\"https:\/\/static.africa-press.net\/burkina\/sites\/42\/2021\/04\/img-608009baa06b7.jpg\",\"width\":1024,\"height\":571,\"caption\":\"Burkina Faso : 10 kilom\u00e8tres \u00e0 pied pour soutenir les dialys\u00e9s\"},{\"@type\":\"BreadcrumbList\",\"@id\":\"https:\/\/www.africa-press.net\/burkina-faso\/toutes-les-actualites\/burkina-faso-10-kilometres-a-pied-pour-soutenir-les-dialyses#breadcrumb\",\"itemListElement\":[{\"@type\":\"ListItem\",\"position\":1,\"name\":\"Accueil\",\"item\":\"https:\/\/www.africa-press.net\/burkina-faso\/\"},{\"@type\":\"ListItem\",\"position\":2,\"name\":\"10 kilom\u00e8tres \u00e0 pied pour soutenir les dialys\u00e9s\"}]},{\"@type\":\"WebSite\",\"@id\":\"https:\/\/www.africa-press.net\/burkina-faso\/#website\",\"url\":\"https:\/\/www.africa-press.net\/burkina-faso\/\",\"name\":\"Burkina Faso\",\"description\":\"Just another Africa News Agency Sites site\",\"potentialAction\":[{\"@type\":\"SearchAction\",\"target\":{\"@type\":\"EntryPoint\",\"urlTemplate\":\"https:\/\/www.africa-press.net\/burkina-faso\/?s={search_term_string}\"},\"query-input\":{\"@type\":\"PropertyValueSpecification\",\"valueRequired\":true,\"valueName\":\"search_term_string\"}}],\"inLanguage\":\"fr-FR\"},{\"@type\":\"Person\",\"@id\":\"https:\/\/www.africa-press.net\/burkina-faso\/#\/schema\/person\/2b1cf3cd81a31e3cd26889ca66d677f1\",\"name\":\"cfeditorfr\"}]}<\/script>\n<!-- \/ Yoast SEO Premium plugin. -->","yoast_head_json":{"title":"10 kilom\u00e8tres \u00e0 pied pour soutenir les dialys\u00e9s - Burkina Faso","description":"Des jeunes ont manifest\u00e9 leur soutien aux personnes vivant avec une insuffisance r\u00e9nale et aux dialys\u00e9s ce mardi 20 avri ...","robots":{"index":"index","follow":"follow","max-snippet":"max-snippet:-1","max-image-preview":"max-image-preview:large","max-video-preview":"max-video-preview:-1"},"canonical":"https:\/\/www.africa-press.net\/burkina-faso\/toutes-les-actualites\/burkina-faso-10-kilometres-a-pied-pour-soutenir-les-dialyses","og_locale":"fr_FR","og_type":"article","og_title":"10 kilom\u00e8tres \u00e0 pied pour soutenir les dialys\u00e9s","og_description":"Des jeunes ont manifest\u00e9 leur soutien aux personnes vivant avec une insuffisance r\u00e9nale et aux dialys\u00e9s ce mardi 20 avri ...","og_url":"https:\/\/www.africa-press.net\/burkina-faso\/toutes-les-actualites\/burkina-faso-10-kilometres-a-pied-pour-soutenir-les-dialyses","og_site_name":"Burkina Faso","article_published_time":"2021-04-21T12:24:35+00:00","article_modified_time":"2021-04-21T12:57:57+00:00","og_image":[{"width":1024,"height":571,"url":"https:\/\/static.africa-press.net\/burkina\/sites\/42\/2021\/04\/img-608009baa06b7.jpg","type":"image\/jpeg"}],"author":"cfeditorfr","twitter_card":"summary_large_image","twitter_misc":{"\u00c9crit par":"cfeditorfr","Dur\u00e9e de lecture estim\u00e9e":"3 minutes"},"schema":{"@context":"https:\/\/schema.org","@graph":[{"@type":"Article","@id":"https:\/\/www.africa-press.net\/burkina-faso\/toutes-les-actualites\/burkina-faso-10-kilometres-a-pied-pour-soutenir-les-dialyses#article","isPartOf":{"@id":"https:\/\/www.africa-press.net\/burkina-faso\/toutes-les-actualites\/burkina-faso-10-kilometres-a-pied-pour-soutenir-les-dialyses"},"author":{"name":"cfeditorfr","@id":"https:\/\/www.africa-press.net\/burkina-faso\/#\/schema\/person\/2b1cf3cd81a31e3cd26889ca66d677f1"},"headline":"10 kilom\u00e8tres \u00e0 pied pour soutenir les dialys\u00e9s","datePublished":"2021-04-21T12:24:35+00:00","dateModified":"2021-04-21T12:57:57+00:00","mainEntityOfPage":{"@id":"https:\/\/www.africa-press.net\/burkina-faso\/toutes-les-actualites\/burkina-faso-10-kilometres-a-pied-pour-soutenir-les-dialyses"},"wordCount":510,"commentCount":0,"image":{"@id":"https:\/\/www.africa-press.net\/burkina-faso\/toutes-les-actualites\/burkina-faso-10-kilometres-a-pied-pour-soutenir-les-dialyses#primaryimage"},"thumbnailUrl":"https:\/\/static.africa-press.net\/burkina\/sites\/42\/2021\/04\/img-608009baa06b7.jpg","keywords":["Africa Press","Africa Press-Burkina Faso","Burkina Faso"],"articleSection":["Communaut\u00e9","homepage-french","Toutes les actualit\u00e9s"],"inLanguage":"fr-FR","potentialAction":[{"@type":"CommentAction","name":"Comment","target":["https:\/\/www.africa-press.net\/burkina-faso\/toutes-les-actualites\/burkina-faso-10-kilometres-a-pied-pour-soutenir-les-dialyses#respond"]}]},{"@type":"WebPage","@id":"https:\/\/www.africa-press.net\/burkina-faso\/toutes-les-actualites\/burkina-faso-10-kilometres-a-pied-pour-soutenir-les-dialyses","url":"https:\/\/www.africa-press.net\/burkina-faso\/toutes-les-actualites\/burkina-faso-10-kilometres-a-pied-pour-soutenir-les-dialyses","name":"10 kilom\u00e8tres \u00e0 pied pour soutenir les dialys\u00e9s - Burkina Faso","isPartOf":{"@id":"https:\/\/www.africa-press.net\/burkina-faso\/#website"},"primaryImageOfPage":{"@id":"https:\/\/www.africa-press.net\/burkina-faso\/toutes-les-actualites\/burkina-faso-10-kilometres-a-pied-pour-soutenir-les-dialyses#primaryimage"},"image":{"@id":"https:\/\/www.africa-press.net\/burkina-faso\/toutes-les-actualites\/burkina-faso-10-kilometres-a-pied-pour-soutenir-les-dialyses#primaryimage"},"thumbnailUrl":"https:\/\/static.africa-press.net\/burkina\/sites\/42\/2021\/04\/img-608009baa06b7.jpg","datePublished":"2021-04-21T12:24:35+00:00","dateModified":"2021-04-21T12:57:57+00:00","author":{"@id":"https:\/\/www.africa-press.net\/burkina-faso\/#\/schema\/person\/2b1cf3cd81a31e3cd26889ca66d677f1"},"description":"Des jeunes ont manifest\u00e9 leur soutien aux personnes vivant avec une insuffisance r\u00e9nale et aux dialys\u00e9s ce mardi 20 avri ...","breadcrumb":{"@id":"https:\/\/www.africa-press.net\/burkina-faso\/toutes-les-actualites\/burkina-faso-10-kilometres-a-pied-pour-soutenir-les-dialyses#breadcrumb"},"inLanguage":"fr-FR","potentialAction":[{"@type":"ReadAction","target":["https:\/\/www.africa-press.net\/burkina-faso\/toutes-les-actualites\/burkina-faso-10-kilometres-a-pied-pour-soutenir-les-dialyses"]}]},{"@type":"ImageObject","inLanguage":"fr-FR","@id":"https:\/\/www.africa-press.net\/burkina-faso\/toutes-les-actualites\/burkina-faso-10-kilometres-a-pied-pour-soutenir-les-dialyses#primaryimage","url":"https:\/\/static.africa-press.net\/burkina\/sites\/42\/2021\/04\/img-608009baa06b7.jpg","contentUrl":"https:\/\/static.africa-press.net\/burkina\/sites\/42\/2021\/04\/img-608009baa06b7.jpg","width":1024,"height":571,"caption":"Burkina Faso : 10 kilom\u00e8tres \u00e0 pied pour soutenir les dialys\u00e9s"},{"@type":"BreadcrumbList","@id":"https:\/\/www.africa-press.net\/burkina-faso\/toutes-les-actualites\/burkina-faso-10-kilometres-a-pied-pour-soutenir-les-dialyses#breadcrumb","itemListElement":[{"@type":"ListItem","position":1,"name":"Accueil","item":"https:\/\/www.africa-press.net\/burkina-faso\/"},{"@type":"ListItem","position":2,"name":"10 kilom\u00e8tres \u00e0 pied pour soutenir les dialys\u00e9s"}]},{"@type":"WebSite","@id":"https:\/\/www.africa-press.net\/burkina-faso\/#website","url":"https:\/\/www.africa-press.net\/burkina-faso\/","name":"Burkina Faso","description":"Just another Africa News Agency Sites site","potentialAction":[{"@type":"SearchAction","target":{"@type":"EntryPoint","urlTemplate":"https:\/\/www.africa-press.net\/burkina-faso\/?s={search_term_string}"},"query-input":{"@type":"PropertyValueSpecification","valueRequired":true,"valueName":"search_term_string"}}],"inLanguage":"fr-FR"},{"@type":"Person","@id":"https:\/\/www.africa-press.net\/burkina-faso\/#\/schema\/person\/2b1cf3cd81a31e3cd26889ca66d677f1","name":"cfeditorfr"}]}},"_links":{"self":[{"href":"https:\/\/www.africa-press.net\/burkina-faso\/wp-json\/wp\/v2\/posts\/10330","targetHints":{"allow":["GET"]}}],"collection":[{"href":"https:\/\/www.africa-press.net\/burkina-faso\/wp-json\/wp\/v2\/posts"}],"about":[{"href":"https:\/\/www.africa-press.net\/burkina-faso\/wp-json\/wp\/v2\/types\/post"}],"author":[{"embeddable":true,"href":"https:\/\/www.africa-press.net\/burkina-faso\/wp-json\/wp\/v2\/users\/82"}],"replies":[{"embeddable":true,"href":"https:\/\/www.africa-press.net\/burkina-faso\/wp-json\/wp\/v2\/comments?post=10330"}],"version-history":[{"count":0,"href":"https:\/\/www.africa-press.net\/burkina-faso\/wp-json\/wp\/v2\/posts\/10330\/revisions"}],"wp:featuredmedia":[{"embeddable":true,"href":"https:\/\/www.africa-press.net\/burkina-faso\/wp-json\/wp\/v2\/media\/10329"}],"wp:attachment":[{"href":"https:\/\/www.africa-press.net\/burkina-faso\/wp-json\/wp\/v2\/media?parent=10330"}],"wp:term":[{"taxonomy":"category","embeddable":true,"href":"https:\/\/www.africa-press.net\/burkina-faso\/wp-json\/wp\/v2\/categories?post=10330"},{"taxonomy":"post_tag","embeddable":true,"href":"https:\/\/www.africa-press.net\/burkina-faso\/wp-json\/wp\/v2\/tags?post=10330"}],"curies":[{"name":"wp","href":"https:\/\/api.w.org\/{rel}","templated":true}]}}