{"id":10363,"date":"2021-04-22T15:52:45","date_gmt":"2021-04-22T15:52:45","guid":{"rendered":"https:\/\/www.africa-press.net\/burkina-faso\/?p=10363"},"modified":"2021-04-22T20:29:29","modified_gmt":"2021-04-22T20:29:29","slug":"rehabilitation-route-gounghin-fada-le-gouvernement-ne-se-soucie-guere-des-problemes-connus-des-populations-mindieba-ouali-ressortissant-de-la-region-de-lest","status":"publish","type":"post","link":"https:\/\/www.africa-press.net\/burkina-faso\/toutes-les-actualites\/rehabilitation-route-gounghin-fada-le-gouvernement-ne-se-soucie-guere-des-problemes-connus-des-populations-mindieba-ouali-ressortissant-de-la-region-de-lest","title":{"rendered":"R\u00e9habilitation route Gounghin-Fada : \u00ab Le gouvernement ne se soucie gu\u00e8re des probl\u00e8mes connus des populations \u00bb, Mindi\u00e9ba Ouali, ressortissant de la r\u00e9gion de l\u2019Est"},"content":{"rendered":"<p><span style=\"color: #ff6600\"><strong><a href=\"https:\/\/www.africa-press.net\/\">Africa-Press<\/a> &#8211; <a href=\"https:\/\/www.africa-press.net\/burkina-faso\">Burkina Faso<\/a>. <\/strong><\/span><b>La route nationale N\u00b04 notamment le tron\u00e7on Gounghin-Fada, dont le lancement des travaux de r\u00e9habilitation est intervenu le 19 septembre 2020, est en \u00e9tat de d\u00e9gradation avanc\u00e9e. Cette situation affecte depuis les populations locales en mati\u00e8re de mobilit\u00e9 et aussi le d\u00e9veloppement des activit\u00e9s. Pour exprimer leur ras-le-bol, une trentaine d\u2019organisations de la soci\u00e9t\u00e9 civile r\u00e9unies au sein du Mouvement U Gulmu Fi ont pr\u00e9vu une marche pacifique le 24 avril 2021 \u00e0 Fada N\u2019Gourma, chef lieu de la r\u00e9gion de l\u2019Est. Dans le cadre de cette initiative, Mindi\u00e9ba Ouali, travailleur social, bloggeur par ailleurs ressortissant de la r\u00e9gion de l\u2019Est, \u00e9tait l\u2019invit\u00e9 de , le mardi 20 avril 2021. Sans langue de bois, il a mis le doigt dans la plaie et invit\u00e9 le gouvernement burkinab\u00e8 \u00e0 revoir sa copie en mati\u00e8re de gouvernance locale.<\/b><\/p>\n<p><b> : Est-ce que vous pouvez nous d\u00e9peindre l\u2019\u00e9tat des lieux de la RN4 depuis le lancement des travaux de r\u00e9habilitation en 2020 ?<\/b><\/p>\n<p>Mindi\u00e9ba Ouali : 19 septembre 2020-19 avril 2021. Voil\u00e0 sept mois que les travaux de r\u00e9habilitation du tron\u00e7on Gounghin-Fada ont \u00e9t\u00e9 lanc\u00e9s avec beaucoup d\u2019enthousiasme de la part des populations et des usagers de cette route qui a fait et continue de faire souffrir les gens. Sept mois apr\u00e8s, on est toujours \u00e0 l\u2019\u00e9tape d\u2019acheminement des machines sur le terrain. Or le projet routier est d\u00e9clin\u00e9 en trois lots : Gounghin-Fada, Fada-Matiakoali et Matiakoali-fronti\u00e8re du Niger.<\/p>\n<p>Il y a quelque part de la d\u00e9magogie dans la gestion de ce projet routier. Les autorit\u00e9s \u00e9taient conscientes qu\u2019il n\u2019\u00e9tait pas possible de r\u00e9aliser dans l\u2019imm\u00e9diat cette infrastructure malgr\u00e9 tout, elles ont fait miroiter la population. Des propos tenus par le Premier ministre Christophe Dabir\u00e9, \u00e0 l\u2019\u00e9poque, il a promis qu\u2019il allait tout mettre en \u0153uvre pour que le lancement soit suivi imm\u00e9diatement du d\u00e9but effectif des travaux.<\/p>\n<p>Nous sommes d\u00e9\u00e7us de savoir que cette promesse qui \u00e9tait \u00e0 l\u2019entr\u00e9e de la campagne \u00e9lectorale n\u2019a pas \u00e9t\u00e9 tenue. C\u2019est vraiment dommage pour les populations et les usagers qui fondaient beaucoup d\u2019espoir sur cette r\u00e9habilitation. J\u2019ai pris la route, il y a moins de deux semaines. Et je puis vous assurer qu\u2019il n\u2019y a v\u00e9ritablement rien sur le terrain sauf quelques camions qui \u00e9taient stationn\u00e9s au niveau de la base de l\u2019entreprise qui a en charge l\u2019ex\u00e9cution des travaux du premier lot.<\/p>\n<p>C\u2019est r\u00e9cemment avec la visite du ministre (des Infrastructures) le 15 avril dernier qu\u2019ils ont annonc\u00e9 qu\u2019ils \u00e9taient en train de faire des d\u00e9viations. Ce qui ne peut pas sous-entendre que les choses ont v\u00e9ritablement d\u00e9marr\u00e9 pour ce premier. On n\u2019entend pas d\u2019information par rapport au deuxi\u00e8me et troisi\u00e8me lot. Alors qu\u2019ils ont la m\u00eame dur\u00e9e d\u2019ex\u00e9cution, \u00e0 savoir 30 mois.<\/p>\n<p><b>Pour la majorit\u00e9 des Burkinab\u00e8, la RN4 ne devrait pas faire l\u2019objet de pression pour sa r\u00e9habilitation au regard de sa position strat\u00e9gique. Est-ce que vous partagez ce point de vue ?<\/b><\/p>\n<p>Je suis d\u2019avis avec cette affirmation. Parce qu\u2019en termes de superficie, la r\u00e9gion de l\u2019Est couvre 17% du territoire national. Sur le plan \u00e9conomique, selon la Chambre du commerce, la contribution de la r\u00e9gion au PIB est fort appr\u00e9ciable. Elle est class\u00e9e 4e apr\u00e8s les r\u00e9gions du Centre, des Hauts-Bassins et de la Boucle du Mouhoun. Sur le plan touristique, c\u2019est la premi\u00e8re r\u00e9gion en termes de sites touristiques avec 129 sites.<\/p>\n<p>Au regard de tous ces \u00e9l\u00e9ments qui placent la r\u00e9gion de l\u2019Est sur un \u00e9chiquier assez important, on ne peut pas comprendre que les choses tra\u00eenent ainsi. Il n\u2019y a pas que la question de la RN4, d\u2019autres chantiers sont en souffrance comme la RN18, tron\u00e7on Fada-Bogand\u00e9. Il y a \u00e9galement la route Kantchari-Diapaga fronti\u00e8re du B\u00e9nin. En plus de tout cela, il y a la question s\u00e9curitaire.<\/p>\n<p>En effet, depuis 2019, la r\u00e9gion vit sous couvre-feu avec tout ce que cela comporte comme cons\u00e9quence sur la population et l\u2019emploi. A cela s\u2019ajoutent les d\u00e9faillances au niveau des formations sanitaires. Ce sont tous ces probl\u00e8mes r\u00e9unis qui font que les populations ont d\u00e9cid\u00e9 d\u2019observer une marche le 24 avril 2021 pour dire \u00ab non \u00bb \u00e0 une gouvernance qui ne se soucie pas des probl\u00e8mes connus des populations.<\/p>\n<p><b>Est-ce que vous avez une id\u00e9e de l\u2019itin\u00e9raire de cette marche ?<\/b><\/p>\n<p>Je pense que les organisateurs sont en train de peaufiner la strat\u00e9gie. Personnellement, je n\u2019ai pas encore connaissance de l\u2019itin\u00e9raire exact de la marche. Mais qu\u2019\u00e0 cela ne tienne, elle aura lieu dans la ville de Fada N\u2019Gourma. En temps opportun, les personnes habilit\u00e9es \u00e0 communiquer donneront plus de d\u00e9tail sur cette question.<\/p>\n<p><b>Est-ce que le ras-le-bol des ressortissants de la r\u00e9gion de l\u2019Est va se limiter seulement \u00e0 la marche qui avance \u00e0 grand pas ?<\/b><\/p>\n<p>Quand on \u00e9gr\u00e8ne un chapelet de souffrances que vivent les populations et les usagers de cette route et qu\u2019on les soumet \u00e0 l\u2019autorit\u00e9, dans un Etat normal, cela fera l\u2019objet d\u2019une analyse minutieuse. Peut-\u00eatre qu\u2019on n\u2019aura pas besoin d\u2019aller \u00e0 une autre \u00e9tape. Mais s\u2019il n\u2019y a pas de satisfaction alors que les probl\u00e8mes sont r\u00e9els, il va sans dire que d\u2019autres actions suivront pour interpeller l\u2019autorit\u00e9 dans son r\u00f4le r\u00e9galien.<\/p>\n<p><b>Un sujet \u00e0 pol\u00e9mique alimente l\u2019actualit\u00e9. Des voix s\u2019\u00e9l\u00e8vent pour d\u00e9crier le manque de projets d\u2019infrastructures dans cette zone. Quel est votre commentaire sur la question ?<\/b><\/p>\n<p>De mon avis, lorsque le gouvernement annonce qu\u2019il y a r\u00e9alis\u00e9 une infrastructure et que les populations disent le contraire, v\u00e9ritablement il faut croire \u00e0 la personne qui a plus de preuves. Et pour moi, c\u2019est la population parce qu\u2019elles se basent sur des faits r\u00e9els pour d\u00e9noncer les choses. Il y a un \u00e9l\u00e9ment important que j\u2019ai oubli\u00e9 d\u2019aborder, la question des phosphates naturels de Kodjari qui fait aussi l\u2019objet de la col\u00e8re des populations.<\/p>\n<p>Depuis 1978, ce phosphate est exploit\u00e9 dans la commune de Tansarga (province de la Tapoa). Il n\u2019y a pas de retomb\u00e9es pour les populations locales. L\u2019ann\u00e9e pass\u00e9e, elles \u00e9taient joyeuses d\u2019entendre qu\u2019il y a une usine de transformation qu\u2019on allait construite dans la r\u00e9gion. Mais contre toute attente, la construction de l\u2019usine a \u00e9t\u00e9 d\u00e9localis\u00e9e dans une autre r\u00e9gion.<\/p>\n<p><b>A ce propos, est-ce que vous avez des dol\u00e9ances \u00e0 l\u2019endroit des autorit\u00e9s ?<\/b><\/p>\n<p>Je pense qu\u2019il faut aller vers une gouvernance qui tient compte des potentialit\u00e9s de chaque r\u00e9gion et de ce que la r\u00e9gion peut apporter en termes de souffle pour le d\u00e9veloppement. Si on voit qu\u2019il y a un g\u00e9ant qui a du potentiel pour d\u00e9velopper le Burkina Faso et on laisse la r\u00e9gion de l\u2019Est \u00ab mourir \u00bb, nous nous pensons que c\u2019est dommage. S\u2019il y avait une vision politique, c\u2019est une zone qui pouvait \u00eatre un p\u00f4le de croissance parce qu\u2019elle est riche en sites touristiques.<\/p>\n<p>Si par exemple, il y avait la vision, les infrastructures et la s\u00e9curit\u00e9, \u00e7a serait une r\u00e9gion qui va apporter pour le d\u00e9veloppement. Parce que nul n\u2019ignore ce que le tourisme rapporte au Burkina Faso. Nous nous sugg\u00e9rons et nous estimons qu\u2019il est temps que la gouvernance change. Nous avons l\u2019impression qu\u2019en dehors de Ouagadougou, aucune zone ne compte aux yeux des autorit\u00e9s. Chaque jour \u00e0 Ouagadougou dans les quartiers, des goudrons poussent ; ce qui n\u2019est pas mal.<\/p>\n<p>M\u00eame si Ouagadougou est la vitrine du Burkina Faso, il ne faut pas cependant oublier les autres localit\u00e9s. Le carburant, le gaz butane que nous consommons passent par la r\u00e9gion de l\u2019Est via le B\u00e9nin o\u00f9 on importe un certain nombre de choses qui sont indispensables pour notre vie.<\/p>\n<p><b>Le ministre des Infrastructures lors de la sortie terrain du 15 avril dernier dans la r\u00e9gion de l\u2019Est a promis qu\u2019il prendra ses responsabilit\u00e9s pour le bitumage de la section Gounghin-Fada. Est-ce qu\u2019il n\u2019\u00e9tait pas plus sage de sursoir \u00e0 la marche ?<\/b><\/p>\n<p>Nous doutons de la parole des autorit\u00e9s. Actuellement, nous voulons voir avant de croire. On nous chante \u00e0 longueur de journ\u00e9e que la r\u00e9gion de l\u2019Est est la plus privil\u00e9gi\u00e9e parce que le gouvernement va injecter 125 milliards de F CFA dans la r\u00e9alisation d\u2019infrastructures. Mais pour l\u2019instant, rien n\u2019est fait. Alors que les gens souffrent au quotidien par rapport au couvre-feu et l\u2019\u00e9tat de la route.<\/p>\n<p>Pis, nous n\u2019avons pas l\u2019impression que les probl\u00e8mes sont pris au s\u00e9rieux. Et ce qui me d\u00e9sole, c\u2019est que c\u2019est \u00e0 l\u2019annonce de la marche qu\u2019il y a eu toute cette bataille de communications pour montrer que les choses bougent. Une chose est s\u00fbre, la marche aura bel et bien lieu en esp\u00e9rant que de leur c\u00f4t\u00e9, les autorit\u00e9s vont v\u00e9ritablement faire bouger les lignes.<\/p>\n<p><b>A vous \u00e9couter, les autorit\u00e9s ont besoin d\u2019\u00eatre secou\u00e9es pour agir&#8230;<\/b><\/p>\n<p>Effectivement. Au Burkina Faso tant qu\u2019on ne durcit pas le ton, les autorit\u00e9s vous traitent de plaisantin et autres. Or, ce sont des r\u00e9alit\u00e9s que les gens vivent au quotidien. En principe, si on d\u00e9nonce une fois, deux fois, il ne devrait pas avoir d\u2019autres actions, mais h\u00e9las ! Dans le temps, on a cherch\u00e9 \u00e0 voir le ministre des Infrastructures pour en savoir davantage mais rien de concret. C\u2019est triste !<\/p>\n<p><b>Qui sont les partenaires qui vous accompagnent dans cette noble lutte en dehors des ressortissants de la r\u00e9gion de l\u2019Est ?<\/b><\/p>\n<p>Je dirai plut\u00f4t des citoyens et non des partenaires parce que nous ne cherchons pas une couleur politique ou la casquette ou autres. Toute personne qui comprend le sens de notre combat nous soutient. Ce n\u2019est pas un combat r\u00e9gionaliste, c\u2019est un combat qui concerne tout Burkinab\u00e8 parce que du jour au lendemain on peut \u00eatre amen\u00e9 \u00e0 emprunter cette voie. On est content de savoir que les gens comprennent que c\u2019est un probl\u00e8me national.<\/p>\n<p><b>Pour la r\u00e9ussite de la marche, est-ce que vous avez un appel \u00e0 l\u2019endroit de la population ?<\/b><\/p>\n<p>Mon appel ne s\u2019adresse pas uniquement \u00e0 la population de l\u2019Est mais \u00e0 toute personne qui emprunte ce tron\u00e7on, toute personne qui a son fr\u00e8re, son fils, sa fille qui se trouve dans la r\u00e9gion. Il n\u2019y a pas que des ressortissants de l\u2019Est qui y vivent. Il y a beaucoup de fonctionnaires qui servent dans la zone. J\u2019invite toutes ces personnes \u00e0 sortir massivement pour dire \u00ab\u00a0NON\u00a0\u00bb \u00e0 cette mani\u00e8re de nous gouverner.<\/p>\n<p>Il faut prendre au s\u00e9rieux toutes nos pr\u00e9occupations car la souffrance n\u2019\u00e9pargne personne. Quel que soit votre bord (majorit\u00e9 ou opposition), quoi qu\u2019on dise, il n\u2019y a pas \u00e0 faire des calculs pour savoir si je dois sortir marcher ou pas. A l\u2019endroit de nos d\u00e9tracteurs, il sied de savoir que cette marche n\u2019a pas \u00e9t\u00e9 initi\u00e9e contre qui que ce soit. Notre marche n\u2019est dirig\u00e9e contre personne mais plut\u00f4t contre un syst\u00e8me de gouvernance qui a montr\u00e9 ses limites et qui ne produit pas de r\u00e9sultats.<\/p>\n<p>Nous invitons les uns et les autres \u00e0 sortir marcher pacifiquement sans violence tout en esp\u00e9rant que notre message sera entendu par les plus hautes autorit\u00e9s.<br \/>\nJe remercie LeFaso.TV qui fait beaucoup dans l\u2019effort de communication et de l\u2019information. Merci pour cette initiative qui est de chercher \u00e0 comprendre la raison qui motive les gens \u00e0 manifester. Du reste, nous invitons vos journalistes \u00e0 \u00eatre des n\u00f4tres le 24 avril \u00e0 Fada pour \u00eatre t\u00e9moin de ce qui se dit et de ce qui se voit.<\/p>\n<p><b>\u00a0<\/b><\/p>\n","protected":false},"excerpt":{"rendered":"<p>Africa-Press &#8211; Burkina Faso. La route nationale N\u00b04 notamment le tron\u00e7on Gounghin-Fada, dont le lancement des travaux de r\u00e9habilitation est intervenu le 19 septembre 2020, est en \u00e9tat de d\u00e9gradation avanc\u00e9e. Cette situation affecte depuis les populations locales en mati\u00e8re de mobilit\u00e9 et aussi le d\u00e9veloppement des activit\u00e9s. Pour exprimer leur ras-le-bol, une trentaine d\u2019organisations [&hellip;]<\/p>\n","protected":false},"author":82,"featured_media":10362,"comment_status":"open","ping_status":"closed","sticky":false,"template":"","format":"standard","meta":{"footnotes":""},"categories":[21,11,10],"tags":[111,725,29],"class_list":["post-10363","post","type-post","status-publish","format-standard","has-post-thumbnail","hentry","category-communaute","category-homepage-french","category-toutes-les-actualites","tag-africa-press","tag-africa-press-burkina-faso","tag-burkina-faso"],"yoast_head":"<!-- This site is optimized with the Yoast SEO Premium plugin v26.1 (Yoast SEO v27.0) - https:\/\/yoast.com\/product\/yoast-seo-premium-wordpress\/ -->\n<title>R\u00e9habilitation route Gounghin-Fada : \u00ab Le gouvernement ne se soucie gu\u00e8re des probl\u00e8mes connus des populations \u00bb, Mindi\u00e9ba Ouali, ressortissant de la r\u00e9gion de l\u2019Est - Burkina Faso<\/title>\n<meta name=\"description\" content=\"La route nationale N\u00b04 notamment le tron\u00e7on Gounghin-Fada, dont le lancement des travaux de r\u00e9habilitation est interv ...\" \/>\n<meta name=\"robots\" content=\"index, follow, max-snippet:-1, max-image-preview:large, max-video-preview:-1\" \/>\n<link rel=\"canonical\" href=\"https:\/\/www.africa-press.net\/burkina-faso\/toutes-les-actualites\/rehabilitation-route-gounghin-fada-le-gouvernement-ne-se-soucie-guere-des-problemes-connus-des-populations-mindieba-ouali-ressortissant-de-la-region-de-lest\" \/>\n<meta property=\"og:locale\" content=\"fr_FR\" \/>\n<meta property=\"og:type\" content=\"article\" \/>\n<meta property=\"og:title\" content=\"R\u00e9habilitation route Gounghin-Fada : \u00ab Le gouvernement ne se soucie gu\u00e8re des probl\u00e8mes connus des populations \u00bb, Mindi\u00e9ba Ouali, ressortissant de la r\u00e9gion de l\u2019Est\" \/>\n<meta property=\"og:description\" content=\"La route nationale N\u00b04 notamment le tron\u00e7on Gounghin-Fada, dont le lancement des travaux de r\u00e9habilitation est interv ...\" \/>\n<meta property=\"og:url\" content=\"https:\/\/www.africa-press.net\/burkina-faso\/toutes-les-actualites\/rehabilitation-route-gounghin-fada-le-gouvernement-ne-se-soucie-guere-des-problemes-connus-des-populations-mindieba-ouali-ressortissant-de-la-region-de-lest\" \/>\n<meta property=\"og:site_name\" content=\"Burkina Faso\" \/>\n<meta property=\"article:published_time\" content=\"2021-04-22T15:52:45+00:00\" \/>\n<meta property=\"article:modified_time\" content=\"2021-04-22T20:29:29+00:00\" \/>\n<meta property=\"og:image\" content=\"https:\/\/static.africa-press.net\/burkina\/sites\/42\/2021\/04\/img-608199a4c383e.jpg\" \/>\n\t<meta property=\"og:image:width\" content=\"720\" \/>\n\t<meta property=\"og:image:height\" content=\"405\" \/>\n\t<meta property=\"og:image:type\" content=\"image\/jpeg\" \/>\n<meta name=\"author\" content=\"cfeditorfr\" \/>\n<meta name=\"twitter:card\" content=\"summary_large_image\" \/>\n<meta name=\"twitter:label1\" content=\"\u00c9crit par\" \/>\n\t<meta name=\"twitter:data1\" content=\"cfeditorfr\" \/>\n\t<meta name=\"twitter:label2\" content=\"Dur\u00e9e de lecture estim\u00e9e\" \/>\n\t<meta name=\"twitter:data2\" content=\"10 minutes\" \/>\n<script type=\"application\/ld+json\" class=\"yoast-schema-graph\">{\"@context\":\"https:\/\/schema.org\",\"@graph\":[{\"@type\":\"Article\",\"@id\":\"https:\/\/www.africa-press.net\/burkina-faso\/toutes-les-actualites\/rehabilitation-route-gounghin-fada-le-gouvernement-ne-se-soucie-guere-des-problemes-connus-des-populations-mindieba-ouali-ressortissant-de-la-region-de-lest#article\",\"isPartOf\":{\"@id\":\"https:\/\/www.africa-press.net\/burkina-faso\/toutes-les-actualites\/rehabilitation-route-gounghin-fada-le-gouvernement-ne-se-soucie-guere-des-problemes-connus-des-populations-mindieba-ouali-ressortissant-de-la-region-de-lest\"},\"author\":{\"name\":\"cfeditorfr\",\"@id\":\"https:\/\/www.africa-press.net\/burkina-faso\/#\/schema\/person\/2b1cf3cd81a31e3cd26889ca66d677f1\"},\"headline\":\"R\u00e9habilitation route Gounghin-Fada : \u00ab Le gouvernement ne se soucie gu\u00e8re des probl\u00e8mes connus des populations \u00bb, Mindi\u00e9ba Ouali, ressortissant de la r\u00e9gion de l\u2019Est\",\"datePublished\":\"2021-04-22T15:52:45+00:00\",\"dateModified\":\"2021-04-22T20:29:29+00:00\",\"mainEntityOfPage\":{\"@id\":\"https:\/\/www.africa-press.net\/burkina-faso\/toutes-les-actualites\/rehabilitation-route-gounghin-fada-le-gouvernement-ne-se-soucie-guere-des-problemes-connus-des-populations-mindieba-ouali-ressortissant-de-la-region-de-lest\"},\"wordCount\":2104,\"commentCount\":0,\"image\":{\"@id\":\"https:\/\/www.africa-press.net\/burkina-faso\/toutes-les-actualites\/rehabilitation-route-gounghin-fada-le-gouvernement-ne-se-soucie-guere-des-problemes-connus-des-populations-mindieba-ouali-ressortissant-de-la-region-de-lest#primaryimage\"},\"thumbnailUrl\":\"https:\/\/static.africa-press.net\/burkina\/sites\/42\/2021\/04\/img-608199a4c383e.jpg\",\"keywords\":[\"Africa Press\",\"Africa Press-Burkina Faso\",\"Burkina Faso\"],\"articleSection\":[\"Communaut\u00e9\",\"homepage-french\",\"Toutes les actualit\u00e9s\"],\"inLanguage\":\"fr-FR\",\"potentialAction\":[{\"@type\":\"CommentAction\",\"name\":\"Comment\",\"target\":[\"https:\/\/www.africa-press.net\/burkina-faso\/toutes-les-actualites\/rehabilitation-route-gounghin-fada-le-gouvernement-ne-se-soucie-guere-des-problemes-connus-des-populations-mindieba-ouali-ressortissant-de-la-region-de-lest#respond\"]}]},{\"@type\":\"WebPage\",\"@id\":\"https:\/\/www.africa-press.net\/burkina-faso\/toutes-les-actualites\/rehabilitation-route-gounghin-fada-le-gouvernement-ne-se-soucie-guere-des-problemes-connus-des-populations-mindieba-ouali-ressortissant-de-la-region-de-lest\",\"url\":\"https:\/\/www.africa-press.net\/burkina-faso\/toutes-les-actualites\/rehabilitation-route-gounghin-fada-le-gouvernement-ne-se-soucie-guere-des-problemes-connus-des-populations-mindieba-ouali-ressortissant-de-la-region-de-lest\",\"name\":\"R\u00e9habilitation route Gounghin-Fada : \u00ab Le gouvernement ne se soucie gu\u00e8re des probl\u00e8mes connus des populations \u00bb, Mindi\u00e9ba Ouali, ressortissant de la r\u00e9gion de l\u2019Est - Burkina Faso\",\"isPartOf\":{\"@id\":\"https:\/\/www.africa-press.net\/burkina-faso\/#website\"},\"primaryImageOfPage\":{\"@id\":\"https:\/\/www.africa-press.net\/burkina-faso\/toutes-les-actualites\/rehabilitation-route-gounghin-fada-le-gouvernement-ne-se-soucie-guere-des-problemes-connus-des-populations-mindieba-ouali-ressortissant-de-la-region-de-lest#primaryimage\"},\"image\":{\"@id\":\"https:\/\/www.africa-press.net\/burkina-faso\/toutes-les-actualites\/rehabilitation-route-gounghin-fada-le-gouvernement-ne-se-soucie-guere-des-problemes-connus-des-populations-mindieba-ouali-ressortissant-de-la-region-de-lest#primaryimage\"},\"thumbnailUrl\":\"https:\/\/static.africa-press.net\/burkina\/sites\/42\/2021\/04\/img-608199a4c383e.jpg\",\"datePublished\":\"2021-04-22T15:52:45+00:00\",\"dateModified\":\"2021-04-22T20:29:29+00:00\",\"author\":{\"@id\":\"https:\/\/www.africa-press.net\/burkina-faso\/#\/schema\/person\/2b1cf3cd81a31e3cd26889ca66d677f1\"},\"description\":\"La route nationale N\u00b04 notamment le tron\u00e7on Gounghin-Fada, dont le lancement des travaux de r\u00e9habilitation est interv ...\",\"breadcrumb\":{\"@id\":\"https:\/\/www.africa-press.net\/burkina-faso\/toutes-les-actualites\/rehabilitation-route-gounghin-fada-le-gouvernement-ne-se-soucie-guere-des-problemes-connus-des-populations-mindieba-ouali-ressortissant-de-la-region-de-lest#breadcrumb\"},\"inLanguage\":\"fr-FR\",\"potentialAction\":[{\"@type\":\"ReadAction\",\"target\":[\"https:\/\/www.africa-press.net\/burkina-faso\/toutes-les-actualites\/rehabilitation-route-gounghin-fada-le-gouvernement-ne-se-soucie-guere-des-problemes-connus-des-populations-mindieba-ouali-ressortissant-de-la-region-de-lest\"]}]},{\"@type\":\"ImageObject\",\"inLanguage\":\"fr-FR\",\"@id\":\"https:\/\/www.africa-press.net\/burkina-faso\/toutes-les-actualites\/rehabilitation-route-gounghin-fada-le-gouvernement-ne-se-soucie-guere-des-problemes-connus-des-populations-mindieba-ouali-ressortissant-de-la-region-de-lest#primaryimage\",\"url\":\"https:\/\/static.africa-press.net\/burkina\/sites\/42\/2021\/04\/img-608199a4c383e.jpg\",\"contentUrl\":\"https:\/\/static.africa-press.net\/burkina\/sites\/42\/2021\/04\/img-608199a4c383e.jpg\",\"width\":720,\"height\":405,\"caption\":\"R\u00e9habilitation route Gounghin-Fada : \u00ab Le gouvernement ne se soucie gu\u00e8re des probl\u00e8mes connus des populations \u00bb, Mindi\u00e9ba Ouali, ressortissant de la r\u00e9gion de l\u2019Est\"},{\"@type\":\"BreadcrumbList\",\"@id\":\"https:\/\/www.africa-press.net\/burkina-faso\/toutes-les-actualites\/rehabilitation-route-gounghin-fada-le-gouvernement-ne-se-soucie-guere-des-problemes-connus-des-populations-mindieba-ouali-ressortissant-de-la-region-de-lest#breadcrumb\",\"itemListElement\":[{\"@type\":\"ListItem\",\"position\":1,\"name\":\"Accueil\",\"item\":\"https:\/\/www.africa-press.net\/burkina-faso\/\"},{\"@type\":\"ListItem\",\"position\":2,\"name\":\"R\u00e9habilitation route Gounghin-Fada : \u00ab Le gouvernement ne se soucie gu\u00e8re des probl\u00e8mes connus des populations \u00bb, Mindi\u00e9ba Ouali, ressortissant de la r\u00e9gion de l\u2019Est\"}]},{\"@type\":\"WebSite\",\"@id\":\"https:\/\/www.africa-press.net\/burkina-faso\/#website\",\"url\":\"https:\/\/www.africa-press.net\/burkina-faso\/\",\"name\":\"Burkina Faso\",\"description\":\"Just another Africa News Agency Sites site\",\"potentialAction\":[{\"@type\":\"SearchAction\",\"target\":{\"@type\":\"EntryPoint\",\"urlTemplate\":\"https:\/\/www.africa-press.net\/burkina-faso\/?s={search_term_string}\"},\"query-input\":{\"@type\":\"PropertyValueSpecification\",\"valueRequired\":true,\"valueName\":\"search_term_string\"}}],\"inLanguage\":\"fr-FR\"},{\"@type\":\"Person\",\"@id\":\"https:\/\/www.africa-press.net\/burkina-faso\/#\/schema\/person\/2b1cf3cd81a31e3cd26889ca66d677f1\",\"name\":\"cfeditorfr\"}]}<\/script>\n<!-- \/ Yoast SEO Premium plugin. -->","yoast_head_json":{"title":"R\u00e9habilitation route Gounghin-Fada : \u00ab Le gouvernement ne se soucie gu\u00e8re des probl\u00e8mes connus des populations \u00bb, Mindi\u00e9ba Ouali, ressortissant de la r\u00e9gion de l\u2019Est - Burkina Faso","description":"La route nationale N\u00b04 notamment le tron\u00e7on Gounghin-Fada, dont le lancement des travaux de r\u00e9habilitation est interv ...","robots":{"index":"index","follow":"follow","max-snippet":"max-snippet:-1","max-image-preview":"max-image-preview:large","max-video-preview":"max-video-preview:-1"},"canonical":"https:\/\/www.africa-press.net\/burkina-faso\/toutes-les-actualites\/rehabilitation-route-gounghin-fada-le-gouvernement-ne-se-soucie-guere-des-problemes-connus-des-populations-mindieba-ouali-ressortissant-de-la-region-de-lest","og_locale":"fr_FR","og_type":"article","og_title":"R\u00e9habilitation route Gounghin-Fada : \u00ab Le gouvernement ne se soucie gu\u00e8re des probl\u00e8mes connus des populations \u00bb, Mindi\u00e9ba Ouali, ressortissant de la r\u00e9gion de l\u2019Est","og_description":"La route nationale N\u00b04 notamment le tron\u00e7on Gounghin-Fada, dont le lancement des travaux de r\u00e9habilitation est interv ...","og_url":"https:\/\/www.africa-press.net\/burkina-faso\/toutes-les-actualites\/rehabilitation-route-gounghin-fada-le-gouvernement-ne-se-soucie-guere-des-problemes-connus-des-populations-mindieba-ouali-ressortissant-de-la-region-de-lest","og_site_name":"Burkina Faso","article_published_time":"2021-04-22T15:52:45+00:00","article_modified_time":"2021-04-22T20:29:29+00:00","og_image":[{"width":720,"height":405,"url":"https:\/\/static.africa-press.net\/burkina\/sites\/42\/2021\/04\/img-608199a4c383e.jpg","type":"image\/jpeg"}],"author":"cfeditorfr","twitter_card":"summary_large_image","twitter_misc":{"\u00c9crit par":"cfeditorfr","Dur\u00e9e de lecture estim\u00e9e":"10 minutes"},"schema":{"@context":"https:\/\/schema.org","@graph":[{"@type":"Article","@id":"https:\/\/www.africa-press.net\/burkina-faso\/toutes-les-actualites\/rehabilitation-route-gounghin-fada-le-gouvernement-ne-se-soucie-guere-des-problemes-connus-des-populations-mindieba-ouali-ressortissant-de-la-region-de-lest#article","isPartOf":{"@id":"https:\/\/www.africa-press.net\/burkina-faso\/toutes-les-actualites\/rehabilitation-route-gounghin-fada-le-gouvernement-ne-se-soucie-guere-des-problemes-connus-des-populations-mindieba-ouali-ressortissant-de-la-region-de-lest"},"author":{"name":"cfeditorfr","@id":"https:\/\/www.africa-press.net\/burkina-faso\/#\/schema\/person\/2b1cf3cd81a31e3cd26889ca66d677f1"},"headline":"R\u00e9habilitation route Gounghin-Fada : \u00ab Le gouvernement ne se soucie gu\u00e8re des probl\u00e8mes connus des populations \u00bb, Mindi\u00e9ba Ouali, ressortissant de la r\u00e9gion de l\u2019Est","datePublished":"2021-04-22T15:52:45+00:00","dateModified":"2021-04-22T20:29:29+00:00","mainEntityOfPage":{"@id":"https:\/\/www.africa-press.net\/burkina-faso\/toutes-les-actualites\/rehabilitation-route-gounghin-fada-le-gouvernement-ne-se-soucie-guere-des-problemes-connus-des-populations-mindieba-ouali-ressortissant-de-la-region-de-lest"},"wordCount":2104,"commentCount":0,"image":{"@id":"https:\/\/www.africa-press.net\/burkina-faso\/toutes-les-actualites\/rehabilitation-route-gounghin-fada-le-gouvernement-ne-se-soucie-guere-des-problemes-connus-des-populations-mindieba-ouali-ressortissant-de-la-region-de-lest#primaryimage"},"thumbnailUrl":"https:\/\/static.africa-press.net\/burkina\/sites\/42\/2021\/04\/img-608199a4c383e.jpg","keywords":["Africa Press","Africa Press-Burkina Faso","Burkina Faso"],"articleSection":["Communaut\u00e9","homepage-french","Toutes les actualit\u00e9s"],"inLanguage":"fr-FR","potentialAction":[{"@type":"CommentAction","name":"Comment","target":["https:\/\/www.africa-press.net\/burkina-faso\/toutes-les-actualites\/rehabilitation-route-gounghin-fada-le-gouvernement-ne-se-soucie-guere-des-problemes-connus-des-populations-mindieba-ouali-ressortissant-de-la-region-de-lest#respond"]}]},{"@type":"WebPage","@id":"https:\/\/www.africa-press.net\/burkina-faso\/toutes-les-actualites\/rehabilitation-route-gounghin-fada-le-gouvernement-ne-se-soucie-guere-des-problemes-connus-des-populations-mindieba-ouali-ressortissant-de-la-region-de-lest","url":"https:\/\/www.africa-press.net\/burkina-faso\/toutes-les-actualites\/rehabilitation-route-gounghin-fada-le-gouvernement-ne-se-soucie-guere-des-problemes-connus-des-populations-mindieba-ouali-ressortissant-de-la-region-de-lest","name":"R\u00e9habilitation route Gounghin-Fada : \u00ab Le gouvernement ne se soucie gu\u00e8re des probl\u00e8mes connus des populations \u00bb, Mindi\u00e9ba Ouali, ressortissant de la r\u00e9gion de l\u2019Est - Burkina Faso","isPartOf":{"@id":"https:\/\/www.africa-press.net\/burkina-faso\/#website"},"primaryImageOfPage":{"@id":"https:\/\/www.africa-press.net\/burkina-faso\/toutes-les-actualites\/rehabilitation-route-gounghin-fada-le-gouvernement-ne-se-soucie-guere-des-problemes-connus-des-populations-mindieba-ouali-ressortissant-de-la-region-de-lest#primaryimage"},"image":{"@id":"https:\/\/www.africa-press.net\/burkina-faso\/toutes-les-actualites\/rehabilitation-route-gounghin-fada-le-gouvernement-ne-se-soucie-guere-des-problemes-connus-des-populations-mindieba-ouali-ressortissant-de-la-region-de-lest#primaryimage"},"thumbnailUrl":"https:\/\/static.africa-press.net\/burkina\/sites\/42\/2021\/04\/img-608199a4c383e.jpg","datePublished":"2021-04-22T15:52:45+00:00","dateModified":"2021-04-22T20:29:29+00:00","author":{"@id":"https:\/\/www.africa-press.net\/burkina-faso\/#\/schema\/person\/2b1cf3cd81a31e3cd26889ca66d677f1"},"description":"La route nationale N\u00b04 notamment le tron\u00e7on Gounghin-Fada, dont le lancement des travaux de r\u00e9habilitation est interv ...","breadcrumb":{"@id":"https:\/\/www.africa-press.net\/burkina-faso\/toutes-les-actualites\/rehabilitation-route-gounghin-fada-le-gouvernement-ne-se-soucie-guere-des-problemes-connus-des-populations-mindieba-ouali-ressortissant-de-la-region-de-lest#breadcrumb"},"inLanguage":"fr-FR","potentialAction":[{"@type":"ReadAction","target":["https:\/\/www.africa-press.net\/burkina-faso\/toutes-les-actualites\/rehabilitation-route-gounghin-fada-le-gouvernement-ne-se-soucie-guere-des-problemes-connus-des-populations-mindieba-ouali-ressortissant-de-la-region-de-lest"]}]},{"@type":"ImageObject","inLanguage":"fr-FR","@id":"https:\/\/www.africa-press.net\/burkina-faso\/toutes-les-actualites\/rehabilitation-route-gounghin-fada-le-gouvernement-ne-se-soucie-guere-des-problemes-connus-des-populations-mindieba-ouali-ressortissant-de-la-region-de-lest#primaryimage","url":"https:\/\/static.africa-press.net\/burkina\/sites\/42\/2021\/04\/img-608199a4c383e.jpg","contentUrl":"https:\/\/static.africa-press.net\/burkina\/sites\/42\/2021\/04\/img-608199a4c383e.jpg","width":720,"height":405,"caption":"R\u00e9habilitation route Gounghin-Fada : \u00ab Le gouvernement ne se soucie gu\u00e8re des probl\u00e8mes connus des populations \u00bb, Mindi\u00e9ba Ouali, ressortissant de la r\u00e9gion de l\u2019Est"},{"@type":"BreadcrumbList","@id":"https:\/\/www.africa-press.net\/burkina-faso\/toutes-les-actualites\/rehabilitation-route-gounghin-fada-le-gouvernement-ne-se-soucie-guere-des-problemes-connus-des-populations-mindieba-ouali-ressortissant-de-la-region-de-lest#breadcrumb","itemListElement":[{"@type":"ListItem","position":1,"name":"Accueil","item":"https:\/\/www.africa-press.net\/burkina-faso\/"},{"@type":"ListItem","position":2,"name":"R\u00e9habilitation route Gounghin-Fada : \u00ab Le gouvernement ne se soucie gu\u00e8re des probl\u00e8mes connus des populations \u00bb, Mindi\u00e9ba Ouali, ressortissant de la r\u00e9gion de l\u2019Est"}]},{"@type":"WebSite","@id":"https:\/\/www.africa-press.net\/burkina-faso\/#website","url":"https:\/\/www.africa-press.net\/burkina-faso\/","name":"Burkina Faso","description":"Just another Africa News Agency Sites site","potentialAction":[{"@type":"SearchAction","target":{"@type":"EntryPoint","urlTemplate":"https:\/\/www.africa-press.net\/burkina-faso\/?s={search_term_string}"},"query-input":{"@type":"PropertyValueSpecification","valueRequired":true,"valueName":"search_term_string"}}],"inLanguage":"fr-FR"},{"@type":"Person","@id":"https:\/\/www.africa-press.net\/burkina-faso\/#\/schema\/person\/2b1cf3cd81a31e3cd26889ca66d677f1","name":"cfeditorfr"}]}},"_links":{"self":[{"href":"https:\/\/www.africa-press.net\/burkina-faso\/wp-json\/wp\/v2\/posts\/10363","targetHints":{"allow":["GET"]}}],"collection":[{"href":"https:\/\/www.africa-press.net\/burkina-faso\/wp-json\/wp\/v2\/posts"}],"about":[{"href":"https:\/\/www.africa-press.net\/burkina-faso\/wp-json\/wp\/v2\/types\/post"}],"author":[{"embeddable":true,"href":"https:\/\/www.africa-press.net\/burkina-faso\/wp-json\/wp\/v2\/users\/82"}],"replies":[{"embeddable":true,"href":"https:\/\/www.africa-press.net\/burkina-faso\/wp-json\/wp\/v2\/comments?post=10363"}],"version-history":[{"count":0,"href":"https:\/\/www.africa-press.net\/burkina-faso\/wp-json\/wp\/v2\/posts\/10363\/revisions"}],"wp:featuredmedia":[{"embeddable":true,"href":"https:\/\/www.africa-press.net\/burkina-faso\/wp-json\/wp\/v2\/media\/10362"}],"wp:attachment":[{"href":"https:\/\/www.africa-press.net\/burkina-faso\/wp-json\/wp\/v2\/media?parent=10363"}],"wp:term":[{"taxonomy":"category","embeddable":true,"href":"https:\/\/www.africa-press.net\/burkina-faso\/wp-json\/wp\/v2\/categories?post=10363"},{"taxonomy":"post_tag","embeddable":true,"href":"https:\/\/www.africa-press.net\/burkina-faso\/wp-json\/wp\/v2\/tags?post=10363"}],"curies":[{"name":"wp","href":"https:\/\/api.w.org\/{rel}","templated":true}]}}