{"id":10366,"date":"2021-04-22T15:58:24","date_gmt":"2021-04-22T15:58:24","guid":{"rendered":"https:\/\/www.africa-press.net\/burkina-faso\/?p=10366"},"modified":"2021-04-22T20:29:46","modified_gmt":"2021-04-22T20:29:46","slug":"dacosta-le-cinema-dans-lame","status":"publish","type":"post","link":"https:\/\/www.africa-press.net\/burkina-faso\/culture-et-art\/dacosta-le-cinema-dans-lame","title":{"rendered":"Dacosta, le cin\u00e9ma dans l&rsquo;\u00e2me"},"content":{"rendered":"<p><span style=\"color: #ff6600\"><strong><a href=\"https:\/\/www.africa-press.net\/\">Africa-Press<\/a> &#8211; <a href=\"https:\/\/www.africa-press.net\/burkina-faso\">Burkina Faso<\/a>. <\/strong><\/span><b>Dacosta, \u00e0 l\u2019\u00e9tat civil Wendyam Serge Ou\u00e9draogo, est un enfant du quartier Samandin. N\u00e9 \u00e0 Ouagadougou dans une famille catholique pratiquante, il fait son entr\u00e9e dans le th\u00e9\u00e2tre \u00e0 travers un casting. Aujourd\u2019hui, il fait partie des plus c\u00e9l\u00e8bres acteurs et com\u00e9diens du Burkina. Il capitalise pr\u00e8s d\u2019une quarantaine de films. Pourtant, rien ne pr\u00e9sageait cette ascension fulgurante dans ce m\u00e9tier. Docile, calme et timide, Wendyam Serge Ou\u00e9draogo soutient qu\u2019il n\u2019a pas de secret, seulement la formation et le travail. Il a aussi un \u00ab grand \u00bb projet pour son pays et pour la jeune g\u00e9n\u00e9ration.<\/b><\/p>\n<p>\u00ab Je suis arriv\u00e9 dans l\u2019art par le th\u00e9\u00e2tre \u00e0 travers un casting le 17 octobre 1998 au \u00ab Th\u00e9\u00e2tre de l\u2019Unit\u00e9 \u00bb de Ouagadougou qui se situait \u00e0 Ouidi, \u00e0 l\u2019\u00e9cole Pogbi \u00bb, situe d\u2019entr\u00e9e de jeu, Wendyam Serge Ou\u00e9draogo alias Dacosta. Cela semble lui r\u00e9ussir et ce n\u2019est pas le fait du hasard. Il s\u2019y \u00e9tait pr\u00e9par\u00e9. En effet, il s\u2019est form\u00e9 pendant plusieurs ann\u00e9es au \u00ab Th\u00e9\u00e2tre de l\u2019Unit\u00e9 \u00bb. Tout bascule en 2010. Dacosta se retrouve dans le 7e art o\u00f9 il enchaine les films. A ce jour, il comptabilise une quarantaine de films. \u00ab Tu me prends pour qui ? \u00bb, \u00ab La folie du millionnaire \u00bb, \u00ab Une nuit avec ta femme \u00bb sont des films dans lesquels il a jou\u00e9 avec brio. Le dernier cit\u00e9, d\u2019Ibrahim Olukunga, semble \u00eatre le film qui a le plus marqu\u00e9 le jeune acteur.<\/p>\n<p>En sus, il se retrouve dans presque tous les clips de l\u2019artiste musicien Dez Altino qui se trouve \u00eatre un ami d\u2019enfance. A la question de savoir si le m\u00e9tier nourrit son homme, Dacosta reste mitig\u00e9. \u00ab Oui et non \u00e0 la fois \u00bb, confie-t-il. Si l\u2019on doit se contenter, ajoute-t-il, seulement des cachets et des contrats, ce n\u2019est pas \u00e9vident. \u00ab Les r\u00e9alisateurs n\u2019ont jamais d\u2019argent, mais ils veulent tous le travail bien fait \u00bb, d\u00e9plore Dacosta. Son plus gros contrat s\u2019\u00e9levait \u00e0 700 000 francs CFA. \u00ab Depuis lors, je n\u2019ai plus un cachet de ce montant. M\u00eame 500 000 FCFA, je n\u2019ai plus eu \u00bb, a-t-il indiqu\u00e9, l\u2019air moqueur.<\/p>\n<p><b>Un r\u00eave et une destin\u00e9e<\/b><\/p>\n<p>Le jeune acteur veut se lancer dans la r\u00e9alisation des films. \u00ab J\u2019apprends cela sur les plateaux avec les professionnels sur le terrain \u00bb, fait-il savoir. En outre, Wendyam Serge Ou\u00e9draogo pr\u00e9voit mettre en place dans les jours \u00e0 venir, un festival d\u00e9nomm\u00e9 \u00ab Etalon d\u2019or \u00bb. Ce festival, laisse-t-il entendre, sera meubl\u00e9 par plusieurs activit\u00e9s. L\u2019objectif de cet \u00e9v\u00e8nement, d\u00e9cline Dacosta, c\u2019est d\u2019apporter sa touche afin que la nouvelle g\u00e9n\u00e9ration puisse ramener au Burkina Faso, l\u2019Etalon d\u2019or aux prochaines \u00e9ditions du FESPACO. Somme toute, il appelle tous ceux qui veulent se lancer dans l\u2019art de fa\u00e7on g\u00e9n\u00e9rale, de se former d\u2019abord. \u00ab Il faut toujours se faire coacher par les professionnels pour avancer. Sans cela, tu seras un acteur mort-n\u00e9. Moi personnellement je suis pr\u00eat \u00e0 accompagner les jeunes fr\u00e8res \u00e0 cela \u00bb, soutient-il.<br \/>\nObissa Juste MIEN<\/p>\n","protected":false},"excerpt":{"rendered":"<p>Africa-Press &#8211; Burkina Faso. Dacosta, \u00e0 l\u2019\u00e9tat civil Wendyam Serge Ou\u00e9draogo, est un enfant du quartier Samandin. N\u00e9 \u00e0 Ouagadougou dans une famille catholique pratiquante, il fait son entr\u00e9e dans le th\u00e9\u00e2tre \u00e0 travers un casting. Aujourd\u2019hui, il fait partie des plus c\u00e9l\u00e8bres acteurs et com\u00e9diens du Burkina. Il capitalise pr\u00e8s d\u2019une quarantaine de films. [&hellip;]<\/p>\n","protected":false},"author":82,"featured_media":10365,"comment_status":"open","ping_status":"closed","sticky":false,"template":"","format":"standard","meta":{"footnotes":""},"categories":[5,11,10],"tags":[111,725,29],"class_list":["post-10366","post","type-post","status-publish","format-standard","has-post-thumbnail","hentry","category-culture-et-art","category-homepage-french","category-toutes-les-actualites","tag-africa-press","tag-africa-press-burkina-faso","tag-burkina-faso"],"yoast_head":"<!-- This site is optimized with the Yoast SEO Premium plugin v26.1 (Yoast SEO v27.0) - https:\/\/yoast.com\/product\/yoast-seo-premium-wordpress\/ -->\n<title>Dacosta, le cin\u00e9ma dans l&#039;\u00e2me - Burkina Faso<\/title>\n<meta name=\"description\" content=\"Dacosta, \u00e0 l\u2019\u00e9tat civil Wendyam Serge Ou\u00e9draogo, est un enfant du quartier Samandin. N\u00e9 \u00e0 Ouagadougou dans une famill ...\" \/>\n<meta name=\"robots\" content=\"index, follow, max-snippet:-1, max-image-preview:large, max-video-preview:-1\" \/>\n<link rel=\"canonical\" href=\"https:\/\/www.africa-press.net\/burkina-faso\/culture-et-art\/dacosta-le-cinema-dans-lame\" \/>\n<meta property=\"og:locale\" content=\"fr_FR\" \/>\n<meta property=\"og:type\" content=\"article\" \/>\n<meta property=\"og:title\" content=\"Dacosta, le cin\u00e9ma dans l&#039;\u00e2me\" \/>\n<meta property=\"og:description\" content=\"Dacosta, \u00e0 l\u2019\u00e9tat civil Wendyam Serge Ou\u00e9draogo, est un enfant du quartier Samandin. N\u00e9 \u00e0 Ouagadougou dans une famill ...\" \/>\n<meta property=\"og:url\" content=\"https:\/\/www.africa-press.net\/burkina-faso\/culture-et-art\/dacosta-le-cinema-dans-lame\" \/>\n<meta property=\"og:site_name\" content=\"Burkina Faso\" \/>\n<meta property=\"article:published_time\" content=\"2021-04-22T15:58:24+00:00\" \/>\n<meta property=\"article:modified_time\" content=\"2021-04-22T20:29:46+00:00\" \/>\n<meta property=\"og:image\" content=\"https:\/\/static.africa-press.net\/burkina\/sites\/42\/2021\/04\/img-608199cc867cd.jpg\" \/>\n\t<meta property=\"og:image:width\" content=\"720\" \/>\n\t<meta property=\"og:image:height\" content=\"453\" \/>\n\t<meta property=\"og:image:type\" content=\"image\/jpeg\" \/>\n<meta name=\"author\" content=\"cfeditorfr\" \/>\n<meta name=\"twitter:card\" content=\"summary_large_image\" \/>\n<meta name=\"twitter:label1\" content=\"\u00c9crit par\" \/>\n\t<meta name=\"twitter:data1\" content=\"cfeditorfr\" \/>\n\t<meta name=\"twitter:label2\" content=\"Dur\u00e9e de lecture estim\u00e9e\" \/>\n\t<meta name=\"twitter:data2\" content=\"3 minutes\" \/>\n<script type=\"application\/ld+json\" class=\"yoast-schema-graph\">{\"@context\":\"https:\/\/schema.org\",\"@graph\":[{\"@type\":\"Article\",\"@id\":\"https:\/\/www.africa-press.net\/burkina-faso\/culture-et-art\/dacosta-le-cinema-dans-lame#article\",\"isPartOf\":{\"@id\":\"https:\/\/www.africa-press.net\/burkina-faso\/culture-et-art\/dacosta-le-cinema-dans-lame\"},\"author\":{\"name\":\"cfeditorfr\",\"@id\":\"https:\/\/www.africa-press.net\/burkina-faso\/#\/schema\/person\/2b1cf3cd81a31e3cd26889ca66d677f1\"},\"headline\":\"Dacosta, le cin\u00e9ma dans l&rsquo;\u00e2me\",\"datePublished\":\"2021-04-22T15:58:24+00:00\",\"dateModified\":\"2021-04-22T20:29:46+00:00\",\"mainEntityOfPage\":{\"@id\":\"https:\/\/www.africa-press.net\/burkina-faso\/culture-et-art\/dacosta-le-cinema-dans-lame\"},\"wordCount\":536,\"commentCount\":0,\"image\":{\"@id\":\"https:\/\/www.africa-press.net\/burkina-faso\/culture-et-art\/dacosta-le-cinema-dans-lame#primaryimage\"},\"thumbnailUrl\":\"https:\/\/static.africa-press.net\/burkina\/sites\/42\/2021\/04\/img-608199cc867cd.jpg\",\"keywords\":[\"Africa Press\",\"Africa Press-Burkina Faso\",\"Burkina Faso\"],\"articleSection\":[\"Culture et Art\",\"homepage-french\",\"Toutes les actualit\u00e9s\"],\"inLanguage\":\"fr-FR\",\"potentialAction\":[{\"@type\":\"CommentAction\",\"name\":\"Comment\",\"target\":[\"https:\/\/www.africa-press.net\/burkina-faso\/culture-et-art\/dacosta-le-cinema-dans-lame#respond\"]}]},{\"@type\":\"WebPage\",\"@id\":\"https:\/\/www.africa-press.net\/burkina-faso\/culture-et-art\/dacosta-le-cinema-dans-lame\",\"url\":\"https:\/\/www.africa-press.net\/burkina-faso\/culture-et-art\/dacosta-le-cinema-dans-lame\",\"name\":\"Dacosta, le cin\u00e9ma dans l'\u00e2me - Burkina Faso\",\"isPartOf\":{\"@id\":\"https:\/\/www.africa-press.net\/burkina-faso\/#website\"},\"primaryImageOfPage\":{\"@id\":\"https:\/\/www.africa-press.net\/burkina-faso\/culture-et-art\/dacosta-le-cinema-dans-lame#primaryimage\"},\"image\":{\"@id\":\"https:\/\/www.africa-press.net\/burkina-faso\/culture-et-art\/dacosta-le-cinema-dans-lame#primaryimage\"},\"thumbnailUrl\":\"https:\/\/static.africa-press.net\/burkina\/sites\/42\/2021\/04\/img-608199cc867cd.jpg\",\"datePublished\":\"2021-04-22T15:58:24+00:00\",\"dateModified\":\"2021-04-22T20:29:46+00:00\",\"author\":{\"@id\":\"https:\/\/www.africa-press.net\/burkina-faso\/#\/schema\/person\/2b1cf3cd81a31e3cd26889ca66d677f1\"},\"description\":\"Dacosta, \u00e0 l\u2019\u00e9tat civil Wendyam Serge Ou\u00e9draogo, est un enfant du quartier Samandin. N\u00e9 \u00e0 Ouagadougou dans une famill ...\",\"breadcrumb\":{\"@id\":\"https:\/\/www.africa-press.net\/burkina-faso\/culture-et-art\/dacosta-le-cinema-dans-lame#breadcrumb\"},\"inLanguage\":\"fr-FR\",\"potentialAction\":[{\"@type\":\"ReadAction\",\"target\":[\"https:\/\/www.africa-press.net\/burkina-faso\/culture-et-art\/dacosta-le-cinema-dans-lame\"]}]},{\"@type\":\"ImageObject\",\"inLanguage\":\"fr-FR\",\"@id\":\"https:\/\/www.africa-press.net\/burkina-faso\/culture-et-art\/dacosta-le-cinema-dans-lame#primaryimage\",\"url\":\"https:\/\/static.africa-press.net\/burkina\/sites\/42\/2021\/04\/img-608199cc867cd.jpg\",\"contentUrl\":\"https:\/\/static.africa-press.net\/burkina\/sites\/42\/2021\/04\/img-608199cc867cd.jpg\",\"width\":720,\"height\":453,\"caption\":\"Dacosta, le cin\u00e9ma dans l'\u00e2me\"},{\"@type\":\"BreadcrumbList\",\"@id\":\"https:\/\/www.africa-press.net\/burkina-faso\/culture-et-art\/dacosta-le-cinema-dans-lame#breadcrumb\",\"itemListElement\":[{\"@type\":\"ListItem\",\"position\":1,\"name\":\"Accueil\",\"item\":\"https:\/\/www.africa-press.net\/burkina-faso\/\"},{\"@type\":\"ListItem\",\"position\":2,\"name\":\"Dacosta, le cin\u00e9ma dans l&#8217;\u00e2me\"}]},{\"@type\":\"WebSite\",\"@id\":\"https:\/\/www.africa-press.net\/burkina-faso\/#website\",\"url\":\"https:\/\/www.africa-press.net\/burkina-faso\/\",\"name\":\"Burkina Faso\",\"description\":\"Just another Africa News Agency Sites site\",\"potentialAction\":[{\"@type\":\"SearchAction\",\"target\":{\"@type\":\"EntryPoint\",\"urlTemplate\":\"https:\/\/www.africa-press.net\/burkina-faso\/?s={search_term_string}\"},\"query-input\":{\"@type\":\"PropertyValueSpecification\",\"valueRequired\":true,\"valueName\":\"search_term_string\"}}],\"inLanguage\":\"fr-FR\"},{\"@type\":\"Person\",\"@id\":\"https:\/\/www.africa-press.net\/burkina-faso\/#\/schema\/person\/2b1cf3cd81a31e3cd26889ca66d677f1\",\"name\":\"cfeditorfr\"}]}<\/script>\n<!-- \/ Yoast SEO Premium plugin. -->","yoast_head_json":{"title":"Dacosta, le cin\u00e9ma dans l'\u00e2me - Burkina Faso","description":"Dacosta, \u00e0 l\u2019\u00e9tat civil Wendyam Serge Ou\u00e9draogo, est un enfant du quartier Samandin. N\u00e9 \u00e0 Ouagadougou dans une famill ...","robots":{"index":"index","follow":"follow","max-snippet":"max-snippet:-1","max-image-preview":"max-image-preview:large","max-video-preview":"max-video-preview:-1"},"canonical":"https:\/\/www.africa-press.net\/burkina-faso\/culture-et-art\/dacosta-le-cinema-dans-lame","og_locale":"fr_FR","og_type":"article","og_title":"Dacosta, le cin\u00e9ma dans l'\u00e2me","og_description":"Dacosta, \u00e0 l\u2019\u00e9tat civil Wendyam Serge Ou\u00e9draogo, est un enfant du quartier Samandin. N\u00e9 \u00e0 Ouagadougou dans une famill ...","og_url":"https:\/\/www.africa-press.net\/burkina-faso\/culture-et-art\/dacosta-le-cinema-dans-lame","og_site_name":"Burkina Faso","article_published_time":"2021-04-22T15:58:24+00:00","article_modified_time":"2021-04-22T20:29:46+00:00","og_image":[{"width":720,"height":453,"url":"https:\/\/static.africa-press.net\/burkina\/sites\/42\/2021\/04\/img-608199cc867cd.jpg","type":"image\/jpeg"}],"author":"cfeditorfr","twitter_card":"summary_large_image","twitter_misc":{"\u00c9crit par":"cfeditorfr","Dur\u00e9e de lecture estim\u00e9e":"3 minutes"},"schema":{"@context":"https:\/\/schema.org","@graph":[{"@type":"Article","@id":"https:\/\/www.africa-press.net\/burkina-faso\/culture-et-art\/dacosta-le-cinema-dans-lame#article","isPartOf":{"@id":"https:\/\/www.africa-press.net\/burkina-faso\/culture-et-art\/dacosta-le-cinema-dans-lame"},"author":{"name":"cfeditorfr","@id":"https:\/\/www.africa-press.net\/burkina-faso\/#\/schema\/person\/2b1cf3cd81a31e3cd26889ca66d677f1"},"headline":"Dacosta, le cin\u00e9ma dans l&rsquo;\u00e2me","datePublished":"2021-04-22T15:58:24+00:00","dateModified":"2021-04-22T20:29:46+00:00","mainEntityOfPage":{"@id":"https:\/\/www.africa-press.net\/burkina-faso\/culture-et-art\/dacosta-le-cinema-dans-lame"},"wordCount":536,"commentCount":0,"image":{"@id":"https:\/\/www.africa-press.net\/burkina-faso\/culture-et-art\/dacosta-le-cinema-dans-lame#primaryimage"},"thumbnailUrl":"https:\/\/static.africa-press.net\/burkina\/sites\/42\/2021\/04\/img-608199cc867cd.jpg","keywords":["Africa Press","Africa Press-Burkina Faso","Burkina Faso"],"articleSection":["Culture et Art","homepage-french","Toutes les actualit\u00e9s"],"inLanguage":"fr-FR","potentialAction":[{"@type":"CommentAction","name":"Comment","target":["https:\/\/www.africa-press.net\/burkina-faso\/culture-et-art\/dacosta-le-cinema-dans-lame#respond"]}]},{"@type":"WebPage","@id":"https:\/\/www.africa-press.net\/burkina-faso\/culture-et-art\/dacosta-le-cinema-dans-lame","url":"https:\/\/www.africa-press.net\/burkina-faso\/culture-et-art\/dacosta-le-cinema-dans-lame","name":"Dacosta, le cin\u00e9ma dans l'\u00e2me - Burkina Faso","isPartOf":{"@id":"https:\/\/www.africa-press.net\/burkina-faso\/#website"},"primaryImageOfPage":{"@id":"https:\/\/www.africa-press.net\/burkina-faso\/culture-et-art\/dacosta-le-cinema-dans-lame#primaryimage"},"image":{"@id":"https:\/\/www.africa-press.net\/burkina-faso\/culture-et-art\/dacosta-le-cinema-dans-lame#primaryimage"},"thumbnailUrl":"https:\/\/static.africa-press.net\/burkina\/sites\/42\/2021\/04\/img-608199cc867cd.jpg","datePublished":"2021-04-22T15:58:24+00:00","dateModified":"2021-04-22T20:29:46+00:00","author":{"@id":"https:\/\/www.africa-press.net\/burkina-faso\/#\/schema\/person\/2b1cf3cd81a31e3cd26889ca66d677f1"},"description":"Dacosta, \u00e0 l\u2019\u00e9tat civil Wendyam Serge Ou\u00e9draogo, est un enfant du quartier Samandin. N\u00e9 \u00e0 Ouagadougou dans une famill ...","breadcrumb":{"@id":"https:\/\/www.africa-press.net\/burkina-faso\/culture-et-art\/dacosta-le-cinema-dans-lame#breadcrumb"},"inLanguage":"fr-FR","potentialAction":[{"@type":"ReadAction","target":["https:\/\/www.africa-press.net\/burkina-faso\/culture-et-art\/dacosta-le-cinema-dans-lame"]}]},{"@type":"ImageObject","inLanguage":"fr-FR","@id":"https:\/\/www.africa-press.net\/burkina-faso\/culture-et-art\/dacosta-le-cinema-dans-lame#primaryimage","url":"https:\/\/static.africa-press.net\/burkina\/sites\/42\/2021\/04\/img-608199cc867cd.jpg","contentUrl":"https:\/\/static.africa-press.net\/burkina\/sites\/42\/2021\/04\/img-608199cc867cd.jpg","width":720,"height":453,"caption":"Dacosta, le cin\u00e9ma dans l'\u00e2me"},{"@type":"BreadcrumbList","@id":"https:\/\/www.africa-press.net\/burkina-faso\/culture-et-art\/dacosta-le-cinema-dans-lame#breadcrumb","itemListElement":[{"@type":"ListItem","position":1,"name":"Accueil","item":"https:\/\/www.africa-press.net\/burkina-faso\/"},{"@type":"ListItem","position":2,"name":"Dacosta, le cin\u00e9ma dans l&#8217;\u00e2me"}]},{"@type":"WebSite","@id":"https:\/\/www.africa-press.net\/burkina-faso\/#website","url":"https:\/\/www.africa-press.net\/burkina-faso\/","name":"Burkina Faso","description":"Just another Africa News Agency Sites site","potentialAction":[{"@type":"SearchAction","target":{"@type":"EntryPoint","urlTemplate":"https:\/\/www.africa-press.net\/burkina-faso\/?s={search_term_string}"},"query-input":{"@type":"PropertyValueSpecification","valueRequired":true,"valueName":"search_term_string"}}],"inLanguage":"fr-FR"},{"@type":"Person","@id":"https:\/\/www.africa-press.net\/burkina-faso\/#\/schema\/person\/2b1cf3cd81a31e3cd26889ca66d677f1","name":"cfeditorfr"}]}},"_links":{"self":[{"href":"https:\/\/www.africa-press.net\/burkina-faso\/wp-json\/wp\/v2\/posts\/10366","targetHints":{"allow":["GET"]}}],"collection":[{"href":"https:\/\/www.africa-press.net\/burkina-faso\/wp-json\/wp\/v2\/posts"}],"about":[{"href":"https:\/\/www.africa-press.net\/burkina-faso\/wp-json\/wp\/v2\/types\/post"}],"author":[{"embeddable":true,"href":"https:\/\/www.africa-press.net\/burkina-faso\/wp-json\/wp\/v2\/users\/82"}],"replies":[{"embeddable":true,"href":"https:\/\/www.africa-press.net\/burkina-faso\/wp-json\/wp\/v2\/comments?post=10366"}],"version-history":[{"count":0,"href":"https:\/\/www.africa-press.net\/burkina-faso\/wp-json\/wp\/v2\/posts\/10366\/revisions"}],"wp:featuredmedia":[{"embeddable":true,"href":"https:\/\/www.africa-press.net\/burkina-faso\/wp-json\/wp\/v2\/media\/10365"}],"wp:attachment":[{"href":"https:\/\/www.africa-press.net\/burkina-faso\/wp-json\/wp\/v2\/media?parent=10366"}],"wp:term":[{"taxonomy":"category","embeddable":true,"href":"https:\/\/www.africa-press.net\/burkina-faso\/wp-json\/wp\/v2\/categories?post=10366"},{"taxonomy":"post_tag","embeddable":true,"href":"https:\/\/www.africa-press.net\/burkina-faso\/wp-json\/wp\/v2\/tags?post=10366"}],"curies":[{"name":"wp","href":"https:\/\/api.w.org\/{rel}","templated":true}]}}