{"id":10369,"date":"2021-04-22T16:07:05","date_gmt":"2021-04-22T16:07:05","guid":{"rendered":"https:\/\/www.africa-press.net\/burkina-faso\/?p=10369"},"modified":"2021-04-22T20:29:57","modified_gmt":"2021-04-22T20:29:57","slug":"province-du-nayala-un-festival-des-flutes-pour-valoriser-la-culture-san","status":"publish","type":"post","link":"https:\/\/www.africa-press.net\/burkina-faso\/culture-et-art\/province-du-nayala-un-festival-des-flutes-pour-valoriser-la-culture-san","title":{"rendered":"Province du Nayala : Un festival des fl\u00fbtes pour valoriser la culture san"},"content":{"rendered":"<p><span style=\"color: #ff6600\"><strong><a href=\"https:\/\/www.africa-press.net\/\">Africa-Press<\/a> &#8211; <a href=\"https:\/\/www.africa-press.net\/burkina-faso\">Burkina Faso<\/a>. <\/strong><\/span><b>Plac\u00e9e sous la pr\u00e9sidence du haut-commissaire de la province du Nayala, le parrainage de Jean-Baptiste Dala et le coparrainage de Jean Baptiste Ky, la premi\u00e8re \u00e9dition du festival des fl\u00fbtes san (FESTIFLUS) a eu lieu le samedi 17 avril 2021 \u00e0 Bounou. Plus d\u2019une dizaine de groupes de fl\u00fbtes venus des diff\u00e9rents villages et de Bounou ont tenu en haleine le public.<\/b><\/p>\n<p>Des masques de Sawa, de Sanko\u00e9, de Koin et de Toma ont donn\u00e9 plus de coloration \u00e0 ces festivit\u00e9s. L\u2019ambiance \u00e9tait au rendez-vous. Le responsable coutumier a souhait\u00e9 la bienvenue \u00e0 tous et a implor\u00e9 Dieu pour que tout se passe bien. Pour le promoteur, Bienvenue Par\u00e9, c\u2019est un r\u00e9el plaisir pour lui de saluer toute la population de Bounou pour la forte mobilisation.<\/p>\n<p>\u00ab Je voudrais adresser mes remerciements \u00e0 nos deux parrains, Jean-Baptiste Dala et Jean-Baptiste Ky, qui ont accept\u00e9 nous soutenir. Nous avions pens\u00e9 qu\u2019il \u00e9tait bon d\u2019organiser ce festival parce que dans bon nombre de villages les choses bougent et chez nous pourquoi pas. Rapidement j\u2019ai \u00e9chang\u00e9 avec les a\u00een\u00e9s qui ont vite applaudi l\u2019initiative et m\u2019ont encourag\u00e9. Quand je regarde ce monde sorti massivement et les diff\u00e9rents groupes de fl\u00fbtistes et de masques, immense est ma joie. \u00bb, s\u2019est ainsi exprim\u00e9 le promoteur, Bienvenue Par\u00e9.<\/p>\n<p>Il a saisi l\u2019occasion pour dire merci \u00e0 Mme le haut-commissaire, repr\u00e9sent\u00e9e par le pr\u00e9fet du d\u00e9partement de Yaba, Salif Kabor\u00e9, et \u00e0 tous ceux qui ont mis les petits plats dans les grands pour le succ\u00e8s de cette premi\u00e8re \u00e9dition du FESTIFLUS. Quant au d\u00e9put\u00e9 Jean-Baptiste Dala, il a fait savoir que c\u2019est avec beaucoup de fiert\u00e9 qu\u2019il a accept\u00e9 parrainer cette activit\u00e9, car la culture unit les populations.<\/p>\n<p>\u00ab Nous devons p\u00e9renniser nos valeurs culturelles \u00e0 travers les manifestations \u00e0 tout moment. Lorsque le promoteur m\u2019a approch\u00e9 pour me parler de l\u2019activit\u00e9, je lui ai dit que je vais l\u2019appuyer en faisant venir des masques et c\u2019est ce qui est fait. La culture n\u2019est pas politique mais elle cr\u00e9e la coh\u00e9sion sociale et le rapprochement des peuples. Merci \u00e0 Jean-Baptiste Ky qui a \u00e9galement accompagner ces jeunes. Nous souhaitons voir la deuxi\u00e8me \u00e9dition et m\u00eame la vingti\u00e8me \u00bb, a soutenu le parrain.<\/p>\n<p><b>\u00a0<\/b><\/p>\n","protected":false},"excerpt":{"rendered":"<p>Africa-Press &#8211; Burkina Faso. Plac\u00e9e sous la pr\u00e9sidence du haut-commissaire de la province du Nayala, le parrainage de Jean-Baptiste Dala et le coparrainage de Jean Baptiste Ky, la premi\u00e8re \u00e9dition du festival des fl\u00fbtes san (FESTIFLUS) a eu lieu le samedi 17 avril 2021 \u00e0 Bounou. Plus d\u2019une dizaine de groupes de fl\u00fbtes venus des [&hellip;]<\/p>\n","protected":false},"author":82,"featured_media":10368,"comment_status":"open","ping_status":"closed","sticky":false,"template":"","format":"standard","meta":{"footnotes":""},"categories":[5,11,10],"tags":[111,725,29],"class_list":["post-10369","post","type-post","status-publish","format-standard","has-post-thumbnail","hentry","category-culture-et-art","category-homepage-french","category-toutes-les-actualites","tag-africa-press","tag-africa-press-burkina-faso","tag-burkina-faso"],"yoast_head":"<!-- This site is optimized with the Yoast SEO Premium plugin v26.1 (Yoast SEO v27.0) - https:\/\/yoast.com\/product\/yoast-seo-premium-wordpress\/ -->\n<title>Province du Nayala : Un festival des fl\u00fbtes pour valoriser la culture san - Burkina Faso<\/title>\n<meta name=\"description\" content=\"Plac\u00e9e sous la pr\u00e9sidence du haut-commissaire de la province du Nayala, le parrainage de Jean-Baptiste Dala et le cop ...\" \/>\n<meta name=\"robots\" content=\"index, follow, max-snippet:-1, max-image-preview:large, max-video-preview:-1\" \/>\n<link rel=\"canonical\" href=\"https:\/\/www.africa-press.net\/burkina-faso\/culture-et-art\/province-du-nayala-un-festival-des-flutes-pour-valoriser-la-culture-san\" \/>\n<meta property=\"og:locale\" content=\"fr_FR\" \/>\n<meta property=\"og:type\" content=\"article\" \/>\n<meta property=\"og:title\" content=\"Province du Nayala : Un festival des fl\u00fbtes pour valoriser la culture san\" \/>\n<meta property=\"og:description\" content=\"Plac\u00e9e sous la pr\u00e9sidence du haut-commissaire de la province du Nayala, le parrainage de Jean-Baptiste Dala et le cop ...\" \/>\n<meta property=\"og:url\" content=\"https:\/\/www.africa-press.net\/burkina-faso\/culture-et-art\/province-du-nayala-un-festival-des-flutes-pour-valoriser-la-culture-san\" \/>\n<meta property=\"og:site_name\" content=\"Burkina Faso\" \/>\n<meta property=\"article:published_time\" content=\"2021-04-22T16:07:05+00:00\" \/>\n<meta property=\"article:modified_time\" content=\"2021-04-22T20:29:57+00:00\" \/>\n<meta property=\"og:image\" content=\"https:\/\/static.africa-press.net\/burkina\/sites\/42\/2021\/04\/img-608199f45293e.jpg\" \/>\n\t<meta property=\"og:image:width\" content=\"720\" \/>\n\t<meta property=\"og:image:height\" content=\"449\" \/>\n\t<meta property=\"og:image:type\" content=\"image\/jpeg\" \/>\n<meta name=\"author\" content=\"cfeditorfr\" \/>\n<meta name=\"twitter:card\" content=\"summary_large_image\" \/>\n<meta name=\"twitter:label1\" content=\"\u00c9crit par\" \/>\n\t<meta name=\"twitter:data1\" content=\"cfeditorfr\" \/>\n\t<meta name=\"twitter:label2\" content=\"Dur\u00e9e de lecture estim\u00e9e\" \/>\n\t<meta name=\"twitter:data2\" content=\"2 minutes\" \/>\n<script type=\"application\/ld+json\" class=\"yoast-schema-graph\">{\"@context\":\"https:\/\/schema.org\",\"@graph\":[{\"@type\":\"Article\",\"@id\":\"https:\/\/www.africa-press.net\/burkina-faso\/culture-et-art\/province-du-nayala-un-festival-des-flutes-pour-valoriser-la-culture-san#article\",\"isPartOf\":{\"@id\":\"https:\/\/www.africa-press.net\/burkina-faso\/culture-et-art\/province-du-nayala-un-festival-des-flutes-pour-valoriser-la-culture-san\"},\"author\":{\"name\":\"cfeditorfr\",\"@id\":\"https:\/\/www.africa-press.net\/burkina-faso\/#\/schema\/person\/2b1cf3cd81a31e3cd26889ca66d677f1\"},\"headline\":\"Province du Nayala : Un festival des fl\u00fbtes pour valoriser la culture san\",\"datePublished\":\"2021-04-22T16:07:05+00:00\",\"dateModified\":\"2021-04-22T20:29:57+00:00\",\"mainEntityOfPage\":{\"@id\":\"https:\/\/www.africa-press.net\/burkina-faso\/culture-et-art\/province-du-nayala-un-festival-des-flutes-pour-valoriser-la-culture-san\"},\"wordCount\":410,\"commentCount\":0,\"image\":{\"@id\":\"https:\/\/www.africa-press.net\/burkina-faso\/culture-et-art\/province-du-nayala-un-festival-des-flutes-pour-valoriser-la-culture-san#primaryimage\"},\"thumbnailUrl\":\"https:\/\/static.africa-press.net\/burkina\/sites\/42\/2021\/04\/img-608199f45293e.jpg\",\"keywords\":[\"Africa Press\",\"Africa Press-Burkina Faso\",\"Burkina Faso\"],\"articleSection\":[\"Culture et Art\",\"homepage-french\",\"Toutes les actualit\u00e9s\"],\"inLanguage\":\"fr-FR\",\"potentialAction\":[{\"@type\":\"CommentAction\",\"name\":\"Comment\",\"target\":[\"https:\/\/www.africa-press.net\/burkina-faso\/culture-et-art\/province-du-nayala-un-festival-des-flutes-pour-valoriser-la-culture-san#respond\"]}]},{\"@type\":\"WebPage\",\"@id\":\"https:\/\/www.africa-press.net\/burkina-faso\/culture-et-art\/province-du-nayala-un-festival-des-flutes-pour-valoriser-la-culture-san\",\"url\":\"https:\/\/www.africa-press.net\/burkina-faso\/culture-et-art\/province-du-nayala-un-festival-des-flutes-pour-valoriser-la-culture-san\",\"name\":\"Province du Nayala : Un festival des fl\u00fbtes pour valoriser la culture san - Burkina Faso\",\"isPartOf\":{\"@id\":\"https:\/\/www.africa-press.net\/burkina-faso\/#website\"},\"primaryImageOfPage\":{\"@id\":\"https:\/\/www.africa-press.net\/burkina-faso\/culture-et-art\/province-du-nayala-un-festival-des-flutes-pour-valoriser-la-culture-san#primaryimage\"},\"image\":{\"@id\":\"https:\/\/www.africa-press.net\/burkina-faso\/culture-et-art\/province-du-nayala-un-festival-des-flutes-pour-valoriser-la-culture-san#primaryimage\"},\"thumbnailUrl\":\"https:\/\/static.africa-press.net\/burkina\/sites\/42\/2021\/04\/img-608199f45293e.jpg\",\"datePublished\":\"2021-04-22T16:07:05+00:00\",\"dateModified\":\"2021-04-22T20:29:57+00:00\",\"author\":{\"@id\":\"https:\/\/www.africa-press.net\/burkina-faso\/#\/schema\/person\/2b1cf3cd81a31e3cd26889ca66d677f1\"},\"description\":\"Plac\u00e9e sous la pr\u00e9sidence du haut-commissaire de la province du Nayala, le parrainage de Jean-Baptiste Dala et le cop ...\",\"breadcrumb\":{\"@id\":\"https:\/\/www.africa-press.net\/burkina-faso\/culture-et-art\/province-du-nayala-un-festival-des-flutes-pour-valoriser-la-culture-san#breadcrumb\"},\"inLanguage\":\"fr-FR\",\"potentialAction\":[{\"@type\":\"ReadAction\",\"target\":[\"https:\/\/www.africa-press.net\/burkina-faso\/culture-et-art\/province-du-nayala-un-festival-des-flutes-pour-valoriser-la-culture-san\"]}]},{\"@type\":\"ImageObject\",\"inLanguage\":\"fr-FR\",\"@id\":\"https:\/\/www.africa-press.net\/burkina-faso\/culture-et-art\/province-du-nayala-un-festival-des-flutes-pour-valoriser-la-culture-san#primaryimage\",\"url\":\"https:\/\/static.africa-press.net\/burkina\/sites\/42\/2021\/04\/img-608199f45293e.jpg\",\"contentUrl\":\"https:\/\/static.africa-press.net\/burkina\/sites\/42\/2021\/04\/img-608199f45293e.jpg\",\"width\":720,\"height\":449,\"caption\":\"Province du Nayala : Un festival des fl\u00fbtes pour valoriser la culture san\"},{\"@type\":\"BreadcrumbList\",\"@id\":\"https:\/\/www.africa-press.net\/burkina-faso\/culture-et-art\/province-du-nayala-un-festival-des-flutes-pour-valoriser-la-culture-san#breadcrumb\",\"itemListElement\":[{\"@type\":\"ListItem\",\"position\":1,\"name\":\"Accueil\",\"item\":\"https:\/\/www.africa-press.net\/burkina-faso\/\"},{\"@type\":\"ListItem\",\"position\":2,\"name\":\"Province du Nayala : Un festival des fl\u00fbtes pour valoriser la culture san\"}]},{\"@type\":\"WebSite\",\"@id\":\"https:\/\/www.africa-press.net\/burkina-faso\/#website\",\"url\":\"https:\/\/www.africa-press.net\/burkina-faso\/\",\"name\":\"Burkina Faso\",\"description\":\"Just another Africa News Agency Sites site\",\"potentialAction\":[{\"@type\":\"SearchAction\",\"target\":{\"@type\":\"EntryPoint\",\"urlTemplate\":\"https:\/\/www.africa-press.net\/burkina-faso\/?s={search_term_string}\"},\"query-input\":{\"@type\":\"PropertyValueSpecification\",\"valueRequired\":true,\"valueName\":\"search_term_string\"}}],\"inLanguage\":\"fr-FR\"},{\"@type\":\"Person\",\"@id\":\"https:\/\/www.africa-press.net\/burkina-faso\/#\/schema\/person\/2b1cf3cd81a31e3cd26889ca66d677f1\",\"name\":\"cfeditorfr\"}]}<\/script>\n<!-- \/ Yoast SEO Premium plugin. -->","yoast_head_json":{"title":"Province du Nayala : Un festival des fl\u00fbtes pour valoriser la culture san - Burkina Faso","description":"Plac\u00e9e sous la pr\u00e9sidence du haut-commissaire de la province du Nayala, le parrainage de Jean-Baptiste Dala et le cop ...","robots":{"index":"index","follow":"follow","max-snippet":"max-snippet:-1","max-image-preview":"max-image-preview:large","max-video-preview":"max-video-preview:-1"},"canonical":"https:\/\/www.africa-press.net\/burkina-faso\/culture-et-art\/province-du-nayala-un-festival-des-flutes-pour-valoriser-la-culture-san","og_locale":"fr_FR","og_type":"article","og_title":"Province du Nayala : Un festival des fl\u00fbtes pour valoriser la culture san","og_description":"Plac\u00e9e sous la pr\u00e9sidence du haut-commissaire de la province du Nayala, le parrainage de Jean-Baptiste Dala et le cop ...","og_url":"https:\/\/www.africa-press.net\/burkina-faso\/culture-et-art\/province-du-nayala-un-festival-des-flutes-pour-valoriser-la-culture-san","og_site_name":"Burkina Faso","article_published_time":"2021-04-22T16:07:05+00:00","article_modified_time":"2021-04-22T20:29:57+00:00","og_image":[{"width":720,"height":449,"url":"https:\/\/static.africa-press.net\/burkina\/sites\/42\/2021\/04\/img-608199f45293e.jpg","type":"image\/jpeg"}],"author":"cfeditorfr","twitter_card":"summary_large_image","twitter_misc":{"\u00c9crit par":"cfeditorfr","Dur\u00e9e de lecture estim\u00e9e":"2 minutes"},"schema":{"@context":"https:\/\/schema.org","@graph":[{"@type":"Article","@id":"https:\/\/www.africa-press.net\/burkina-faso\/culture-et-art\/province-du-nayala-un-festival-des-flutes-pour-valoriser-la-culture-san#article","isPartOf":{"@id":"https:\/\/www.africa-press.net\/burkina-faso\/culture-et-art\/province-du-nayala-un-festival-des-flutes-pour-valoriser-la-culture-san"},"author":{"name":"cfeditorfr","@id":"https:\/\/www.africa-press.net\/burkina-faso\/#\/schema\/person\/2b1cf3cd81a31e3cd26889ca66d677f1"},"headline":"Province du Nayala : Un festival des fl\u00fbtes pour valoriser la culture san","datePublished":"2021-04-22T16:07:05+00:00","dateModified":"2021-04-22T20:29:57+00:00","mainEntityOfPage":{"@id":"https:\/\/www.africa-press.net\/burkina-faso\/culture-et-art\/province-du-nayala-un-festival-des-flutes-pour-valoriser-la-culture-san"},"wordCount":410,"commentCount":0,"image":{"@id":"https:\/\/www.africa-press.net\/burkina-faso\/culture-et-art\/province-du-nayala-un-festival-des-flutes-pour-valoriser-la-culture-san#primaryimage"},"thumbnailUrl":"https:\/\/static.africa-press.net\/burkina\/sites\/42\/2021\/04\/img-608199f45293e.jpg","keywords":["Africa Press","Africa Press-Burkina Faso","Burkina Faso"],"articleSection":["Culture et Art","homepage-french","Toutes les actualit\u00e9s"],"inLanguage":"fr-FR","potentialAction":[{"@type":"CommentAction","name":"Comment","target":["https:\/\/www.africa-press.net\/burkina-faso\/culture-et-art\/province-du-nayala-un-festival-des-flutes-pour-valoriser-la-culture-san#respond"]}]},{"@type":"WebPage","@id":"https:\/\/www.africa-press.net\/burkina-faso\/culture-et-art\/province-du-nayala-un-festival-des-flutes-pour-valoriser-la-culture-san","url":"https:\/\/www.africa-press.net\/burkina-faso\/culture-et-art\/province-du-nayala-un-festival-des-flutes-pour-valoriser-la-culture-san","name":"Province du Nayala : Un festival des fl\u00fbtes pour valoriser la culture san - Burkina Faso","isPartOf":{"@id":"https:\/\/www.africa-press.net\/burkina-faso\/#website"},"primaryImageOfPage":{"@id":"https:\/\/www.africa-press.net\/burkina-faso\/culture-et-art\/province-du-nayala-un-festival-des-flutes-pour-valoriser-la-culture-san#primaryimage"},"image":{"@id":"https:\/\/www.africa-press.net\/burkina-faso\/culture-et-art\/province-du-nayala-un-festival-des-flutes-pour-valoriser-la-culture-san#primaryimage"},"thumbnailUrl":"https:\/\/static.africa-press.net\/burkina\/sites\/42\/2021\/04\/img-608199f45293e.jpg","datePublished":"2021-04-22T16:07:05+00:00","dateModified":"2021-04-22T20:29:57+00:00","author":{"@id":"https:\/\/www.africa-press.net\/burkina-faso\/#\/schema\/person\/2b1cf3cd81a31e3cd26889ca66d677f1"},"description":"Plac\u00e9e sous la pr\u00e9sidence du haut-commissaire de la province du Nayala, le parrainage de Jean-Baptiste Dala et le cop ...","breadcrumb":{"@id":"https:\/\/www.africa-press.net\/burkina-faso\/culture-et-art\/province-du-nayala-un-festival-des-flutes-pour-valoriser-la-culture-san#breadcrumb"},"inLanguage":"fr-FR","potentialAction":[{"@type":"ReadAction","target":["https:\/\/www.africa-press.net\/burkina-faso\/culture-et-art\/province-du-nayala-un-festival-des-flutes-pour-valoriser-la-culture-san"]}]},{"@type":"ImageObject","inLanguage":"fr-FR","@id":"https:\/\/www.africa-press.net\/burkina-faso\/culture-et-art\/province-du-nayala-un-festival-des-flutes-pour-valoriser-la-culture-san#primaryimage","url":"https:\/\/static.africa-press.net\/burkina\/sites\/42\/2021\/04\/img-608199f45293e.jpg","contentUrl":"https:\/\/static.africa-press.net\/burkina\/sites\/42\/2021\/04\/img-608199f45293e.jpg","width":720,"height":449,"caption":"Province du Nayala : Un festival des fl\u00fbtes pour valoriser la culture san"},{"@type":"BreadcrumbList","@id":"https:\/\/www.africa-press.net\/burkina-faso\/culture-et-art\/province-du-nayala-un-festival-des-flutes-pour-valoriser-la-culture-san#breadcrumb","itemListElement":[{"@type":"ListItem","position":1,"name":"Accueil","item":"https:\/\/www.africa-press.net\/burkina-faso\/"},{"@type":"ListItem","position":2,"name":"Province du Nayala : Un festival des fl\u00fbtes pour valoriser la culture san"}]},{"@type":"WebSite","@id":"https:\/\/www.africa-press.net\/burkina-faso\/#website","url":"https:\/\/www.africa-press.net\/burkina-faso\/","name":"Burkina Faso","description":"Just another Africa News Agency Sites site","potentialAction":[{"@type":"SearchAction","target":{"@type":"EntryPoint","urlTemplate":"https:\/\/www.africa-press.net\/burkina-faso\/?s={search_term_string}"},"query-input":{"@type":"PropertyValueSpecification","valueRequired":true,"valueName":"search_term_string"}}],"inLanguage":"fr-FR"},{"@type":"Person","@id":"https:\/\/www.africa-press.net\/burkina-faso\/#\/schema\/person\/2b1cf3cd81a31e3cd26889ca66d677f1","name":"cfeditorfr"}]}},"_links":{"self":[{"href":"https:\/\/www.africa-press.net\/burkina-faso\/wp-json\/wp\/v2\/posts\/10369","targetHints":{"allow":["GET"]}}],"collection":[{"href":"https:\/\/www.africa-press.net\/burkina-faso\/wp-json\/wp\/v2\/posts"}],"about":[{"href":"https:\/\/www.africa-press.net\/burkina-faso\/wp-json\/wp\/v2\/types\/post"}],"author":[{"embeddable":true,"href":"https:\/\/www.africa-press.net\/burkina-faso\/wp-json\/wp\/v2\/users\/82"}],"replies":[{"embeddable":true,"href":"https:\/\/www.africa-press.net\/burkina-faso\/wp-json\/wp\/v2\/comments?post=10369"}],"version-history":[{"count":0,"href":"https:\/\/www.africa-press.net\/burkina-faso\/wp-json\/wp\/v2\/posts\/10369\/revisions"}],"wp:featuredmedia":[{"embeddable":true,"href":"https:\/\/www.africa-press.net\/burkina-faso\/wp-json\/wp\/v2\/media\/10368"}],"wp:attachment":[{"href":"https:\/\/www.africa-press.net\/burkina-faso\/wp-json\/wp\/v2\/media?parent=10369"}],"wp:term":[{"taxonomy":"category","embeddable":true,"href":"https:\/\/www.africa-press.net\/burkina-faso\/wp-json\/wp\/v2\/categories?post=10369"},{"taxonomy":"post_tag","embeddable":true,"href":"https:\/\/www.africa-press.net\/burkina-faso\/wp-json\/wp\/v2\/tags?post=10369"}],"curies":[{"name":"wp","href":"https:\/\/api.w.org\/{rel}","templated":true}]}}