{"id":10375,"date":"2021-04-22T16:26:22","date_gmt":"2021-04-22T16:26:22","guid":{"rendered":"https:\/\/www.africa-press.net\/burkina-faso\/?p=10375"},"modified":"2021-04-22T20:30:27","modified_gmt":"2021-04-22T20:30:27","slug":"lutte-contre-le-paludisme-les-entreprises-du-secteur-prive-sengagent","status":"publish","type":"post","link":"https:\/\/www.africa-press.net\/burkina-faso\/toutes-les-actualites\/lutte-contre-le-paludisme-les-entreprises-du-secteur-prive-sengagent","title":{"rendered":"Lutte contre le paludisme : Les entreprises du secteur priv\u00e9 s&rsquo;engagent"},"content":{"rendered":"<p><span style=\"color: #ff6600\"><strong><a href=\"https:\/\/www.africa-press.net\/\">Africa-Press<\/a> &#8211; <a href=\"https:\/\/www.africa-press.net\/burkina-faso\">Burkina Faso<\/a>. <\/strong><\/span><b>Le ministre de la Sant\u00e9, Pr Charlemagne Ou\u00e9draogo, a lanc\u00e9 officiellement, ce jeudi 22 avril 2021 \u00e0 Ouagadougou, l\u2019initiative \u00ab Z\u00e9ro palu ! Les entreprises s\u2019engagent \u00bb. Une initiative mise en \u0153uvre par le groupe Ecobank en partenariat avec Speak Up Africa et le Partenariat RBM (Roll Back Malaria) en vue de susciter l\u2019adh\u00e9sion des entreprises dans la lutte contre le paludisme.<\/b><\/p>\n<p>Les entreprises du secteur priv\u00e9 ne veulent plus rester en marge de la lutte contre le paludisme qui fait encore plus de 400 000 d\u00e9c\u00e8s par an dans le monde avec plus de 95% du nombre total de cas concentr\u00e9s en Afrique. En vue donc de stimuler l\u2019engagement du secteur priv\u00e9 dans la lutte contre le paludisme en Afrique, le groupe Ecobank en partenariat avec Speak Up Africa et le Partenariat RBM (Roll Back Malaria) met en \u0153uvre l\u2019initiative \u00ab Z\u00e9ro palu ! Les entreprises s\u2019engagent \u00bb. Cette collaboration vise \u00e0 soutenir les communaut\u00e9s \u00e0 risque de paludisme \u00e0 travers le continent en plaidant pour une volont\u00e9 politique plus forte, un financement plus accru et des strat\u00e9gies d\u2019\u00e9limination du paludisme plus cibl\u00e9es.<\/p>\n<p>Il s\u2019agira dans le cadre de cette initiative, de favoriser la mobilisation des ressources nationales pour un financement durable de la lutte et de l\u2019\u00e9limination contre le paludisme, mobiliser les entreprises en faveur du contr\u00f4le et de l\u2019\u00e9limination du paludisme et maximiser les r\u00e9seaux et partenaires d\u2019Ecobank pour renforcer ou cr\u00e9er des plateformes collaboratives.<\/p>\n<p>A l\u2019occasion du lancement de l\u2019initiative, le directeur g\u00e9n\u00e9ral du groupe Ecobank, Moukaramou Chanou Alao, a annonc\u00e9 que son groupe s\u2019engage \u00e0 hauteur de 60 millions de F CFA \u00e0 travers un syst\u00e8me de contrepartie \u00e9gale. \u00ab Cette contribution vise \u00e0 inciter d\u2019autres entreprises du secteur priv\u00e9 \u00e0 s\u2019engager et \u00e0 contribuer en faveur de la lutte contre le paludisme \u00bb, a indiqu\u00e9 Moukaramou Chanou Alao qui ne manque pas de souligner que le paludisme a un impact n\u00e9gatif sur toutes les entreprises.<\/p>\n<p><b>Le paludisme, premi\u00e8re cause de d\u00e9c\u00e8s au Burkina<\/b><\/p>\n<p>Le ministre de la Sant\u00e9, Pr Charlemagne Ou\u00e9draogo, qui a parrain\u00e9 la c\u00e9r\u00e9monie, n\u2019a pas manqu\u00e9 de saluer \u00e0 sa juste valeur l\u2019initiative \u00ab Z\u00e9ro palu ! Les entreprises s\u2019engagent \u00bb. Il rappelle que le paludisme demeure la premi\u00e8re cause de consultation, d\u2019hospitalisation et de d\u00e9c\u00e8s dans les formations sanitaires au Burkina Faso avec 3 966 d\u00e9c\u00e8s en 2020. De ce fait, le gouvernement a plac\u00e9 la lutte contre le paludisme au c\u0153ur de ses priorit\u00e9s \u00e0 travers la mise en place du nouveau Plan strat\u00e9gique national de lutte contre le paludisme 2021-2025.<\/p>\n<p>Un plan qui a besoin de diversifier les sources de financement pour sa mise en \u0153uvre. \u00ab \u2018\u2019L\u2019initiative Z\u00e9ro palu ! Les entreprises s\u2019engagent\u2019\u2019 lanc\u00e9e par Ecobank en collaboration avec Speak Up Africa et le Partenariat RBM vient donc soutenir un des piliers importants de la strat\u00e9gie de lutte contre cette maladie, qui est la mobilisation du secteur priv\u00e9 national. L\u2019engagement des entreprises du secteur priv\u00e9 \u00e0 travers des financements accrus et soutenus est un important levier pour l\u2019atteinte des objectifs \u00bb, laiss\u00e9 entendre le ministre Ou\u00e9draogo.<\/p>\n<p>Tout comme le directeur g\u00e9n\u00e9ral du groupe Ecobank, Pr Charlemagne Ou\u00e9draogo n\u2019a pas manqu\u00e9 de lancer un appel au secteur priv\u00e9 pour une mobilisation et une mutualisation des ressources en vue d\u2019enrayer le paludisme du Burkina Faso.<br \/>\nL\u2019initiative \u00ab Z\u00e9ro palu ! Les entreprises s\u2019engagent \u00bb s\u2019inspire de la campagne \u00ab Z\u00e9ro palu ! Je m\u2019engage \u00bb lanc\u00e9e au S\u00e9n\u00e9gal en 2014 et endoss\u00e9e par l\u2019Union africaine en 2018. Le Burkina Faso c\u00e9l\u00e9brera la Journ\u00e9e mondiale de lutte contre le paludisme ce 25 avril 2021 \u00e9galement sous le th\u00e8me \u00ab Z\u00e9ro palu ! Je m\u2019engage \u00bb.<\/p>\n<p><b>Justine Bonkoungou<br \/>\n<\/b><\/p>\n","protected":false},"excerpt":{"rendered":"<p>Africa-Press &#8211; Burkina Faso. Le ministre de la Sant\u00e9, Pr Charlemagne Ou\u00e9draogo, a lanc\u00e9 officiellement, ce jeudi 22 avril 2021 \u00e0 Ouagadougou, l\u2019initiative \u00ab Z\u00e9ro palu ! Les entreprises s\u2019engagent \u00bb. Une initiative mise en \u0153uvre par le groupe Ecobank en partenariat avec Speak Up Africa et le Partenariat RBM (Roll Back Malaria) en vue [&hellip;]<\/p>\n","protected":false},"author":82,"featured_media":10374,"comment_status":"open","ping_status":"closed","sticky":false,"template":"","format":"standard","meta":{"footnotes":""},"categories":[21,11,10],"tags":[111,725,29],"class_list":["post-10375","post","type-post","status-publish","format-standard","has-post-thumbnail","hentry","category-communaute","category-homepage-french","category-toutes-les-actualites","tag-africa-press","tag-africa-press-burkina-faso","tag-burkina-faso"],"yoast_head":"<!-- This site is optimized with the Yoast SEO Premium plugin v26.1 (Yoast SEO v27.0) - https:\/\/yoast.com\/product\/yoast-seo-premium-wordpress\/ -->\n<title>Lutte contre le paludisme : Les entreprises du secteur priv\u00e9 s&#039;engagent - Burkina Faso<\/title>\n<meta name=\"description\" content=\"Le ministre de la Sant\u00e9, Pr Charlemagne Ou\u00e9draogo, a lanc\u00e9 officiellement, ce jeudi 22 avril 2021 \u00e0 Ouagadougou, l\u2019in ...\" \/>\n<meta name=\"robots\" content=\"index, follow, max-snippet:-1, max-image-preview:large, max-video-preview:-1\" \/>\n<link rel=\"canonical\" href=\"https:\/\/www.africa-press.net\/burkina-faso\/toutes-les-actualites\/lutte-contre-le-paludisme-les-entreprises-du-secteur-prive-sengagent\" \/>\n<meta property=\"og:locale\" content=\"fr_FR\" \/>\n<meta property=\"og:type\" content=\"article\" \/>\n<meta property=\"og:title\" content=\"Lutte contre le paludisme : Les entreprises du secteur priv\u00e9 s&#039;engagent\" \/>\n<meta property=\"og:description\" content=\"Le ministre de la Sant\u00e9, Pr Charlemagne Ou\u00e9draogo, a lanc\u00e9 officiellement, ce jeudi 22 avril 2021 \u00e0 Ouagadougou, l\u2019in ...\" \/>\n<meta property=\"og:url\" content=\"https:\/\/www.africa-press.net\/burkina-faso\/toutes-les-actualites\/lutte-contre-le-paludisme-les-entreprises-du-secteur-prive-sengagent\" \/>\n<meta property=\"og:site_name\" content=\"Burkina Faso\" \/>\n<meta property=\"article:published_time\" content=\"2021-04-22T16:26:22+00:00\" \/>\n<meta property=\"article:modified_time\" content=\"2021-04-22T20:30:27+00:00\" \/>\n<meta property=\"og:image\" content=\"https:\/\/static.africa-press.net\/burkina\/sites\/42\/2021\/04\/img-60819a4185cdd.jpg\" \/>\n\t<meta property=\"og:image:width\" content=\"720\" \/>\n\t<meta property=\"og:image:height\" content=\"405\" \/>\n\t<meta property=\"og:image:type\" content=\"image\/jpeg\" \/>\n<meta name=\"author\" content=\"cfeditorfr\" \/>\n<meta name=\"twitter:card\" content=\"summary_large_image\" \/>\n<meta name=\"twitter:label1\" content=\"\u00c9crit par\" \/>\n\t<meta name=\"twitter:data1\" content=\"cfeditorfr\" \/>\n\t<meta name=\"twitter:label2\" content=\"Dur\u00e9e de lecture estim\u00e9e\" \/>\n\t<meta name=\"twitter:data2\" content=\"3 minutes\" \/>\n<script type=\"application\/ld+json\" class=\"yoast-schema-graph\">{\"@context\":\"https:\/\/schema.org\",\"@graph\":[{\"@type\":\"Article\",\"@id\":\"https:\/\/www.africa-press.net\/burkina-faso\/toutes-les-actualites\/lutte-contre-le-paludisme-les-entreprises-du-secteur-prive-sengagent#article\",\"isPartOf\":{\"@id\":\"https:\/\/www.africa-press.net\/burkina-faso\/toutes-les-actualites\/lutte-contre-le-paludisme-les-entreprises-du-secteur-prive-sengagent\"},\"author\":{\"name\":\"cfeditorfr\",\"@id\":\"https:\/\/www.africa-press.net\/burkina-faso\/#\/schema\/person\/2b1cf3cd81a31e3cd26889ca66d677f1\"},\"headline\":\"Lutte contre le paludisme : Les entreprises du secteur priv\u00e9 s&rsquo;engagent\",\"datePublished\":\"2021-04-22T16:26:22+00:00\",\"dateModified\":\"2021-04-22T20:30:27+00:00\",\"mainEntityOfPage\":{\"@id\":\"https:\/\/www.africa-press.net\/burkina-faso\/toutes-les-actualites\/lutte-contre-le-paludisme-les-entreprises-du-secteur-prive-sengagent\"},\"wordCount\":656,\"commentCount\":0,\"image\":{\"@id\":\"https:\/\/www.africa-press.net\/burkina-faso\/toutes-les-actualites\/lutte-contre-le-paludisme-les-entreprises-du-secteur-prive-sengagent#primaryimage\"},\"thumbnailUrl\":\"https:\/\/static.africa-press.net\/burkina\/sites\/42\/2021\/04\/img-60819a4185cdd.jpg\",\"keywords\":[\"Africa Press\",\"Africa Press-Burkina Faso\",\"Burkina Faso\"],\"articleSection\":[\"Communaut\u00e9\",\"homepage-french\",\"Toutes les actualit\u00e9s\"],\"inLanguage\":\"fr-FR\",\"potentialAction\":[{\"@type\":\"CommentAction\",\"name\":\"Comment\",\"target\":[\"https:\/\/www.africa-press.net\/burkina-faso\/toutes-les-actualites\/lutte-contre-le-paludisme-les-entreprises-du-secteur-prive-sengagent#respond\"]}]},{\"@type\":\"WebPage\",\"@id\":\"https:\/\/www.africa-press.net\/burkina-faso\/toutes-les-actualites\/lutte-contre-le-paludisme-les-entreprises-du-secteur-prive-sengagent\",\"url\":\"https:\/\/www.africa-press.net\/burkina-faso\/toutes-les-actualites\/lutte-contre-le-paludisme-les-entreprises-du-secteur-prive-sengagent\",\"name\":\"Lutte contre le paludisme : Les entreprises du secteur priv\u00e9 s'engagent - Burkina Faso\",\"isPartOf\":{\"@id\":\"https:\/\/www.africa-press.net\/burkina-faso\/#website\"},\"primaryImageOfPage\":{\"@id\":\"https:\/\/www.africa-press.net\/burkina-faso\/toutes-les-actualites\/lutte-contre-le-paludisme-les-entreprises-du-secteur-prive-sengagent#primaryimage\"},\"image\":{\"@id\":\"https:\/\/www.africa-press.net\/burkina-faso\/toutes-les-actualites\/lutte-contre-le-paludisme-les-entreprises-du-secteur-prive-sengagent#primaryimage\"},\"thumbnailUrl\":\"https:\/\/static.africa-press.net\/burkina\/sites\/42\/2021\/04\/img-60819a4185cdd.jpg\",\"datePublished\":\"2021-04-22T16:26:22+00:00\",\"dateModified\":\"2021-04-22T20:30:27+00:00\",\"author\":{\"@id\":\"https:\/\/www.africa-press.net\/burkina-faso\/#\/schema\/person\/2b1cf3cd81a31e3cd26889ca66d677f1\"},\"description\":\"Le ministre de la Sant\u00e9, Pr Charlemagne Ou\u00e9draogo, a lanc\u00e9 officiellement, ce jeudi 22 avril 2021 \u00e0 Ouagadougou, l\u2019in ...\",\"breadcrumb\":{\"@id\":\"https:\/\/www.africa-press.net\/burkina-faso\/toutes-les-actualites\/lutte-contre-le-paludisme-les-entreprises-du-secteur-prive-sengagent#breadcrumb\"},\"inLanguage\":\"fr-FR\",\"potentialAction\":[{\"@type\":\"ReadAction\",\"target\":[\"https:\/\/www.africa-press.net\/burkina-faso\/toutes-les-actualites\/lutte-contre-le-paludisme-les-entreprises-du-secteur-prive-sengagent\"]}]},{\"@type\":\"ImageObject\",\"inLanguage\":\"fr-FR\",\"@id\":\"https:\/\/www.africa-press.net\/burkina-faso\/toutes-les-actualites\/lutte-contre-le-paludisme-les-entreprises-du-secteur-prive-sengagent#primaryimage\",\"url\":\"https:\/\/static.africa-press.net\/burkina\/sites\/42\/2021\/04\/img-60819a4185cdd.jpg\",\"contentUrl\":\"https:\/\/static.africa-press.net\/burkina\/sites\/42\/2021\/04\/img-60819a4185cdd.jpg\",\"width\":720,\"height\":405,\"caption\":\"Lutte contre le paludisme : Les entreprises du secteur priv\u00e9 s'engagent\"},{\"@type\":\"BreadcrumbList\",\"@id\":\"https:\/\/www.africa-press.net\/burkina-faso\/toutes-les-actualites\/lutte-contre-le-paludisme-les-entreprises-du-secteur-prive-sengagent#breadcrumb\",\"itemListElement\":[{\"@type\":\"ListItem\",\"position\":1,\"name\":\"Accueil\",\"item\":\"https:\/\/www.africa-press.net\/burkina-faso\/\"},{\"@type\":\"ListItem\",\"position\":2,\"name\":\"Lutte contre le paludisme : Les entreprises du secteur priv\u00e9 s&#8217;engagent\"}]},{\"@type\":\"WebSite\",\"@id\":\"https:\/\/www.africa-press.net\/burkina-faso\/#website\",\"url\":\"https:\/\/www.africa-press.net\/burkina-faso\/\",\"name\":\"Burkina Faso\",\"description\":\"Just another Africa News Agency Sites site\",\"potentialAction\":[{\"@type\":\"SearchAction\",\"target\":{\"@type\":\"EntryPoint\",\"urlTemplate\":\"https:\/\/www.africa-press.net\/burkina-faso\/?s={search_term_string}\"},\"query-input\":{\"@type\":\"PropertyValueSpecification\",\"valueRequired\":true,\"valueName\":\"search_term_string\"}}],\"inLanguage\":\"fr-FR\"},{\"@type\":\"Person\",\"@id\":\"https:\/\/www.africa-press.net\/burkina-faso\/#\/schema\/person\/2b1cf3cd81a31e3cd26889ca66d677f1\",\"name\":\"cfeditorfr\"}]}<\/script>\n<!-- \/ Yoast SEO Premium plugin. -->","yoast_head_json":{"title":"Lutte contre le paludisme : Les entreprises du secteur priv\u00e9 s'engagent - Burkina Faso","description":"Le ministre de la Sant\u00e9, Pr Charlemagne Ou\u00e9draogo, a lanc\u00e9 officiellement, ce jeudi 22 avril 2021 \u00e0 Ouagadougou, l\u2019in ...","robots":{"index":"index","follow":"follow","max-snippet":"max-snippet:-1","max-image-preview":"max-image-preview:large","max-video-preview":"max-video-preview:-1"},"canonical":"https:\/\/www.africa-press.net\/burkina-faso\/toutes-les-actualites\/lutte-contre-le-paludisme-les-entreprises-du-secteur-prive-sengagent","og_locale":"fr_FR","og_type":"article","og_title":"Lutte contre le paludisme : Les entreprises du secteur priv\u00e9 s'engagent","og_description":"Le ministre de la Sant\u00e9, Pr Charlemagne Ou\u00e9draogo, a lanc\u00e9 officiellement, ce jeudi 22 avril 2021 \u00e0 Ouagadougou, l\u2019in ...","og_url":"https:\/\/www.africa-press.net\/burkina-faso\/toutes-les-actualites\/lutte-contre-le-paludisme-les-entreprises-du-secteur-prive-sengagent","og_site_name":"Burkina Faso","article_published_time":"2021-04-22T16:26:22+00:00","article_modified_time":"2021-04-22T20:30:27+00:00","og_image":[{"width":720,"height":405,"url":"https:\/\/static.africa-press.net\/burkina\/sites\/42\/2021\/04\/img-60819a4185cdd.jpg","type":"image\/jpeg"}],"author":"cfeditorfr","twitter_card":"summary_large_image","twitter_misc":{"\u00c9crit par":"cfeditorfr","Dur\u00e9e de lecture estim\u00e9e":"3 minutes"},"schema":{"@context":"https:\/\/schema.org","@graph":[{"@type":"Article","@id":"https:\/\/www.africa-press.net\/burkina-faso\/toutes-les-actualites\/lutte-contre-le-paludisme-les-entreprises-du-secteur-prive-sengagent#article","isPartOf":{"@id":"https:\/\/www.africa-press.net\/burkina-faso\/toutes-les-actualites\/lutte-contre-le-paludisme-les-entreprises-du-secteur-prive-sengagent"},"author":{"name":"cfeditorfr","@id":"https:\/\/www.africa-press.net\/burkina-faso\/#\/schema\/person\/2b1cf3cd81a31e3cd26889ca66d677f1"},"headline":"Lutte contre le paludisme : Les entreprises du secteur priv\u00e9 s&rsquo;engagent","datePublished":"2021-04-22T16:26:22+00:00","dateModified":"2021-04-22T20:30:27+00:00","mainEntityOfPage":{"@id":"https:\/\/www.africa-press.net\/burkina-faso\/toutes-les-actualites\/lutte-contre-le-paludisme-les-entreprises-du-secteur-prive-sengagent"},"wordCount":656,"commentCount":0,"image":{"@id":"https:\/\/www.africa-press.net\/burkina-faso\/toutes-les-actualites\/lutte-contre-le-paludisme-les-entreprises-du-secteur-prive-sengagent#primaryimage"},"thumbnailUrl":"https:\/\/static.africa-press.net\/burkina\/sites\/42\/2021\/04\/img-60819a4185cdd.jpg","keywords":["Africa Press","Africa Press-Burkina Faso","Burkina Faso"],"articleSection":["Communaut\u00e9","homepage-french","Toutes les actualit\u00e9s"],"inLanguage":"fr-FR","potentialAction":[{"@type":"CommentAction","name":"Comment","target":["https:\/\/www.africa-press.net\/burkina-faso\/toutes-les-actualites\/lutte-contre-le-paludisme-les-entreprises-du-secteur-prive-sengagent#respond"]}]},{"@type":"WebPage","@id":"https:\/\/www.africa-press.net\/burkina-faso\/toutes-les-actualites\/lutte-contre-le-paludisme-les-entreprises-du-secteur-prive-sengagent","url":"https:\/\/www.africa-press.net\/burkina-faso\/toutes-les-actualites\/lutte-contre-le-paludisme-les-entreprises-du-secteur-prive-sengagent","name":"Lutte contre le paludisme : Les entreprises du secteur priv\u00e9 s'engagent - Burkina Faso","isPartOf":{"@id":"https:\/\/www.africa-press.net\/burkina-faso\/#website"},"primaryImageOfPage":{"@id":"https:\/\/www.africa-press.net\/burkina-faso\/toutes-les-actualites\/lutte-contre-le-paludisme-les-entreprises-du-secteur-prive-sengagent#primaryimage"},"image":{"@id":"https:\/\/www.africa-press.net\/burkina-faso\/toutes-les-actualites\/lutte-contre-le-paludisme-les-entreprises-du-secteur-prive-sengagent#primaryimage"},"thumbnailUrl":"https:\/\/static.africa-press.net\/burkina\/sites\/42\/2021\/04\/img-60819a4185cdd.jpg","datePublished":"2021-04-22T16:26:22+00:00","dateModified":"2021-04-22T20:30:27+00:00","author":{"@id":"https:\/\/www.africa-press.net\/burkina-faso\/#\/schema\/person\/2b1cf3cd81a31e3cd26889ca66d677f1"},"description":"Le ministre de la Sant\u00e9, Pr Charlemagne Ou\u00e9draogo, a lanc\u00e9 officiellement, ce jeudi 22 avril 2021 \u00e0 Ouagadougou, l\u2019in ...","breadcrumb":{"@id":"https:\/\/www.africa-press.net\/burkina-faso\/toutes-les-actualites\/lutte-contre-le-paludisme-les-entreprises-du-secteur-prive-sengagent#breadcrumb"},"inLanguage":"fr-FR","potentialAction":[{"@type":"ReadAction","target":["https:\/\/www.africa-press.net\/burkina-faso\/toutes-les-actualites\/lutte-contre-le-paludisme-les-entreprises-du-secteur-prive-sengagent"]}]},{"@type":"ImageObject","inLanguage":"fr-FR","@id":"https:\/\/www.africa-press.net\/burkina-faso\/toutes-les-actualites\/lutte-contre-le-paludisme-les-entreprises-du-secteur-prive-sengagent#primaryimage","url":"https:\/\/static.africa-press.net\/burkina\/sites\/42\/2021\/04\/img-60819a4185cdd.jpg","contentUrl":"https:\/\/static.africa-press.net\/burkina\/sites\/42\/2021\/04\/img-60819a4185cdd.jpg","width":720,"height":405,"caption":"Lutte contre le paludisme : Les entreprises du secteur priv\u00e9 s'engagent"},{"@type":"BreadcrumbList","@id":"https:\/\/www.africa-press.net\/burkina-faso\/toutes-les-actualites\/lutte-contre-le-paludisme-les-entreprises-du-secteur-prive-sengagent#breadcrumb","itemListElement":[{"@type":"ListItem","position":1,"name":"Accueil","item":"https:\/\/www.africa-press.net\/burkina-faso\/"},{"@type":"ListItem","position":2,"name":"Lutte contre le paludisme : Les entreprises du secteur priv\u00e9 s&#8217;engagent"}]},{"@type":"WebSite","@id":"https:\/\/www.africa-press.net\/burkina-faso\/#website","url":"https:\/\/www.africa-press.net\/burkina-faso\/","name":"Burkina Faso","description":"Just another Africa News Agency Sites site","potentialAction":[{"@type":"SearchAction","target":{"@type":"EntryPoint","urlTemplate":"https:\/\/www.africa-press.net\/burkina-faso\/?s={search_term_string}"},"query-input":{"@type":"PropertyValueSpecification","valueRequired":true,"valueName":"search_term_string"}}],"inLanguage":"fr-FR"},{"@type":"Person","@id":"https:\/\/www.africa-press.net\/burkina-faso\/#\/schema\/person\/2b1cf3cd81a31e3cd26889ca66d677f1","name":"cfeditorfr"}]}},"_links":{"self":[{"href":"https:\/\/www.africa-press.net\/burkina-faso\/wp-json\/wp\/v2\/posts\/10375","targetHints":{"allow":["GET"]}}],"collection":[{"href":"https:\/\/www.africa-press.net\/burkina-faso\/wp-json\/wp\/v2\/posts"}],"about":[{"href":"https:\/\/www.africa-press.net\/burkina-faso\/wp-json\/wp\/v2\/types\/post"}],"author":[{"embeddable":true,"href":"https:\/\/www.africa-press.net\/burkina-faso\/wp-json\/wp\/v2\/users\/82"}],"replies":[{"embeddable":true,"href":"https:\/\/www.africa-press.net\/burkina-faso\/wp-json\/wp\/v2\/comments?post=10375"}],"version-history":[{"count":0,"href":"https:\/\/www.africa-press.net\/burkina-faso\/wp-json\/wp\/v2\/posts\/10375\/revisions"}],"wp:featuredmedia":[{"embeddable":true,"href":"https:\/\/www.africa-press.net\/burkina-faso\/wp-json\/wp\/v2\/media\/10374"}],"wp:attachment":[{"href":"https:\/\/www.africa-press.net\/burkina-faso\/wp-json\/wp\/v2\/media?parent=10375"}],"wp:term":[{"taxonomy":"category","embeddable":true,"href":"https:\/\/www.africa-press.net\/burkina-faso\/wp-json\/wp\/v2\/categories?post=10375"},{"taxonomy":"post_tag","embeddable":true,"href":"https:\/\/www.africa-press.net\/burkina-faso\/wp-json\/wp\/v2\/tags?post=10375"}],"curies":[{"name":"wp","href":"https:\/\/api.w.org\/{rel}","templated":true}]}}