{"id":10378,"date":"2021-04-22T16:30:01","date_gmt":"2021-04-22T16:30:01","guid":{"rendered":"https:\/\/www.africa-press.net\/burkina-faso\/?p=10378"},"modified":"2021-04-22T20:30:36","modified_gmt":"2021-04-22T20:30:36","slug":"burkina-faso-boureima-thiombiano-desormais-directeur-general-du-cegeci","status":"publish","type":"post","link":"https:\/\/www.africa-press.net\/burkina-faso\/politique\/burkina-faso-boureima-thiombiano-desormais-directeur-general-du-cegeci","title":{"rendered":"Boureima Thiombiano d\u00e9sormais directeur g\u00e9n\u00e9ral du CEGECI \u00a0"},"content":{"rendered":"<p><span style=\"color: #ff6600\"><strong><a href=\"https:\/\/www.africa-press.net\/\">Africa-Press<\/a> &#8211; <a href=\"https:\/\/www.africa-press.net\/burkina-faso\">Burkina Faso<\/a>. <\/strong><\/span>Nomm\u00e9 en conseil des ministres le 14 avril dernier, Boureima Thiombiano est d\u00e9sormais le nouveau patron du centre de gestion des cit\u00e9s (CEGECI). La c\u00e9r\u00e9monie d\u2019installation s\u2019est d\u00e9roul\u00e9e ce mercredi 21 avril 2021 \u00e0 Ouagadougou.<\/p>\n<p>D\u00e9sormais, Boureima Thiombiano dirige le Centre de Gestion des Cit\u00e9s (CEGECI). En effet, il a pris officiellement fonction ce mercredi 21 avril 2021. Pour le secr\u00e9taire g\u00e9n\u00e9ral du minist\u00e8re de l\u2019urbanisme, de l\u2019habitat et de la ville, Stanislas Goungounga, c\u2019est \u00ab une tradition qui a \u00e9t\u00e9 respect\u00e9e \u00bb. \u00ab C\u2019est une tradition administrative. Des hommes occupent des fonctions, les c\u00e8dent et d\u2019autres viennent les occuper \u00bb, a-t-il indiqu\u00e9.<\/p>\n<p>Pour celui qui vient remplacer Yacouba Salouka, les attentes sont nombreuses. Cependant, il dit \u00eatre au courant de la t\u00e2che qui l\u2019attend. \u00ab Les priorit\u00e9s sont \u00e9normes. Dans la passation, j\u2019ai pris connaissance du contrat d\u2019objectif assign\u00e9 par le conseil d\u2019administration \u00e0 savoir promouvoir l\u2019acc\u00e8s au logement, mener une bonne gestion des cit\u00e9es d\u00e9j\u00e0 r\u00e9alis\u00e9es, mais aussi de renforcer les capacit\u00e9s et l\u2019efficacit\u00e9 de l\u2019institution CEGECI \u00bb, a dit Boureima Thiombiano.<\/p>\n<p>Afin de se montrer \u00e0 la hauteur de sa mission, le nouveau directeur g\u00e9n\u00e9ral entend s\u2019appuyer sur l\u2019accompagnement de ses collaborateurs car pour lui, \u00ab ce n\u2019est pas la seule personne du DG qui fait le travail \u00bb. \u00ab La mission est donc difficile mais pas impossible \u00bb, selon ses dires. Boureima Thiombiano a \u00e9galement saisi l\u2019occasion pour traduire sa \u00ab gratitude et sa reconnaissance \u00bb pour le choix et sa personne pour occuper le poste de premier responsable de \u00ab cette prestigieuse soci\u00e9t\u00e9 \u00bb.<\/p>\n<p>Sur l\u2019ex\u00e9cution de sa mission, le nouveau directeur g\u00e9n\u00e9ral a laiss\u00e9 entendre qu\u2019il mettra tout en \u0153uvre pour \u00eatre \u00e0 la hauteur des attentes des Burkinab\u00e8. En guise d\u2019information, il faut retenir que la question des logements se pose actuellement avec acuit\u00e9 et provoque des crises au sein de la soci\u00e9t\u00e9. Deborah BENAO et Sanata Gansagn\u00e9 (stagiaire) Burkina24<\/p>\n","protected":false},"excerpt":{"rendered":"<p>Africa-Press &#8211; Burkina Faso. Nomm\u00e9 en conseil des ministres le 14 avril dernier, Boureima Thiombiano est d\u00e9sormais le nouveau patron du centre de gestion des cit\u00e9s (CEGECI). La c\u00e9r\u00e9monie d\u2019installation s\u2019est d\u00e9roul\u00e9e ce mercredi 21 avril 2021 \u00e0 Ouagadougou. D\u00e9sormais, Boureima Thiombiano dirige le Centre de Gestion des Cit\u00e9s (CEGECI). En effet, il a pris [&hellip;]<\/p>\n","protected":false},"author":82,"featured_media":10377,"comment_status":"open","ping_status":"closed","sticky":false,"template":"","format":"standard","meta":{"footnotes":""},"categories":[11,2,10],"tags":[111,725,29],"class_list":["post-10378","post","type-post","status-publish","format-standard","has-post-thumbnail","hentry","category-homepage-french","category-politique","category-toutes-les-actualites","tag-africa-press","tag-africa-press-burkina-faso","tag-burkina-faso"],"yoast_head":"<!-- This site is optimized with the Yoast SEO Premium plugin v26.1 (Yoast SEO v27.0) - https:\/\/yoast.com\/product\/yoast-seo-premium-wordpress\/ -->\n<title>Boureima Thiombiano d\u00e9sormais directeur g\u00e9n\u00e9ral du CEGECI \u00a0 - Burkina Faso<\/title>\n<meta name=\"description\" content=\"Nomm\u00e9 en conseil des ministres le 14 avril dernier, Boureima Thiombiano est d\u00e9sormais le nouveau patron du centre de ges ...\" \/>\n<meta name=\"robots\" content=\"index, follow, max-snippet:-1, max-image-preview:large, max-video-preview:-1\" \/>\n<link rel=\"canonical\" href=\"https:\/\/www.africa-press.net\/burkina-faso\/politique\/burkina-faso-boureima-thiombiano-desormais-directeur-general-du-cegeci\" \/>\n<meta property=\"og:locale\" content=\"fr_FR\" \/>\n<meta property=\"og:type\" content=\"article\" \/>\n<meta property=\"og:title\" content=\"Boureima Thiombiano d\u00e9sormais directeur g\u00e9n\u00e9ral du CEGECI \u00a0\" \/>\n<meta property=\"og:description\" content=\"Nomm\u00e9 en conseil des ministres le 14 avril dernier, Boureima Thiombiano est d\u00e9sormais le nouveau patron du centre de ges ...\" \/>\n<meta property=\"og:url\" content=\"https:\/\/www.africa-press.net\/burkina-faso\/politique\/burkina-faso-boureima-thiombiano-desormais-directeur-general-du-cegeci\" \/>\n<meta property=\"og:site_name\" content=\"Burkina Faso\" \/>\n<meta property=\"article:published_time\" content=\"2021-04-22T16:30:01+00:00\" \/>\n<meta property=\"article:modified_time\" content=\"2021-04-22T20:30:36+00:00\" \/>\n<meta property=\"og:image\" content=\"https:\/\/static.africa-press.net\/burkina\/sites\/42\/2021\/04\/img-60819a67c6c03.jpg\" \/>\n\t<meta property=\"og:image:width\" content=\"1024\" \/>\n\t<meta property=\"og:image:height\" content=\"634\" \/>\n\t<meta property=\"og:image:type\" content=\"image\/jpeg\" \/>\n<meta name=\"author\" content=\"cfeditorfr\" \/>\n<meta name=\"twitter:card\" content=\"summary_large_image\" \/>\n<meta name=\"twitter:label1\" content=\"\u00c9crit par\" \/>\n\t<meta name=\"twitter:data1\" content=\"cfeditorfr\" \/>\n\t<meta name=\"twitter:label2\" content=\"Dur\u00e9e de lecture estim\u00e9e\" \/>\n\t<meta name=\"twitter:data2\" content=\"2 minutes\" \/>\n<script type=\"application\/ld+json\" class=\"yoast-schema-graph\">{\"@context\":\"https:\/\/schema.org\",\"@graph\":[{\"@type\":\"Article\",\"@id\":\"https:\/\/www.africa-press.net\/burkina-faso\/politique\/burkina-faso-boureima-thiombiano-desormais-directeur-general-du-cegeci#article\",\"isPartOf\":{\"@id\":\"https:\/\/www.africa-press.net\/burkina-faso\/politique\/burkina-faso-boureima-thiombiano-desormais-directeur-general-du-cegeci\"},\"author\":{\"name\":\"cfeditorfr\",\"@id\":\"https:\/\/www.africa-press.net\/burkina-faso\/#\/schema\/person\/2b1cf3cd81a31e3cd26889ca66d677f1\"},\"headline\":\"Boureima Thiombiano d\u00e9sormais directeur g\u00e9n\u00e9ral du CEGECI \u00a0\",\"datePublished\":\"2021-04-22T16:30:01+00:00\",\"dateModified\":\"2021-04-22T20:30:36+00:00\",\"mainEntityOfPage\":{\"@id\":\"https:\/\/www.africa-press.net\/burkina-faso\/politique\/burkina-faso-boureima-thiombiano-desormais-directeur-general-du-cegeci\"},\"wordCount\":358,\"commentCount\":0,\"image\":{\"@id\":\"https:\/\/www.africa-press.net\/burkina-faso\/politique\/burkina-faso-boureima-thiombiano-desormais-directeur-general-du-cegeci#primaryimage\"},\"thumbnailUrl\":\"https:\/\/static.africa-press.net\/burkina\/sites\/42\/2021\/04\/img-60819a67c6c03.jpg\",\"keywords\":[\"Africa Press\",\"Africa Press-Burkina Faso\",\"Burkina Faso\"],\"articleSection\":[\"homepage-french\",\"Politique\",\"Toutes les actualit\u00e9s\"],\"inLanguage\":\"fr-FR\",\"potentialAction\":[{\"@type\":\"CommentAction\",\"name\":\"Comment\",\"target\":[\"https:\/\/www.africa-press.net\/burkina-faso\/politique\/burkina-faso-boureima-thiombiano-desormais-directeur-general-du-cegeci#respond\"]}]},{\"@type\":\"WebPage\",\"@id\":\"https:\/\/www.africa-press.net\/burkina-faso\/politique\/burkina-faso-boureima-thiombiano-desormais-directeur-general-du-cegeci\",\"url\":\"https:\/\/www.africa-press.net\/burkina-faso\/politique\/burkina-faso-boureima-thiombiano-desormais-directeur-general-du-cegeci\",\"name\":\"Boureima Thiombiano d\u00e9sormais directeur g\u00e9n\u00e9ral du CEGECI \u00a0 - Burkina Faso\",\"isPartOf\":{\"@id\":\"https:\/\/www.africa-press.net\/burkina-faso\/#website\"},\"primaryImageOfPage\":{\"@id\":\"https:\/\/www.africa-press.net\/burkina-faso\/politique\/burkina-faso-boureima-thiombiano-desormais-directeur-general-du-cegeci#primaryimage\"},\"image\":{\"@id\":\"https:\/\/www.africa-press.net\/burkina-faso\/politique\/burkina-faso-boureima-thiombiano-desormais-directeur-general-du-cegeci#primaryimage\"},\"thumbnailUrl\":\"https:\/\/static.africa-press.net\/burkina\/sites\/42\/2021\/04\/img-60819a67c6c03.jpg\",\"datePublished\":\"2021-04-22T16:30:01+00:00\",\"dateModified\":\"2021-04-22T20:30:36+00:00\",\"author\":{\"@id\":\"https:\/\/www.africa-press.net\/burkina-faso\/#\/schema\/person\/2b1cf3cd81a31e3cd26889ca66d677f1\"},\"description\":\"Nomm\u00e9 en conseil des ministres le 14 avril dernier, Boureima Thiombiano est d\u00e9sormais le nouveau patron du centre de ges ...\",\"breadcrumb\":{\"@id\":\"https:\/\/www.africa-press.net\/burkina-faso\/politique\/burkina-faso-boureima-thiombiano-desormais-directeur-general-du-cegeci#breadcrumb\"},\"inLanguage\":\"fr-FR\",\"potentialAction\":[{\"@type\":\"ReadAction\",\"target\":[\"https:\/\/www.africa-press.net\/burkina-faso\/politique\/burkina-faso-boureima-thiombiano-desormais-directeur-general-du-cegeci\"]}]},{\"@type\":\"ImageObject\",\"inLanguage\":\"fr-FR\",\"@id\":\"https:\/\/www.africa-press.net\/burkina-faso\/politique\/burkina-faso-boureima-thiombiano-desormais-directeur-general-du-cegeci#primaryimage\",\"url\":\"https:\/\/static.africa-press.net\/burkina\/sites\/42\/2021\/04\/img-60819a67c6c03.jpg\",\"contentUrl\":\"https:\/\/static.africa-press.net\/burkina\/sites\/42\/2021\/04\/img-60819a67c6c03.jpg\",\"width\":1024,\"height\":634,\"caption\":\"Burkina Faso\u00a0: Boureima Thiombiano d\u00e9sormais directeur g\u00e9n\u00e9ral du CEGECI \u00a0\"},{\"@type\":\"BreadcrumbList\",\"@id\":\"https:\/\/www.africa-press.net\/burkina-faso\/politique\/burkina-faso-boureima-thiombiano-desormais-directeur-general-du-cegeci#breadcrumb\",\"itemListElement\":[{\"@type\":\"ListItem\",\"position\":1,\"name\":\"Accueil\",\"item\":\"https:\/\/www.africa-press.net\/burkina-faso\/\"},{\"@type\":\"ListItem\",\"position\":2,\"name\":\"Boureima Thiombiano d\u00e9sormais directeur g\u00e9n\u00e9ral du CEGECI \u00a0\"}]},{\"@type\":\"WebSite\",\"@id\":\"https:\/\/www.africa-press.net\/burkina-faso\/#website\",\"url\":\"https:\/\/www.africa-press.net\/burkina-faso\/\",\"name\":\"Burkina Faso\",\"description\":\"Just another Africa News Agency Sites site\",\"potentialAction\":[{\"@type\":\"SearchAction\",\"target\":{\"@type\":\"EntryPoint\",\"urlTemplate\":\"https:\/\/www.africa-press.net\/burkina-faso\/?s={search_term_string}\"},\"query-input\":{\"@type\":\"PropertyValueSpecification\",\"valueRequired\":true,\"valueName\":\"search_term_string\"}}],\"inLanguage\":\"fr-FR\"},{\"@type\":\"Person\",\"@id\":\"https:\/\/www.africa-press.net\/burkina-faso\/#\/schema\/person\/2b1cf3cd81a31e3cd26889ca66d677f1\",\"name\":\"cfeditorfr\"}]}<\/script>\n<!-- \/ Yoast SEO Premium plugin. -->","yoast_head_json":{"title":"Boureima Thiombiano d\u00e9sormais directeur g\u00e9n\u00e9ral du CEGECI \u00a0 - Burkina Faso","description":"Nomm\u00e9 en conseil des ministres le 14 avril dernier, Boureima Thiombiano est d\u00e9sormais le nouveau patron du centre de ges ...","robots":{"index":"index","follow":"follow","max-snippet":"max-snippet:-1","max-image-preview":"max-image-preview:large","max-video-preview":"max-video-preview:-1"},"canonical":"https:\/\/www.africa-press.net\/burkina-faso\/politique\/burkina-faso-boureima-thiombiano-desormais-directeur-general-du-cegeci","og_locale":"fr_FR","og_type":"article","og_title":"Boureima Thiombiano d\u00e9sormais directeur g\u00e9n\u00e9ral du CEGECI \u00a0","og_description":"Nomm\u00e9 en conseil des ministres le 14 avril dernier, Boureima Thiombiano est d\u00e9sormais le nouveau patron du centre de ges ...","og_url":"https:\/\/www.africa-press.net\/burkina-faso\/politique\/burkina-faso-boureima-thiombiano-desormais-directeur-general-du-cegeci","og_site_name":"Burkina Faso","article_published_time":"2021-04-22T16:30:01+00:00","article_modified_time":"2021-04-22T20:30:36+00:00","og_image":[{"width":1024,"height":634,"url":"https:\/\/static.africa-press.net\/burkina\/sites\/42\/2021\/04\/img-60819a67c6c03.jpg","type":"image\/jpeg"}],"author":"cfeditorfr","twitter_card":"summary_large_image","twitter_misc":{"\u00c9crit par":"cfeditorfr","Dur\u00e9e de lecture estim\u00e9e":"2 minutes"},"schema":{"@context":"https:\/\/schema.org","@graph":[{"@type":"Article","@id":"https:\/\/www.africa-press.net\/burkina-faso\/politique\/burkina-faso-boureima-thiombiano-desormais-directeur-general-du-cegeci#article","isPartOf":{"@id":"https:\/\/www.africa-press.net\/burkina-faso\/politique\/burkina-faso-boureima-thiombiano-desormais-directeur-general-du-cegeci"},"author":{"name":"cfeditorfr","@id":"https:\/\/www.africa-press.net\/burkina-faso\/#\/schema\/person\/2b1cf3cd81a31e3cd26889ca66d677f1"},"headline":"Boureima Thiombiano d\u00e9sormais directeur g\u00e9n\u00e9ral du CEGECI \u00a0","datePublished":"2021-04-22T16:30:01+00:00","dateModified":"2021-04-22T20:30:36+00:00","mainEntityOfPage":{"@id":"https:\/\/www.africa-press.net\/burkina-faso\/politique\/burkina-faso-boureima-thiombiano-desormais-directeur-general-du-cegeci"},"wordCount":358,"commentCount":0,"image":{"@id":"https:\/\/www.africa-press.net\/burkina-faso\/politique\/burkina-faso-boureima-thiombiano-desormais-directeur-general-du-cegeci#primaryimage"},"thumbnailUrl":"https:\/\/static.africa-press.net\/burkina\/sites\/42\/2021\/04\/img-60819a67c6c03.jpg","keywords":["Africa Press","Africa Press-Burkina Faso","Burkina Faso"],"articleSection":["homepage-french","Politique","Toutes les actualit\u00e9s"],"inLanguage":"fr-FR","potentialAction":[{"@type":"CommentAction","name":"Comment","target":["https:\/\/www.africa-press.net\/burkina-faso\/politique\/burkina-faso-boureima-thiombiano-desormais-directeur-general-du-cegeci#respond"]}]},{"@type":"WebPage","@id":"https:\/\/www.africa-press.net\/burkina-faso\/politique\/burkina-faso-boureima-thiombiano-desormais-directeur-general-du-cegeci","url":"https:\/\/www.africa-press.net\/burkina-faso\/politique\/burkina-faso-boureima-thiombiano-desormais-directeur-general-du-cegeci","name":"Boureima Thiombiano d\u00e9sormais directeur g\u00e9n\u00e9ral du CEGECI \u00a0 - Burkina Faso","isPartOf":{"@id":"https:\/\/www.africa-press.net\/burkina-faso\/#website"},"primaryImageOfPage":{"@id":"https:\/\/www.africa-press.net\/burkina-faso\/politique\/burkina-faso-boureima-thiombiano-desormais-directeur-general-du-cegeci#primaryimage"},"image":{"@id":"https:\/\/www.africa-press.net\/burkina-faso\/politique\/burkina-faso-boureima-thiombiano-desormais-directeur-general-du-cegeci#primaryimage"},"thumbnailUrl":"https:\/\/static.africa-press.net\/burkina\/sites\/42\/2021\/04\/img-60819a67c6c03.jpg","datePublished":"2021-04-22T16:30:01+00:00","dateModified":"2021-04-22T20:30:36+00:00","author":{"@id":"https:\/\/www.africa-press.net\/burkina-faso\/#\/schema\/person\/2b1cf3cd81a31e3cd26889ca66d677f1"},"description":"Nomm\u00e9 en conseil des ministres le 14 avril dernier, Boureima Thiombiano est d\u00e9sormais le nouveau patron du centre de ges ...","breadcrumb":{"@id":"https:\/\/www.africa-press.net\/burkina-faso\/politique\/burkina-faso-boureima-thiombiano-desormais-directeur-general-du-cegeci#breadcrumb"},"inLanguage":"fr-FR","potentialAction":[{"@type":"ReadAction","target":["https:\/\/www.africa-press.net\/burkina-faso\/politique\/burkina-faso-boureima-thiombiano-desormais-directeur-general-du-cegeci"]}]},{"@type":"ImageObject","inLanguage":"fr-FR","@id":"https:\/\/www.africa-press.net\/burkina-faso\/politique\/burkina-faso-boureima-thiombiano-desormais-directeur-general-du-cegeci#primaryimage","url":"https:\/\/static.africa-press.net\/burkina\/sites\/42\/2021\/04\/img-60819a67c6c03.jpg","contentUrl":"https:\/\/static.africa-press.net\/burkina\/sites\/42\/2021\/04\/img-60819a67c6c03.jpg","width":1024,"height":634,"caption":"Burkina Faso\u00a0: Boureima Thiombiano d\u00e9sormais directeur g\u00e9n\u00e9ral du CEGECI \u00a0"},{"@type":"BreadcrumbList","@id":"https:\/\/www.africa-press.net\/burkina-faso\/politique\/burkina-faso-boureima-thiombiano-desormais-directeur-general-du-cegeci#breadcrumb","itemListElement":[{"@type":"ListItem","position":1,"name":"Accueil","item":"https:\/\/www.africa-press.net\/burkina-faso\/"},{"@type":"ListItem","position":2,"name":"Boureima Thiombiano d\u00e9sormais directeur g\u00e9n\u00e9ral du CEGECI \u00a0"}]},{"@type":"WebSite","@id":"https:\/\/www.africa-press.net\/burkina-faso\/#website","url":"https:\/\/www.africa-press.net\/burkina-faso\/","name":"Burkina Faso","description":"Just another Africa News Agency Sites site","potentialAction":[{"@type":"SearchAction","target":{"@type":"EntryPoint","urlTemplate":"https:\/\/www.africa-press.net\/burkina-faso\/?s={search_term_string}"},"query-input":{"@type":"PropertyValueSpecification","valueRequired":true,"valueName":"search_term_string"}}],"inLanguage":"fr-FR"},{"@type":"Person","@id":"https:\/\/www.africa-press.net\/burkina-faso\/#\/schema\/person\/2b1cf3cd81a31e3cd26889ca66d677f1","name":"cfeditorfr"}]}},"_links":{"self":[{"href":"https:\/\/www.africa-press.net\/burkina-faso\/wp-json\/wp\/v2\/posts\/10378","targetHints":{"allow":["GET"]}}],"collection":[{"href":"https:\/\/www.africa-press.net\/burkina-faso\/wp-json\/wp\/v2\/posts"}],"about":[{"href":"https:\/\/www.africa-press.net\/burkina-faso\/wp-json\/wp\/v2\/types\/post"}],"author":[{"embeddable":true,"href":"https:\/\/www.africa-press.net\/burkina-faso\/wp-json\/wp\/v2\/users\/82"}],"replies":[{"embeddable":true,"href":"https:\/\/www.africa-press.net\/burkina-faso\/wp-json\/wp\/v2\/comments?post=10378"}],"version-history":[{"count":0,"href":"https:\/\/www.africa-press.net\/burkina-faso\/wp-json\/wp\/v2\/posts\/10378\/revisions"}],"wp:featuredmedia":[{"embeddable":true,"href":"https:\/\/www.africa-press.net\/burkina-faso\/wp-json\/wp\/v2\/media\/10377"}],"wp:attachment":[{"href":"https:\/\/www.africa-press.net\/burkina-faso\/wp-json\/wp\/v2\/media?parent=10378"}],"wp:term":[{"taxonomy":"category","embeddable":true,"href":"https:\/\/www.africa-press.net\/burkina-faso\/wp-json\/wp\/v2\/categories?post=10378"},{"taxonomy":"post_tag","embeddable":true,"href":"https:\/\/www.africa-press.net\/burkina-faso\/wp-json\/wp\/v2\/tags?post=10378"}],"curies":[{"name":"wp","href":"https:\/\/api.w.org\/{rel}","templated":true}]}}