{"id":10381,"date":"2021-04-22T16:38:40","date_gmt":"2021-04-22T16:38:40","guid":{"rendered":"https:\/\/www.africa-press.net\/burkina-faso\/?p=10381"},"modified":"2021-04-22T20:30:51","modified_gmt":"2021-04-22T20:30:51","slug":"compte-rendu-du-conseil-des-ministres-du-21-avril-2021","status":"publish","type":"post","link":"https:\/\/www.africa-press.net\/burkina-faso\/politique\/compte-rendu-du-conseil-des-ministres-du-21-avril-2021","title":{"rendered":"Compte rendu du Conseil des ministres du 21 avril 2021"},"content":{"rendered":"<p><span style=\"color: #ff6600\"><strong><a href=\"https:\/\/www.africa-press.net\/\">Africa-Press<\/a> &#8211; <a href=\"https:\/\/www.africa-press.net\/burkina-faso\">Burkina Faso<\/a>. <\/strong><\/span><b>Le Conseil des ministres s\u2019est tenu \u00e0 Ouagadougou, le mercredi 21 avril 2021, en s\u00e9ance ordinaire, de 09 H 00 mn \u00e0 17 H 40 mn, sous la pr\u00e9sidence de Son Excellence Monsieur Roch Marc Christian KABORE, Pr\u00e9sident du Faso, Pr\u00e9sident du Conseil des ministres. Il a d\u00e9lib\u00e9r\u00e9 sur les dossiers inscrits \u00e0 son ordre du jour, entendu des communications orales, proc\u00e9d\u00e9 \u00e0 des nominations et autoris\u00e9 des missions \u00e0 l\u2019\u00e9tranger.<\/b><\/p>\n<p>DELIBERATIONS I.1. AU TITRE DE LA PRESIDENCE DU FASO POUR LE COMPTE DU MINISTRE D\u2019ETAT, MINISTRE AUPRES DU PRESIDENT DU FASO, CHARGE DE LA RECONCILIATION NATIONALE ET DE LA COHESION SOCIALE Le Conseil a adopt\u00e9 un rapport relatif au processus de r\u00e9conciliation nationale.<\/p>\n<p>Ce rapport fait le point de la r\u00e9flexion sur la question de la r\u00e9conciliation nationale au Burkina Faso suite aux concertations men\u00e9es avec les diff\u00e9rents acteurs concern\u00e9s et propose la feuille de route devant conduire au Forum national de r\u00e9conciliation. Elabor\u00e9 selon les directives du Pr\u00e9sident du Faso, le rapport ainsi adopt\u00e9 \u00e9voque l\u2019actualit\u00e9 du besoin de r\u00e9conciliation nationale et pr\u00e9sente les \u00e9l\u00e9ments d\u2019une nouvelle d\u00e9marche pour l\u2019\u00e9laboration d\u2019une strat\u00e9gie de la r\u00e9conciliation nationale.<\/p>\n<p>Le Conseil r\u00e9affirme la volont\u00e9 du Pr\u00e9sident du Faso et celle du gouvernement d\u2019aller \u00e0 une r\u00e9conciliation v\u00e9ritable et sinc\u00e8re des Burkinab\u00e8 afin que les filles et fils de notre pays se donnent la main, pour consolider l\u2019unit\u00e9 nationale et affronter sereinement les d\u00e9fis qui assaillent notre Nation. Le Conseil a r\u00e9affirm\u00e9 son attachement au tryptique v\u00e9rit\u00e9-justice-r\u00e9conciliation et a instruit le ministre charg\u00e9 du dossier de poursuivre l\u2019\u00e9laboration de la strat\u00e9gie nationale de r\u00e9conciliation qui proposera des solutions aux diff\u00e9rents probl\u00e8mes identifi\u00e9s.<\/p>\n<p>I.2. AU TITRE DU MINISTERE DES AFFAIRES ETRANGERES, DE LA COOPERATION, DE L\u2019INTEGRATION AFRICAINE ET DES BURKINABE DE L\u2019EXTERIEUR Le Conseil a adopt\u00e9 deux (02) rapports.<\/p>\n<p>Le premier rapport est relatif \u00e0 un d\u00e9cret portant organisation du minist\u00e8re des Affaires \u00e9trang\u00e8res, de la coop\u00e9ration, de l\u2019int\u00e9gration africaine et des Burkinab\u00e8 de l\u2019ext\u00e9rieur.<\/p>\n<p>L\u2019adoption de ce d\u00e9cret permettra au minist\u00e8re en charge des Affaires \u00e9trang\u00e8res d\u2019accomplir efficacement ses missions conform\u00e9ment au d\u00e9cret n\u00b02021-0002\/PRES\/PM\/ du 10 janvier 2021 portant composition du gouvernement du Burkina Faso et au d\u00e9cret n\u00b02021-0023\/PRES\/PM\/SGG-CM du 1er f\u00e9vrier 2021 portant attributions des membres du Gouvernement.<\/p>\n<p>Le second rapport est relatif \u00e0 une demande d\u2019agr\u00e9ment pour la nomination d\u2019un Ambassadeur Extraordinaire et Pl\u00e9nipotentiaire de la R\u00e9publique islamique de Mauritanie aupr\u00e8s du Burkina Faso.<\/p>\n<p>Le Conseil a marqu\u00e9 son accord pour la nomination de Monsieur Ahmedou OULD AHMEDOU en qualit\u00e9 d\u2019Ambassadeur Extraordinaire et Pl\u00e9nipotentiaire de la R\u00e9publique islamique de Mauritanie aupr\u00e8s du Burkina Faso avec r\u00e9sidence \u00e0 Bamako.<\/p>\n<p>I.3. AU TITRE DU MINISTERE DE L\u2019ECONOMIE, DES FINANCES ET DU DEVELOPPEMENT Le Conseil a adopt\u00e9 deux (02) d\u00e9crets. Le premier d\u00e9cret est relatif \u00e0 l\u2019obligation de d\u00e9claration de la propri\u00e9t\u00e9 effective des entreprises extractives.<\/p>\n<p>Ce d\u00e9cret fait obligation de divulgation du nom du propri\u00e9taire ou des propri\u00e9taires de toutes les entreprises extractives exer\u00e7ant ou voulant exercer sur le territoire national, conform\u00e9ment \u00e0 l\u2019exigence 2.5 de la norme de l\u2019Initiative pour la transparence dans les industries extractives (ITIE).<\/p>\n<p>Par ce d\u00e9cret, est consid\u00e9r\u00e9 propri\u00e9taire effectif ou r\u00e9el la personne physique ou morale d\u00e9tenant dans une entreprise extractive une part d\u2019actions d\u2019au moins 25% plus un. Les personnes ainsi consid\u00e9r\u00e9es sont tenues de faire une d\u00e9claration au registre des propri\u00e9taires effectifs ouvert aupr\u00e8s du Tribunal de commerce de Ouagadougou.<\/p>\n<p>L\u2019adoption de ce d\u00e9cret vise \u00e0 renforcer la transparence dans l\u2019exploitation des ressources extractives dans notre pays. Le second d\u00e9cret porte cr\u00e9ation du Centre national d\u2019\u00e9tudes strat\u00e9giques (CNES).<\/p>\n<p>Ce d\u00e9cret vise la modification du d\u00e9cret n\u00b02020-0175\/PRES\/PM\/MDNAC\/MINEFID du 27 f\u00e9vrier 2020 portant cr\u00e9ation du Centre national d\u2019\u00e9tudes strat\u00e9giques.<\/p>\n<p>L\u2019adoption de ce d\u00e9cret permet de doter le Centre national d\u2019\u00e9tudes strat\u00e9giques d\u2019un statut d\u2019Etablissement public de l\u2019Etat \u00e0 caract\u00e8re scientifique, culturel et technique (EPSCT) en lieu et place de son pr\u00e9c\u00e9dent statut d\u2019Etablissement public \u00e0 caract\u00e8re administratif (EPA).<\/p>\n<p>I.4. AU TITRE DU MINISTERE DE LA JUSTICE, DES DROITS HUMAINS ET DE LA PROMOTION CIVIQUE Le Conseil a adopt\u00e9 un d\u00e9cret portant organisation du minist\u00e8re de la Justice, des droits humains et de la promotion civique.<\/p>\n<p>Ce d\u00e9cret prend en compte les nouvelles attributions de ce d\u00e9partement afin de le conformer au d\u00e9cret n\u00b02021-0002\/PRES\/PM du 10 janvier 2021 portant composition du gouvernement et au d\u00e9cret n\u00b02021-0023\/PRES\/PM\/SGG-CM du 1er f\u00e9vrier 2021 portant attributions des membres du gouvernement.<\/p>\n<p>L\u2019adoption de ce d\u00e9cret permet au minist\u00e8re de la Justice, des droits humains et de la promotion civique de se doter d\u2019un nouvel organigramme en vue de remplir efficacement ses missions.<\/p>\n<p>I.5. AU TITRE DU MINISTERE DE L\u2019ENSEIGNEMENT SUPERIEUR, DE LA RECHERCHE SCIENTIFIQUE ET DE L\u2019INNOVATION Le Conseil a adopt\u00e9 un d\u00e9cret portant organisation du minist\u00e8re de l\u2019Enseignement sup\u00e9rieur, de la recherche scientifique et de l\u2019innovation.<\/p>\n<p>Ce d\u00e9cret prend en compte les nouvelles attributions de ce d\u00e9partement afin de le conformer aux dispositions du d\u00e9cret n\u00b02021-0002\/PRES\/PM du 10 janvier 2021 portant composition du gouvernement et du d\u00e9cret n\u00b02021-0023\/PRES\/PM\/SGG-CM du 1er f\u00e9vrier 2021 portant attributions des membres du gouvernement.<\/p>\n<p>L\u2019adoption de ce d\u00e9cret permet au d\u00e9partement en charge de l\u2019Enseignement sup\u00e9rieur de se doter d\u2019un nouvel organigramme afin d\u2019accomplir efficacement ses missions. I.6. AU TITRE DU MINISTERE DE LA FEMME, DE LA SOLIDARITE NATIONALE, DE LA FAMILLE ET DE L\u2019ACTION HUMANITAIRE<\/p>\n<p>Le Conseil a adopt\u00e9 un d\u00e9cret portant cr\u00e9ation, attributions, composition et fonctionnement d\u2019un Conseil national du d\u00e9veloppement int\u00e9gr\u00e9 de la petite enfance au Burkina Faso.<\/p>\n<p>La cr\u00e9ation de ce Conseil national vise l\u2019am\u00e9lioration de la qualit\u00e9 et de la coh\u00e9rence des interventions faites en faveur de la petite enfance dans notre pays.<\/p>\n<p>L\u2019adoption de ce d\u00e9cret permet la cr\u00e9ation du Conseil national du d\u00e9veloppement int\u00e9gr\u00e9 de la petite enfance au Burkina Faso. I.7. AU TITRE DU MINISTERE DE L\u2019AGRICULTURE, DES AMENAGEMENTS HYDRO-AGRICOLES ET DE LA MECANISATION Le Conseil a adopt\u00e9 un d\u00e9cret portant organisation du minist\u00e8re de l\u2019Agriculture, des am\u00e9nagements hydro-agricoles et de la m\u00e9canisation.<\/p>\n<p>Ce d\u00e9cret prend en compte les nouvelles attributions de ce d\u00e9partement afin de le conformer au d\u00e9cret n\u00b02021-0002\/PRES\/PM du 10 janvier 2021 portant composition du gouvernement et au d\u00e9cret n\u00b02021-0023\/PRES\/PM\/SGG-CM du 1er f\u00e9vrier 2021 portant attributions des membres du gouvernement.<\/p>\n<p>L\u2019adoption de ce d\u00e9cret permet au minist\u00e8re de l\u2019Agriculture, des am\u00e9nagements hydro-agricoles et de la m\u00e9canisation de se doter d\u2019un nouvel organigramme en vue d\u2019accomplir efficacement ses missions.<\/p>\n<p>I.8. AU TITRE DU MINISTERE DE L\u2019INDUSTRIE, DU COMMERCE ET DE L\u2019ARTISANAT Le Conseil a adopt\u00e9 un rapport relatif au bilan de la campagne cotonni\u00e8re 2020-2021 et les perspectives pour la prochaine campagne 2021-2022.<\/p>\n<p>Les r\u00e9sultats pr\u00e9visionnels de la campagne 2020-2021 du coton conventionnel ressortent un volume global de production de 472 000 tonnes, avec un rendement moyen de 847kg\/ha, soit un progr\u00e8s de 7% par rapport \u00e0 la campagne pr\u00e9c\u00e9dente.<\/p>\n<p>La production totale de coton graine biologique fait ressortir 1 573 tonnes, soit une hausse de 13% par rapport \u00e0 la campagne pr\u00e9c\u00e9dente. Le rendement moyen au champ reste maintenu au m\u00eame niveau que celui de la campagne \u00e9coul\u00e9e, soit 390 kg\/ha.<\/p>\n<p>Pour la prochaine campagne cotonni\u00e8re 2021-2022, les intentions de cultures sont \u00e9valu\u00e9es \u00e0 663 261 ha pour une production attendue de 627 500 tonnes.<\/p>\n<p>Le Conseil a f\u00e9licit\u00e9 les producteurs et les acteurs de la fili\u00e8re coton et a instruit les ministres charg\u00e9s du dossier de r\u00e9unir les conditions pour un succ\u00e8s de la prochaine campagne cotonni\u00e8re. COMMUNICATIONS ORALES<\/p>\n<p>II.1. Suite au d\u00e9c\u00e8s du Pr\u00e9sident du Tchad, le Mar\u00e9chal Idriss D\u00e9by ITNO, le Conseil a observ\u00e9 une minute de silence en sa m\u00e9moire. Le Conseil a, au nom du peuple du Burkina Faso, adress\u00e9 ses condol\u00e9ances les plus attrist\u00e9es au peuple fr\u00e8re du Tchad.<\/p>\n<p>II.2. Le ministre de l\u2019Administration territoriale et de la d\u00e9centralisation a fait au Conseil un rapport sur les actes d\u2019indiscipline d\u2019\u00e9lus municipaux et r\u00e9gionaux en violation des dispositions du Code \u00e9lectoral relatives au nomadisme politique. Le Conseil a invit\u00e9 le ministre charg\u00e9 des dossiers \u00e0 veiller \u00e0 l\u2019application effective du Code \u00e9lectoral afin d\u2019assainir le jeu d\u00e9mocratique.<\/p>\n<p>II.3. Le ministre de la Femme, de la solidarit\u00e9 nationale, de la famille et de l\u2019action humanitaire a inform\u00e9 le Conseil de l\u2019adoption d\u2019un Plan national de contingence des situations de crises aux fronti\u00e8res du Burkina Faso sur la p\u00e9riode 2020-2022.<\/p>\n<p>Ce Plan national de contingence des situations de crises aux fronti\u00e8res permettra \u00e0 notre pays de faire face aux crises et aux d\u00e9placements des populations \u00e0 nos fronti\u00e8res.<\/p>\n<p>II.4. Le ministre de la Communication et des relations avec le Parlement a inform\u00e9 le Conseil de la pr\u00e9sentation du discours sur l\u2019\u00e9tat de la Nation par le Premier ministre aux d\u00e9put\u00e9s le jeudi 20 mai 2021 \u00e0 partir de 10 heures conform\u00e9ment \u00e0 l\u2019article 109 de la Constitution.<\/p>\n<p>II.5. Le ministre de l\u2019Agriculture, des am\u00e9nagements hydro-agricoles et de la m\u00e9canisation a inform\u00e9 le Conseil de la tenue de la c\u00e9r\u00e9monie d\u2019ouverture de la 22\u00e8me \u00e9dition de la Journ\u00e9e nationale du paysan (JNP) le samedi 24 avril 2021 \u00e0 Manga chef-lieu de la r\u00e9gion du Centre-Sud au lieu du vendredi 23 avril 2021 comme pr\u00e9vue initialement.<\/p>\n<p>II.6. Le ministre des Infrastructures et du d\u00e9senclavement a inform\u00e9 le Conseil de l\u2019inauguration de la route bitum\u00e9e Manga-Zabr\u00e9, longue de 79 km, le samedi 24 avril 2021 \u00e0 Gombousgou.<\/p>\n<p>III. NOMINATIONS III.1. NOMINATIONS DANS LES FONCTIONS INDIVIDUELLES AU TITRE DE LA PRESIDENCE DU FASO Pour le compte du Secr\u00e9tariat g\u00e9n\u00e9ral du gouvernement et du Conseil des ministres :<\/p>\n<p>AU TITRE DE LA PRIMATURE AU TITRE DU MINISTERE DE L\u2019ADMINISTRATION TERRITORIALE ET DE LA DECENTRALISATION AU TITRE DU MINISTERE DE L\u2019ECONOMIE, DES FINANCES ET DU DEVELOPPEMENT<\/p>\n<p>AU TITRE DU MINISTERE DE L\u2019EDUCATION NATIONALE, DE L\u2019ALPHABETISATION ET DE LA PROMOTION DES LANGUES NATIONALES AU TITRE DU MINISTERE DE LA COMMUNICATION ET DES RELATIONS AVEC LE PARLEMENT<\/p>\n<p>AU TITRE DU MINISTERE DE L\u2019EAU ET DE L\u2019ASSAINISSEMENT AU TITRE DU MINISTERE DES INFRASTRUCTURES ET DU DESENCLAVEMENT AU TITRE DU MINISTERE DE L\u2019ENERGIE, DES MINES ET DES CARRIERES AU TITRE DU MINISTERE DES RESSOURCES ANIMALES ET HALIEUTIQUES III.2. NOMINATIONS DANS LES CONSEILS D\u2019ADMINISTRATION PRIMATURE<\/p>\n<p>Le Conseil a adopt\u00e9 un d\u00e9cret portant renouvellement du mandat de Monsieur Mamadou CISSE, Mle 47 561, Professeur certifi\u00e9 des lyc\u00e9es et coll\u00e8ges, Administrateur repr\u00e9sentant l\u2019Etat, au titre du minist\u00e8re de l\u2019Enseignement sup\u00e9rieur, de la recherche scientifique et de l\u2019innovation au Conseil d\u2019administration du Service national de d\u00e9veloppement (SND) pour une derni\u00e8re p\u00e9riode de trois (03) ans. MINISTERE DES TRANSPORTS, DE LA MOBILITE URBAINE ET DE LA SECURITE ROUTIERE<\/p>\n<p>Le Conseil a adopt\u00e9 un d\u00e9cret portant nomination de Madame H. Sidonie Denise BAGUE\/BADOUN, Mle 105 150 S, Conseiller des affaires \u00e9trang\u00e8res, Administrateur repr\u00e9sentant l\u2019Etat, au titre du minist\u00e8re des Affaires \u00e9trang\u00e8res, de la coop\u00e9ration, de l\u2019int\u00e9gration africaine et des Burkinab\u00e8 de l\u2019ext\u00e9rieur au Conseil d\u2019orientation et de contr\u00f4le de l\u2019Agence nationale de l\u2019aviation civile (ANAC) pour un premier mandat de trois (03) ans. Le Ministre de la Communication et des Relations avec le Parlement, Porte-parole du gouvernement Ouss\u00e9ni TAMBOURA<\/p>\n","protected":false},"excerpt":{"rendered":"<p>Africa-Press &#8211; Burkina Faso. Le Conseil des ministres s\u2019est tenu \u00e0 Ouagadougou, le mercredi 21 avril 2021, en s\u00e9ance ordinaire, de 09 H 00 mn \u00e0 17 H 40 mn, sous la pr\u00e9sidence de Son Excellence Monsieur Roch Marc Christian KABORE, Pr\u00e9sident du Faso, Pr\u00e9sident du Conseil des ministres. Il a d\u00e9lib\u00e9r\u00e9 sur les dossiers [&hellip;]<\/p>\n","protected":false},"author":82,"featured_media":10380,"comment_status":"open","ping_status":"closed","sticky":false,"template":"","format":"standard","meta":{"footnotes":""},"categories":[11,2,10],"tags":[111,725,29],"class_list":["post-10381","post","type-post","status-publish","format-standard","has-post-thumbnail","hentry","category-homepage-french","category-politique","category-toutes-les-actualites","tag-africa-press","tag-africa-press-burkina-faso","tag-burkina-faso"],"yoast_head":"<!-- This site is optimized with the Yoast SEO Premium plugin v26.1 (Yoast SEO v27.0) - https:\/\/yoast.com\/product\/yoast-seo-premium-wordpress\/ -->\n<title>Compte rendu du Conseil des ministres du 21 avril 2021 - Burkina Faso<\/title>\n<meta name=\"description\" content=\"Le Conseil des ministres s\u2019est tenu \u00e0 Ouagadougou, le mercredi 21 avril 2021, en s\u00e9ance ordinaire, de 09 H 00 mn \u00e0 17 ...\" \/>\n<meta name=\"robots\" content=\"index, follow, max-snippet:-1, max-image-preview:large, max-video-preview:-1\" \/>\n<link rel=\"canonical\" href=\"https:\/\/www.africa-press.net\/burkina-faso\/politique\/compte-rendu-du-conseil-des-ministres-du-21-avril-2021\" \/>\n<meta property=\"og:locale\" content=\"fr_FR\" \/>\n<meta property=\"og:type\" content=\"article\" \/>\n<meta property=\"og:title\" content=\"Compte rendu du Conseil des ministres du 21 avril 2021\" \/>\n<meta property=\"og:description\" content=\"Le Conseil des ministres s\u2019est tenu \u00e0 Ouagadougou, le mercredi 21 avril 2021, en s\u00e9ance ordinaire, de 09 H 00 mn \u00e0 17 ...\" \/>\n<meta property=\"og:url\" content=\"https:\/\/www.africa-press.net\/burkina-faso\/politique\/compte-rendu-du-conseil-des-ministres-du-21-avril-2021\" \/>\n<meta property=\"og:site_name\" content=\"Burkina Faso\" \/>\n<meta property=\"article:published_time\" content=\"2021-04-22T16:38:40+00:00\" \/>\n<meta property=\"article:modified_time\" content=\"2021-04-22T20:30:51+00:00\" \/>\n<meta property=\"og:image\" content=\"https:\/\/static.africa-press.net\/burkina\/sites\/42\/2021\/04\/img-60819a9004c6f.jpg\" \/>\n\t<meta property=\"og:image:width\" content=\"720\" \/>\n\t<meta property=\"og:image:height\" content=\"479\" \/>\n\t<meta property=\"og:image:type\" content=\"image\/jpeg\" \/>\n<meta name=\"author\" content=\"cfeditorfr\" \/>\n<meta name=\"twitter:card\" content=\"summary_large_image\" \/>\n<meta name=\"twitter:label1\" content=\"\u00c9crit par\" \/>\n\t<meta name=\"twitter:data1\" content=\"cfeditorfr\" \/>\n\t<meta name=\"twitter:label2\" content=\"Dur\u00e9e de lecture estim\u00e9e\" \/>\n\t<meta name=\"twitter:data2\" content=\"10 minutes\" \/>\n<script type=\"application\/ld+json\" class=\"yoast-schema-graph\">{\"@context\":\"https:\/\/schema.org\",\"@graph\":[{\"@type\":\"Article\",\"@id\":\"https:\/\/www.africa-press.net\/burkina-faso\/politique\/compte-rendu-du-conseil-des-ministres-du-21-avril-2021#article\",\"isPartOf\":{\"@id\":\"https:\/\/www.africa-press.net\/burkina-faso\/politique\/compte-rendu-du-conseil-des-ministres-du-21-avril-2021\"},\"author\":{\"name\":\"cfeditorfr\",\"@id\":\"https:\/\/www.africa-press.net\/burkina-faso\/#\/schema\/person\/2b1cf3cd81a31e3cd26889ca66d677f1\"},\"headline\":\"Compte rendu du Conseil des ministres du 21 avril 2021\",\"datePublished\":\"2021-04-22T16:38:40+00:00\",\"dateModified\":\"2021-04-22T20:30:51+00:00\",\"mainEntityOfPage\":{\"@id\":\"https:\/\/www.africa-press.net\/burkina-faso\/politique\/compte-rendu-du-conseil-des-ministres-du-21-avril-2021\"},\"wordCount\":2063,\"commentCount\":0,\"image\":{\"@id\":\"https:\/\/www.africa-press.net\/burkina-faso\/politique\/compte-rendu-du-conseil-des-ministres-du-21-avril-2021#primaryimage\"},\"thumbnailUrl\":\"https:\/\/static.africa-press.net\/burkina\/sites\/42\/2021\/04\/img-60819a9004c6f.jpg\",\"keywords\":[\"Africa Press\",\"Africa Press-Burkina Faso\",\"Burkina Faso\"],\"articleSection\":[\"homepage-french\",\"Politique\",\"Toutes les actualit\u00e9s\"],\"inLanguage\":\"fr-FR\",\"potentialAction\":[{\"@type\":\"CommentAction\",\"name\":\"Comment\",\"target\":[\"https:\/\/www.africa-press.net\/burkina-faso\/politique\/compte-rendu-du-conseil-des-ministres-du-21-avril-2021#respond\"]}]},{\"@type\":\"WebPage\",\"@id\":\"https:\/\/www.africa-press.net\/burkina-faso\/politique\/compte-rendu-du-conseil-des-ministres-du-21-avril-2021\",\"url\":\"https:\/\/www.africa-press.net\/burkina-faso\/politique\/compte-rendu-du-conseil-des-ministres-du-21-avril-2021\",\"name\":\"Compte rendu du Conseil des ministres du 21 avril 2021 - Burkina Faso\",\"isPartOf\":{\"@id\":\"https:\/\/www.africa-press.net\/burkina-faso\/#website\"},\"primaryImageOfPage\":{\"@id\":\"https:\/\/www.africa-press.net\/burkina-faso\/politique\/compte-rendu-du-conseil-des-ministres-du-21-avril-2021#primaryimage\"},\"image\":{\"@id\":\"https:\/\/www.africa-press.net\/burkina-faso\/politique\/compte-rendu-du-conseil-des-ministres-du-21-avril-2021#primaryimage\"},\"thumbnailUrl\":\"https:\/\/static.africa-press.net\/burkina\/sites\/42\/2021\/04\/img-60819a9004c6f.jpg\",\"datePublished\":\"2021-04-22T16:38:40+00:00\",\"dateModified\":\"2021-04-22T20:30:51+00:00\",\"author\":{\"@id\":\"https:\/\/www.africa-press.net\/burkina-faso\/#\/schema\/person\/2b1cf3cd81a31e3cd26889ca66d677f1\"},\"description\":\"Le Conseil des ministres s\u2019est tenu \u00e0 Ouagadougou, le mercredi 21 avril 2021, en s\u00e9ance ordinaire, de 09 H 00 mn \u00e0 17 ...\",\"breadcrumb\":{\"@id\":\"https:\/\/www.africa-press.net\/burkina-faso\/politique\/compte-rendu-du-conseil-des-ministres-du-21-avril-2021#breadcrumb\"},\"inLanguage\":\"fr-FR\",\"potentialAction\":[{\"@type\":\"ReadAction\",\"target\":[\"https:\/\/www.africa-press.net\/burkina-faso\/politique\/compte-rendu-du-conseil-des-ministres-du-21-avril-2021\"]}]},{\"@type\":\"ImageObject\",\"inLanguage\":\"fr-FR\",\"@id\":\"https:\/\/www.africa-press.net\/burkina-faso\/politique\/compte-rendu-du-conseil-des-ministres-du-21-avril-2021#primaryimage\",\"url\":\"https:\/\/static.africa-press.net\/burkina\/sites\/42\/2021\/04\/img-60819a9004c6f.jpg\",\"contentUrl\":\"https:\/\/static.africa-press.net\/burkina\/sites\/42\/2021\/04\/img-60819a9004c6f.jpg\",\"width\":720,\"height\":479,\"caption\":\"Compte rendu du Conseil des ministres du 21 avril 2021\"},{\"@type\":\"BreadcrumbList\",\"@id\":\"https:\/\/www.africa-press.net\/burkina-faso\/politique\/compte-rendu-du-conseil-des-ministres-du-21-avril-2021#breadcrumb\",\"itemListElement\":[{\"@type\":\"ListItem\",\"position\":1,\"name\":\"Accueil\",\"item\":\"https:\/\/www.africa-press.net\/burkina-faso\/\"},{\"@type\":\"ListItem\",\"position\":2,\"name\":\"Compte rendu du Conseil des ministres du 21 avril 2021\"}]},{\"@type\":\"WebSite\",\"@id\":\"https:\/\/www.africa-press.net\/burkina-faso\/#website\",\"url\":\"https:\/\/www.africa-press.net\/burkina-faso\/\",\"name\":\"Burkina Faso\",\"description\":\"Just another Africa News Agency Sites site\",\"potentialAction\":[{\"@type\":\"SearchAction\",\"target\":{\"@type\":\"EntryPoint\",\"urlTemplate\":\"https:\/\/www.africa-press.net\/burkina-faso\/?s={search_term_string}\"},\"query-input\":{\"@type\":\"PropertyValueSpecification\",\"valueRequired\":true,\"valueName\":\"search_term_string\"}}],\"inLanguage\":\"fr-FR\"},{\"@type\":\"Person\",\"@id\":\"https:\/\/www.africa-press.net\/burkina-faso\/#\/schema\/person\/2b1cf3cd81a31e3cd26889ca66d677f1\",\"name\":\"cfeditorfr\"}]}<\/script>\n<!-- \/ Yoast SEO Premium plugin. -->","yoast_head_json":{"title":"Compte rendu du Conseil des ministres du 21 avril 2021 - Burkina Faso","description":"Le Conseil des ministres s\u2019est tenu \u00e0 Ouagadougou, le mercredi 21 avril 2021, en s\u00e9ance ordinaire, de 09 H 00 mn \u00e0 17 ...","robots":{"index":"index","follow":"follow","max-snippet":"max-snippet:-1","max-image-preview":"max-image-preview:large","max-video-preview":"max-video-preview:-1"},"canonical":"https:\/\/www.africa-press.net\/burkina-faso\/politique\/compte-rendu-du-conseil-des-ministres-du-21-avril-2021","og_locale":"fr_FR","og_type":"article","og_title":"Compte rendu du Conseil des ministres du 21 avril 2021","og_description":"Le Conseil des ministres s\u2019est tenu \u00e0 Ouagadougou, le mercredi 21 avril 2021, en s\u00e9ance ordinaire, de 09 H 00 mn \u00e0 17 ...","og_url":"https:\/\/www.africa-press.net\/burkina-faso\/politique\/compte-rendu-du-conseil-des-ministres-du-21-avril-2021","og_site_name":"Burkina Faso","article_published_time":"2021-04-22T16:38:40+00:00","article_modified_time":"2021-04-22T20:30:51+00:00","og_image":[{"width":720,"height":479,"url":"https:\/\/static.africa-press.net\/burkina\/sites\/42\/2021\/04\/img-60819a9004c6f.jpg","type":"image\/jpeg"}],"author":"cfeditorfr","twitter_card":"summary_large_image","twitter_misc":{"\u00c9crit par":"cfeditorfr","Dur\u00e9e de lecture estim\u00e9e":"10 minutes"},"schema":{"@context":"https:\/\/schema.org","@graph":[{"@type":"Article","@id":"https:\/\/www.africa-press.net\/burkina-faso\/politique\/compte-rendu-du-conseil-des-ministres-du-21-avril-2021#article","isPartOf":{"@id":"https:\/\/www.africa-press.net\/burkina-faso\/politique\/compte-rendu-du-conseil-des-ministres-du-21-avril-2021"},"author":{"name":"cfeditorfr","@id":"https:\/\/www.africa-press.net\/burkina-faso\/#\/schema\/person\/2b1cf3cd81a31e3cd26889ca66d677f1"},"headline":"Compte rendu du Conseil des ministres du 21 avril 2021","datePublished":"2021-04-22T16:38:40+00:00","dateModified":"2021-04-22T20:30:51+00:00","mainEntityOfPage":{"@id":"https:\/\/www.africa-press.net\/burkina-faso\/politique\/compte-rendu-du-conseil-des-ministres-du-21-avril-2021"},"wordCount":2063,"commentCount":0,"image":{"@id":"https:\/\/www.africa-press.net\/burkina-faso\/politique\/compte-rendu-du-conseil-des-ministres-du-21-avril-2021#primaryimage"},"thumbnailUrl":"https:\/\/static.africa-press.net\/burkina\/sites\/42\/2021\/04\/img-60819a9004c6f.jpg","keywords":["Africa Press","Africa Press-Burkina Faso","Burkina Faso"],"articleSection":["homepage-french","Politique","Toutes les actualit\u00e9s"],"inLanguage":"fr-FR","potentialAction":[{"@type":"CommentAction","name":"Comment","target":["https:\/\/www.africa-press.net\/burkina-faso\/politique\/compte-rendu-du-conseil-des-ministres-du-21-avril-2021#respond"]}]},{"@type":"WebPage","@id":"https:\/\/www.africa-press.net\/burkina-faso\/politique\/compte-rendu-du-conseil-des-ministres-du-21-avril-2021","url":"https:\/\/www.africa-press.net\/burkina-faso\/politique\/compte-rendu-du-conseil-des-ministres-du-21-avril-2021","name":"Compte rendu du Conseil des ministres du 21 avril 2021 - Burkina Faso","isPartOf":{"@id":"https:\/\/www.africa-press.net\/burkina-faso\/#website"},"primaryImageOfPage":{"@id":"https:\/\/www.africa-press.net\/burkina-faso\/politique\/compte-rendu-du-conseil-des-ministres-du-21-avril-2021#primaryimage"},"image":{"@id":"https:\/\/www.africa-press.net\/burkina-faso\/politique\/compte-rendu-du-conseil-des-ministres-du-21-avril-2021#primaryimage"},"thumbnailUrl":"https:\/\/static.africa-press.net\/burkina\/sites\/42\/2021\/04\/img-60819a9004c6f.jpg","datePublished":"2021-04-22T16:38:40+00:00","dateModified":"2021-04-22T20:30:51+00:00","author":{"@id":"https:\/\/www.africa-press.net\/burkina-faso\/#\/schema\/person\/2b1cf3cd81a31e3cd26889ca66d677f1"},"description":"Le Conseil des ministres s\u2019est tenu \u00e0 Ouagadougou, le mercredi 21 avril 2021, en s\u00e9ance ordinaire, de 09 H 00 mn \u00e0 17 ...","breadcrumb":{"@id":"https:\/\/www.africa-press.net\/burkina-faso\/politique\/compte-rendu-du-conseil-des-ministres-du-21-avril-2021#breadcrumb"},"inLanguage":"fr-FR","potentialAction":[{"@type":"ReadAction","target":["https:\/\/www.africa-press.net\/burkina-faso\/politique\/compte-rendu-du-conseil-des-ministres-du-21-avril-2021"]}]},{"@type":"ImageObject","inLanguage":"fr-FR","@id":"https:\/\/www.africa-press.net\/burkina-faso\/politique\/compte-rendu-du-conseil-des-ministres-du-21-avril-2021#primaryimage","url":"https:\/\/static.africa-press.net\/burkina\/sites\/42\/2021\/04\/img-60819a9004c6f.jpg","contentUrl":"https:\/\/static.africa-press.net\/burkina\/sites\/42\/2021\/04\/img-60819a9004c6f.jpg","width":720,"height":479,"caption":"Compte rendu du Conseil des ministres du 21 avril 2021"},{"@type":"BreadcrumbList","@id":"https:\/\/www.africa-press.net\/burkina-faso\/politique\/compte-rendu-du-conseil-des-ministres-du-21-avril-2021#breadcrumb","itemListElement":[{"@type":"ListItem","position":1,"name":"Accueil","item":"https:\/\/www.africa-press.net\/burkina-faso\/"},{"@type":"ListItem","position":2,"name":"Compte rendu du Conseil des ministres du 21 avril 2021"}]},{"@type":"WebSite","@id":"https:\/\/www.africa-press.net\/burkina-faso\/#website","url":"https:\/\/www.africa-press.net\/burkina-faso\/","name":"Burkina Faso","description":"Just another Africa News Agency Sites site","potentialAction":[{"@type":"SearchAction","target":{"@type":"EntryPoint","urlTemplate":"https:\/\/www.africa-press.net\/burkina-faso\/?s={search_term_string}"},"query-input":{"@type":"PropertyValueSpecification","valueRequired":true,"valueName":"search_term_string"}}],"inLanguage":"fr-FR"},{"@type":"Person","@id":"https:\/\/www.africa-press.net\/burkina-faso\/#\/schema\/person\/2b1cf3cd81a31e3cd26889ca66d677f1","name":"cfeditorfr"}]}},"_links":{"self":[{"href":"https:\/\/www.africa-press.net\/burkina-faso\/wp-json\/wp\/v2\/posts\/10381","targetHints":{"allow":["GET"]}}],"collection":[{"href":"https:\/\/www.africa-press.net\/burkina-faso\/wp-json\/wp\/v2\/posts"}],"about":[{"href":"https:\/\/www.africa-press.net\/burkina-faso\/wp-json\/wp\/v2\/types\/post"}],"author":[{"embeddable":true,"href":"https:\/\/www.africa-press.net\/burkina-faso\/wp-json\/wp\/v2\/users\/82"}],"replies":[{"embeddable":true,"href":"https:\/\/www.africa-press.net\/burkina-faso\/wp-json\/wp\/v2\/comments?post=10381"}],"version-history":[{"count":0,"href":"https:\/\/www.africa-press.net\/burkina-faso\/wp-json\/wp\/v2\/posts\/10381\/revisions"}],"wp:featuredmedia":[{"embeddable":true,"href":"https:\/\/www.africa-press.net\/burkina-faso\/wp-json\/wp\/v2\/media\/10380"}],"wp:attachment":[{"href":"https:\/\/www.africa-press.net\/burkina-faso\/wp-json\/wp\/v2\/media?parent=10381"}],"wp:term":[{"taxonomy":"category","embeddable":true,"href":"https:\/\/www.africa-press.net\/burkina-faso\/wp-json\/wp\/v2\/categories?post=10381"},{"taxonomy":"post_tag","embeddable":true,"href":"https:\/\/www.africa-press.net\/burkina-faso\/wp-json\/wp\/v2\/tags?post=10381"}],"curies":[{"name":"wp","href":"https:\/\/api.w.org\/{rel}","templated":true}]}}