{"id":10384,"date":"2021-04-22T16:44:22","date_gmt":"2021-04-22T16:44:22","guid":{"rendered":"https:\/\/www.africa-press.net\/burkina-faso\/?p=10384"},"modified":"2021-04-22T20:31:02","modified_gmt":"2021-04-22T20:31:02","slug":"ramadan-2021-le-geste-du-ministere-de-la-solidarite-nationale-a-lendroit-de-la-faib-et-des-maitres-coraniques","status":"publish","type":"post","link":"https:\/\/www.africa-press.net\/burkina-faso\/culture-et-art\/ramadan-2021-le-geste-du-ministere-de-la-solidarite-nationale-a-lendroit-de-la-faib-et-des-maitres-coraniques","title":{"rendered":"Ramadan 2021 : Le geste du minist\u00e8re de la solidarit\u00e9 nationale \u00e0 l\u2019endroit de la FAIB et des ma\u00eetres coraniques"},"content":{"rendered":"<p><span style=\"color: #ff6600\"><strong><a href=\"https:\/\/www.africa-press.net\/\">Africa-Press<\/a> &#8211; <a href=\"https:\/\/www.africa-press.net\/burkina-faso\">Burkina Faso<\/a>. <\/strong><\/span>La ministre en charge de la solidarit\u00e9 nationale, Laurence Marshall Ilboudo, a remis des vivres \u00e0 la F\u00e9d\u00e9ration des Associations Islamiques du Burkina (FAIB) et aux ma\u00eetres coraniques qui se sont engag\u00e9s dans le respect des droits de l\u2019enfant. La c\u00e9r\u00e9monie de remise symbolique de ce don a eu lieu, ce jeudi 22 avril 2021 \u00e0 Ouagadougou.<\/p>\n<p>Depuis 10 jours, les fid\u00e8les musulmans se consacrent \u00e0 la r\u00e9alisation du 4\u00e8me pilier de l\u2019islam qui est le je\u00fbne de Ramadan. \u00c0 cet effet, la ministre en charge de la solidarit\u00e9 nationale, Laurence Marshall Ilboudo, a tenu ce jeudi 22 avril 2021 \u00e0 accompagner cette action pieuse en apportant un don de vivres tant \u00e0 la FAIB qu\u2019aux ma\u00eetres coraniques qui se sont illustr\u00e9s dans le respect des droits de l\u2019enfant. Ce don s\u2019inscrit dans les grandes lignes du d\u00e9partement de la solidarit\u00e9.<\/p>\n<p>Le geste d\u2019une valeur 23 millions 500 mille FCFA est constitu\u00e9 de 50 tonnes de mil, 25 tonnes de riz, 80 cartons de sucre et 500 cartons de dattes. Selon la ministre, cette remise va contribuer \u00e0 accompagner les musulmans surtout en cette p\u00e9riode de canicule. \u00ab Au regard de toutes ces contraintes et autant d\u2019\u00e9preuves, mon d\u00e9partement a tenu \u00e0 apporter aux fr\u00e8res musulmans sa partition \u00bb, a-t-elle dit.<\/p>\n<p>A l\u2019entendre, le montant de 12.290.000 FCFA est destin\u00e9 \u00e0 la reconnaissance \u00e0 l\u2019\u00e9gard de 52 ma\u00eetres coraniques qui se sont illustr\u00e9s dans le respect des droits de l\u2019enfant. \u00ab Ces 52 ma\u00eetres coraniques sont des mod\u00e8les. Pour la protection des droits de l\u2019enfant, je demeure convaincu que vous \u00eates entrain de poser des actes hautement salutaires \u00bb, a d\u00e9clar\u00e9 la patronne du d\u00e9partement en charge de la solidarit\u00e9 nationale.<\/p>\n<p>Oumarou Zoungrana, pr\u00e9sident de la FAIB, a salu\u00e9 cette initiative, qui pour lui t\u00e9moigne de l\u2019attachement de la ministre aux fr\u00e8res et s\u0153urs musulmans. Il a souhait\u00e9 que cela perdure pour la cohabitation sociale. \u00ab\u00c0 l\u2019endroit de la communaut\u00e9, je voudrais rassurer que ce don ira \u00e0 qui de droit. C\u2019est-\u00e0-dire \u00e0 ceux qui en auront le plus grand besoin et qu\u2019il sera utilis\u00e9 \u00e0 bon escient. Je r\u00e9it\u00e8re mes salutations et mes remerciements \u00bb, a-t-il conclu. Abdoul Gani BARRY (stagiaire)<\/p>\n","protected":false},"excerpt":{"rendered":"<p>Africa-Press &#8211; Burkina Faso. La ministre en charge de la solidarit\u00e9 nationale, Laurence Marshall Ilboudo, a remis des vivres \u00e0 la F\u00e9d\u00e9ration des Associations Islamiques du Burkina (FAIB) et aux ma\u00eetres coraniques qui se sont engag\u00e9s dans le respect des droits de l\u2019enfant. La c\u00e9r\u00e9monie de remise symbolique de ce don a eu lieu, ce [&hellip;]<\/p>\n","protected":false},"author":82,"featured_media":10383,"comment_status":"open","ping_status":"closed","sticky":false,"template":"","format":"standard","meta":{"footnotes":""},"categories":[5,11,10],"tags":[111,725,29],"class_list":["post-10384","post","type-post","status-publish","format-standard","has-post-thumbnail","hentry","category-culture-et-art","category-homepage-french","category-toutes-les-actualites","tag-africa-press","tag-africa-press-burkina-faso","tag-burkina-faso"],"yoast_head":"<!-- This site is optimized with the Yoast SEO Premium plugin v26.1 (Yoast SEO v27.0) - https:\/\/yoast.com\/product\/yoast-seo-premium-wordpress\/ -->\n<title>Ramadan 2021 : Le geste du minist\u00e8re de la solidarit\u00e9 nationale \u00e0 l\u2019endroit de la FAIB et des ma\u00eetres coraniques - Burkina Faso<\/title>\n<meta name=\"description\" content=\"La ministre en charge de la solidarit\u00e9 nationale, Laurence Marshall Ilboudo, a remis des vivres \u00e0 la F\u00e9d\u00e9ration des Asso ...\" \/>\n<meta name=\"robots\" content=\"index, follow, max-snippet:-1, max-image-preview:large, max-video-preview:-1\" \/>\n<link rel=\"canonical\" href=\"https:\/\/www.africa-press.net\/burkina-faso\/culture-et-art\/ramadan-2021-le-geste-du-ministere-de-la-solidarite-nationale-a-lendroit-de-la-faib-et-des-maitres-coraniques\" \/>\n<meta property=\"og:locale\" content=\"fr_FR\" \/>\n<meta property=\"og:type\" content=\"article\" \/>\n<meta property=\"og:title\" content=\"Ramadan 2021 : Le geste du minist\u00e8re de la solidarit\u00e9 nationale \u00e0 l\u2019endroit de la FAIB et des ma\u00eetres coraniques\" \/>\n<meta property=\"og:description\" content=\"La ministre en charge de la solidarit\u00e9 nationale, Laurence Marshall Ilboudo, a remis des vivres \u00e0 la F\u00e9d\u00e9ration des Asso ...\" \/>\n<meta property=\"og:url\" content=\"https:\/\/www.africa-press.net\/burkina-faso\/culture-et-art\/ramadan-2021-le-geste-du-ministere-de-la-solidarite-nationale-a-lendroit-de-la-faib-et-des-maitres-coraniques\" \/>\n<meta property=\"og:site_name\" content=\"Burkina Faso\" \/>\n<meta property=\"article:published_time\" content=\"2021-04-22T16:44:22+00:00\" \/>\n<meta property=\"article:modified_time\" content=\"2021-04-22T20:31:02+00:00\" \/>\n<meta property=\"og:image\" content=\"https:\/\/static.africa-press.net\/burkina\/sites\/42\/2021\/04\/img-60819ab840335.jpg\" \/>\n\t<meta property=\"og:image:width\" content=\"1024\" \/>\n\t<meta property=\"og:image:height\" content=\"668\" \/>\n\t<meta property=\"og:image:type\" content=\"image\/jpeg\" \/>\n<meta name=\"author\" content=\"cfeditorfr\" \/>\n<meta name=\"twitter:card\" content=\"summary_large_image\" \/>\n<meta name=\"twitter:label1\" content=\"\u00c9crit par\" \/>\n\t<meta name=\"twitter:data1\" content=\"cfeditorfr\" \/>\n\t<meta name=\"twitter:label2\" content=\"Dur\u00e9e de lecture estim\u00e9e\" \/>\n\t<meta name=\"twitter:data2\" content=\"2 minutes\" \/>\n<script type=\"application\/ld+json\" class=\"yoast-schema-graph\">{\"@context\":\"https:\/\/schema.org\",\"@graph\":[{\"@type\":\"Article\",\"@id\":\"https:\/\/www.africa-press.net\/burkina-faso\/culture-et-art\/ramadan-2021-le-geste-du-ministere-de-la-solidarite-nationale-a-lendroit-de-la-faib-et-des-maitres-coraniques#article\",\"isPartOf\":{\"@id\":\"https:\/\/www.africa-press.net\/burkina-faso\/culture-et-art\/ramadan-2021-le-geste-du-ministere-de-la-solidarite-nationale-a-lendroit-de-la-faib-et-des-maitres-coraniques\"},\"author\":{\"name\":\"cfeditorfr\",\"@id\":\"https:\/\/www.africa-press.net\/burkina-faso\/#\/schema\/person\/2b1cf3cd81a31e3cd26889ca66d677f1\"},\"headline\":\"Ramadan 2021 : Le geste du minist\u00e8re de la solidarit\u00e9 nationale \u00e0 l\u2019endroit de la FAIB et des ma\u00eetres coraniques\",\"datePublished\":\"2021-04-22T16:44:22+00:00\",\"dateModified\":\"2021-04-22T20:31:02+00:00\",\"mainEntityOfPage\":{\"@id\":\"https:\/\/www.africa-press.net\/burkina-faso\/culture-et-art\/ramadan-2021-le-geste-du-ministere-de-la-solidarite-nationale-a-lendroit-de-la-faib-et-des-maitres-coraniques\"},\"wordCount\":396,\"commentCount\":0,\"image\":{\"@id\":\"https:\/\/www.africa-press.net\/burkina-faso\/culture-et-art\/ramadan-2021-le-geste-du-ministere-de-la-solidarite-nationale-a-lendroit-de-la-faib-et-des-maitres-coraniques#primaryimage\"},\"thumbnailUrl\":\"https:\/\/static.africa-press.net\/burkina\/sites\/42\/2021\/04\/img-60819ab840335.jpg\",\"keywords\":[\"Africa Press\",\"Africa Press-Burkina Faso\",\"Burkina Faso\"],\"articleSection\":[\"Culture et Art\",\"homepage-french\",\"Toutes les actualit\u00e9s\"],\"inLanguage\":\"fr-FR\",\"potentialAction\":[{\"@type\":\"CommentAction\",\"name\":\"Comment\",\"target\":[\"https:\/\/www.africa-press.net\/burkina-faso\/culture-et-art\/ramadan-2021-le-geste-du-ministere-de-la-solidarite-nationale-a-lendroit-de-la-faib-et-des-maitres-coraniques#respond\"]}]},{\"@type\":\"WebPage\",\"@id\":\"https:\/\/www.africa-press.net\/burkina-faso\/culture-et-art\/ramadan-2021-le-geste-du-ministere-de-la-solidarite-nationale-a-lendroit-de-la-faib-et-des-maitres-coraniques\",\"url\":\"https:\/\/www.africa-press.net\/burkina-faso\/culture-et-art\/ramadan-2021-le-geste-du-ministere-de-la-solidarite-nationale-a-lendroit-de-la-faib-et-des-maitres-coraniques\",\"name\":\"Ramadan 2021 : Le geste du minist\u00e8re de la solidarit\u00e9 nationale \u00e0 l\u2019endroit de la FAIB et des ma\u00eetres coraniques - Burkina Faso\",\"isPartOf\":{\"@id\":\"https:\/\/www.africa-press.net\/burkina-faso\/#website\"},\"primaryImageOfPage\":{\"@id\":\"https:\/\/www.africa-press.net\/burkina-faso\/culture-et-art\/ramadan-2021-le-geste-du-ministere-de-la-solidarite-nationale-a-lendroit-de-la-faib-et-des-maitres-coraniques#primaryimage\"},\"image\":{\"@id\":\"https:\/\/www.africa-press.net\/burkina-faso\/culture-et-art\/ramadan-2021-le-geste-du-ministere-de-la-solidarite-nationale-a-lendroit-de-la-faib-et-des-maitres-coraniques#primaryimage\"},\"thumbnailUrl\":\"https:\/\/static.africa-press.net\/burkina\/sites\/42\/2021\/04\/img-60819ab840335.jpg\",\"datePublished\":\"2021-04-22T16:44:22+00:00\",\"dateModified\":\"2021-04-22T20:31:02+00:00\",\"author\":{\"@id\":\"https:\/\/www.africa-press.net\/burkina-faso\/#\/schema\/person\/2b1cf3cd81a31e3cd26889ca66d677f1\"},\"description\":\"La ministre en charge de la solidarit\u00e9 nationale, Laurence Marshall Ilboudo, a remis des vivres \u00e0 la F\u00e9d\u00e9ration des Asso ...\",\"breadcrumb\":{\"@id\":\"https:\/\/www.africa-press.net\/burkina-faso\/culture-et-art\/ramadan-2021-le-geste-du-ministere-de-la-solidarite-nationale-a-lendroit-de-la-faib-et-des-maitres-coraniques#breadcrumb\"},\"inLanguage\":\"fr-FR\",\"potentialAction\":[{\"@type\":\"ReadAction\",\"target\":[\"https:\/\/www.africa-press.net\/burkina-faso\/culture-et-art\/ramadan-2021-le-geste-du-ministere-de-la-solidarite-nationale-a-lendroit-de-la-faib-et-des-maitres-coraniques\"]}]},{\"@type\":\"ImageObject\",\"inLanguage\":\"fr-FR\",\"@id\":\"https:\/\/www.africa-press.net\/burkina-faso\/culture-et-art\/ramadan-2021-le-geste-du-ministere-de-la-solidarite-nationale-a-lendroit-de-la-faib-et-des-maitres-coraniques#primaryimage\",\"url\":\"https:\/\/static.africa-press.net\/burkina\/sites\/42\/2021\/04\/img-60819ab840335.jpg\",\"contentUrl\":\"https:\/\/static.africa-press.net\/burkina\/sites\/42\/2021\/04\/img-60819ab840335.jpg\",\"width\":1024,\"height\":668,\"caption\":\"Ramadan 2021 : Le geste du minist\u00e8re de la solidarit\u00e9 nationale \u00e0 l\u2019endroit de la FAIB et des ma\u00eetres coraniques\"},{\"@type\":\"BreadcrumbList\",\"@id\":\"https:\/\/www.africa-press.net\/burkina-faso\/culture-et-art\/ramadan-2021-le-geste-du-ministere-de-la-solidarite-nationale-a-lendroit-de-la-faib-et-des-maitres-coraniques#breadcrumb\",\"itemListElement\":[{\"@type\":\"ListItem\",\"position\":1,\"name\":\"Accueil\",\"item\":\"https:\/\/www.africa-press.net\/burkina-faso\/\"},{\"@type\":\"ListItem\",\"position\":2,\"name\":\"Ramadan 2021 : Le geste du minist\u00e8re de la solidarit\u00e9 nationale \u00e0 l\u2019endroit de la FAIB et des ma\u00eetres coraniques\"}]},{\"@type\":\"WebSite\",\"@id\":\"https:\/\/www.africa-press.net\/burkina-faso\/#website\",\"url\":\"https:\/\/www.africa-press.net\/burkina-faso\/\",\"name\":\"Burkina Faso\",\"description\":\"Just another Africa News Agency Sites site\",\"potentialAction\":[{\"@type\":\"SearchAction\",\"target\":{\"@type\":\"EntryPoint\",\"urlTemplate\":\"https:\/\/www.africa-press.net\/burkina-faso\/?s={search_term_string}\"},\"query-input\":{\"@type\":\"PropertyValueSpecification\",\"valueRequired\":true,\"valueName\":\"search_term_string\"}}],\"inLanguage\":\"fr-FR\"},{\"@type\":\"Person\",\"@id\":\"https:\/\/www.africa-press.net\/burkina-faso\/#\/schema\/person\/2b1cf3cd81a31e3cd26889ca66d677f1\",\"name\":\"cfeditorfr\"}]}<\/script>\n<!-- \/ Yoast SEO Premium plugin. -->","yoast_head_json":{"title":"Ramadan 2021 : Le geste du minist\u00e8re de la solidarit\u00e9 nationale \u00e0 l\u2019endroit de la FAIB et des ma\u00eetres coraniques - Burkina Faso","description":"La ministre en charge de la solidarit\u00e9 nationale, Laurence Marshall Ilboudo, a remis des vivres \u00e0 la F\u00e9d\u00e9ration des Asso ...","robots":{"index":"index","follow":"follow","max-snippet":"max-snippet:-1","max-image-preview":"max-image-preview:large","max-video-preview":"max-video-preview:-1"},"canonical":"https:\/\/www.africa-press.net\/burkina-faso\/culture-et-art\/ramadan-2021-le-geste-du-ministere-de-la-solidarite-nationale-a-lendroit-de-la-faib-et-des-maitres-coraniques","og_locale":"fr_FR","og_type":"article","og_title":"Ramadan 2021 : Le geste du minist\u00e8re de la solidarit\u00e9 nationale \u00e0 l\u2019endroit de la FAIB et des ma\u00eetres coraniques","og_description":"La ministre en charge de la solidarit\u00e9 nationale, Laurence Marshall Ilboudo, a remis des vivres \u00e0 la F\u00e9d\u00e9ration des Asso ...","og_url":"https:\/\/www.africa-press.net\/burkina-faso\/culture-et-art\/ramadan-2021-le-geste-du-ministere-de-la-solidarite-nationale-a-lendroit-de-la-faib-et-des-maitres-coraniques","og_site_name":"Burkina Faso","article_published_time":"2021-04-22T16:44:22+00:00","article_modified_time":"2021-04-22T20:31:02+00:00","og_image":[{"width":1024,"height":668,"url":"https:\/\/static.africa-press.net\/burkina\/sites\/42\/2021\/04\/img-60819ab840335.jpg","type":"image\/jpeg"}],"author":"cfeditorfr","twitter_card":"summary_large_image","twitter_misc":{"\u00c9crit par":"cfeditorfr","Dur\u00e9e de lecture estim\u00e9e":"2 minutes"},"schema":{"@context":"https:\/\/schema.org","@graph":[{"@type":"Article","@id":"https:\/\/www.africa-press.net\/burkina-faso\/culture-et-art\/ramadan-2021-le-geste-du-ministere-de-la-solidarite-nationale-a-lendroit-de-la-faib-et-des-maitres-coraniques#article","isPartOf":{"@id":"https:\/\/www.africa-press.net\/burkina-faso\/culture-et-art\/ramadan-2021-le-geste-du-ministere-de-la-solidarite-nationale-a-lendroit-de-la-faib-et-des-maitres-coraniques"},"author":{"name":"cfeditorfr","@id":"https:\/\/www.africa-press.net\/burkina-faso\/#\/schema\/person\/2b1cf3cd81a31e3cd26889ca66d677f1"},"headline":"Ramadan 2021 : Le geste du minist\u00e8re de la solidarit\u00e9 nationale \u00e0 l\u2019endroit de la FAIB et des ma\u00eetres coraniques","datePublished":"2021-04-22T16:44:22+00:00","dateModified":"2021-04-22T20:31:02+00:00","mainEntityOfPage":{"@id":"https:\/\/www.africa-press.net\/burkina-faso\/culture-et-art\/ramadan-2021-le-geste-du-ministere-de-la-solidarite-nationale-a-lendroit-de-la-faib-et-des-maitres-coraniques"},"wordCount":396,"commentCount":0,"image":{"@id":"https:\/\/www.africa-press.net\/burkina-faso\/culture-et-art\/ramadan-2021-le-geste-du-ministere-de-la-solidarite-nationale-a-lendroit-de-la-faib-et-des-maitres-coraniques#primaryimage"},"thumbnailUrl":"https:\/\/static.africa-press.net\/burkina\/sites\/42\/2021\/04\/img-60819ab840335.jpg","keywords":["Africa Press","Africa Press-Burkina Faso","Burkina Faso"],"articleSection":["Culture et Art","homepage-french","Toutes les actualit\u00e9s"],"inLanguage":"fr-FR","potentialAction":[{"@type":"CommentAction","name":"Comment","target":["https:\/\/www.africa-press.net\/burkina-faso\/culture-et-art\/ramadan-2021-le-geste-du-ministere-de-la-solidarite-nationale-a-lendroit-de-la-faib-et-des-maitres-coraniques#respond"]}]},{"@type":"WebPage","@id":"https:\/\/www.africa-press.net\/burkina-faso\/culture-et-art\/ramadan-2021-le-geste-du-ministere-de-la-solidarite-nationale-a-lendroit-de-la-faib-et-des-maitres-coraniques","url":"https:\/\/www.africa-press.net\/burkina-faso\/culture-et-art\/ramadan-2021-le-geste-du-ministere-de-la-solidarite-nationale-a-lendroit-de-la-faib-et-des-maitres-coraniques","name":"Ramadan 2021 : Le geste du minist\u00e8re de la solidarit\u00e9 nationale \u00e0 l\u2019endroit de la FAIB et des ma\u00eetres coraniques - Burkina Faso","isPartOf":{"@id":"https:\/\/www.africa-press.net\/burkina-faso\/#website"},"primaryImageOfPage":{"@id":"https:\/\/www.africa-press.net\/burkina-faso\/culture-et-art\/ramadan-2021-le-geste-du-ministere-de-la-solidarite-nationale-a-lendroit-de-la-faib-et-des-maitres-coraniques#primaryimage"},"image":{"@id":"https:\/\/www.africa-press.net\/burkina-faso\/culture-et-art\/ramadan-2021-le-geste-du-ministere-de-la-solidarite-nationale-a-lendroit-de-la-faib-et-des-maitres-coraniques#primaryimage"},"thumbnailUrl":"https:\/\/static.africa-press.net\/burkina\/sites\/42\/2021\/04\/img-60819ab840335.jpg","datePublished":"2021-04-22T16:44:22+00:00","dateModified":"2021-04-22T20:31:02+00:00","author":{"@id":"https:\/\/www.africa-press.net\/burkina-faso\/#\/schema\/person\/2b1cf3cd81a31e3cd26889ca66d677f1"},"description":"La ministre en charge de la solidarit\u00e9 nationale, Laurence Marshall Ilboudo, a remis des vivres \u00e0 la F\u00e9d\u00e9ration des Asso ...","breadcrumb":{"@id":"https:\/\/www.africa-press.net\/burkina-faso\/culture-et-art\/ramadan-2021-le-geste-du-ministere-de-la-solidarite-nationale-a-lendroit-de-la-faib-et-des-maitres-coraniques#breadcrumb"},"inLanguage":"fr-FR","potentialAction":[{"@type":"ReadAction","target":["https:\/\/www.africa-press.net\/burkina-faso\/culture-et-art\/ramadan-2021-le-geste-du-ministere-de-la-solidarite-nationale-a-lendroit-de-la-faib-et-des-maitres-coraniques"]}]},{"@type":"ImageObject","inLanguage":"fr-FR","@id":"https:\/\/www.africa-press.net\/burkina-faso\/culture-et-art\/ramadan-2021-le-geste-du-ministere-de-la-solidarite-nationale-a-lendroit-de-la-faib-et-des-maitres-coraniques#primaryimage","url":"https:\/\/static.africa-press.net\/burkina\/sites\/42\/2021\/04\/img-60819ab840335.jpg","contentUrl":"https:\/\/static.africa-press.net\/burkina\/sites\/42\/2021\/04\/img-60819ab840335.jpg","width":1024,"height":668,"caption":"Ramadan 2021 : Le geste du minist\u00e8re de la solidarit\u00e9 nationale \u00e0 l\u2019endroit de la FAIB et des ma\u00eetres coraniques"},{"@type":"BreadcrumbList","@id":"https:\/\/www.africa-press.net\/burkina-faso\/culture-et-art\/ramadan-2021-le-geste-du-ministere-de-la-solidarite-nationale-a-lendroit-de-la-faib-et-des-maitres-coraniques#breadcrumb","itemListElement":[{"@type":"ListItem","position":1,"name":"Accueil","item":"https:\/\/www.africa-press.net\/burkina-faso\/"},{"@type":"ListItem","position":2,"name":"Ramadan 2021 : Le geste du minist\u00e8re de la solidarit\u00e9 nationale \u00e0 l\u2019endroit de la FAIB et des ma\u00eetres coraniques"}]},{"@type":"WebSite","@id":"https:\/\/www.africa-press.net\/burkina-faso\/#website","url":"https:\/\/www.africa-press.net\/burkina-faso\/","name":"Burkina Faso","description":"Just another Africa News Agency Sites site","potentialAction":[{"@type":"SearchAction","target":{"@type":"EntryPoint","urlTemplate":"https:\/\/www.africa-press.net\/burkina-faso\/?s={search_term_string}"},"query-input":{"@type":"PropertyValueSpecification","valueRequired":true,"valueName":"search_term_string"}}],"inLanguage":"fr-FR"},{"@type":"Person","@id":"https:\/\/www.africa-press.net\/burkina-faso\/#\/schema\/person\/2b1cf3cd81a31e3cd26889ca66d677f1","name":"cfeditorfr"}]}},"_links":{"self":[{"href":"https:\/\/www.africa-press.net\/burkina-faso\/wp-json\/wp\/v2\/posts\/10384","targetHints":{"allow":["GET"]}}],"collection":[{"href":"https:\/\/www.africa-press.net\/burkina-faso\/wp-json\/wp\/v2\/posts"}],"about":[{"href":"https:\/\/www.africa-press.net\/burkina-faso\/wp-json\/wp\/v2\/types\/post"}],"author":[{"embeddable":true,"href":"https:\/\/www.africa-press.net\/burkina-faso\/wp-json\/wp\/v2\/users\/82"}],"replies":[{"embeddable":true,"href":"https:\/\/www.africa-press.net\/burkina-faso\/wp-json\/wp\/v2\/comments?post=10384"}],"version-history":[{"count":0,"href":"https:\/\/www.africa-press.net\/burkina-faso\/wp-json\/wp\/v2\/posts\/10384\/revisions"}],"wp:featuredmedia":[{"embeddable":true,"href":"https:\/\/www.africa-press.net\/burkina-faso\/wp-json\/wp\/v2\/media\/10383"}],"wp:attachment":[{"href":"https:\/\/www.africa-press.net\/burkina-faso\/wp-json\/wp\/v2\/media?parent=10384"}],"wp:term":[{"taxonomy":"category","embeddable":true,"href":"https:\/\/www.africa-press.net\/burkina-faso\/wp-json\/wp\/v2\/categories?post=10384"},{"taxonomy":"post_tag","embeddable":true,"href":"https:\/\/www.africa-press.net\/burkina-faso\/wp-json\/wp\/v2\/tags?post=10384"}],"curies":[{"name":"wp","href":"https:\/\/api.w.org\/{rel}","templated":true}]}}