{"id":10387,"date":"2021-04-22T16:54:19","date_gmt":"2021-04-22T16:54:19","guid":{"rendered":"https:\/\/www.africa-press.net\/burkina-faso\/?p=10387"},"modified":"2021-04-22T20:31:15","modified_gmt":"2021-04-22T20:31:15","slug":"burkina-faso-renforcer-la-cohesion-sociale-a-travers-la-parente-a-plaisanterie","status":"publish","type":"post","link":"https:\/\/www.africa-press.net\/burkina-faso\/politique\/burkina-faso-renforcer-la-cohesion-sociale-a-travers-la-parente-a-plaisanterie","title":{"rendered":"Renforcer la coh\u00e9sion sociale \u00e0 travers la parent\u00e9 \u00e0 plaisanterie"},"content":{"rendered":"<p><span style=\"color: #ff6600\"><strong><a href=\"https:\/\/www.africa-press.net\/\">Africa-Press<\/a> &#8211; <a href=\"https:\/\/www.africa-press.net\/burkina-faso\">Burkina Faso<\/a>. <\/strong><\/span>\u00ab Contribution de la parent\u00e9\/alliance \u00e0 plaisanterie \u00e0 la restauration de la paix au Burkina Faso gr\u00e2ce \u00e0 son apport au dialogue interculturel \u00bb. Tel est le th\u00e8me d\u2019un atelier national organis\u00e9 ce jeudi 22 avril 2021 \u00e0 Ouagadougou, dans le cadre du projet de Promotion du Dialogue Interreligieux et du Vivre-Ensemble au Burkina Faso (Pro-DIVE).<\/p>\n<p>Au regard du contexte social marqu\u00e9 par l\u2019ins\u00e9curit\u00e9, la d\u00e9gradation de la coh\u00e9sion sociale et la recrudescence de ph\u00e9nom\u00e8nes associ\u00e9s, le projet de Promotion du Dialogue Interreligieux et du Vivre-Ensemble au Burkina Faso (Pro-DIVE) a initi\u00e9 un cadre d\u2019\u00e9change avec ses partenaires techniques.<\/p>\n<p>Le projet Pro-DIVE est port\u00e9 par un consortium tripartite compos\u00e9 du chef de file qui est l\u2019Union Fraternelle des Croyants de Dori (UFC \u2013 Dori), du Centre Dioc\u00e9sain de communication de Ouahigouya (CDC) et de l\u2019Association pour le D\u00e9veloppement des Communaut\u00e9s Villageoises (ADCV).<\/p>\n<p>L\u2019atelier national pour leaders jeunes sur la promotion des m\u00e9canismes endog\u00e8nes de coexistence pacifique et du vivre ensemble harmonieux organis\u00e9 ce jeudi 22 avril 2021 rentre dans ce cadre.<\/p>\n<p>Les objectifs attendus consistent \u00e0 renforcer la stabilit\u00e9 du Burkina Faso par la promotion du dialogue interreligieux et interculturel et le vivre-ensemble harmonieux. Il est, en effet, question de renforcer les capacit\u00e9s des leaders dans le processus du dialogue, de la communication et de la cr\u00e9ation des cadres de concertation pour stimuler le r\u00e9seautage des acteurs du dialogue interreligieux et du vivre-ensemble.<\/p>\n<p>Le co\u00fbt du Pro-DIVE est estim\u00e9 \u00e0 643 077 500 francs CFA pour une dur\u00e9e de 24 mois (du 1er septembre 2020 au 30 Ao\u00fbt 2022). Le projet est soutenu par le Royaume des Pays-Bas. Il couvrira trois r\u00e9gions du Burkina que sont le Sahel, le Nord et l\u2019Est et contribuera avec les communaut\u00e9s religieuses \u00e0 un mieux vivre ensemble.<\/p>\n<p>Les organisations cibl\u00e9es sont celles \u00e0 base communautaire, les leaders religieux et coutumiers, les communaut\u00e9s religieuses, les centres scolaires et d\u2019\u00e9ducation, les acteurs de l\u2019\u00c9tat et des collectivit\u00e9s territoriales, les populations des trois r\u00e9gions en g\u00e9n\u00e9ral et les \u00e9ducateurs. Pour Z\u00e9phirin Diabr\u00e9, ministre en charge de la r\u00e9conciliation nationale, \u00ab c\u2019est ensemble que nous pouvons sauver et promouvoir la paix \u00bb.<\/p>\n<p>\u00ab Notre devoir \u00e0 tous en tant que Burkinab\u00e8, c\u2019est de f\u00e9d\u00e9rer nos efforts pour sauver et promouvoir tout ce qui peut contribuer \u00e0 la coh\u00e9sion sociale et \u00e0 la paix.<\/p>\n<p>C\u2019est seulement dans ces conditions que nous pourrons retourner r\u00e9solument non seulement vers la s\u00e9curisation de notre pays, mais surtout vers les chantiers de d\u00e9veloppement pour construire une nation que nous devons laisser \u00e0 nos enfants \u00bb, a-t-il d\u00e9clar\u00e9.<\/p>\n<p>Fran\u00e7ois Paul Ramd\u00e9, coordinateur de l\u2019Union Fraternelle des Croyants de Dori (UFC-DORI), a, quant \u00e0 lui, estim\u00e9 qu\u2019il s\u2019agit d\u2019un projet qui am\u00e9liorera le vivre-ensemble des Burkinab\u00e8.<\/p>\n<p>\u00ab C\u2019est un projet qui vise \u00e0 promouvoir le dialogue, particuli\u00e8rement le dialogue Interreligieux et le vivre-ensemble. Nous sommes dans un contexte trouble qui a malheureusement handicap\u00e9 beaucoup de choses du fait des m\u00e9sententes qui se cr\u00e9aient. Et pour nous, ce projet vise en partie \u00e0 promouvoir toutes les techniques qui vont permettre de renforcer le dialogue et d\u2019am\u00e9liorer le vivre ensemble selon nos diff\u00e9rences \u00bb, a-t-il expliqu\u00e9. Jo\u00ebl THIOMBIANO<\/p>\n","protected":false},"excerpt":{"rendered":"<p>Africa-Press &#8211; Burkina Faso. \u00ab Contribution de la parent\u00e9\/alliance \u00e0 plaisanterie \u00e0 la restauration de la paix au Burkina Faso gr\u00e2ce \u00e0 son apport au dialogue interculturel \u00bb. Tel est le th\u00e8me d\u2019un atelier national organis\u00e9 ce jeudi 22 avril 2021 \u00e0 Ouagadougou, dans le cadre du projet de Promotion du Dialogue Interreligieux et du [&hellip;]<\/p>\n","protected":false},"author":82,"featured_media":10386,"comment_status":"open","ping_status":"closed","sticky":false,"template":"","format":"standard","meta":{"footnotes":""},"categories":[11,2,20,10],"tags":[111,725,29],"class_list":["post-10387","post","type-post","status-publish","format-standard","has-post-thumbnail","hentry","category-homepage-french","category-politique","category-top-nouvelles","category-toutes-les-actualites","tag-africa-press","tag-africa-press-burkina-faso","tag-burkina-faso"],"yoast_head":"<!-- This site is optimized with the Yoast SEO Premium plugin v26.1 (Yoast SEO v27.0) - https:\/\/yoast.com\/product\/yoast-seo-premium-wordpress\/ -->\n<title>Renforcer la coh\u00e9sion sociale \u00e0 travers la parent\u00e9 \u00e0 plaisanterie - Burkina Faso<\/title>\n<meta name=\"description\" content=\"\u00ab Contribution de la parent\u00e9\/alliance \u00e0 plaisanterie \u00e0 la restauration de la paix au Burkina Faso gr\u00e2ce \u00e0 son apport au ...\" \/>\n<meta name=\"robots\" content=\"index, follow, max-snippet:-1, max-image-preview:large, max-video-preview:-1\" \/>\n<link rel=\"canonical\" href=\"https:\/\/www.africa-press.net\/burkina-faso\/politique\/burkina-faso-renforcer-la-cohesion-sociale-a-travers-la-parente-a-plaisanterie\" \/>\n<meta property=\"og:locale\" content=\"fr_FR\" \/>\n<meta property=\"og:type\" content=\"article\" \/>\n<meta property=\"og:title\" content=\"Renforcer la coh\u00e9sion sociale \u00e0 travers la parent\u00e9 \u00e0 plaisanterie\" \/>\n<meta property=\"og:description\" content=\"\u00ab Contribution de la parent\u00e9\/alliance \u00e0 plaisanterie \u00e0 la restauration de la paix au Burkina Faso gr\u00e2ce \u00e0 son apport au ...\" \/>\n<meta property=\"og:url\" content=\"https:\/\/www.africa-press.net\/burkina-faso\/politique\/burkina-faso-renforcer-la-cohesion-sociale-a-travers-la-parente-a-plaisanterie\" \/>\n<meta property=\"og:site_name\" content=\"Burkina Faso\" \/>\n<meta property=\"article:published_time\" content=\"2021-04-22T16:54:19+00:00\" \/>\n<meta property=\"article:modified_time\" content=\"2021-04-22T20:31:15+00:00\" \/>\n<meta property=\"og:image\" content=\"https:\/\/static.africa-press.net\/burkina\/sites\/42\/2021\/04\/img-60819aeee86e3.jpg\" \/>\n\t<meta property=\"og:image:width\" content=\"1024\" \/>\n\t<meta property=\"og:image:height\" content=\"461\" \/>\n\t<meta property=\"og:image:type\" content=\"image\/jpeg\" \/>\n<meta name=\"author\" content=\"cfeditorfr\" \/>\n<meta name=\"twitter:card\" content=\"summary_large_image\" \/>\n<meta name=\"twitter:label1\" content=\"\u00c9crit par\" \/>\n\t<meta name=\"twitter:data1\" content=\"cfeditorfr\" \/>\n\t<meta name=\"twitter:label2\" content=\"Dur\u00e9e de lecture estim\u00e9e\" \/>\n\t<meta name=\"twitter:data2\" content=\"3 minutes\" \/>\n<script type=\"application\/ld+json\" class=\"yoast-schema-graph\">{\"@context\":\"https:\/\/schema.org\",\"@graph\":[{\"@type\":\"Article\",\"@id\":\"https:\/\/www.africa-press.net\/burkina-faso\/politique\/burkina-faso-renforcer-la-cohesion-sociale-a-travers-la-parente-a-plaisanterie#article\",\"isPartOf\":{\"@id\":\"https:\/\/www.africa-press.net\/burkina-faso\/politique\/burkina-faso-renforcer-la-cohesion-sociale-a-travers-la-parente-a-plaisanterie\"},\"author\":{\"name\":\"cfeditorfr\",\"@id\":\"https:\/\/www.africa-press.net\/burkina-faso\/#\/schema\/person\/2b1cf3cd81a31e3cd26889ca66d677f1\"},\"headline\":\"Renforcer la coh\u00e9sion sociale \u00e0 travers la parent\u00e9 \u00e0 plaisanterie\",\"datePublished\":\"2021-04-22T16:54:19+00:00\",\"dateModified\":\"2021-04-22T20:31:15+00:00\",\"mainEntityOfPage\":{\"@id\":\"https:\/\/www.africa-press.net\/burkina-faso\/politique\/burkina-faso-renforcer-la-cohesion-sociale-a-travers-la-parente-a-plaisanterie\"},\"wordCount\":562,\"commentCount\":0,\"image\":{\"@id\":\"https:\/\/www.africa-press.net\/burkina-faso\/politique\/burkina-faso-renforcer-la-cohesion-sociale-a-travers-la-parente-a-plaisanterie#primaryimage\"},\"thumbnailUrl\":\"https:\/\/static.africa-press.net\/burkina\/sites\/42\/2021\/04\/img-60819aeee86e3.jpg\",\"keywords\":[\"Africa Press\",\"Africa Press-Burkina Faso\",\"Burkina Faso\"],\"articleSection\":[\"homepage-french\",\"Politique\",\"Top Nouvelles\",\"Toutes les actualit\u00e9s\"],\"inLanguage\":\"fr-FR\",\"potentialAction\":[{\"@type\":\"CommentAction\",\"name\":\"Comment\",\"target\":[\"https:\/\/www.africa-press.net\/burkina-faso\/politique\/burkina-faso-renforcer-la-cohesion-sociale-a-travers-la-parente-a-plaisanterie#respond\"]}]},{\"@type\":\"WebPage\",\"@id\":\"https:\/\/www.africa-press.net\/burkina-faso\/politique\/burkina-faso-renforcer-la-cohesion-sociale-a-travers-la-parente-a-plaisanterie\",\"url\":\"https:\/\/www.africa-press.net\/burkina-faso\/politique\/burkina-faso-renforcer-la-cohesion-sociale-a-travers-la-parente-a-plaisanterie\",\"name\":\"Renforcer la coh\u00e9sion sociale \u00e0 travers la parent\u00e9 \u00e0 plaisanterie - Burkina Faso\",\"isPartOf\":{\"@id\":\"https:\/\/www.africa-press.net\/burkina-faso\/#website\"},\"primaryImageOfPage\":{\"@id\":\"https:\/\/www.africa-press.net\/burkina-faso\/politique\/burkina-faso-renforcer-la-cohesion-sociale-a-travers-la-parente-a-plaisanterie#primaryimage\"},\"image\":{\"@id\":\"https:\/\/www.africa-press.net\/burkina-faso\/politique\/burkina-faso-renforcer-la-cohesion-sociale-a-travers-la-parente-a-plaisanterie#primaryimage\"},\"thumbnailUrl\":\"https:\/\/static.africa-press.net\/burkina\/sites\/42\/2021\/04\/img-60819aeee86e3.jpg\",\"datePublished\":\"2021-04-22T16:54:19+00:00\",\"dateModified\":\"2021-04-22T20:31:15+00:00\",\"author\":{\"@id\":\"https:\/\/www.africa-press.net\/burkina-faso\/#\/schema\/person\/2b1cf3cd81a31e3cd26889ca66d677f1\"},\"description\":\"\u00ab Contribution de la parent\u00e9\/alliance \u00e0 plaisanterie \u00e0 la restauration de la paix au Burkina Faso gr\u00e2ce \u00e0 son apport au ...\",\"breadcrumb\":{\"@id\":\"https:\/\/www.africa-press.net\/burkina-faso\/politique\/burkina-faso-renforcer-la-cohesion-sociale-a-travers-la-parente-a-plaisanterie#breadcrumb\"},\"inLanguage\":\"fr-FR\",\"potentialAction\":[{\"@type\":\"ReadAction\",\"target\":[\"https:\/\/www.africa-press.net\/burkina-faso\/politique\/burkina-faso-renforcer-la-cohesion-sociale-a-travers-la-parente-a-plaisanterie\"]}]},{\"@type\":\"ImageObject\",\"inLanguage\":\"fr-FR\",\"@id\":\"https:\/\/www.africa-press.net\/burkina-faso\/politique\/burkina-faso-renforcer-la-cohesion-sociale-a-travers-la-parente-a-plaisanterie#primaryimage\",\"url\":\"https:\/\/static.africa-press.net\/burkina\/sites\/42\/2021\/04\/img-60819aeee86e3.jpg\",\"contentUrl\":\"https:\/\/static.africa-press.net\/burkina\/sites\/42\/2021\/04\/img-60819aeee86e3.jpg\",\"width\":1024,\"height\":461,\"caption\":\"Burkina Faso : Renforcer la coh\u00e9sion sociale \u00e0 travers la parent\u00e9 \u00e0 plaisanterie\"},{\"@type\":\"BreadcrumbList\",\"@id\":\"https:\/\/www.africa-press.net\/burkina-faso\/politique\/burkina-faso-renforcer-la-cohesion-sociale-a-travers-la-parente-a-plaisanterie#breadcrumb\",\"itemListElement\":[{\"@type\":\"ListItem\",\"position\":1,\"name\":\"Accueil\",\"item\":\"https:\/\/www.africa-press.net\/burkina-faso\/\"},{\"@type\":\"ListItem\",\"position\":2,\"name\":\"Renforcer la coh\u00e9sion sociale \u00e0 travers la parent\u00e9 \u00e0 plaisanterie\"}]},{\"@type\":\"WebSite\",\"@id\":\"https:\/\/www.africa-press.net\/burkina-faso\/#website\",\"url\":\"https:\/\/www.africa-press.net\/burkina-faso\/\",\"name\":\"Burkina Faso\",\"description\":\"Just another Africa News Agency Sites site\",\"potentialAction\":[{\"@type\":\"SearchAction\",\"target\":{\"@type\":\"EntryPoint\",\"urlTemplate\":\"https:\/\/www.africa-press.net\/burkina-faso\/?s={search_term_string}\"},\"query-input\":{\"@type\":\"PropertyValueSpecification\",\"valueRequired\":true,\"valueName\":\"search_term_string\"}}],\"inLanguage\":\"fr-FR\"},{\"@type\":\"Person\",\"@id\":\"https:\/\/www.africa-press.net\/burkina-faso\/#\/schema\/person\/2b1cf3cd81a31e3cd26889ca66d677f1\",\"name\":\"cfeditorfr\"}]}<\/script>\n<!-- \/ Yoast SEO Premium plugin. -->","yoast_head_json":{"title":"Renforcer la coh\u00e9sion sociale \u00e0 travers la parent\u00e9 \u00e0 plaisanterie - Burkina Faso","description":"\u00ab Contribution de la parent\u00e9\/alliance \u00e0 plaisanterie \u00e0 la restauration de la paix au Burkina Faso gr\u00e2ce \u00e0 son apport au ...","robots":{"index":"index","follow":"follow","max-snippet":"max-snippet:-1","max-image-preview":"max-image-preview:large","max-video-preview":"max-video-preview:-1"},"canonical":"https:\/\/www.africa-press.net\/burkina-faso\/politique\/burkina-faso-renforcer-la-cohesion-sociale-a-travers-la-parente-a-plaisanterie","og_locale":"fr_FR","og_type":"article","og_title":"Renforcer la coh\u00e9sion sociale \u00e0 travers la parent\u00e9 \u00e0 plaisanterie","og_description":"\u00ab Contribution de la parent\u00e9\/alliance \u00e0 plaisanterie \u00e0 la restauration de la paix au Burkina Faso gr\u00e2ce \u00e0 son apport au ...","og_url":"https:\/\/www.africa-press.net\/burkina-faso\/politique\/burkina-faso-renforcer-la-cohesion-sociale-a-travers-la-parente-a-plaisanterie","og_site_name":"Burkina Faso","article_published_time":"2021-04-22T16:54:19+00:00","article_modified_time":"2021-04-22T20:31:15+00:00","og_image":[{"width":1024,"height":461,"url":"https:\/\/static.africa-press.net\/burkina\/sites\/42\/2021\/04\/img-60819aeee86e3.jpg","type":"image\/jpeg"}],"author":"cfeditorfr","twitter_card":"summary_large_image","twitter_misc":{"\u00c9crit par":"cfeditorfr","Dur\u00e9e de lecture estim\u00e9e":"3 minutes"},"schema":{"@context":"https:\/\/schema.org","@graph":[{"@type":"Article","@id":"https:\/\/www.africa-press.net\/burkina-faso\/politique\/burkina-faso-renforcer-la-cohesion-sociale-a-travers-la-parente-a-plaisanterie#article","isPartOf":{"@id":"https:\/\/www.africa-press.net\/burkina-faso\/politique\/burkina-faso-renforcer-la-cohesion-sociale-a-travers-la-parente-a-plaisanterie"},"author":{"name":"cfeditorfr","@id":"https:\/\/www.africa-press.net\/burkina-faso\/#\/schema\/person\/2b1cf3cd81a31e3cd26889ca66d677f1"},"headline":"Renforcer la coh\u00e9sion sociale \u00e0 travers la parent\u00e9 \u00e0 plaisanterie","datePublished":"2021-04-22T16:54:19+00:00","dateModified":"2021-04-22T20:31:15+00:00","mainEntityOfPage":{"@id":"https:\/\/www.africa-press.net\/burkina-faso\/politique\/burkina-faso-renforcer-la-cohesion-sociale-a-travers-la-parente-a-plaisanterie"},"wordCount":562,"commentCount":0,"image":{"@id":"https:\/\/www.africa-press.net\/burkina-faso\/politique\/burkina-faso-renforcer-la-cohesion-sociale-a-travers-la-parente-a-plaisanterie#primaryimage"},"thumbnailUrl":"https:\/\/static.africa-press.net\/burkina\/sites\/42\/2021\/04\/img-60819aeee86e3.jpg","keywords":["Africa Press","Africa Press-Burkina Faso","Burkina Faso"],"articleSection":["homepage-french","Politique","Top Nouvelles","Toutes les actualit\u00e9s"],"inLanguage":"fr-FR","potentialAction":[{"@type":"CommentAction","name":"Comment","target":["https:\/\/www.africa-press.net\/burkina-faso\/politique\/burkina-faso-renforcer-la-cohesion-sociale-a-travers-la-parente-a-plaisanterie#respond"]}]},{"@type":"WebPage","@id":"https:\/\/www.africa-press.net\/burkina-faso\/politique\/burkina-faso-renforcer-la-cohesion-sociale-a-travers-la-parente-a-plaisanterie","url":"https:\/\/www.africa-press.net\/burkina-faso\/politique\/burkina-faso-renforcer-la-cohesion-sociale-a-travers-la-parente-a-plaisanterie","name":"Renforcer la coh\u00e9sion sociale \u00e0 travers la parent\u00e9 \u00e0 plaisanterie - Burkina Faso","isPartOf":{"@id":"https:\/\/www.africa-press.net\/burkina-faso\/#website"},"primaryImageOfPage":{"@id":"https:\/\/www.africa-press.net\/burkina-faso\/politique\/burkina-faso-renforcer-la-cohesion-sociale-a-travers-la-parente-a-plaisanterie#primaryimage"},"image":{"@id":"https:\/\/www.africa-press.net\/burkina-faso\/politique\/burkina-faso-renforcer-la-cohesion-sociale-a-travers-la-parente-a-plaisanterie#primaryimage"},"thumbnailUrl":"https:\/\/static.africa-press.net\/burkina\/sites\/42\/2021\/04\/img-60819aeee86e3.jpg","datePublished":"2021-04-22T16:54:19+00:00","dateModified":"2021-04-22T20:31:15+00:00","author":{"@id":"https:\/\/www.africa-press.net\/burkina-faso\/#\/schema\/person\/2b1cf3cd81a31e3cd26889ca66d677f1"},"description":"\u00ab Contribution de la parent\u00e9\/alliance \u00e0 plaisanterie \u00e0 la restauration de la paix au Burkina Faso gr\u00e2ce \u00e0 son apport au ...","breadcrumb":{"@id":"https:\/\/www.africa-press.net\/burkina-faso\/politique\/burkina-faso-renforcer-la-cohesion-sociale-a-travers-la-parente-a-plaisanterie#breadcrumb"},"inLanguage":"fr-FR","potentialAction":[{"@type":"ReadAction","target":["https:\/\/www.africa-press.net\/burkina-faso\/politique\/burkina-faso-renforcer-la-cohesion-sociale-a-travers-la-parente-a-plaisanterie"]}]},{"@type":"ImageObject","inLanguage":"fr-FR","@id":"https:\/\/www.africa-press.net\/burkina-faso\/politique\/burkina-faso-renforcer-la-cohesion-sociale-a-travers-la-parente-a-plaisanterie#primaryimage","url":"https:\/\/static.africa-press.net\/burkina\/sites\/42\/2021\/04\/img-60819aeee86e3.jpg","contentUrl":"https:\/\/static.africa-press.net\/burkina\/sites\/42\/2021\/04\/img-60819aeee86e3.jpg","width":1024,"height":461,"caption":"Burkina Faso : Renforcer la coh\u00e9sion sociale \u00e0 travers la parent\u00e9 \u00e0 plaisanterie"},{"@type":"BreadcrumbList","@id":"https:\/\/www.africa-press.net\/burkina-faso\/politique\/burkina-faso-renforcer-la-cohesion-sociale-a-travers-la-parente-a-plaisanterie#breadcrumb","itemListElement":[{"@type":"ListItem","position":1,"name":"Accueil","item":"https:\/\/www.africa-press.net\/burkina-faso\/"},{"@type":"ListItem","position":2,"name":"Renforcer la coh\u00e9sion sociale \u00e0 travers la parent\u00e9 \u00e0 plaisanterie"}]},{"@type":"WebSite","@id":"https:\/\/www.africa-press.net\/burkina-faso\/#website","url":"https:\/\/www.africa-press.net\/burkina-faso\/","name":"Burkina Faso","description":"Just another Africa News Agency Sites site","potentialAction":[{"@type":"SearchAction","target":{"@type":"EntryPoint","urlTemplate":"https:\/\/www.africa-press.net\/burkina-faso\/?s={search_term_string}"},"query-input":{"@type":"PropertyValueSpecification","valueRequired":true,"valueName":"search_term_string"}}],"inLanguage":"fr-FR"},{"@type":"Person","@id":"https:\/\/www.africa-press.net\/burkina-faso\/#\/schema\/person\/2b1cf3cd81a31e3cd26889ca66d677f1","name":"cfeditorfr"}]}},"_links":{"self":[{"href":"https:\/\/www.africa-press.net\/burkina-faso\/wp-json\/wp\/v2\/posts\/10387","targetHints":{"allow":["GET"]}}],"collection":[{"href":"https:\/\/www.africa-press.net\/burkina-faso\/wp-json\/wp\/v2\/posts"}],"about":[{"href":"https:\/\/www.africa-press.net\/burkina-faso\/wp-json\/wp\/v2\/types\/post"}],"author":[{"embeddable":true,"href":"https:\/\/www.africa-press.net\/burkina-faso\/wp-json\/wp\/v2\/users\/82"}],"replies":[{"embeddable":true,"href":"https:\/\/www.africa-press.net\/burkina-faso\/wp-json\/wp\/v2\/comments?post=10387"}],"version-history":[{"count":0,"href":"https:\/\/www.africa-press.net\/burkina-faso\/wp-json\/wp\/v2\/posts\/10387\/revisions"}],"wp:featuredmedia":[{"embeddable":true,"href":"https:\/\/www.africa-press.net\/burkina-faso\/wp-json\/wp\/v2\/media\/10386"}],"wp:attachment":[{"href":"https:\/\/www.africa-press.net\/burkina-faso\/wp-json\/wp\/v2\/media?parent=10387"}],"wp:term":[{"taxonomy":"category","embeddable":true,"href":"https:\/\/www.africa-press.net\/burkina-faso\/wp-json\/wp\/v2\/categories?post=10387"},{"taxonomy":"post_tag","embeddable":true,"href":"https:\/\/www.africa-press.net\/burkina-faso\/wp-json\/wp\/v2\/tags?post=10387"}],"curies":[{"name":"wp","href":"https:\/\/api.w.org\/{rel}","templated":true}]}}