{"id":10400,"date":"2021-04-23T12:30:25","date_gmt":"2021-04-23T12:30:25","guid":{"rendered":"https:\/\/www.africa-press.net\/burkina-faso\/?p=10400"},"modified":"2021-04-23T13:40:45","modified_gmt":"2021-04-23T13:40:45","slug":"burkina-faso-lagroecologie-au-coeur-du-week-end-des-solutions-parfao","status":"publish","type":"post","link":"https:\/\/www.africa-press.net\/burkina-faso\/economie\/burkina-faso-lagroecologie-au-coeur-du-week-end-des-solutions-parfao","title":{"rendered":"L\u2019agro\u00e9cologie au c\u0153ur du Week-End des Solutions PARFAO"},"content":{"rendered":"<p><span style=\"color: #ff6600\"><strong><a href=\"https:\/\/www.africa-press.net\/\">Africa-Press<\/a> &#8211; <a href=\"https:\/\/www.africa-press.net\/burkina-faso\">Burkina Faso<\/a>. <\/strong><\/span>L\u2019Institut de recherche pour le d\u00e9veloppement (IRD) et l\u2019Agence universitaire de la Francophonie (AUF) ont organis\u00e9 ce jeudi 22 avril 2021, le Weekend-End des Solutions PARFAO-Agro\u00e9cologie \u00e0 Ouagadougou. Cette activit\u00e9 a pour objectif de faire \u00e9merger des projets innovants en agro\u00e9cologie.<\/p>\n<p>Des acteurs du priv\u00e9, des ONG, des associations et coop\u00e9ratives, des entrepreneurs et des membres du corps acad\u00e9mique se sont r\u00e9unis ce jeudi 22 avril 2021 pour faire \u00e9merger des projets innovants en agro\u00e9cologie. En effet, les doctorants accompagn\u00e9s par PARFAO valoriseront les r\u00e9sultats de leur th\u00e8se au cours de cet atelier.<\/p>\n<p>Selon Fabrice Courtin, repr\u00e9sentant de l\u2019Institut de recherche pour le d\u00e9veloppement (IRD), l\u2019organisation travaille au Burkina Faso sur 4 th\u00e9matiques dont la sant\u00e9, la s\u00e9curit\u00e9 alimentaire, les ressources naturelles et la soci\u00e9t\u00e9.<\/p>\n<p>\u00ab Le Programme PARFAO vise \u00e0 promouvoir l\u2019agro\u00e9cologie dans la recherche et la formation en Afrique de l\u2019Ouest. Ce programme a permis la restitution et l\u2019accompagnement d\u2019un coll\u00e8ge doctoral qui a abouti \u00e0 l\u2019\u00e9laboration de trois th\u00e8ses \u00bb, a-t-il affirm\u00e9 en annon\u00e7ant que l\u2019IRD souhaite connecter la science et la soci\u00e9t\u00e9 afin de renforcer le dialogue entre scientifique et acteur et acteurs de la soci\u00e9t\u00e9.<\/p>\n<p>Le projet PARFAO vise un objectif qui permet de r\u00e9unir les acteurs de l\u2019agro\u00e9cologie pour apporter des solutions et des r\u00e9ponses structurantes et ad\u00e9quates.<\/p>\n<p>\u00ab Le lancement du Week-End des Solutions permettra aux doctorants de valoriser leur projet de recherche, de rencontrer l\u2019\u00e9cosyst\u00e8me de l\u2019agro\u00e9cologie au Burkina \u2026et aux form\u00e9s dans le m\u00e9tier du num\u00e9rique d\u2019apporter des solutions qui seront appr\u00e9ci\u00e9es \u00bb, a d\u00e9clar\u00e9 Th\u00e9ophile Ouangrawa, repr\u00e9sentant de l\u2019Agence Universitaire de la Francophonie (AUF).<\/p>\n<p>Plusieurs panels dont celui sur la pr\u00e9sentation du programme multi-CoLAB et la pr\u00e9sentation de PARFO seront d\u00e9velopp\u00e9s au cours de cet atelier. Selon Adama Savadogo, correspondant national d\u2019agro\u00e9cologie au minist\u00e8re en charge de l\u2019agriculture, pr\u00e8s d\u2019une cinquantaine de pratiques d\u2019agro\u00e9cologie ont \u00e9t\u00e9 r\u00e9pertori\u00e9es et sont mises en \u0153uvre \u00e0 l\u2019\u00e9chelle nationale. Le projet aidera ainsi \u00e0 la mise \u00e0 l\u2019\u00e9chelle de ces pratiques pour promouvoir l\u2019agro\u00e9cologie du pays.<\/p>\n<p>\u00ab Le minist\u00e8re attend beaucoup des appuis de ce projet, non seulement dans le cadre de la formation du personnel aussi bien de l\u2019agriculture que les producteurs sur le terrain, mais \u00e9galement aider \u00e0 mettre \u00e0 profit toutes les pratiques qui seront d\u00e9velopp\u00e9es \u00bb, s\u2019est-il exprim\u00e9.<\/p>\n<p>Le Week-End des Solutions PARFAO-Agro\u00e9cologie se d\u00e9roule du 22 au 24 avril 2021. Il vise \u00e0 permettre la co- construction de solutions issues de la collaboration entre les acteurs de la recherche et de la soci\u00e9t\u00e9 civile.<\/p>\n","protected":false},"excerpt":{"rendered":"<p>Africa-Press &#8211; Burkina Faso. L\u2019Institut de recherche pour le d\u00e9veloppement (IRD) et l\u2019Agence universitaire de la Francophonie (AUF) ont organis\u00e9 ce jeudi 22 avril 2021, le Weekend-End des Solutions PARFAO-Agro\u00e9cologie \u00e0 Ouagadougou. Cette activit\u00e9 a pour objectif de faire \u00e9merger des projets innovants en agro\u00e9cologie. Des acteurs du priv\u00e9, des ONG, des associations et coop\u00e9ratives, [&hellip;]<\/p>\n","protected":false},"author":82,"featured_media":10399,"comment_status":"open","ping_status":"closed","sticky":false,"template":"","format":"standard","meta":{"footnotes":""},"categories":[3,11,10],"tags":[111,725,29],"class_list":["post-10400","post","type-post","status-publish","format-standard","has-post-thumbnail","hentry","category-economie","category-homepage-french","category-toutes-les-actualites","tag-africa-press","tag-africa-press-burkina-faso","tag-burkina-faso"],"yoast_head":"<!-- This site is optimized with the Yoast SEO Premium plugin v26.1 (Yoast SEO v27.0) - https:\/\/yoast.com\/product\/yoast-seo-premium-wordpress\/ -->\n<title>L\u2019agro\u00e9cologie au c\u0153ur du Week-End des Solutions PARFAO - Burkina Faso<\/title>\n<meta name=\"description\" content=\"L\u2019Institut de recherche pour le d\u00e9veloppement (IRD) et l\u2019Agence universitaire de la Francophonie (AUF) ont organis\u00e9 ce j ...\" \/>\n<meta name=\"robots\" content=\"index, follow, max-snippet:-1, max-image-preview:large, max-video-preview:-1\" \/>\n<link rel=\"canonical\" href=\"https:\/\/www.africa-press.net\/burkina-faso\/economie\/burkina-faso-lagroecologie-au-coeur-du-week-end-des-solutions-parfao\" \/>\n<meta property=\"og:locale\" content=\"fr_FR\" \/>\n<meta property=\"og:type\" content=\"article\" \/>\n<meta property=\"og:title\" content=\"L\u2019agro\u00e9cologie au c\u0153ur du Week-End des Solutions PARFAO\" \/>\n<meta property=\"og:description\" content=\"L\u2019Institut de recherche pour le d\u00e9veloppement (IRD) et l\u2019Agence universitaire de la Francophonie (AUF) ont organis\u00e9 ce j ...\" \/>\n<meta property=\"og:url\" content=\"https:\/\/www.africa-press.net\/burkina-faso\/economie\/burkina-faso-lagroecologie-au-coeur-du-week-end-des-solutions-parfao\" \/>\n<meta property=\"og:site_name\" content=\"Burkina Faso\" \/>\n<meta property=\"article:published_time\" content=\"2021-04-23T12:30:25+00:00\" \/>\n<meta property=\"article:modified_time\" content=\"2021-04-23T13:40:45+00:00\" \/>\n<meta property=\"og:image\" content=\"https:\/\/static.africa-press.net\/burkina\/sites\/42\/2021\/04\/img-6082bca54db3f.jpg\" \/>\n\t<meta property=\"og:image:width\" content=\"750\" \/>\n\t<meta property=\"og:image:height\" content=\"337\" \/>\n\t<meta property=\"og:image:type\" content=\"image\/jpeg\" \/>\n<meta name=\"author\" content=\"cfeditorfr\" \/>\n<meta name=\"twitter:card\" content=\"summary_large_image\" \/>\n<meta name=\"twitter:label1\" content=\"\u00c9crit par\" \/>\n\t<meta name=\"twitter:data1\" content=\"cfeditorfr\" \/>\n\t<meta name=\"twitter:label2\" content=\"Dur\u00e9e de lecture estim\u00e9e\" \/>\n\t<meta name=\"twitter:data2\" content=\"2 minutes\" \/>\n<script type=\"application\/ld+json\" class=\"yoast-schema-graph\">{\"@context\":\"https:\/\/schema.org\",\"@graph\":[{\"@type\":\"Article\",\"@id\":\"https:\/\/www.africa-press.net\/burkina-faso\/economie\/burkina-faso-lagroecologie-au-coeur-du-week-end-des-solutions-parfao#article\",\"isPartOf\":{\"@id\":\"https:\/\/www.africa-press.net\/burkina-faso\/economie\/burkina-faso-lagroecologie-au-coeur-du-week-end-des-solutions-parfao\"},\"author\":{\"name\":\"cfeditorfr\",\"@id\":\"https:\/\/www.africa-press.net\/burkina-faso\/#\/schema\/person\/2b1cf3cd81a31e3cd26889ca66d677f1\"},\"headline\":\"L\u2019agro\u00e9cologie au c\u0153ur du Week-End des Solutions PARFAO\",\"datePublished\":\"2021-04-23T12:30:25+00:00\",\"dateModified\":\"2021-04-23T13:40:45+00:00\",\"mainEntityOfPage\":{\"@id\":\"https:\/\/www.africa-press.net\/burkina-faso\/economie\/burkina-faso-lagroecologie-au-coeur-du-week-end-des-solutions-parfao\"},\"wordCount\":483,\"commentCount\":0,\"image\":{\"@id\":\"https:\/\/www.africa-press.net\/burkina-faso\/economie\/burkina-faso-lagroecologie-au-coeur-du-week-end-des-solutions-parfao#primaryimage\"},\"thumbnailUrl\":\"https:\/\/static.africa-press.net\/burkina\/sites\/42\/2021\/04\/img-6082bca54db3f.jpg\",\"keywords\":[\"Africa Press\",\"Africa Press-Burkina Faso\",\"Burkina Faso\"],\"articleSection\":[\"\u00c9conomie\",\"homepage-french\",\"Toutes les actualit\u00e9s\"],\"inLanguage\":\"fr-FR\",\"potentialAction\":[{\"@type\":\"CommentAction\",\"name\":\"Comment\",\"target\":[\"https:\/\/www.africa-press.net\/burkina-faso\/economie\/burkina-faso-lagroecologie-au-coeur-du-week-end-des-solutions-parfao#respond\"]}]},{\"@type\":\"WebPage\",\"@id\":\"https:\/\/www.africa-press.net\/burkina-faso\/economie\/burkina-faso-lagroecologie-au-coeur-du-week-end-des-solutions-parfao\",\"url\":\"https:\/\/www.africa-press.net\/burkina-faso\/economie\/burkina-faso-lagroecologie-au-coeur-du-week-end-des-solutions-parfao\",\"name\":\"L\u2019agro\u00e9cologie au c\u0153ur du Week-End des Solutions PARFAO - Burkina Faso\",\"isPartOf\":{\"@id\":\"https:\/\/www.africa-press.net\/burkina-faso\/#website\"},\"primaryImageOfPage\":{\"@id\":\"https:\/\/www.africa-press.net\/burkina-faso\/economie\/burkina-faso-lagroecologie-au-coeur-du-week-end-des-solutions-parfao#primaryimage\"},\"image\":{\"@id\":\"https:\/\/www.africa-press.net\/burkina-faso\/economie\/burkina-faso-lagroecologie-au-coeur-du-week-end-des-solutions-parfao#primaryimage\"},\"thumbnailUrl\":\"https:\/\/static.africa-press.net\/burkina\/sites\/42\/2021\/04\/img-6082bca54db3f.jpg\",\"datePublished\":\"2021-04-23T12:30:25+00:00\",\"dateModified\":\"2021-04-23T13:40:45+00:00\",\"author\":{\"@id\":\"https:\/\/www.africa-press.net\/burkina-faso\/#\/schema\/person\/2b1cf3cd81a31e3cd26889ca66d677f1\"},\"description\":\"L\u2019Institut de recherche pour le d\u00e9veloppement (IRD) et l\u2019Agence universitaire de la Francophonie (AUF) ont organis\u00e9 ce j ...\",\"breadcrumb\":{\"@id\":\"https:\/\/www.africa-press.net\/burkina-faso\/economie\/burkina-faso-lagroecologie-au-coeur-du-week-end-des-solutions-parfao#breadcrumb\"},\"inLanguage\":\"fr-FR\",\"potentialAction\":[{\"@type\":\"ReadAction\",\"target\":[\"https:\/\/www.africa-press.net\/burkina-faso\/economie\/burkina-faso-lagroecologie-au-coeur-du-week-end-des-solutions-parfao\"]}]},{\"@type\":\"ImageObject\",\"inLanguage\":\"fr-FR\",\"@id\":\"https:\/\/www.africa-press.net\/burkina-faso\/economie\/burkina-faso-lagroecologie-au-coeur-du-week-end-des-solutions-parfao#primaryimage\",\"url\":\"https:\/\/static.africa-press.net\/burkina\/sites\/42\/2021\/04\/img-6082bca54db3f.jpg\",\"contentUrl\":\"https:\/\/static.africa-press.net\/burkina\/sites\/42\/2021\/04\/img-6082bca54db3f.jpg\",\"width\":750,\"height\":337,\"caption\":\"Burkina Faso\u00a0: L\u2019agro\u00e9cologie au c\u0153ur du Week-End des Solutions PARFAO\"},{\"@type\":\"BreadcrumbList\",\"@id\":\"https:\/\/www.africa-press.net\/burkina-faso\/economie\/burkina-faso-lagroecologie-au-coeur-du-week-end-des-solutions-parfao#breadcrumb\",\"itemListElement\":[{\"@type\":\"ListItem\",\"position\":1,\"name\":\"Accueil\",\"item\":\"https:\/\/www.africa-press.net\/burkina-faso\/\"},{\"@type\":\"ListItem\",\"position\":2,\"name\":\"L\u2019agro\u00e9cologie au c\u0153ur du Week-End des Solutions PARFAO\"}]},{\"@type\":\"WebSite\",\"@id\":\"https:\/\/www.africa-press.net\/burkina-faso\/#website\",\"url\":\"https:\/\/www.africa-press.net\/burkina-faso\/\",\"name\":\"Burkina Faso\",\"description\":\"Just another Africa News Agency Sites site\",\"potentialAction\":[{\"@type\":\"SearchAction\",\"target\":{\"@type\":\"EntryPoint\",\"urlTemplate\":\"https:\/\/www.africa-press.net\/burkina-faso\/?s={search_term_string}\"},\"query-input\":{\"@type\":\"PropertyValueSpecification\",\"valueRequired\":true,\"valueName\":\"search_term_string\"}}],\"inLanguage\":\"fr-FR\"},{\"@type\":\"Person\",\"@id\":\"https:\/\/www.africa-press.net\/burkina-faso\/#\/schema\/person\/2b1cf3cd81a31e3cd26889ca66d677f1\",\"name\":\"cfeditorfr\"}]}<\/script>\n<!-- \/ Yoast SEO Premium plugin. -->","yoast_head_json":{"title":"L\u2019agro\u00e9cologie au c\u0153ur du Week-End des Solutions PARFAO - Burkina Faso","description":"L\u2019Institut de recherche pour le d\u00e9veloppement (IRD) et l\u2019Agence universitaire de la Francophonie (AUF) ont organis\u00e9 ce j ...","robots":{"index":"index","follow":"follow","max-snippet":"max-snippet:-1","max-image-preview":"max-image-preview:large","max-video-preview":"max-video-preview:-1"},"canonical":"https:\/\/www.africa-press.net\/burkina-faso\/economie\/burkina-faso-lagroecologie-au-coeur-du-week-end-des-solutions-parfao","og_locale":"fr_FR","og_type":"article","og_title":"L\u2019agro\u00e9cologie au c\u0153ur du Week-End des Solutions PARFAO","og_description":"L\u2019Institut de recherche pour le d\u00e9veloppement (IRD) et l\u2019Agence universitaire de la Francophonie (AUF) ont organis\u00e9 ce j ...","og_url":"https:\/\/www.africa-press.net\/burkina-faso\/economie\/burkina-faso-lagroecologie-au-coeur-du-week-end-des-solutions-parfao","og_site_name":"Burkina Faso","article_published_time":"2021-04-23T12:30:25+00:00","article_modified_time":"2021-04-23T13:40:45+00:00","og_image":[{"width":750,"height":337,"url":"https:\/\/static.africa-press.net\/burkina\/sites\/42\/2021\/04\/img-6082bca54db3f.jpg","type":"image\/jpeg"}],"author":"cfeditorfr","twitter_card":"summary_large_image","twitter_misc":{"\u00c9crit par":"cfeditorfr","Dur\u00e9e de lecture estim\u00e9e":"2 minutes"},"schema":{"@context":"https:\/\/schema.org","@graph":[{"@type":"Article","@id":"https:\/\/www.africa-press.net\/burkina-faso\/economie\/burkina-faso-lagroecologie-au-coeur-du-week-end-des-solutions-parfao#article","isPartOf":{"@id":"https:\/\/www.africa-press.net\/burkina-faso\/economie\/burkina-faso-lagroecologie-au-coeur-du-week-end-des-solutions-parfao"},"author":{"name":"cfeditorfr","@id":"https:\/\/www.africa-press.net\/burkina-faso\/#\/schema\/person\/2b1cf3cd81a31e3cd26889ca66d677f1"},"headline":"L\u2019agro\u00e9cologie au c\u0153ur du Week-End des Solutions PARFAO","datePublished":"2021-04-23T12:30:25+00:00","dateModified":"2021-04-23T13:40:45+00:00","mainEntityOfPage":{"@id":"https:\/\/www.africa-press.net\/burkina-faso\/economie\/burkina-faso-lagroecologie-au-coeur-du-week-end-des-solutions-parfao"},"wordCount":483,"commentCount":0,"image":{"@id":"https:\/\/www.africa-press.net\/burkina-faso\/economie\/burkina-faso-lagroecologie-au-coeur-du-week-end-des-solutions-parfao#primaryimage"},"thumbnailUrl":"https:\/\/static.africa-press.net\/burkina\/sites\/42\/2021\/04\/img-6082bca54db3f.jpg","keywords":["Africa Press","Africa Press-Burkina Faso","Burkina Faso"],"articleSection":["\u00c9conomie","homepage-french","Toutes les actualit\u00e9s"],"inLanguage":"fr-FR","potentialAction":[{"@type":"CommentAction","name":"Comment","target":["https:\/\/www.africa-press.net\/burkina-faso\/economie\/burkina-faso-lagroecologie-au-coeur-du-week-end-des-solutions-parfao#respond"]}]},{"@type":"WebPage","@id":"https:\/\/www.africa-press.net\/burkina-faso\/economie\/burkina-faso-lagroecologie-au-coeur-du-week-end-des-solutions-parfao","url":"https:\/\/www.africa-press.net\/burkina-faso\/economie\/burkina-faso-lagroecologie-au-coeur-du-week-end-des-solutions-parfao","name":"L\u2019agro\u00e9cologie au c\u0153ur du Week-End des Solutions PARFAO - Burkina Faso","isPartOf":{"@id":"https:\/\/www.africa-press.net\/burkina-faso\/#website"},"primaryImageOfPage":{"@id":"https:\/\/www.africa-press.net\/burkina-faso\/economie\/burkina-faso-lagroecologie-au-coeur-du-week-end-des-solutions-parfao#primaryimage"},"image":{"@id":"https:\/\/www.africa-press.net\/burkina-faso\/economie\/burkina-faso-lagroecologie-au-coeur-du-week-end-des-solutions-parfao#primaryimage"},"thumbnailUrl":"https:\/\/static.africa-press.net\/burkina\/sites\/42\/2021\/04\/img-6082bca54db3f.jpg","datePublished":"2021-04-23T12:30:25+00:00","dateModified":"2021-04-23T13:40:45+00:00","author":{"@id":"https:\/\/www.africa-press.net\/burkina-faso\/#\/schema\/person\/2b1cf3cd81a31e3cd26889ca66d677f1"},"description":"L\u2019Institut de recherche pour le d\u00e9veloppement (IRD) et l\u2019Agence universitaire de la Francophonie (AUF) ont organis\u00e9 ce j ...","breadcrumb":{"@id":"https:\/\/www.africa-press.net\/burkina-faso\/economie\/burkina-faso-lagroecologie-au-coeur-du-week-end-des-solutions-parfao#breadcrumb"},"inLanguage":"fr-FR","potentialAction":[{"@type":"ReadAction","target":["https:\/\/www.africa-press.net\/burkina-faso\/economie\/burkina-faso-lagroecologie-au-coeur-du-week-end-des-solutions-parfao"]}]},{"@type":"ImageObject","inLanguage":"fr-FR","@id":"https:\/\/www.africa-press.net\/burkina-faso\/economie\/burkina-faso-lagroecologie-au-coeur-du-week-end-des-solutions-parfao#primaryimage","url":"https:\/\/static.africa-press.net\/burkina\/sites\/42\/2021\/04\/img-6082bca54db3f.jpg","contentUrl":"https:\/\/static.africa-press.net\/burkina\/sites\/42\/2021\/04\/img-6082bca54db3f.jpg","width":750,"height":337,"caption":"Burkina Faso\u00a0: L\u2019agro\u00e9cologie au c\u0153ur du Week-End des Solutions PARFAO"},{"@type":"BreadcrumbList","@id":"https:\/\/www.africa-press.net\/burkina-faso\/economie\/burkina-faso-lagroecologie-au-coeur-du-week-end-des-solutions-parfao#breadcrumb","itemListElement":[{"@type":"ListItem","position":1,"name":"Accueil","item":"https:\/\/www.africa-press.net\/burkina-faso\/"},{"@type":"ListItem","position":2,"name":"L\u2019agro\u00e9cologie au c\u0153ur du Week-End des Solutions PARFAO"}]},{"@type":"WebSite","@id":"https:\/\/www.africa-press.net\/burkina-faso\/#website","url":"https:\/\/www.africa-press.net\/burkina-faso\/","name":"Burkina Faso","description":"Just another Africa News Agency Sites site","potentialAction":[{"@type":"SearchAction","target":{"@type":"EntryPoint","urlTemplate":"https:\/\/www.africa-press.net\/burkina-faso\/?s={search_term_string}"},"query-input":{"@type":"PropertyValueSpecification","valueRequired":true,"valueName":"search_term_string"}}],"inLanguage":"fr-FR"},{"@type":"Person","@id":"https:\/\/www.africa-press.net\/burkina-faso\/#\/schema\/person\/2b1cf3cd81a31e3cd26889ca66d677f1","name":"cfeditorfr"}]}},"_links":{"self":[{"href":"https:\/\/www.africa-press.net\/burkina-faso\/wp-json\/wp\/v2\/posts\/10400","targetHints":{"allow":["GET"]}}],"collection":[{"href":"https:\/\/www.africa-press.net\/burkina-faso\/wp-json\/wp\/v2\/posts"}],"about":[{"href":"https:\/\/www.africa-press.net\/burkina-faso\/wp-json\/wp\/v2\/types\/post"}],"author":[{"embeddable":true,"href":"https:\/\/www.africa-press.net\/burkina-faso\/wp-json\/wp\/v2\/users\/82"}],"replies":[{"embeddable":true,"href":"https:\/\/www.africa-press.net\/burkina-faso\/wp-json\/wp\/v2\/comments?post=10400"}],"version-history":[{"count":0,"href":"https:\/\/www.africa-press.net\/burkina-faso\/wp-json\/wp\/v2\/posts\/10400\/revisions"}],"wp:featuredmedia":[{"embeddable":true,"href":"https:\/\/www.africa-press.net\/burkina-faso\/wp-json\/wp\/v2\/media\/10399"}],"wp:attachment":[{"href":"https:\/\/www.africa-press.net\/burkina-faso\/wp-json\/wp\/v2\/media?parent=10400"}],"wp:term":[{"taxonomy":"category","embeddable":true,"href":"https:\/\/www.africa-press.net\/burkina-faso\/wp-json\/wp\/v2\/categories?post=10400"},{"taxonomy":"post_tag","embeddable":true,"href":"https:\/\/www.africa-press.net\/burkina-faso\/wp-json\/wp\/v2\/tags?post=10400"}],"curies":[{"name":"wp","href":"https:\/\/api.w.org\/{rel}","templated":true}]}}