{"id":104012,"date":"2025-01-11T19:05:20","date_gmt":"2025-01-11T19:05:20","guid":{"rendered":"https:\/\/www.africa-press.net\/burkina-faso\/politique\/lansseat-est-desormais-certifiee-iso-9001-2015-et-accreditee-iso-iec170252017"},"modified":"2025-01-11T19:05:20","modified_gmt":"2025-01-11T19:05:20","slug":"lansseat-est-desormais-certifiee-iso-9001-2015-et-accreditee-iso-iec170252017","status":"publish","type":"post","link":"https:\/\/www.africa-press.net\/burkina-faso\/photo\/lansseat-est-desormais-certifiee-iso-9001-2015-et-accreditee-iso-iec170252017","title":{"rendered":"L\u2019ANSSEAT est d\u00e9sormais certifi\u00e9e ISO 9001-2015 et accr\u00e9dit\u00e9e iso\/IEC17025:2017"},"content":{"rendered":"<p><span style=\"color: #ff6600\"><strong>Africa-Press &#8211; Burkina Faso. <\/strong><\/span><b>L\u2019Agence nationale pour la se\u0301curite\u0301 sanitaire de l\u2019environnement, de l\u2019alimentation, du travail et des produits de sante\u0301 (ANSSEAT) a organise\u0301 une journe\u0301e de l\u2019excellence sur la se\u0301curite\u0301 sanitaire. Au cours de la ce\u0301re\u0301monie, le directeur ge\u0301ne\u0301ral de l\u2019agence, Pr Elie Kabre\u0301, a annonce\u0301 que l\u2019ANSSEAT est de\u0301sormais certifie\u0301e ISO 9001-2015 et accre\u0301dite\u0301e iso\/IEC17025:2017. Ces deux distinctions ont e\u0301te\u0301 obtenues gra\u0302ce a\u0300 l\u2019accompagnement des partenaires techniques et financiers dont l\u2019USAID. <\/b><\/p>\n<p>L\u2019accre\u0301ditation est une accre\u0301ditation flexible. Le Burkina Faso est le premier pays en Afrique de l\u2019Ouest a\u0300 obtenir ce type d\u2019accre\u0301ditation. L\u2019accre\u0301ditation flexible montre que L\u2019ANSSEAT est compe\u0301tente pour contro\u0302ler des me\u0301dicaments. \u00ab L\u2019accre\u0301ditation flexible de\u0301montre qu\u2019on mai\u0302trise toutes les techniques d\u2019analyse du me\u0301dicament. Et quel que soit le me\u0301dicament qu\u2019on rec\u0327oit, on est capable de sortir de bons re\u0301sultats. C\u2019est de\u0301ja\u0300 l\u2019un des avantages d\u2019avoir une accre\u0301ditation flexible. Cette compe\u0301tence est reconnue a\u0300 l\u2019e\u0301chelle internationale. Et nous sommes un laboratoire re\u0301pertorie\u0301 a\u0300 l\u2019international comme un laboratoire qui est capable de sortir des re\u0301sultats fiables. Actuellement, nous pouvons e\u0302tre sollicite\u0301s partout dans le monde pour des contro\u0302les qualite\u0301 de me\u0301dicaments \u00bb, a explique\u0301 le Pr Josias Yame\u0301ogo, directeur de contro\u0302le des me\u0301dicaments et autres produits de sante\u0301 de l\u2019ANSSEAT.<\/p>\n<p>A titre d\u2019exemple, a-t-il ajoute\u0301, le Fonds mondial ache\u0300te chaque anne\u0301e une importante quantite\u0301 de me\u0301dicaments pour le Burkina. Quand ces me\u0301dicaments viennent, c\u2019est un autre laboratoire qui faisait les contro\u0302les, du fait que l\u2019ANSSEAT ne soit pas accre\u0301dite\u0301e. \u00ab Maintenant, tous les me\u0301dicaments qui sont achete\u0301s par le syste\u0300me des nations unies passent par l\u2019agence. Ce qui va e\u0302tre des revenus supple\u0301mentaires pour l\u2019ANSSEAT. On a e\u0301galement la possibilite\u0301 de participer a\u0300 des appels d\u2019offres pour le contro\u0302le qualite\u0301 des me\u0301dicaments \u00bb, se re\u0301jouit-il.<\/p>\n<p>Cette premie\u0300re journe\u0301e d\u2019excellence de l\u2019agence est place\u0301e sous le the\u0300me \u00ab l\u2019ANSSEAT, l\u2019excellence au service de la sante\u0301 publique \u00bb. Avec cette journe\u0301e d\u2019excellence, la structure veut se maintenir parmi les structures les plus performantes aux niveaux national et international.<\/p>\n<p>\u00ab C\u2019est en cela que nous attendons re\u0301pondre aux attentes le\u0301gitimes de nos populations en matie\u0300re de sante\u0301 publique. Cette journe\u0301e de l\u2019excellence est le symbole de te\u0301moignage de 220 VDP pour la se\u0301curite\u0301 sanitaire dans notre pays. Depuis trois ans et sous l\u2019e\u0301gide du conseil d\u2019administration et de nos autorite\u0301s de tutelle, nous avons repris du poil de la be\u0302te pour amorcer un de\u0301veloppement durable de notre institution. A cet effet, notre vision est qu\u2019a\u0300 l\u2019horizon 2026, l\u2019ANSSEAT, dans le domaine de la se\u0301curite\u0301 sanitaire, soit une institution d\u2019utilite\u0301 publique de re\u0301fe\u0301rence nationale et internationale, moderne, performante et accessible a\u0300 ses usagers et partenaires. Donc, un plan strate\u0301gique de de\u0301veloppement 2022-2023 avec pour ambition de de\u0301crocher la certification du syste\u0300me de management de l\u2019ANSSEAT et l\u2019accre\u0301ditation de contro\u0302le de qualite\u0301 des me\u0301dicaments a e\u0301te\u0301 e\u0301labore\u0301 \u00bb, a indique\u0301 le directeur ge\u0301ne\u0301ral de l\u2019ANSSEAT Pr Elie Kabre\u0301.<\/p>\n<p>Le ministre en charge de la sante\u0301, Robert Lucien Jean-Claude Kargougou, a souligne\u0301 que L\u2019ANSSEAT occupe une place de choix dans le sche\u0301ma ope\u0301rationnel du ministe\u0300re de la Sante\u0301. Aussi, son apport dans le syste\u0300me de sante\u0301 est en phase avec la vision des autorite\u0301s et en matie\u0300re de sante\u0301 publique.<\/p>\n<p>Le ministre a rassure\u0301 que le renforcement de leurs capacite\u0301s ope\u0301rationnelles sera accru pour leur permettre de jouer pleinement leur partition dans l\u2019imple\u0301mentation de \u00ab l\u2019approche One Health \u00bb dont le pays est partie prenante.<\/p>\n<p>Il a salue\u0301 l\u2019engagement et l\u2019esprit d\u2019e\u0301quipe de l\u2019ensemble des acteurs qui ont travaille\u0301 a\u0300 obtenir ces deux distinctions.<\/p>\n<p>Pour me\u0301moire, L\u2019ANSSEAT est l\u2019ex Laboratoire national de sante\u0301 publique. L\u2019agence a e\u0301te\u0301 cre\u0301e\u0301e en septembre 2021 par le gouvernement.\r\n                <style type=\"text\/css\">\r\n                    \r\n                    #td_uid_1_69f4a1853e637  .td-doubleSlider-2 .td-item1 {\r\n                        background: url(https:\/\/static.africa-press.net\/burkina\/sites\/42\/2025\/01\/sm_1736610407.356774-80x60.jpg) 0 0 no-repeat;\r\n                    }\r\n                    #td_uid_1_69f4a1853e637  .td-doubleSlider-2 .td-item2 {\r\n                        background: url(https:\/\/static.africa-press.net\/burkina\/sites\/42\/2025\/01\/sm_1736610410.491812-80x60.jpg) 0 0 no-repeat;\r\n                    }\r\n                    #td_uid_1_69f4a1853e637  .td-doubleSlider-2 .td-item3 {\r\n                        background: url(https:\/\/static.africa-press.net\/burkina\/sites\/42\/2025\/01\/sm_1736610414.010164-80x60.jpg) 0 0 no-repeat;\r\n                    }\r\n                <\/style>\r\n\r\n                <div id=\"td_uid_1_69f4a1853e637\" class=\"td-gallery td-slide-on-2-columns\">\r\n                    <div class=\"post_td_gallery\">\r\n                        <div class=\"td-gallery-slide-top\">\r\n                           <div class=\"td-gallery-title\"><\/div>\r\n\r\n                            <div class=\"td-gallery-controls-wrapper\">\r\n                                <div class=\"td-gallery-slide-count\"><span class=\"td-gallery-slide-item-focus\">1<\/span> de 3<\/div>\r\n                                <div class=\"td-gallery-slide-prev-next-but\">\r\n                                    <i class = \"td-icon-left doubleSliderPrevButton\"><\/i>\r\n                                    <i class = \"td-icon-right doubleSliderNextButton\"><\/i>\r\n                                <\/div>\r\n                            <\/div>\r\n                        <\/div>\r\n\r\n                        <div class = \"td-doubleSlider-1 \">\r\n                            <div class = \"td-slider\">\r\n                                \r\n                    <div class = \"td-slide-item td-item1\">\r\n                        <figure class=\"td-slide-galery-figure td-slide-popup-gallery\">\r\n                            <a class=\"slide-gallery-image-link\" href=\"https:\/\/static.africa-press.net\/burkina\/sites\/42\/2025\/01\/sm_1736610407.356774.jpg\" title=\"sm_1736610407.356774\"  data-caption=\"\"  data-description=\"\">\r\n                                <img decoding=\"async\" src=\"https:\/\/static.africa-press.net\/burkina\/sites\/42\/2025\/01\/sm_1736610407.356774.jpg\" srcset=\"https:\/\/static.africa-press.net\/burkina\/sites\/42\/2025\/01\/sm_1736610407.356774.jpg 600w, https:\/\/static.africa-press.net\/burkina\/sites\/42\/2025\/01\/sm_1736610407.356774-300x135.jpg 300w\" sizes=\"(max-width: 600px) 100vw, 600px\" alt=\"\">\r\n                            <\/a>\r\n                            \r\n                        <\/figure>\r\n                    <\/div>\r\n                    <div class = \"td-slide-item td-item2\">\r\n                        <figure class=\"td-slide-galery-figure td-slide-popup-gallery\">\r\n                            <a class=\"slide-gallery-image-link\" href=\"https:\/\/static.africa-press.net\/burkina\/sites\/42\/2025\/01\/sm_1736610410.491812.jpg\" title=\"sm_1736610410.491812\"  data-caption=\"\"  data-description=\"\">\r\n                                <img decoding=\"async\" src=\"https:\/\/static.africa-press.net\/burkina\/sites\/42\/2025\/01\/sm_1736610410.491812.jpg\" srcset=\"https:\/\/static.africa-press.net\/burkina\/sites\/42\/2025\/01\/sm_1736610410.491812.jpg 600w, https:\/\/static.africa-press.net\/burkina\/sites\/42\/2025\/01\/sm_1736610410.491812-300x111.jpg 300w\" sizes=\"(max-width: 600px) 100vw, 600px\" alt=\"\">\r\n                            <\/a>\r\n                            \r\n                        <\/figure>\r\n                    <\/div>\r\n                    <div class = \"td-slide-item td-item3\">\r\n                        <figure class=\"td-slide-galery-figure td-slide-popup-gallery\">\r\n                            <a class=\"slide-gallery-image-link\" href=\"https:\/\/static.africa-press.net\/burkina\/sites\/42\/2025\/01\/sm_1736610414.010164.jpg\" title=\"sm_1736610414.010164\"  data-caption=\"\"  data-description=\"\">\r\n                                <img decoding=\"async\" src=\"https:\/\/static.africa-press.net\/burkina\/sites\/42\/2025\/01\/sm_1736610414.010164.jpg\" srcset=\"https:\/\/static.africa-press.net\/burkina\/sites\/42\/2025\/01\/sm_1736610414.010164.jpg 600w, https:\/\/static.africa-press.net\/burkina\/sites\/42\/2025\/01\/sm_1736610414.010164-300x135.jpg 300w\" sizes=\"(max-width: 600px) 100vw, 600px\" alt=\"\">\r\n                            <\/a>\r\n                            \r\n                        <\/figure>\r\n                    <\/div>\r\n                            <\/div>\r\n                        <\/div>\r\n\r\n                        <div class = \"td-doubleSlider-2\">\r\n                            <div class = \"td-slider\">\r\n                                \r\n                    <div class = \"td-button td-item1\">\r\n                        <div class = \"td-border\"><\/div>\r\n                    <\/div>\r\n                    <div class = \"td-button td-item2\">\r\n                        <div class = \"td-border\"><\/div>\r\n                    <\/div>\r\n                    <div class = \"td-button td-item3\">\r\n                        <div class = \"td-border\"><\/div>\r\n                    <\/div>\r\n                            <\/div>\r\n                        <\/div>\r\n\r\n                    <\/div>\r\n\r\n                <\/div>\r\n                <\/p>\n<p><strong>Pour plus d&rsquo;informations et d&rsquo;analyses sur la <span style=\"color: #ff6600\">Burkina Faso<\/span>, suivez <span style=\"color: #ff6600\">Africa-Press<span style=\"color: #ff6600\"><\/span><\/strong><\/p>\n","protected":false},"excerpt":{"rendered":"<p>Africa-Press &#8211; Burkina Faso. L\u2019Agence nationale pour la se\u0301curite\u0301 sanitaire de l\u2019environnement, de l\u2019alimentation, du travail et des produits de sante\u0301 (ANSSEAT) a organise\u0301 une journe\u0301e de l\u2019excellence sur la se\u0301curite\u0301 sanitaire. Au cours de la ce\u0301re\u0301monie, le directeur ge\u0301ne\u0301ral de l\u2019agence, Pr Elie Kabre\u0301, a annonce\u0301 que l\u2019ANSSEAT est de\u0301sormais certifie\u0301e ISO 9001-2015 et [&hellip;]<\/p>\n","protected":false},"author":82,"featured_media":104011,"comment_status":"open","ping_status":"closed","sticky":false,"template":"","format":"standard","meta":{"footnotes":""},"categories":[21,8,10],"tags":[29],"class_list":["post-104012","post","type-post","status-publish","format-standard","has-post-thumbnail","hentry","category-communaute","category-photo","category-toutes-les-actualites","tag-burkina-faso"],"yoast_head":"<!-- This site is optimized with the Yoast SEO Premium plugin v26.1 (Yoast SEO v27.0) - https:\/\/yoast.com\/product\/yoast-seo-premium-wordpress\/ -->\n<title>L\u2019ANSSEAT est d\u00e9sormais certifi\u00e9e ISO 9001-2015 et accr\u00e9dit\u00e9e iso\/IEC17025:2017 - Burkina Faso<\/title>\n<meta name=\"robots\" content=\"index, follow, max-snippet:-1, max-image-preview:large, max-video-preview:-1\" \/>\n<link rel=\"canonical\" href=\"https:\/\/www.africa-press.net\/burkina-faso\/politique\/lansseat-est-desormais-certifiee-iso-9001-2015-et-accreditee-iso-iec170252017\" \/>\n<meta property=\"og:locale\" content=\"fr_FR\" \/>\n<meta property=\"og:type\" content=\"article\" \/>\n<meta property=\"og:title\" content=\"L\u2019ANSSEAT est d\u00e9sormais certifi\u00e9e ISO 9001-2015 et accr\u00e9dit\u00e9e iso\/IEC17025:2017\" \/>\n<meta property=\"og:description\" content=\"Africa-Press &#8211; Burkina Faso. L\u2019Agence nationale pour la se\u0301curite\u0301 sanitaire de l\u2019environnement, de l\u2019alimentation, du travail et des produits de sante\u0301 (ANSSEAT) a organise\u0301 une journe\u0301e de l\u2019excellence sur la se\u0301curite\u0301 sanitaire. Au cours de la ce\u0301re\u0301monie, le directeur ge\u0301ne\u0301ral de l\u2019agence, Pr Elie Kabre\u0301, a annonce\u0301 que l\u2019ANSSEAT est de\u0301sormais certifie\u0301e ISO 9001-2015 et [&hellip;]\" \/>\n<meta property=\"og:url\" content=\"https:\/\/www.africa-press.net\/burkina-faso\/politique\/lansseat-est-desormais-certifiee-iso-9001-2015-et-accreditee-iso-iec170252017\" \/>\n<meta property=\"og:site_name\" content=\"Burkina Faso\" \/>\n<meta property=\"article:published_time\" content=\"2025-01-11T19:05:20+00:00\" \/>\n<meta property=\"og:image\" content=\"https:\/\/static.africa-press.net\/burkina\/sites\/42\/2025\/01\/sm_1736610407.356774.jpg\" \/>\n<meta name=\"author\" content=\"cfeditorfr\" \/>\n<meta name=\"twitter:card\" content=\"summary_large_image\" \/>\n<meta name=\"twitter:label1\" content=\"\u00c9crit par\" \/>\n\t<meta name=\"twitter:data1\" content=\"cfeditorfr\" \/>\n\t<meta name=\"twitter:label2\" content=\"Dur\u00e9e de lecture estim\u00e9e\" \/>\n\t<meta name=\"twitter:data2\" content=\"4 minutes\" \/>\n<script type=\"application\/ld+json\" class=\"yoast-schema-graph\">{\"@context\":\"https:\/\/schema.org\",\"@graph\":[{\"@type\":\"Article\",\"@id\":\"https:\/\/www.africa-press.net\/burkina-faso\/politique\/lansseat-est-desormais-certifiee-iso-9001-2015-et-accreditee-iso-iec170252017#article\",\"isPartOf\":{\"@id\":\"https:\/\/www.africa-press.net\/burkina-faso\/politique\/lansseat-est-desormais-certifiee-iso-9001-2015-et-accreditee-iso-iec170252017\"},\"author\":{\"name\":\"cfeditorfr\",\"@id\":\"https:\/\/www.africa-press.net\/burkina-faso\/#\/schema\/person\/2b1cf3cd81a31e3cd26889ca66d677f1\"},\"headline\":\"L\u2019ANSSEAT est d\u00e9sormais certifi\u00e9e ISO 9001-2015 et accr\u00e9dit\u00e9e iso\/IEC17025:2017\",\"datePublished\":\"2025-01-11T19:05:20+00:00\",\"mainEntityOfPage\":{\"@id\":\"https:\/\/www.africa-press.net\/burkina-faso\/politique\/lansseat-est-desormais-certifiee-iso-9001-2015-et-accreditee-iso-iec170252017\"},\"wordCount\":780,\"commentCount\":0,\"image\":{\"@id\":\"https:\/\/www.africa-press.net\/burkina-faso\/politique\/lansseat-est-desormais-certifiee-iso-9001-2015-et-accreditee-iso-iec170252017#primaryimage\"},\"thumbnailUrl\":\"https:\/\/static.africa-press.net\/burkina\/sites\/42\/2025\/01\/sm_1736610417.030268.jpg\",\"keywords\":[\"Burkina Faso\"],\"articleSection\":[\"Communaut\u00e9\",\"Photo\",\"Toutes les actualit\u00e9s\"],\"inLanguage\":\"fr-FR\",\"potentialAction\":[{\"@type\":\"CommentAction\",\"name\":\"Comment\",\"target\":[\"https:\/\/www.africa-press.net\/burkina-faso\/politique\/lansseat-est-desormais-certifiee-iso-9001-2015-et-accreditee-iso-iec170252017#respond\"]}]},{\"@type\":\"WebPage\",\"@id\":\"https:\/\/www.africa-press.net\/burkina-faso\/politique\/lansseat-est-desormais-certifiee-iso-9001-2015-et-accreditee-iso-iec170252017\",\"url\":\"https:\/\/www.africa-press.net\/burkina-faso\/politique\/lansseat-est-desormais-certifiee-iso-9001-2015-et-accreditee-iso-iec170252017\",\"name\":\"L\u2019ANSSEAT est d\u00e9sormais certifi\u00e9e ISO 9001-2015 et accr\u00e9dit\u00e9e iso\/IEC17025:2017 - Burkina Faso\",\"isPartOf\":{\"@id\":\"https:\/\/www.africa-press.net\/burkina-faso\/#website\"},\"primaryImageOfPage\":{\"@id\":\"https:\/\/www.africa-press.net\/burkina-faso\/politique\/lansseat-est-desormais-certifiee-iso-9001-2015-et-accreditee-iso-iec170252017#primaryimage\"},\"image\":{\"@id\":\"https:\/\/www.africa-press.net\/burkina-faso\/politique\/lansseat-est-desormais-certifiee-iso-9001-2015-et-accreditee-iso-iec170252017#primaryimage\"},\"thumbnailUrl\":\"https:\/\/static.africa-press.net\/burkina\/sites\/42\/2025\/01\/sm_1736610417.030268.jpg\",\"datePublished\":\"2025-01-11T19:05:20+00:00\",\"author\":{\"@id\":\"https:\/\/www.africa-press.net\/burkina-faso\/#\/schema\/person\/2b1cf3cd81a31e3cd26889ca66d677f1\"},\"breadcrumb\":{\"@id\":\"https:\/\/www.africa-press.net\/burkina-faso\/politique\/lansseat-est-desormais-certifiee-iso-9001-2015-et-accreditee-iso-iec170252017#breadcrumb\"},\"inLanguage\":\"fr-FR\",\"potentialAction\":[{\"@type\":\"ReadAction\",\"target\":[\"https:\/\/www.africa-press.net\/burkina-faso\/politique\/lansseat-est-desormais-certifiee-iso-9001-2015-et-accreditee-iso-iec170252017\"]}]},{\"@type\":\"ImageObject\",\"inLanguage\":\"fr-FR\",\"@id\":\"https:\/\/www.africa-press.net\/burkina-faso\/politique\/lansseat-est-desormais-certifiee-iso-9001-2015-et-accreditee-iso-iec170252017#primaryimage\",\"url\":\"https:\/\/static.africa-press.net\/burkina\/sites\/42\/2025\/01\/sm_1736610417.030268.jpg\",\"contentUrl\":\"https:\/\/static.africa-press.net\/burkina\/sites\/42\/2025\/01\/sm_1736610417.030268.jpg\",\"width\":720,\"height\":222,\"caption\":\"L\u2019ANSSEAT est d\u00e9sormais certifi\u00e9e ISO 9001-2015 et accr\u00e9dit\u00e9e iso\/IEC17025:2017\"},{\"@type\":\"BreadcrumbList\",\"@id\":\"https:\/\/www.africa-press.net\/burkina-faso\/politique\/lansseat-est-desormais-certifiee-iso-9001-2015-et-accreditee-iso-iec170252017#breadcrumb\",\"itemListElement\":[{\"@type\":\"ListItem\",\"position\":1,\"name\":\"Accueil\",\"item\":\"https:\/\/www.africa-press.net\/burkina-faso\/\"},{\"@type\":\"ListItem\",\"position\":2,\"name\":\"L\u2019ANSSEAT est d\u00e9sormais certifi\u00e9e ISO 9001-2015 et accr\u00e9dit\u00e9e iso\/IEC17025:2017\"}]},{\"@type\":\"WebSite\",\"@id\":\"https:\/\/www.africa-press.net\/burkina-faso\/#website\",\"url\":\"https:\/\/www.africa-press.net\/burkina-faso\/\",\"name\":\"Burkina Faso\",\"description\":\"Just another Africa News Agency Sites site\",\"potentialAction\":[{\"@type\":\"SearchAction\",\"target\":{\"@type\":\"EntryPoint\",\"urlTemplate\":\"https:\/\/www.africa-press.net\/burkina-faso\/?s={search_term_string}\"},\"query-input\":{\"@type\":\"PropertyValueSpecification\",\"valueRequired\":true,\"valueName\":\"search_term_string\"}}],\"inLanguage\":\"fr-FR\"},{\"@type\":\"Person\",\"@id\":\"https:\/\/www.africa-press.net\/burkina-faso\/#\/schema\/person\/2b1cf3cd81a31e3cd26889ca66d677f1\",\"name\":\"cfeditorfr\"}]}<\/script>\n<!-- \/ Yoast SEO Premium plugin. -->","yoast_head_json":{"title":"L\u2019ANSSEAT est d\u00e9sormais certifi\u00e9e ISO 9001-2015 et accr\u00e9dit\u00e9e iso\/IEC17025:2017 - Burkina Faso","robots":{"index":"index","follow":"follow","max-snippet":"max-snippet:-1","max-image-preview":"max-image-preview:large","max-video-preview":"max-video-preview:-1"},"canonical":"https:\/\/www.africa-press.net\/burkina-faso\/politique\/lansseat-est-desormais-certifiee-iso-9001-2015-et-accreditee-iso-iec170252017","og_locale":"fr_FR","og_type":"article","og_title":"L\u2019ANSSEAT est d\u00e9sormais certifi\u00e9e ISO 9001-2015 et accr\u00e9dit\u00e9e iso\/IEC17025:2017","og_description":"Africa-Press &#8211; Burkina Faso. L\u2019Agence nationale pour la se\u0301curite\u0301 sanitaire de l\u2019environnement, de l\u2019alimentation, du travail et des produits de sante\u0301 (ANSSEAT) a organise\u0301 une journe\u0301e de l\u2019excellence sur la se\u0301curite\u0301 sanitaire. Au cours de la ce\u0301re\u0301monie, le directeur ge\u0301ne\u0301ral de l\u2019agence, Pr Elie Kabre\u0301, a annonce\u0301 que l\u2019ANSSEAT est de\u0301sormais certifie\u0301e ISO 9001-2015 et [&hellip;]","og_url":"https:\/\/www.africa-press.net\/burkina-faso\/politique\/lansseat-est-desormais-certifiee-iso-9001-2015-et-accreditee-iso-iec170252017","og_site_name":"Burkina Faso","article_published_time":"2025-01-11T19:05:20+00:00","og_image":[{"url":"https:\/\/static.africa-press.net\/burkina\/sites\/42\/2025\/01\/sm_1736610407.356774.jpg","type":"","width":"","height":""}],"author":"cfeditorfr","twitter_card":"summary_large_image","twitter_misc":{"\u00c9crit par":"cfeditorfr","Dur\u00e9e de lecture estim\u00e9e":"4 minutes"},"schema":{"@context":"https:\/\/schema.org","@graph":[{"@type":"Article","@id":"https:\/\/www.africa-press.net\/burkina-faso\/politique\/lansseat-est-desormais-certifiee-iso-9001-2015-et-accreditee-iso-iec170252017#article","isPartOf":{"@id":"https:\/\/www.africa-press.net\/burkina-faso\/politique\/lansseat-est-desormais-certifiee-iso-9001-2015-et-accreditee-iso-iec170252017"},"author":{"name":"cfeditorfr","@id":"https:\/\/www.africa-press.net\/burkina-faso\/#\/schema\/person\/2b1cf3cd81a31e3cd26889ca66d677f1"},"headline":"L\u2019ANSSEAT est d\u00e9sormais certifi\u00e9e ISO 9001-2015 et accr\u00e9dit\u00e9e iso\/IEC17025:2017","datePublished":"2025-01-11T19:05:20+00:00","mainEntityOfPage":{"@id":"https:\/\/www.africa-press.net\/burkina-faso\/politique\/lansseat-est-desormais-certifiee-iso-9001-2015-et-accreditee-iso-iec170252017"},"wordCount":780,"commentCount":0,"image":{"@id":"https:\/\/www.africa-press.net\/burkina-faso\/politique\/lansseat-est-desormais-certifiee-iso-9001-2015-et-accreditee-iso-iec170252017#primaryimage"},"thumbnailUrl":"https:\/\/static.africa-press.net\/burkina\/sites\/42\/2025\/01\/sm_1736610417.030268.jpg","keywords":["Burkina Faso"],"articleSection":["Communaut\u00e9","Photo","Toutes les actualit\u00e9s"],"inLanguage":"fr-FR","potentialAction":[{"@type":"CommentAction","name":"Comment","target":["https:\/\/www.africa-press.net\/burkina-faso\/politique\/lansseat-est-desormais-certifiee-iso-9001-2015-et-accreditee-iso-iec170252017#respond"]}]},{"@type":"WebPage","@id":"https:\/\/www.africa-press.net\/burkina-faso\/politique\/lansseat-est-desormais-certifiee-iso-9001-2015-et-accreditee-iso-iec170252017","url":"https:\/\/www.africa-press.net\/burkina-faso\/politique\/lansseat-est-desormais-certifiee-iso-9001-2015-et-accreditee-iso-iec170252017","name":"L\u2019ANSSEAT est d\u00e9sormais certifi\u00e9e ISO 9001-2015 et accr\u00e9dit\u00e9e iso\/IEC17025:2017 - Burkina Faso","isPartOf":{"@id":"https:\/\/www.africa-press.net\/burkina-faso\/#website"},"primaryImageOfPage":{"@id":"https:\/\/www.africa-press.net\/burkina-faso\/politique\/lansseat-est-desormais-certifiee-iso-9001-2015-et-accreditee-iso-iec170252017#primaryimage"},"image":{"@id":"https:\/\/www.africa-press.net\/burkina-faso\/politique\/lansseat-est-desormais-certifiee-iso-9001-2015-et-accreditee-iso-iec170252017#primaryimage"},"thumbnailUrl":"https:\/\/static.africa-press.net\/burkina\/sites\/42\/2025\/01\/sm_1736610417.030268.jpg","datePublished":"2025-01-11T19:05:20+00:00","author":{"@id":"https:\/\/www.africa-press.net\/burkina-faso\/#\/schema\/person\/2b1cf3cd81a31e3cd26889ca66d677f1"},"breadcrumb":{"@id":"https:\/\/www.africa-press.net\/burkina-faso\/politique\/lansseat-est-desormais-certifiee-iso-9001-2015-et-accreditee-iso-iec170252017#breadcrumb"},"inLanguage":"fr-FR","potentialAction":[{"@type":"ReadAction","target":["https:\/\/www.africa-press.net\/burkina-faso\/politique\/lansseat-est-desormais-certifiee-iso-9001-2015-et-accreditee-iso-iec170252017"]}]},{"@type":"ImageObject","inLanguage":"fr-FR","@id":"https:\/\/www.africa-press.net\/burkina-faso\/politique\/lansseat-est-desormais-certifiee-iso-9001-2015-et-accreditee-iso-iec170252017#primaryimage","url":"https:\/\/static.africa-press.net\/burkina\/sites\/42\/2025\/01\/sm_1736610417.030268.jpg","contentUrl":"https:\/\/static.africa-press.net\/burkina\/sites\/42\/2025\/01\/sm_1736610417.030268.jpg","width":720,"height":222,"caption":"L\u2019ANSSEAT est d\u00e9sormais certifi\u00e9e ISO 9001-2015 et accr\u00e9dit\u00e9e iso\/IEC17025:2017"},{"@type":"BreadcrumbList","@id":"https:\/\/www.africa-press.net\/burkina-faso\/politique\/lansseat-est-desormais-certifiee-iso-9001-2015-et-accreditee-iso-iec170252017#breadcrumb","itemListElement":[{"@type":"ListItem","position":1,"name":"Accueil","item":"https:\/\/www.africa-press.net\/burkina-faso\/"},{"@type":"ListItem","position":2,"name":"L\u2019ANSSEAT est d\u00e9sormais certifi\u00e9e ISO 9001-2015 et accr\u00e9dit\u00e9e iso\/IEC17025:2017"}]},{"@type":"WebSite","@id":"https:\/\/www.africa-press.net\/burkina-faso\/#website","url":"https:\/\/www.africa-press.net\/burkina-faso\/","name":"Burkina Faso","description":"Just another Africa News Agency Sites site","potentialAction":[{"@type":"SearchAction","target":{"@type":"EntryPoint","urlTemplate":"https:\/\/www.africa-press.net\/burkina-faso\/?s={search_term_string}"},"query-input":{"@type":"PropertyValueSpecification","valueRequired":true,"valueName":"search_term_string"}}],"inLanguage":"fr-FR"},{"@type":"Person","@id":"https:\/\/www.africa-press.net\/burkina-faso\/#\/schema\/person\/2b1cf3cd81a31e3cd26889ca66d677f1","name":"cfeditorfr"}]}},"_links":{"self":[{"href":"https:\/\/www.africa-press.net\/burkina-faso\/wp-json\/wp\/v2\/posts\/104012","targetHints":{"allow":["GET"]}}],"collection":[{"href":"https:\/\/www.africa-press.net\/burkina-faso\/wp-json\/wp\/v2\/posts"}],"about":[{"href":"https:\/\/www.africa-press.net\/burkina-faso\/wp-json\/wp\/v2\/types\/post"}],"author":[{"embeddable":true,"href":"https:\/\/www.africa-press.net\/burkina-faso\/wp-json\/wp\/v2\/users\/82"}],"replies":[{"embeddable":true,"href":"https:\/\/www.africa-press.net\/burkina-faso\/wp-json\/wp\/v2\/comments?post=104012"}],"version-history":[{"count":0,"href":"https:\/\/www.africa-press.net\/burkina-faso\/wp-json\/wp\/v2\/posts\/104012\/revisions"}],"wp:featuredmedia":[{"embeddable":true,"href":"https:\/\/www.africa-press.net\/burkina-faso\/wp-json\/wp\/v2\/media\/104011"}],"wp:attachment":[{"href":"https:\/\/www.africa-press.net\/burkina-faso\/wp-json\/wp\/v2\/media?parent=104012"}],"wp:term":[{"taxonomy":"category","embeddable":true,"href":"https:\/\/www.africa-press.net\/burkina-faso\/wp-json\/wp\/v2\/categories?post=104012"},{"taxonomy":"post_tag","embeddable":true,"href":"https:\/\/www.africa-press.net\/burkina-faso\/wp-json\/wp\/v2\/tags?post=104012"}],"curies":[{"name":"wp","href":"https:\/\/api.w.org\/{rel}","templated":true}]}}