{"id":10403,"date":"2021-04-23T12:37:20","date_gmt":"2021-04-23T12:37:20","guid":{"rendered":"https:\/\/www.africa-press.net\/burkina-faso\/?p=10403"},"modified":"2021-04-23T13:40:53","modified_gmt":"2021-04-23T13:40:53","slug":"burkina-faso-25-enfants-interceptes-et-retournes-dans-leurs-familles","status":"publish","type":"post","link":"https:\/\/www.africa-press.net\/burkina-faso\/toutes-les-actualites\/burkina-faso-25-enfants-interceptes-et-retournes-dans-leurs-familles","title":{"rendered":"25 enfants intercept\u00e9s et retourn\u00e9s dans leurs familles"},"content":{"rendered":"<p><span style=\"color: #ff6600\"><strong><a href=\"https:\/\/www.africa-press.net\/\">Africa-Press<\/a> &#8211; <a href=\"https:\/\/www.africa-press.net\/burkina-faso\">Burkina Faso<\/a>. <\/strong><\/span>La brigade r\u00e9gionale de la protection de l\u2019enfance de la Police nationale de Ouagadougou a intercept\u00e9 25 enfants talib\u00e9s le 06 avril 2021. Ces enfants ont \u00e9t\u00e9 pr\u00e9sent\u00e9s et remis \u00e0 leurs familles respectives ce jeudi 21 avril 2021 par la ministre en charge de l\u2019action sociale, Laurence Marshall Ilboudo. Ils viennent tous de la province du Baz\u00e8ga plus pr\u00e9cis\u00e9ment dans la localit\u00e9 de Natiaboani, et ont une tranche d\u2019\u00e2ge comprise entre 10 \u00e0 14 ans.<\/p>\n<p>Selon ce qu\u2019a expliqu\u00e9 la ministre en charge de l\u2019action sociale, Laurence Marshall Ilboudo, cette situation est caus\u00e9e par plusieurs facteurs, entre autres, la pauvret\u00e9, les violences, les ruptures des liens familiaux. \u00ab Dans la situation d\u2019aujourd\u2019hui, les d\u00e9tails donn\u00e9s t\u00e9moignent de la mauvaise foi des personnes qui les envoyaient \u00e0 des activit\u00e9s qui auraient pu mettre leur vie et leur avenir en p\u00e9ril \u00bb, a-t-elle d\u00e9plor\u00e9.<\/p>\n<p>A cet effet, la ministre a interpell\u00e9 les parents qui sont les premiers responsables selon elle, de ce ph\u00e9nom\u00e8ne \u00ab tragique \u00bb \u00e0 bien prendre soin des enfants. \u00ab L\u2019Etat est en charge de tout Burkinab\u00e8. N\u00e9anmoins, en ce qui concerne les enfants, il faut dire que leurs premiers responsables, ce sont les parents quoi que l\u2019on dise. A eux, on peut aussi ajouter la responsabilit\u00e9 des autorit\u00e9s coutumi\u00e8res, religieuses, leaders d\u2019opinion \u00bb, a-t-elle poursuivi.<\/p>\n<p>Ella a ajout\u00e9 que le d\u00e9partement de la solidarit\u00e9 nationale a, au cours de l\u2019ann\u00e9e 2020, intercept\u00e9 1 262 enfants dont 812 du pays et 450 hors du pays.<\/p>\n<p>Pour l\u2019ann\u00e9e en cours, c\u2019est-\u00e0-dire du 1er janvier au 6 avril 2021, 101 enfants ont \u00e9t\u00e9 intercept\u00e9s. Au regard de ces chiffres plusieurs actions ont \u00e9t\u00e9 annonc\u00e9es par le gouvernement, affirme Marshall Ilboudo.<\/p>\n<p>Il s\u2019agit de la sensibilisation des populations, l\u2019accompagnement des enfants retourn\u00e9s en famille, l\u2019\u00e9tablissement d\u2019une fiche qui doit \u00eatre remplie par les parents et qui engagera leur responsabilit\u00e9 pour d\u2019\u00e9ventuelles interceptions.<\/p>\n<p>Mahama Lalgo, p\u00e8re d\u2019un des enfants, a d\u00e9clar\u00e9 \u00eatre \u00ab d\u00e9bord\u00e9 \u00bb de joie, car dit-il, il recherchait depuis un certain temps les traces de son fils. \u00ab A la derni\u00e8re nouvelle on a entendu parler de lui \u00e0 Sapouy. On m\u2019appelle aujourd\u2019hui de venir le r\u00e9cup\u00e9rer ici. Vous voyez \u00e0 quel point je suis content ? \u00bb, a-t-il exprim\u00e9. Abdoul Gani BARRY (stagiaire)<br \/>\nBurkina24<\/p>\n","protected":false},"excerpt":{"rendered":"<p>Africa-Press &#8211; Burkina Faso. La brigade r\u00e9gionale de la protection de l\u2019enfance de la Police nationale de Ouagadougou a intercept\u00e9 25 enfants talib\u00e9s le 06 avril 2021. Ces enfants ont \u00e9t\u00e9 pr\u00e9sent\u00e9s et remis \u00e0 leurs familles respectives ce jeudi 21 avril 2021 par la ministre en charge de l\u2019action sociale, Laurence Marshall Ilboudo. Ils [&hellip;]<\/p>\n","protected":false},"author":82,"featured_media":10402,"comment_status":"open","ping_status":"closed","sticky":false,"template":"","format":"standard","meta":{"footnotes":""},"categories":[21,11,10],"tags":[111,725,29],"class_list":["post-10403","post","type-post","status-publish","format-standard","has-post-thumbnail","hentry","category-communaute","category-homepage-french","category-toutes-les-actualites","tag-africa-press","tag-africa-press-burkina-faso","tag-burkina-faso"],"yoast_head":"<!-- This site is optimized with the Yoast SEO Premium plugin v26.1 (Yoast SEO v27.0) - https:\/\/yoast.com\/product\/yoast-seo-premium-wordpress\/ -->\n<title>25 enfants intercept\u00e9s et retourn\u00e9s dans leurs familles - Burkina Faso<\/title>\n<meta name=\"description\" content=\"La brigade r\u00e9gionale de la protection de l\u2019enfance de la Police nationale de Ouagadougou a intercept\u00e9 25 enfants talib\u00e9s ...\" \/>\n<meta name=\"robots\" content=\"index, follow, max-snippet:-1, max-image-preview:large, max-video-preview:-1\" \/>\n<link rel=\"canonical\" href=\"https:\/\/www.africa-press.net\/burkina-faso\/toutes-les-actualites\/burkina-faso-25-enfants-interceptes-et-retournes-dans-leurs-familles\" \/>\n<meta property=\"og:locale\" content=\"fr_FR\" \/>\n<meta property=\"og:type\" content=\"article\" \/>\n<meta property=\"og:title\" content=\"25 enfants intercept\u00e9s et retourn\u00e9s dans leurs familles\" \/>\n<meta property=\"og:description\" content=\"La brigade r\u00e9gionale de la protection de l\u2019enfance de la Police nationale de Ouagadougou a intercept\u00e9 25 enfants talib\u00e9s ...\" \/>\n<meta property=\"og:url\" content=\"https:\/\/www.africa-press.net\/burkina-faso\/toutes-les-actualites\/burkina-faso-25-enfants-interceptes-et-retournes-dans-leurs-familles\" \/>\n<meta property=\"og:site_name\" content=\"Burkina Faso\" \/>\n<meta property=\"article:published_time\" content=\"2021-04-23T12:37:20+00:00\" \/>\n<meta property=\"article:modified_time\" content=\"2021-04-23T13:40:53+00:00\" \/>\n<meta property=\"og:image\" content=\"https:\/\/static.africa-press.net\/burkina\/sites\/42\/2021\/04\/img-6082bcdbde13c.jpg\" \/>\n\t<meta property=\"og:image:width\" content=\"1024\" \/>\n\t<meta property=\"og:image:height\" content=\"563\" \/>\n\t<meta property=\"og:image:type\" content=\"image\/jpeg\" \/>\n<meta name=\"author\" content=\"cfeditorfr\" \/>\n<meta name=\"twitter:card\" content=\"summary_large_image\" \/>\n<meta name=\"twitter:label1\" content=\"\u00c9crit par\" \/>\n\t<meta name=\"twitter:data1\" content=\"cfeditorfr\" \/>\n\t<meta name=\"twitter:label2\" content=\"Dur\u00e9e de lecture estim\u00e9e\" \/>\n\t<meta name=\"twitter:data2\" content=\"2 minutes\" \/>\n<script type=\"application\/ld+json\" class=\"yoast-schema-graph\">{\"@context\":\"https:\/\/schema.org\",\"@graph\":[{\"@type\":\"Article\",\"@id\":\"https:\/\/www.africa-press.net\/burkina-faso\/toutes-les-actualites\/burkina-faso-25-enfants-interceptes-et-retournes-dans-leurs-familles#article\",\"isPartOf\":{\"@id\":\"https:\/\/www.africa-press.net\/burkina-faso\/toutes-les-actualites\/burkina-faso-25-enfants-interceptes-et-retournes-dans-leurs-familles\"},\"author\":{\"name\":\"cfeditorfr\",\"@id\":\"https:\/\/www.africa-press.net\/burkina-faso\/#\/schema\/person\/2b1cf3cd81a31e3cd26889ca66d677f1\"},\"headline\":\"25 enfants intercept\u00e9s et retourn\u00e9s dans leurs familles\",\"datePublished\":\"2021-04-23T12:37:20+00:00\",\"dateModified\":\"2021-04-23T13:40:53+00:00\",\"mainEntityOfPage\":{\"@id\":\"https:\/\/www.africa-press.net\/burkina-faso\/toutes-les-actualites\/burkina-faso-25-enfants-interceptes-et-retournes-dans-leurs-familles\"},\"wordCount\":410,\"commentCount\":0,\"image\":{\"@id\":\"https:\/\/www.africa-press.net\/burkina-faso\/toutes-les-actualites\/burkina-faso-25-enfants-interceptes-et-retournes-dans-leurs-familles#primaryimage\"},\"thumbnailUrl\":\"https:\/\/static.africa-press.net\/burkina\/sites\/42\/2021\/04\/img-6082bcdbde13c.jpg\",\"keywords\":[\"Africa Press\",\"Africa Press-Burkina Faso\",\"Burkina Faso\"],\"articleSection\":[\"Communaut\u00e9\",\"homepage-french\",\"Toutes les actualit\u00e9s\"],\"inLanguage\":\"fr-FR\",\"potentialAction\":[{\"@type\":\"CommentAction\",\"name\":\"Comment\",\"target\":[\"https:\/\/www.africa-press.net\/burkina-faso\/toutes-les-actualites\/burkina-faso-25-enfants-interceptes-et-retournes-dans-leurs-familles#respond\"]}]},{\"@type\":\"WebPage\",\"@id\":\"https:\/\/www.africa-press.net\/burkina-faso\/toutes-les-actualites\/burkina-faso-25-enfants-interceptes-et-retournes-dans-leurs-familles\",\"url\":\"https:\/\/www.africa-press.net\/burkina-faso\/toutes-les-actualites\/burkina-faso-25-enfants-interceptes-et-retournes-dans-leurs-familles\",\"name\":\"25 enfants intercept\u00e9s et retourn\u00e9s dans leurs familles - Burkina Faso\",\"isPartOf\":{\"@id\":\"https:\/\/www.africa-press.net\/burkina-faso\/#website\"},\"primaryImageOfPage\":{\"@id\":\"https:\/\/www.africa-press.net\/burkina-faso\/toutes-les-actualites\/burkina-faso-25-enfants-interceptes-et-retournes-dans-leurs-familles#primaryimage\"},\"image\":{\"@id\":\"https:\/\/www.africa-press.net\/burkina-faso\/toutes-les-actualites\/burkina-faso-25-enfants-interceptes-et-retournes-dans-leurs-familles#primaryimage\"},\"thumbnailUrl\":\"https:\/\/static.africa-press.net\/burkina\/sites\/42\/2021\/04\/img-6082bcdbde13c.jpg\",\"datePublished\":\"2021-04-23T12:37:20+00:00\",\"dateModified\":\"2021-04-23T13:40:53+00:00\",\"author\":{\"@id\":\"https:\/\/www.africa-press.net\/burkina-faso\/#\/schema\/person\/2b1cf3cd81a31e3cd26889ca66d677f1\"},\"description\":\"La brigade r\u00e9gionale de la protection de l\u2019enfance de la Police nationale de Ouagadougou a intercept\u00e9 25 enfants talib\u00e9s ...\",\"breadcrumb\":{\"@id\":\"https:\/\/www.africa-press.net\/burkina-faso\/toutes-les-actualites\/burkina-faso-25-enfants-interceptes-et-retournes-dans-leurs-familles#breadcrumb\"},\"inLanguage\":\"fr-FR\",\"potentialAction\":[{\"@type\":\"ReadAction\",\"target\":[\"https:\/\/www.africa-press.net\/burkina-faso\/toutes-les-actualites\/burkina-faso-25-enfants-interceptes-et-retournes-dans-leurs-familles\"]}]},{\"@type\":\"ImageObject\",\"inLanguage\":\"fr-FR\",\"@id\":\"https:\/\/www.africa-press.net\/burkina-faso\/toutes-les-actualites\/burkina-faso-25-enfants-interceptes-et-retournes-dans-leurs-familles#primaryimage\",\"url\":\"https:\/\/static.africa-press.net\/burkina\/sites\/42\/2021\/04\/img-6082bcdbde13c.jpg\",\"contentUrl\":\"https:\/\/static.africa-press.net\/burkina\/sites\/42\/2021\/04\/img-6082bcdbde13c.jpg\",\"width\":1024,\"height\":563,\"caption\":\"Burkina Faso\u00a0: 25 enfants intercept\u00e9s et retourn\u00e9s dans leurs familles\"},{\"@type\":\"BreadcrumbList\",\"@id\":\"https:\/\/www.africa-press.net\/burkina-faso\/toutes-les-actualites\/burkina-faso-25-enfants-interceptes-et-retournes-dans-leurs-familles#breadcrumb\",\"itemListElement\":[{\"@type\":\"ListItem\",\"position\":1,\"name\":\"Accueil\",\"item\":\"https:\/\/www.africa-press.net\/burkina-faso\/\"},{\"@type\":\"ListItem\",\"position\":2,\"name\":\"25 enfants intercept\u00e9s et retourn\u00e9s dans leurs familles\"}]},{\"@type\":\"WebSite\",\"@id\":\"https:\/\/www.africa-press.net\/burkina-faso\/#website\",\"url\":\"https:\/\/www.africa-press.net\/burkina-faso\/\",\"name\":\"Burkina Faso\",\"description\":\"Just another Africa News Agency Sites site\",\"potentialAction\":[{\"@type\":\"SearchAction\",\"target\":{\"@type\":\"EntryPoint\",\"urlTemplate\":\"https:\/\/www.africa-press.net\/burkina-faso\/?s={search_term_string}\"},\"query-input\":{\"@type\":\"PropertyValueSpecification\",\"valueRequired\":true,\"valueName\":\"search_term_string\"}}],\"inLanguage\":\"fr-FR\"},{\"@type\":\"Person\",\"@id\":\"https:\/\/www.africa-press.net\/burkina-faso\/#\/schema\/person\/2b1cf3cd81a31e3cd26889ca66d677f1\",\"name\":\"cfeditorfr\"}]}<\/script>\n<!-- \/ Yoast SEO Premium plugin. -->","yoast_head_json":{"title":"25 enfants intercept\u00e9s et retourn\u00e9s dans leurs familles - Burkina Faso","description":"La brigade r\u00e9gionale de la protection de l\u2019enfance de la Police nationale de Ouagadougou a intercept\u00e9 25 enfants talib\u00e9s ...","robots":{"index":"index","follow":"follow","max-snippet":"max-snippet:-1","max-image-preview":"max-image-preview:large","max-video-preview":"max-video-preview:-1"},"canonical":"https:\/\/www.africa-press.net\/burkina-faso\/toutes-les-actualites\/burkina-faso-25-enfants-interceptes-et-retournes-dans-leurs-familles","og_locale":"fr_FR","og_type":"article","og_title":"25 enfants intercept\u00e9s et retourn\u00e9s dans leurs familles","og_description":"La brigade r\u00e9gionale de la protection de l\u2019enfance de la Police nationale de Ouagadougou a intercept\u00e9 25 enfants talib\u00e9s ...","og_url":"https:\/\/www.africa-press.net\/burkina-faso\/toutes-les-actualites\/burkina-faso-25-enfants-interceptes-et-retournes-dans-leurs-familles","og_site_name":"Burkina Faso","article_published_time":"2021-04-23T12:37:20+00:00","article_modified_time":"2021-04-23T13:40:53+00:00","og_image":[{"width":1024,"height":563,"url":"https:\/\/static.africa-press.net\/burkina\/sites\/42\/2021\/04\/img-6082bcdbde13c.jpg","type":"image\/jpeg"}],"author":"cfeditorfr","twitter_card":"summary_large_image","twitter_misc":{"\u00c9crit par":"cfeditorfr","Dur\u00e9e de lecture estim\u00e9e":"2 minutes"},"schema":{"@context":"https:\/\/schema.org","@graph":[{"@type":"Article","@id":"https:\/\/www.africa-press.net\/burkina-faso\/toutes-les-actualites\/burkina-faso-25-enfants-interceptes-et-retournes-dans-leurs-familles#article","isPartOf":{"@id":"https:\/\/www.africa-press.net\/burkina-faso\/toutes-les-actualites\/burkina-faso-25-enfants-interceptes-et-retournes-dans-leurs-familles"},"author":{"name":"cfeditorfr","@id":"https:\/\/www.africa-press.net\/burkina-faso\/#\/schema\/person\/2b1cf3cd81a31e3cd26889ca66d677f1"},"headline":"25 enfants intercept\u00e9s et retourn\u00e9s dans leurs familles","datePublished":"2021-04-23T12:37:20+00:00","dateModified":"2021-04-23T13:40:53+00:00","mainEntityOfPage":{"@id":"https:\/\/www.africa-press.net\/burkina-faso\/toutes-les-actualites\/burkina-faso-25-enfants-interceptes-et-retournes-dans-leurs-familles"},"wordCount":410,"commentCount":0,"image":{"@id":"https:\/\/www.africa-press.net\/burkina-faso\/toutes-les-actualites\/burkina-faso-25-enfants-interceptes-et-retournes-dans-leurs-familles#primaryimage"},"thumbnailUrl":"https:\/\/static.africa-press.net\/burkina\/sites\/42\/2021\/04\/img-6082bcdbde13c.jpg","keywords":["Africa Press","Africa Press-Burkina Faso","Burkina Faso"],"articleSection":["Communaut\u00e9","homepage-french","Toutes les actualit\u00e9s"],"inLanguage":"fr-FR","potentialAction":[{"@type":"CommentAction","name":"Comment","target":["https:\/\/www.africa-press.net\/burkina-faso\/toutes-les-actualites\/burkina-faso-25-enfants-interceptes-et-retournes-dans-leurs-familles#respond"]}]},{"@type":"WebPage","@id":"https:\/\/www.africa-press.net\/burkina-faso\/toutes-les-actualites\/burkina-faso-25-enfants-interceptes-et-retournes-dans-leurs-familles","url":"https:\/\/www.africa-press.net\/burkina-faso\/toutes-les-actualites\/burkina-faso-25-enfants-interceptes-et-retournes-dans-leurs-familles","name":"25 enfants intercept\u00e9s et retourn\u00e9s dans leurs familles - Burkina Faso","isPartOf":{"@id":"https:\/\/www.africa-press.net\/burkina-faso\/#website"},"primaryImageOfPage":{"@id":"https:\/\/www.africa-press.net\/burkina-faso\/toutes-les-actualites\/burkina-faso-25-enfants-interceptes-et-retournes-dans-leurs-familles#primaryimage"},"image":{"@id":"https:\/\/www.africa-press.net\/burkina-faso\/toutes-les-actualites\/burkina-faso-25-enfants-interceptes-et-retournes-dans-leurs-familles#primaryimage"},"thumbnailUrl":"https:\/\/static.africa-press.net\/burkina\/sites\/42\/2021\/04\/img-6082bcdbde13c.jpg","datePublished":"2021-04-23T12:37:20+00:00","dateModified":"2021-04-23T13:40:53+00:00","author":{"@id":"https:\/\/www.africa-press.net\/burkina-faso\/#\/schema\/person\/2b1cf3cd81a31e3cd26889ca66d677f1"},"description":"La brigade r\u00e9gionale de la protection de l\u2019enfance de la Police nationale de Ouagadougou a intercept\u00e9 25 enfants talib\u00e9s ...","breadcrumb":{"@id":"https:\/\/www.africa-press.net\/burkina-faso\/toutes-les-actualites\/burkina-faso-25-enfants-interceptes-et-retournes-dans-leurs-familles#breadcrumb"},"inLanguage":"fr-FR","potentialAction":[{"@type":"ReadAction","target":["https:\/\/www.africa-press.net\/burkina-faso\/toutes-les-actualites\/burkina-faso-25-enfants-interceptes-et-retournes-dans-leurs-familles"]}]},{"@type":"ImageObject","inLanguage":"fr-FR","@id":"https:\/\/www.africa-press.net\/burkina-faso\/toutes-les-actualites\/burkina-faso-25-enfants-interceptes-et-retournes-dans-leurs-familles#primaryimage","url":"https:\/\/static.africa-press.net\/burkina\/sites\/42\/2021\/04\/img-6082bcdbde13c.jpg","contentUrl":"https:\/\/static.africa-press.net\/burkina\/sites\/42\/2021\/04\/img-6082bcdbde13c.jpg","width":1024,"height":563,"caption":"Burkina Faso\u00a0: 25 enfants intercept\u00e9s et retourn\u00e9s dans leurs familles"},{"@type":"BreadcrumbList","@id":"https:\/\/www.africa-press.net\/burkina-faso\/toutes-les-actualites\/burkina-faso-25-enfants-interceptes-et-retournes-dans-leurs-familles#breadcrumb","itemListElement":[{"@type":"ListItem","position":1,"name":"Accueil","item":"https:\/\/www.africa-press.net\/burkina-faso\/"},{"@type":"ListItem","position":2,"name":"25 enfants intercept\u00e9s et retourn\u00e9s dans leurs familles"}]},{"@type":"WebSite","@id":"https:\/\/www.africa-press.net\/burkina-faso\/#website","url":"https:\/\/www.africa-press.net\/burkina-faso\/","name":"Burkina Faso","description":"Just another Africa News Agency Sites site","potentialAction":[{"@type":"SearchAction","target":{"@type":"EntryPoint","urlTemplate":"https:\/\/www.africa-press.net\/burkina-faso\/?s={search_term_string}"},"query-input":{"@type":"PropertyValueSpecification","valueRequired":true,"valueName":"search_term_string"}}],"inLanguage":"fr-FR"},{"@type":"Person","@id":"https:\/\/www.africa-press.net\/burkina-faso\/#\/schema\/person\/2b1cf3cd81a31e3cd26889ca66d677f1","name":"cfeditorfr"}]}},"_links":{"self":[{"href":"https:\/\/www.africa-press.net\/burkina-faso\/wp-json\/wp\/v2\/posts\/10403","targetHints":{"allow":["GET"]}}],"collection":[{"href":"https:\/\/www.africa-press.net\/burkina-faso\/wp-json\/wp\/v2\/posts"}],"about":[{"href":"https:\/\/www.africa-press.net\/burkina-faso\/wp-json\/wp\/v2\/types\/post"}],"author":[{"embeddable":true,"href":"https:\/\/www.africa-press.net\/burkina-faso\/wp-json\/wp\/v2\/users\/82"}],"replies":[{"embeddable":true,"href":"https:\/\/www.africa-press.net\/burkina-faso\/wp-json\/wp\/v2\/comments?post=10403"}],"version-history":[{"count":0,"href":"https:\/\/www.africa-press.net\/burkina-faso\/wp-json\/wp\/v2\/posts\/10403\/revisions"}],"wp:featuredmedia":[{"embeddable":true,"href":"https:\/\/www.africa-press.net\/burkina-faso\/wp-json\/wp\/v2\/media\/10402"}],"wp:attachment":[{"href":"https:\/\/www.africa-press.net\/burkina-faso\/wp-json\/wp\/v2\/media?parent=10403"}],"wp:term":[{"taxonomy":"category","embeddable":true,"href":"https:\/\/www.africa-press.net\/burkina-faso\/wp-json\/wp\/v2\/categories?post=10403"},{"taxonomy":"post_tag","embeddable":true,"href":"https:\/\/www.africa-press.net\/burkina-faso\/wp-json\/wp\/v2\/tags?post=10403"}],"curies":[{"name":"wp","href":"https:\/\/api.w.org\/{rel}","templated":true}]}}