{"id":10409,"date":"2021-04-23T12:51:42","date_gmt":"2021-04-23T12:51:42","guid":{"rendered":"https:\/\/www.africa-press.net\/burkina-faso\/?p=10409"},"modified":"2021-04-23T13:41:15","modified_gmt":"2021-04-23T13:41:15","slug":"compte-rendu-de-la-visite-officielle-du-president-du-conseil-national-suisse-au-burkina-faso","status":"publish","type":"post","link":"https:\/\/www.africa-press.net\/burkina-faso\/politique\/compte-rendu-de-la-visite-officielle-du-president-du-conseil-national-suisse-au-burkina-faso","title":{"rendered":"Compte rendu de la visite officielle du pr\u00e9sident du Conseil national suisse au Burkina Faso"},"content":{"rendered":"<p><span style=\"color: #ff6600\"><strong><a href=\"https:\/\/www.africa-press.net\/\">Africa-Press<\/a> &#8211; <a href=\"https:\/\/www.africa-press.net\/burkina-faso\">Burkina Faso<\/a>.\u00a0 <\/strong><\/span>\u00a0<b>Le pr\u00e9sident du Conseil national suisse Andreas AEBI a effectu\u00e9 une visite officielle au Burkina Faso du 19 au 21 avril 2021. Il \u00e9tait accompagn\u00e9 par une d\u00e9l\u00e9gation du Parlement suisse compos\u00e9e de la conseill\u00e8re nationale Christine BADERTSCHER et du conseiller national Eric NUSSBAUMER, ainsi que de l\u2019Ambassadeur suisse au Burkina Faso Anne LUGON-MOULIN et de hauts fonctionnaires du D\u00e9partement f\u00e9d\u00e9ral des affaires \u00e9trang\u00e8res (DFAE) et du Service du Parlement. Cette visite s\u2019inscrit dans le cadre du renforcement des relations bilat\u00e9rales qui existent entre la Suisse et le Burkina Faso.<\/b><\/p>\n<p>Accueillie avec les honneurs par le pr\u00e9sident de l\u2019Assembl\u00e9e nationale Alassane Bala SAKANDE \u00e0 l\u2019a\u00e9roport international de Ouagadougou, la d\u00e9l\u00e9gation suisse a d\u00e9but\u00e9 sa visite en allant \u00e0 la rencontre de la communaut\u00e9 suisse vivant au Burkina Faso.<\/p>\n<p>La d\u00e9l\u00e9gation s\u2019est ensuite rendue \u00e0 l\u2019Assembl\u00e9e nationale o\u00f9 le pr\u00e9sident du Conseil national a prononc\u00e9 un discours devant les repr\u00e9sentants du peuple burkinab\u00e9. Diff\u00e9rentes rencontres en marge de cette adresse ont permis aux parlementaires suisses et burkinab\u00e8 d\u2019exprimer leur satisfaction quant aux liens de confiance et de soutien qui ont toujours caract\u00e9ris\u00e9 leurs relations et se sont f\u00e9licit\u00e9s des objectifs atteints, notamment en mati\u00e8re de coop\u00e9ration au d\u00e9veloppement. Le pr\u00e9sident de l\u2019Assembl\u00e9e nationale Alassane Bala SAKANDE a convi\u00e9 la d\u00e9l\u00e9gation suisse \u00e0 un d\u00eener officiel.<\/p>\n<p>La d\u00e9l\u00e9gation suisse conduite par Andreas AEBI a \u00e9t\u00e9 re\u00e7ue par le pr\u00e9sident du Faso Roch Marc Christian KABORE. Les discussions se sont d\u00e9roul\u00e9es dans une atmosph\u00e8re empreinte d\u2019amiti\u00e9 et de compr\u00e9hension mutuelle. Elles ont port\u00e9 sur les relations bilat\u00e9rales et sur la coop\u00e9ration entre la Suisse et le Burkina Faso. Au cours des entretiens, le pr\u00e9sident du Conseil national suisse Andreas AEBI a f\u00e9licit\u00e9 le pr\u00e9sident du Faso Roch Marc Christian KABORE pour sa r\u00e9\u00e9lection \u00e0 la magistrature supr\u00eame du Burkina Faso pour un second mandat.<\/p>\n<p>Dans le cadre de sa visite au Burkina Faso, Andreas AEBI a proc\u00e9d\u00e9 au lancement officiel du nouveau programme de coop\u00e9ration suisse au Burkina Faso pour la p\u00e9riode 2021-2025. La Suisse intervient au Burkina Faso depuis 1974 \u00e0 travers la coop\u00e9ration au d\u00e9veloppement, l\u2019aide humanitaire et la promotion de la paix.<\/p>\n<p>La c\u00e9r\u00e9monie de lancement a connu la participation des plus hautes autorit\u00e9s, dont le pr\u00e9sident de l\u2019Assembl\u00e9e nationale Alassane Bala SAKANDE, des hauts responsables de la Pr\u00e9sidence du Faso, des d\u00e9put\u00e9s \u00e0 l\u2019Assembl\u00e9e nationale, des membres du gouvernement, du corps diplomatique et des repr\u00e9sentants des organisations internationales et interafricaines accr\u00e9dit\u00e9es au Burkina Faso.<\/p>\n<p>Le nouveau programme de coop\u00e9ration adresse les th\u00e9matiques prioritaires de la gouvernance et la d\u00e9mocratie, de l\u2019\u00e9ducation de base et la formation professionnelle, du d\u00e9veloppement \u00e9conomique local et de l\u2019appui macro\u00e9conomique. Ces th\u00e9matiques corroborent avec les priorit\u00e9s de la Strat\u00e9gie de coop\u00e9ration internationale de la Suisse 2021-2024. Les interventions auront pour objectifs la sauvegarde et le renforcement des acquis de d\u00e9veloppement, la r\u00e9ponse \u00e0 l\u2019urgence humanitaire et enfin la promotion de la paix.<\/p>\n<p>La visite de la d\u00e9l\u00e9gation suisse a \u00e9galement \u00e9t\u00e9 l\u2019occasion de se rendre dans les r\u00e9gions du Centre, du Centre-Ouest et de l\u2019Est pour visiter les diff\u00e9rents projets soutenus par la Suisse.<\/p>\n<p>Les visites se sont concentr\u00e9es sur les projets li\u00e9s au renforcement de la d\u00e9mocratie et de la coh\u00e9sion sociale, au d\u00e9veloppement \u00e9conomique local et \u00e0 la formation professionnelle des jeunes. Apr\u00e8s \u00e9change avec les autorit\u00e9s politiques, religieuses et coutumi\u00e8res dans le cadre du Centre de dialogue et de m\u00e9diation (CDM), le pr\u00e9sident du Conseil national Andreas AEBI a marqu\u00e9 d\u2019une pierre blanche sa visite \u00e0 Fada N\u2019Gourma par le d\u00e9p\u00f4t d\u2019une gerbe de fleurs au m\u00e9morial aux h\u00e9ros du Gulmu en faveur des victimes li\u00e9es au terrorisme.<\/p>\n<p>Au terme de sa visite, le pr\u00e9sident du Conseil national Andreas AEBI a exprim\u00e9 ses remerciements au pr\u00e9sident du Faso, au pr\u00e9sident de l\u2019Assembl\u00e9e nationale, au premier ministre, ainsi qu\u2019\u00e0 toutes les personnes rencontr\u00e9es pour l\u2019accueil et l\u2019hospitalit\u00e9 r\u00e9serv\u00e9s \u00e0 son \u00e9gard.<\/p>\n<p>S\u2019agissant de la premi\u00e8re visite d\u2019un pr\u00e9sident du Conseil national \u00e0 son homologue au Burkina Faso, Andreas AEBI a formul\u00e9 les v\u0153ux d\u2019un renforcement des liens d\u00e9j\u00e0 \u00e9troits entre les parlements helv\u00e9tique et burkinab\u00e8.<\/p>\n","protected":false},"excerpt":{"rendered":"<p>Africa-Press &#8211; Burkina Faso.\u00a0 \u00a0Le pr\u00e9sident du Conseil national suisse Andreas AEBI a effectu\u00e9 une visite officielle au Burkina Faso du 19 au 21 avril 2021. Il \u00e9tait accompagn\u00e9 par une d\u00e9l\u00e9gation du Parlement suisse compos\u00e9e de la conseill\u00e8re nationale Christine BADERTSCHER et du conseiller national Eric NUSSBAUMER, ainsi que de l\u2019Ambassadeur suisse au Burkina [&hellip;]<\/p>\n","protected":false},"author":82,"featured_media":10408,"comment_status":"open","ping_status":"closed","sticky":false,"template":"","format":"standard","meta":{"footnotes":""},"categories":[11,2,10],"tags":[111,725,29],"class_list":["post-10409","post","type-post","status-publish","format-standard","has-post-thumbnail","hentry","category-homepage-french","category-politique","category-toutes-les-actualites","tag-africa-press","tag-africa-press-burkina-faso","tag-burkina-faso"],"yoast_head":"<!-- This site is optimized with the Yoast SEO Premium plugin v26.1 (Yoast SEO v27.0) - https:\/\/yoast.com\/product\/yoast-seo-premium-wordpress\/ -->\n<title>Compte rendu de la visite officielle du pr\u00e9sident du Conseil national suisse au Burkina Faso - Burkina Faso<\/title>\n<meta name=\"description\" content=\"Ouagadougou, le 22 avril 2021 Le pr\u00e9sident du Conseil national suisse Andreas AEBI a effectu\u00e9 une visite officielle a ...\" \/>\n<meta name=\"robots\" content=\"index, follow, max-snippet:-1, max-image-preview:large, max-video-preview:-1\" \/>\n<link rel=\"canonical\" href=\"https:\/\/www.africa-press.net\/burkina-faso\/politique\/compte-rendu-de-la-visite-officielle-du-president-du-conseil-national-suisse-au-burkina-faso\" \/>\n<meta property=\"og:locale\" content=\"fr_FR\" \/>\n<meta property=\"og:type\" content=\"article\" \/>\n<meta property=\"og:title\" content=\"Compte rendu de la visite officielle du pr\u00e9sident du Conseil national suisse au Burkina Faso\" \/>\n<meta property=\"og:description\" content=\"Ouagadougou, le 22 avril 2021 Le pr\u00e9sident du Conseil national suisse Andreas AEBI a effectu\u00e9 une visite officielle a ...\" \/>\n<meta property=\"og:url\" content=\"https:\/\/www.africa-press.net\/burkina-faso\/politique\/compte-rendu-de-la-visite-officielle-du-president-du-conseil-national-suisse-au-burkina-faso\" \/>\n<meta property=\"og:site_name\" content=\"Burkina Faso\" \/>\n<meta property=\"article:published_time\" content=\"2021-04-23T12:51:42+00:00\" \/>\n<meta property=\"article:modified_time\" content=\"2021-04-23T13:41:15+00:00\" \/>\n<meta property=\"og:image\" content=\"https:\/\/static.africa-press.net\/burkina\/sites\/42\/2021\/04\/img-6082bd300cfeb.jpg\" \/>\n\t<meta property=\"og:image:width\" content=\"720\" \/>\n\t<meta property=\"og:image:height\" content=\"480\" \/>\n\t<meta property=\"og:image:type\" content=\"image\/jpeg\" \/>\n<meta name=\"author\" content=\"cfeditorfr\" \/>\n<meta name=\"twitter:card\" content=\"summary_large_image\" \/>\n<meta name=\"twitter:label1\" content=\"\u00c9crit par\" \/>\n\t<meta name=\"twitter:data1\" content=\"cfeditorfr\" \/>\n\t<meta name=\"twitter:label2\" content=\"Dur\u00e9e de lecture estim\u00e9e\" \/>\n\t<meta name=\"twitter:data2\" content=\"4 minutes\" \/>\n<script type=\"application\/ld+json\" class=\"yoast-schema-graph\">{\"@context\":\"https:\/\/schema.org\",\"@graph\":[{\"@type\":\"Article\",\"@id\":\"https:\/\/www.africa-press.net\/burkina-faso\/politique\/compte-rendu-de-la-visite-officielle-du-president-du-conseil-national-suisse-au-burkina-faso#article\",\"isPartOf\":{\"@id\":\"https:\/\/www.africa-press.net\/burkina-faso\/politique\/compte-rendu-de-la-visite-officielle-du-president-du-conseil-national-suisse-au-burkina-faso\"},\"author\":{\"name\":\"cfeditorfr\",\"@id\":\"https:\/\/www.africa-press.net\/burkina-faso\/#\/schema\/person\/2b1cf3cd81a31e3cd26889ca66d677f1\"},\"headline\":\"Compte rendu de la visite officielle du pr\u00e9sident du Conseil national suisse au Burkina Faso\",\"datePublished\":\"2021-04-23T12:51:42+00:00\",\"dateModified\":\"2021-04-23T13:41:15+00:00\",\"mainEntityOfPage\":{\"@id\":\"https:\/\/www.africa-press.net\/burkina-faso\/politique\/compte-rendu-de-la-visite-officielle-du-president-du-conseil-national-suisse-au-burkina-faso\"},\"wordCount\":810,\"commentCount\":0,\"image\":{\"@id\":\"https:\/\/www.africa-press.net\/burkina-faso\/politique\/compte-rendu-de-la-visite-officielle-du-president-du-conseil-national-suisse-au-burkina-faso#primaryimage\"},\"thumbnailUrl\":\"https:\/\/static.africa-press.net\/burkina\/sites\/42\/2021\/04\/img-6082bd300cfeb.jpg\",\"keywords\":[\"Africa Press\",\"Africa Press-Burkina Faso\",\"Burkina Faso\"],\"articleSection\":[\"homepage-french\",\"Politique\",\"Toutes les actualit\u00e9s\"],\"inLanguage\":\"fr-FR\",\"potentialAction\":[{\"@type\":\"CommentAction\",\"name\":\"Comment\",\"target\":[\"https:\/\/www.africa-press.net\/burkina-faso\/politique\/compte-rendu-de-la-visite-officielle-du-president-du-conseil-national-suisse-au-burkina-faso#respond\"]}]},{\"@type\":\"WebPage\",\"@id\":\"https:\/\/www.africa-press.net\/burkina-faso\/politique\/compte-rendu-de-la-visite-officielle-du-president-du-conseil-national-suisse-au-burkina-faso\",\"url\":\"https:\/\/www.africa-press.net\/burkina-faso\/politique\/compte-rendu-de-la-visite-officielle-du-president-du-conseil-national-suisse-au-burkina-faso\",\"name\":\"Compte rendu de la visite officielle du pr\u00e9sident du Conseil national suisse au Burkina Faso - Burkina Faso\",\"isPartOf\":{\"@id\":\"https:\/\/www.africa-press.net\/burkina-faso\/#website\"},\"primaryImageOfPage\":{\"@id\":\"https:\/\/www.africa-press.net\/burkina-faso\/politique\/compte-rendu-de-la-visite-officielle-du-president-du-conseil-national-suisse-au-burkina-faso#primaryimage\"},\"image\":{\"@id\":\"https:\/\/www.africa-press.net\/burkina-faso\/politique\/compte-rendu-de-la-visite-officielle-du-president-du-conseil-national-suisse-au-burkina-faso#primaryimage\"},\"thumbnailUrl\":\"https:\/\/static.africa-press.net\/burkina\/sites\/42\/2021\/04\/img-6082bd300cfeb.jpg\",\"datePublished\":\"2021-04-23T12:51:42+00:00\",\"dateModified\":\"2021-04-23T13:41:15+00:00\",\"author\":{\"@id\":\"https:\/\/www.africa-press.net\/burkina-faso\/#\/schema\/person\/2b1cf3cd81a31e3cd26889ca66d677f1\"},\"description\":\"Ouagadougou, le 22 avril 2021 Le pr\u00e9sident du Conseil national suisse Andreas AEBI a effectu\u00e9 une visite officielle a ...\",\"breadcrumb\":{\"@id\":\"https:\/\/www.africa-press.net\/burkina-faso\/politique\/compte-rendu-de-la-visite-officielle-du-president-du-conseil-national-suisse-au-burkina-faso#breadcrumb\"},\"inLanguage\":\"fr-FR\",\"potentialAction\":[{\"@type\":\"ReadAction\",\"target\":[\"https:\/\/www.africa-press.net\/burkina-faso\/politique\/compte-rendu-de-la-visite-officielle-du-president-du-conseil-national-suisse-au-burkina-faso\"]}]},{\"@type\":\"ImageObject\",\"inLanguage\":\"fr-FR\",\"@id\":\"https:\/\/www.africa-press.net\/burkina-faso\/politique\/compte-rendu-de-la-visite-officielle-du-president-du-conseil-national-suisse-au-burkina-faso#primaryimage\",\"url\":\"https:\/\/static.africa-press.net\/burkina\/sites\/42\/2021\/04\/img-6082bd300cfeb.jpg\",\"contentUrl\":\"https:\/\/static.africa-press.net\/burkina\/sites\/42\/2021\/04\/img-6082bd300cfeb.jpg\",\"width\":720,\"height\":480,\"caption\":\"Compte rendu de la visite officielle du pr\u00e9sident du Conseil national suisse au Burkina Faso\"},{\"@type\":\"BreadcrumbList\",\"@id\":\"https:\/\/www.africa-press.net\/burkina-faso\/politique\/compte-rendu-de-la-visite-officielle-du-president-du-conseil-national-suisse-au-burkina-faso#breadcrumb\",\"itemListElement\":[{\"@type\":\"ListItem\",\"position\":1,\"name\":\"Accueil\",\"item\":\"https:\/\/www.africa-press.net\/burkina-faso\/\"},{\"@type\":\"ListItem\",\"position\":2,\"name\":\"Compte rendu de la visite officielle du pr\u00e9sident du Conseil national suisse au Burkina Faso\"}]},{\"@type\":\"WebSite\",\"@id\":\"https:\/\/www.africa-press.net\/burkina-faso\/#website\",\"url\":\"https:\/\/www.africa-press.net\/burkina-faso\/\",\"name\":\"Burkina Faso\",\"description\":\"Just another Africa News Agency Sites site\",\"potentialAction\":[{\"@type\":\"SearchAction\",\"target\":{\"@type\":\"EntryPoint\",\"urlTemplate\":\"https:\/\/www.africa-press.net\/burkina-faso\/?s={search_term_string}\"},\"query-input\":{\"@type\":\"PropertyValueSpecification\",\"valueRequired\":true,\"valueName\":\"search_term_string\"}}],\"inLanguage\":\"fr-FR\"},{\"@type\":\"Person\",\"@id\":\"https:\/\/www.africa-press.net\/burkina-faso\/#\/schema\/person\/2b1cf3cd81a31e3cd26889ca66d677f1\",\"name\":\"cfeditorfr\"}]}<\/script>\n<!-- \/ Yoast SEO Premium plugin. -->","yoast_head_json":{"title":"Compte rendu de la visite officielle du pr\u00e9sident du Conseil national suisse au Burkina Faso - Burkina Faso","description":"Ouagadougou, le 22 avril 2021 Le pr\u00e9sident du Conseil national suisse Andreas AEBI a effectu\u00e9 une visite officielle a ...","robots":{"index":"index","follow":"follow","max-snippet":"max-snippet:-1","max-image-preview":"max-image-preview:large","max-video-preview":"max-video-preview:-1"},"canonical":"https:\/\/www.africa-press.net\/burkina-faso\/politique\/compte-rendu-de-la-visite-officielle-du-president-du-conseil-national-suisse-au-burkina-faso","og_locale":"fr_FR","og_type":"article","og_title":"Compte rendu de la visite officielle du pr\u00e9sident du Conseil national suisse au Burkina Faso","og_description":"Ouagadougou, le 22 avril 2021 Le pr\u00e9sident du Conseil national suisse Andreas AEBI a effectu\u00e9 une visite officielle a ...","og_url":"https:\/\/www.africa-press.net\/burkina-faso\/politique\/compte-rendu-de-la-visite-officielle-du-president-du-conseil-national-suisse-au-burkina-faso","og_site_name":"Burkina Faso","article_published_time":"2021-04-23T12:51:42+00:00","article_modified_time":"2021-04-23T13:41:15+00:00","og_image":[{"width":720,"height":480,"url":"https:\/\/static.africa-press.net\/burkina\/sites\/42\/2021\/04\/img-6082bd300cfeb.jpg","type":"image\/jpeg"}],"author":"cfeditorfr","twitter_card":"summary_large_image","twitter_misc":{"\u00c9crit par":"cfeditorfr","Dur\u00e9e de lecture estim\u00e9e":"4 minutes"},"schema":{"@context":"https:\/\/schema.org","@graph":[{"@type":"Article","@id":"https:\/\/www.africa-press.net\/burkina-faso\/politique\/compte-rendu-de-la-visite-officielle-du-president-du-conseil-national-suisse-au-burkina-faso#article","isPartOf":{"@id":"https:\/\/www.africa-press.net\/burkina-faso\/politique\/compte-rendu-de-la-visite-officielle-du-president-du-conseil-national-suisse-au-burkina-faso"},"author":{"name":"cfeditorfr","@id":"https:\/\/www.africa-press.net\/burkina-faso\/#\/schema\/person\/2b1cf3cd81a31e3cd26889ca66d677f1"},"headline":"Compte rendu de la visite officielle du pr\u00e9sident du Conseil national suisse au Burkina Faso","datePublished":"2021-04-23T12:51:42+00:00","dateModified":"2021-04-23T13:41:15+00:00","mainEntityOfPage":{"@id":"https:\/\/www.africa-press.net\/burkina-faso\/politique\/compte-rendu-de-la-visite-officielle-du-president-du-conseil-national-suisse-au-burkina-faso"},"wordCount":810,"commentCount":0,"image":{"@id":"https:\/\/www.africa-press.net\/burkina-faso\/politique\/compte-rendu-de-la-visite-officielle-du-president-du-conseil-national-suisse-au-burkina-faso#primaryimage"},"thumbnailUrl":"https:\/\/static.africa-press.net\/burkina\/sites\/42\/2021\/04\/img-6082bd300cfeb.jpg","keywords":["Africa Press","Africa Press-Burkina Faso","Burkina Faso"],"articleSection":["homepage-french","Politique","Toutes les actualit\u00e9s"],"inLanguage":"fr-FR","potentialAction":[{"@type":"CommentAction","name":"Comment","target":["https:\/\/www.africa-press.net\/burkina-faso\/politique\/compte-rendu-de-la-visite-officielle-du-president-du-conseil-national-suisse-au-burkina-faso#respond"]}]},{"@type":"WebPage","@id":"https:\/\/www.africa-press.net\/burkina-faso\/politique\/compte-rendu-de-la-visite-officielle-du-president-du-conseil-national-suisse-au-burkina-faso","url":"https:\/\/www.africa-press.net\/burkina-faso\/politique\/compte-rendu-de-la-visite-officielle-du-president-du-conseil-national-suisse-au-burkina-faso","name":"Compte rendu de la visite officielle du pr\u00e9sident du Conseil national suisse au Burkina Faso - Burkina Faso","isPartOf":{"@id":"https:\/\/www.africa-press.net\/burkina-faso\/#website"},"primaryImageOfPage":{"@id":"https:\/\/www.africa-press.net\/burkina-faso\/politique\/compte-rendu-de-la-visite-officielle-du-president-du-conseil-national-suisse-au-burkina-faso#primaryimage"},"image":{"@id":"https:\/\/www.africa-press.net\/burkina-faso\/politique\/compte-rendu-de-la-visite-officielle-du-president-du-conseil-national-suisse-au-burkina-faso#primaryimage"},"thumbnailUrl":"https:\/\/static.africa-press.net\/burkina\/sites\/42\/2021\/04\/img-6082bd300cfeb.jpg","datePublished":"2021-04-23T12:51:42+00:00","dateModified":"2021-04-23T13:41:15+00:00","author":{"@id":"https:\/\/www.africa-press.net\/burkina-faso\/#\/schema\/person\/2b1cf3cd81a31e3cd26889ca66d677f1"},"description":"Ouagadougou, le 22 avril 2021 Le pr\u00e9sident du Conseil national suisse Andreas AEBI a effectu\u00e9 une visite officielle a ...","breadcrumb":{"@id":"https:\/\/www.africa-press.net\/burkina-faso\/politique\/compte-rendu-de-la-visite-officielle-du-president-du-conseil-national-suisse-au-burkina-faso#breadcrumb"},"inLanguage":"fr-FR","potentialAction":[{"@type":"ReadAction","target":["https:\/\/www.africa-press.net\/burkina-faso\/politique\/compte-rendu-de-la-visite-officielle-du-president-du-conseil-national-suisse-au-burkina-faso"]}]},{"@type":"ImageObject","inLanguage":"fr-FR","@id":"https:\/\/www.africa-press.net\/burkina-faso\/politique\/compte-rendu-de-la-visite-officielle-du-president-du-conseil-national-suisse-au-burkina-faso#primaryimage","url":"https:\/\/static.africa-press.net\/burkina\/sites\/42\/2021\/04\/img-6082bd300cfeb.jpg","contentUrl":"https:\/\/static.africa-press.net\/burkina\/sites\/42\/2021\/04\/img-6082bd300cfeb.jpg","width":720,"height":480,"caption":"Compte rendu de la visite officielle du pr\u00e9sident du Conseil national suisse au Burkina Faso"},{"@type":"BreadcrumbList","@id":"https:\/\/www.africa-press.net\/burkina-faso\/politique\/compte-rendu-de-la-visite-officielle-du-president-du-conseil-national-suisse-au-burkina-faso#breadcrumb","itemListElement":[{"@type":"ListItem","position":1,"name":"Accueil","item":"https:\/\/www.africa-press.net\/burkina-faso\/"},{"@type":"ListItem","position":2,"name":"Compte rendu de la visite officielle du pr\u00e9sident du Conseil national suisse au Burkina Faso"}]},{"@type":"WebSite","@id":"https:\/\/www.africa-press.net\/burkina-faso\/#website","url":"https:\/\/www.africa-press.net\/burkina-faso\/","name":"Burkina Faso","description":"Just another Africa News Agency Sites site","potentialAction":[{"@type":"SearchAction","target":{"@type":"EntryPoint","urlTemplate":"https:\/\/www.africa-press.net\/burkina-faso\/?s={search_term_string}"},"query-input":{"@type":"PropertyValueSpecification","valueRequired":true,"valueName":"search_term_string"}}],"inLanguage":"fr-FR"},{"@type":"Person","@id":"https:\/\/www.africa-press.net\/burkina-faso\/#\/schema\/person\/2b1cf3cd81a31e3cd26889ca66d677f1","name":"cfeditorfr"}]}},"_links":{"self":[{"href":"https:\/\/www.africa-press.net\/burkina-faso\/wp-json\/wp\/v2\/posts\/10409","targetHints":{"allow":["GET"]}}],"collection":[{"href":"https:\/\/www.africa-press.net\/burkina-faso\/wp-json\/wp\/v2\/posts"}],"about":[{"href":"https:\/\/www.africa-press.net\/burkina-faso\/wp-json\/wp\/v2\/types\/post"}],"author":[{"embeddable":true,"href":"https:\/\/www.africa-press.net\/burkina-faso\/wp-json\/wp\/v2\/users\/82"}],"replies":[{"embeddable":true,"href":"https:\/\/www.africa-press.net\/burkina-faso\/wp-json\/wp\/v2\/comments?post=10409"}],"version-history":[{"count":0,"href":"https:\/\/www.africa-press.net\/burkina-faso\/wp-json\/wp\/v2\/posts\/10409\/revisions"}],"wp:featuredmedia":[{"embeddable":true,"href":"https:\/\/www.africa-press.net\/burkina-faso\/wp-json\/wp\/v2\/media\/10408"}],"wp:attachment":[{"href":"https:\/\/www.africa-press.net\/burkina-faso\/wp-json\/wp\/v2\/media?parent=10409"}],"wp:term":[{"taxonomy":"category","embeddable":true,"href":"https:\/\/www.africa-press.net\/burkina-faso\/wp-json\/wp\/v2\/categories?post=10409"},{"taxonomy":"post_tag","embeddable":true,"href":"https:\/\/www.africa-press.net\/burkina-faso\/wp-json\/wp\/v2\/tags?post=10409"}],"curies":[{"name":"wp","href":"https:\/\/api.w.org\/{rel}","templated":true}]}}