{"id":10412,"date":"2021-04-23T13:01:29","date_gmt":"2021-04-23T13:01:29","guid":{"rendered":"https:\/\/www.africa-press.net\/burkina-faso\/?p=10412"},"modified":"2021-04-23T13:41:29","modified_gmt":"2021-04-23T13:41:29","slug":"burkina-faso-le-club-aurore-organise-une-caravane-de-conference-educative","status":"publish","type":"post","link":"https:\/\/www.africa-press.net\/burkina-faso\/culture-et-art\/burkina-faso-le-club-aurore-organise-une-caravane-de-conference-educative","title":{"rendered":"Le \u00ab\u00a0Club Aurore\u00a0\u00bb\u00a0 organise une caravane de conf\u00e9rence \u00e9ducative"},"content":{"rendered":"<p><span style=\"color: #ff6600\"><strong><a href=\"https:\/\/www.africa-press.net\/\">Africa-Press<\/a> &#8211; <a href=\"https:\/\/www.africa-press.net\/burkina-faso\">Burkina Faso<\/a>. <\/strong><\/span>Dans le but d\u2019apporter sa contribution \u00e0 la construction d\u2019un Burkina prosp\u00e8re et stable, le \u00ab Club Aurore \u00bb a initi\u00e9 une caravane de conf\u00e9rence \u00e9ducative sur la citoyennet\u00e9 dans les 13 r\u00e9gions du pays. La conf\u00e9rence inaugurale est intervenue ce jeudi 22 avril 2021 \u00e0 l\u2019universit\u00e9 Joseph Ki-Zerbo.<\/p>\n<p>Avec l\u2019\u00e9volution structurelle que connaissent les soci\u00e9t\u00e9s dans un environnement qui connait \u00ab un changement de paradigmes comportementaux \u00bb, le Club Aurore a initi\u00e9 une s\u00e9rie de conf\u00e9rences \u00e0 l\u2019endroit des jeunes afin de les outiller sur un certain nombre de valeurs sociales. Selon les propos du pr\u00e9sident du club, Bouriema Drabo, cette action s\u2019inscrit dans le cadre de l\u2019ex\u00e9cution de la mission du club qui est \u00ab d\u2019\u0153uvrer pour un environnement paisible et propice au d\u00e9veloppement \u00e9conomique et social du Burkina \u00bb.<\/p>\n<p>L\u2019objectif \u00e0 long terme c\u2019est de cr\u00e9er un mod\u00e8le de r\u00e9silience de populations et de dirigeants ayant les m\u00eames ambitions et les m\u00eames valeurs pour b\u00e2tir le pays. Confront\u00e9 \u00e0 d\u2019\u00e9normes d\u00e9fis sur le plan s\u00e9curitaire, sanitaire et social, le \u00ab pays des Hommes int\u00e8gres \u00bb a besoin d\u2019un souffle nouveau pour relever ses d\u00e9fis. C\u2019est dans cette logique que se tient cette caravane de conf\u00e9rence \u00e9ducative. Plac\u00e9e sous le th\u00e8me \u00ab la participation citoyenne, moteur de transformation sociale \u00bb, la pr\u00e9sente activit\u00e9 entend apporter des r\u00e9ponses ad\u00e9quates. Pour Boureima Drabo, le th\u00e8me rev\u00eat une \u00ab grande importance \u00bb.<\/p>\n<p>\u00ab Le renforcement de notre tissu social pourrait \u00eatre la panac\u00e9e pour contenir toutes les formes de menaces endog\u00e8nes et exog\u00e8nes \u00bb, a-t-il expliqu\u00e9. Et pour arriver \u00e0 ce renforcement du tissu social, le \u00ab Club Aurore \u00bb veut mettre \u00e0 la disposition des jeunes, des exp\u00e9riences, des outils et des orientations pertinents. Concr\u00e8tement, la caravane de conf\u00e9rence \u00e9ducative va mener bon nombre d\u2019activit\u00e9s allant dans le sens de l\u2019atteinte de ses objectifs. Au titre de ces activit\u00e9s, on a les communications th\u00e9matiques et la cr\u00e9ation d\u2019une communaut\u00e9 de conf\u00e9rence regroupant les \u00e9l\u00e8ves, les \u00e9tudiants et toute la jeunesse.<\/p>\n<p>Ce sont donc des citoyens de demain que le \u00ab Club Aurore \u00bb veut offrir au Burkina Faso. En guise d\u2019informations, il faut retenir que le club a \u00e9t\u00e9 fond\u00e9 en 2014. Il regroupe des cadres dirigeants et pluridisciplinaires. Se pr\u00e9sentant comme un laboratoire d\u2019id\u00e9es, le \u00ab Club Aurore \u00bb est aussi un espace de r\u00e9flexion et cr\u00e9ateur de d\u00e9bats. Selon son pr\u00e9sident, le \u00ab Club Aurore est un Think Tank burkinab\u00e8 et ind\u00e9pendant \u00bb. Basile SAMA<\/p>\n","protected":false},"excerpt":{"rendered":"<p>Africa-Press &#8211; Burkina Faso. Dans le but d\u2019apporter sa contribution \u00e0 la construction d\u2019un Burkina prosp\u00e8re et stable, le \u00ab Club Aurore \u00bb a initi\u00e9 une caravane de conf\u00e9rence \u00e9ducative sur la citoyennet\u00e9 dans les 13 r\u00e9gions du pays. La conf\u00e9rence inaugurale est intervenue ce jeudi 22 avril 2021 \u00e0 l\u2019universit\u00e9 Joseph Ki-Zerbo. Avec l\u2019\u00e9volution [&hellip;]<\/p>\n","protected":false},"author":82,"featured_media":10411,"comment_status":"open","ping_status":"closed","sticky":false,"template":"","format":"standard","meta":{"footnotes":""},"categories":[5,11,10],"tags":[111,725,29],"class_list":["post-10412","post","type-post","status-publish","format-standard","has-post-thumbnail","hentry","category-culture-et-art","category-homepage-french","category-toutes-les-actualites","tag-africa-press","tag-africa-press-burkina-faso","tag-burkina-faso"],"yoast_head":"<!-- This site is optimized with the Yoast SEO Premium plugin v26.1 (Yoast SEO v27.0) - https:\/\/yoast.com\/product\/yoast-seo-premium-wordpress\/ -->\n<title>Le \u00ab\u00a0Club Aurore\u00a0\u00bb\u00a0 organise une caravane de conf\u00e9rence \u00e9ducative - Burkina Faso<\/title>\n<meta name=\"description\" content=\"Dans le but d\u2019apporter sa contribution \u00e0 la construction d\u2019un Burkina prosp\u00e8re et stable, le \u00ab Club Aurore \u00bb a initi\u00e9 un ...\" \/>\n<meta name=\"robots\" content=\"index, follow, max-snippet:-1, max-image-preview:large, max-video-preview:-1\" \/>\n<link rel=\"canonical\" href=\"https:\/\/www.africa-press.net\/burkina-faso\/culture-et-art\/burkina-faso-le-club-aurore-organise-une-caravane-de-conference-educative\" \/>\n<meta property=\"og:locale\" content=\"fr_FR\" \/>\n<meta property=\"og:type\" content=\"article\" \/>\n<meta property=\"og:title\" content=\"Le \u00ab\u00a0Club Aurore\u00a0\u00bb\u00a0 organise une caravane de conf\u00e9rence \u00e9ducative\" \/>\n<meta property=\"og:description\" content=\"Dans le but d\u2019apporter sa contribution \u00e0 la construction d\u2019un Burkina prosp\u00e8re et stable, le \u00ab Club Aurore \u00bb a initi\u00e9 un ...\" \/>\n<meta property=\"og:url\" content=\"https:\/\/www.africa-press.net\/burkina-faso\/culture-et-art\/burkina-faso-le-club-aurore-organise-une-caravane-de-conference-educative\" \/>\n<meta property=\"og:site_name\" content=\"Burkina Faso\" \/>\n<meta property=\"article:published_time\" content=\"2021-04-23T13:01:29+00:00\" \/>\n<meta property=\"article:modified_time\" content=\"2021-04-23T13:41:29+00:00\" \/>\n<meta property=\"og:image\" content=\"https:\/\/static.africa-press.net\/burkina\/sites\/42\/2021\/04\/img-6082bd5bed3e3.jpg\" \/>\n\t<meta property=\"og:image:width\" content=\"1024\" \/>\n\t<meta property=\"og:image:height\" content=\"555\" \/>\n\t<meta property=\"og:image:type\" content=\"image\/jpeg\" \/>\n<meta name=\"author\" content=\"cfeditorfr\" \/>\n<meta name=\"twitter:card\" content=\"summary_large_image\" \/>\n<meta name=\"twitter:label1\" content=\"\u00c9crit par\" \/>\n\t<meta name=\"twitter:data1\" content=\"cfeditorfr\" \/>\n\t<meta name=\"twitter:label2\" content=\"Dur\u00e9e de lecture estim\u00e9e\" \/>\n\t<meta name=\"twitter:data2\" content=\"2 minutes\" \/>\n<script type=\"application\/ld+json\" class=\"yoast-schema-graph\">{\"@context\":\"https:\/\/schema.org\",\"@graph\":[{\"@type\":\"Article\",\"@id\":\"https:\/\/www.africa-press.net\/burkina-faso\/culture-et-art\/burkina-faso-le-club-aurore-organise-une-caravane-de-conference-educative#article\",\"isPartOf\":{\"@id\":\"https:\/\/www.africa-press.net\/burkina-faso\/culture-et-art\/burkina-faso-le-club-aurore-organise-une-caravane-de-conference-educative\"},\"author\":{\"name\":\"cfeditorfr\",\"@id\":\"https:\/\/www.africa-press.net\/burkina-faso\/#\/schema\/person\/2b1cf3cd81a31e3cd26889ca66d677f1\"},\"headline\":\"Le \u00ab\u00a0Club Aurore\u00a0\u00bb\u00a0 organise une caravane de conf\u00e9rence \u00e9ducative\",\"datePublished\":\"2021-04-23T13:01:29+00:00\",\"dateModified\":\"2021-04-23T13:41:29+00:00\",\"mainEntityOfPage\":{\"@id\":\"https:\/\/www.africa-press.net\/burkina-faso\/culture-et-art\/burkina-faso-le-club-aurore-organise-une-caravane-de-conference-educative\"},\"wordCount\":454,\"commentCount\":0,\"image\":{\"@id\":\"https:\/\/www.africa-press.net\/burkina-faso\/culture-et-art\/burkina-faso-le-club-aurore-organise-une-caravane-de-conference-educative#primaryimage\"},\"thumbnailUrl\":\"https:\/\/static.africa-press.net\/burkina\/sites\/42\/2021\/04\/img-6082bd5bed3e3.jpg\",\"keywords\":[\"Africa Press\",\"Africa Press-Burkina Faso\",\"Burkina Faso\"],\"articleSection\":[\"Culture et Art\",\"homepage-french\",\"Toutes les actualit\u00e9s\"],\"inLanguage\":\"fr-FR\",\"potentialAction\":[{\"@type\":\"CommentAction\",\"name\":\"Comment\",\"target\":[\"https:\/\/www.africa-press.net\/burkina-faso\/culture-et-art\/burkina-faso-le-club-aurore-organise-une-caravane-de-conference-educative#respond\"]}]},{\"@type\":\"WebPage\",\"@id\":\"https:\/\/www.africa-press.net\/burkina-faso\/culture-et-art\/burkina-faso-le-club-aurore-organise-une-caravane-de-conference-educative\",\"url\":\"https:\/\/www.africa-press.net\/burkina-faso\/culture-et-art\/burkina-faso-le-club-aurore-organise-une-caravane-de-conference-educative\",\"name\":\"Le \u00ab\u00a0Club Aurore\u00a0\u00bb\u00a0 organise une caravane de conf\u00e9rence \u00e9ducative - Burkina Faso\",\"isPartOf\":{\"@id\":\"https:\/\/www.africa-press.net\/burkina-faso\/#website\"},\"primaryImageOfPage\":{\"@id\":\"https:\/\/www.africa-press.net\/burkina-faso\/culture-et-art\/burkina-faso-le-club-aurore-organise-une-caravane-de-conference-educative#primaryimage\"},\"image\":{\"@id\":\"https:\/\/www.africa-press.net\/burkina-faso\/culture-et-art\/burkina-faso-le-club-aurore-organise-une-caravane-de-conference-educative#primaryimage\"},\"thumbnailUrl\":\"https:\/\/static.africa-press.net\/burkina\/sites\/42\/2021\/04\/img-6082bd5bed3e3.jpg\",\"datePublished\":\"2021-04-23T13:01:29+00:00\",\"dateModified\":\"2021-04-23T13:41:29+00:00\",\"author\":{\"@id\":\"https:\/\/www.africa-press.net\/burkina-faso\/#\/schema\/person\/2b1cf3cd81a31e3cd26889ca66d677f1\"},\"description\":\"Dans le but d\u2019apporter sa contribution \u00e0 la construction d\u2019un Burkina prosp\u00e8re et stable, le \u00ab Club Aurore \u00bb a initi\u00e9 un ...\",\"breadcrumb\":{\"@id\":\"https:\/\/www.africa-press.net\/burkina-faso\/culture-et-art\/burkina-faso-le-club-aurore-organise-une-caravane-de-conference-educative#breadcrumb\"},\"inLanguage\":\"fr-FR\",\"potentialAction\":[{\"@type\":\"ReadAction\",\"target\":[\"https:\/\/www.africa-press.net\/burkina-faso\/culture-et-art\/burkina-faso-le-club-aurore-organise-une-caravane-de-conference-educative\"]}]},{\"@type\":\"ImageObject\",\"inLanguage\":\"fr-FR\",\"@id\":\"https:\/\/www.africa-press.net\/burkina-faso\/culture-et-art\/burkina-faso-le-club-aurore-organise-une-caravane-de-conference-educative#primaryimage\",\"url\":\"https:\/\/static.africa-press.net\/burkina\/sites\/42\/2021\/04\/img-6082bd5bed3e3.jpg\",\"contentUrl\":\"https:\/\/static.africa-press.net\/burkina\/sites\/42\/2021\/04\/img-6082bd5bed3e3.jpg\",\"width\":1024,\"height\":555,\"caption\":\"Burkina Faso\u00a0: Le \u00ab\u00a0Club Aurore\u00a0\u00bb\u00a0 organise une caravane de conf\u00e9rence \u00e9ducative\"},{\"@type\":\"BreadcrumbList\",\"@id\":\"https:\/\/www.africa-press.net\/burkina-faso\/culture-et-art\/burkina-faso-le-club-aurore-organise-une-caravane-de-conference-educative#breadcrumb\",\"itemListElement\":[{\"@type\":\"ListItem\",\"position\":1,\"name\":\"Accueil\",\"item\":\"https:\/\/www.africa-press.net\/burkina-faso\/\"},{\"@type\":\"ListItem\",\"position\":2,\"name\":\"Le \u00ab\u00a0Club Aurore\u00a0\u00bb\u00a0 organise une caravane de conf\u00e9rence \u00e9ducative\"}]},{\"@type\":\"WebSite\",\"@id\":\"https:\/\/www.africa-press.net\/burkina-faso\/#website\",\"url\":\"https:\/\/www.africa-press.net\/burkina-faso\/\",\"name\":\"Burkina Faso\",\"description\":\"Just another Africa News Agency Sites site\",\"potentialAction\":[{\"@type\":\"SearchAction\",\"target\":{\"@type\":\"EntryPoint\",\"urlTemplate\":\"https:\/\/www.africa-press.net\/burkina-faso\/?s={search_term_string}\"},\"query-input\":{\"@type\":\"PropertyValueSpecification\",\"valueRequired\":true,\"valueName\":\"search_term_string\"}}],\"inLanguage\":\"fr-FR\"},{\"@type\":\"Person\",\"@id\":\"https:\/\/www.africa-press.net\/burkina-faso\/#\/schema\/person\/2b1cf3cd81a31e3cd26889ca66d677f1\",\"name\":\"cfeditorfr\"}]}<\/script>\n<!-- \/ Yoast SEO Premium plugin. -->","yoast_head_json":{"title":"Le \u00ab\u00a0Club Aurore\u00a0\u00bb\u00a0 organise une caravane de conf\u00e9rence \u00e9ducative - Burkina Faso","description":"Dans le but d\u2019apporter sa contribution \u00e0 la construction d\u2019un Burkina prosp\u00e8re et stable, le \u00ab Club Aurore \u00bb a initi\u00e9 un ...","robots":{"index":"index","follow":"follow","max-snippet":"max-snippet:-1","max-image-preview":"max-image-preview:large","max-video-preview":"max-video-preview:-1"},"canonical":"https:\/\/www.africa-press.net\/burkina-faso\/culture-et-art\/burkina-faso-le-club-aurore-organise-une-caravane-de-conference-educative","og_locale":"fr_FR","og_type":"article","og_title":"Le \u00ab\u00a0Club Aurore\u00a0\u00bb\u00a0 organise une caravane de conf\u00e9rence \u00e9ducative","og_description":"Dans le but d\u2019apporter sa contribution \u00e0 la construction d\u2019un Burkina prosp\u00e8re et stable, le \u00ab Club Aurore \u00bb a initi\u00e9 un ...","og_url":"https:\/\/www.africa-press.net\/burkina-faso\/culture-et-art\/burkina-faso-le-club-aurore-organise-une-caravane-de-conference-educative","og_site_name":"Burkina Faso","article_published_time":"2021-04-23T13:01:29+00:00","article_modified_time":"2021-04-23T13:41:29+00:00","og_image":[{"width":1024,"height":555,"url":"https:\/\/static.africa-press.net\/burkina\/sites\/42\/2021\/04\/img-6082bd5bed3e3.jpg","type":"image\/jpeg"}],"author":"cfeditorfr","twitter_card":"summary_large_image","twitter_misc":{"\u00c9crit par":"cfeditorfr","Dur\u00e9e de lecture estim\u00e9e":"2 minutes"},"schema":{"@context":"https:\/\/schema.org","@graph":[{"@type":"Article","@id":"https:\/\/www.africa-press.net\/burkina-faso\/culture-et-art\/burkina-faso-le-club-aurore-organise-une-caravane-de-conference-educative#article","isPartOf":{"@id":"https:\/\/www.africa-press.net\/burkina-faso\/culture-et-art\/burkina-faso-le-club-aurore-organise-une-caravane-de-conference-educative"},"author":{"name":"cfeditorfr","@id":"https:\/\/www.africa-press.net\/burkina-faso\/#\/schema\/person\/2b1cf3cd81a31e3cd26889ca66d677f1"},"headline":"Le \u00ab\u00a0Club Aurore\u00a0\u00bb\u00a0 organise une caravane de conf\u00e9rence \u00e9ducative","datePublished":"2021-04-23T13:01:29+00:00","dateModified":"2021-04-23T13:41:29+00:00","mainEntityOfPage":{"@id":"https:\/\/www.africa-press.net\/burkina-faso\/culture-et-art\/burkina-faso-le-club-aurore-organise-une-caravane-de-conference-educative"},"wordCount":454,"commentCount":0,"image":{"@id":"https:\/\/www.africa-press.net\/burkina-faso\/culture-et-art\/burkina-faso-le-club-aurore-organise-une-caravane-de-conference-educative#primaryimage"},"thumbnailUrl":"https:\/\/static.africa-press.net\/burkina\/sites\/42\/2021\/04\/img-6082bd5bed3e3.jpg","keywords":["Africa Press","Africa Press-Burkina Faso","Burkina Faso"],"articleSection":["Culture et Art","homepage-french","Toutes les actualit\u00e9s"],"inLanguage":"fr-FR","potentialAction":[{"@type":"CommentAction","name":"Comment","target":["https:\/\/www.africa-press.net\/burkina-faso\/culture-et-art\/burkina-faso-le-club-aurore-organise-une-caravane-de-conference-educative#respond"]}]},{"@type":"WebPage","@id":"https:\/\/www.africa-press.net\/burkina-faso\/culture-et-art\/burkina-faso-le-club-aurore-organise-une-caravane-de-conference-educative","url":"https:\/\/www.africa-press.net\/burkina-faso\/culture-et-art\/burkina-faso-le-club-aurore-organise-une-caravane-de-conference-educative","name":"Le \u00ab\u00a0Club Aurore\u00a0\u00bb\u00a0 organise une caravane de conf\u00e9rence \u00e9ducative - Burkina Faso","isPartOf":{"@id":"https:\/\/www.africa-press.net\/burkina-faso\/#website"},"primaryImageOfPage":{"@id":"https:\/\/www.africa-press.net\/burkina-faso\/culture-et-art\/burkina-faso-le-club-aurore-organise-une-caravane-de-conference-educative#primaryimage"},"image":{"@id":"https:\/\/www.africa-press.net\/burkina-faso\/culture-et-art\/burkina-faso-le-club-aurore-organise-une-caravane-de-conference-educative#primaryimage"},"thumbnailUrl":"https:\/\/static.africa-press.net\/burkina\/sites\/42\/2021\/04\/img-6082bd5bed3e3.jpg","datePublished":"2021-04-23T13:01:29+00:00","dateModified":"2021-04-23T13:41:29+00:00","author":{"@id":"https:\/\/www.africa-press.net\/burkina-faso\/#\/schema\/person\/2b1cf3cd81a31e3cd26889ca66d677f1"},"description":"Dans le but d\u2019apporter sa contribution \u00e0 la construction d\u2019un Burkina prosp\u00e8re et stable, le \u00ab Club Aurore \u00bb a initi\u00e9 un ...","breadcrumb":{"@id":"https:\/\/www.africa-press.net\/burkina-faso\/culture-et-art\/burkina-faso-le-club-aurore-organise-une-caravane-de-conference-educative#breadcrumb"},"inLanguage":"fr-FR","potentialAction":[{"@type":"ReadAction","target":["https:\/\/www.africa-press.net\/burkina-faso\/culture-et-art\/burkina-faso-le-club-aurore-organise-une-caravane-de-conference-educative"]}]},{"@type":"ImageObject","inLanguage":"fr-FR","@id":"https:\/\/www.africa-press.net\/burkina-faso\/culture-et-art\/burkina-faso-le-club-aurore-organise-une-caravane-de-conference-educative#primaryimage","url":"https:\/\/static.africa-press.net\/burkina\/sites\/42\/2021\/04\/img-6082bd5bed3e3.jpg","contentUrl":"https:\/\/static.africa-press.net\/burkina\/sites\/42\/2021\/04\/img-6082bd5bed3e3.jpg","width":1024,"height":555,"caption":"Burkina Faso\u00a0: Le \u00ab\u00a0Club Aurore\u00a0\u00bb\u00a0 organise une caravane de conf\u00e9rence \u00e9ducative"},{"@type":"BreadcrumbList","@id":"https:\/\/www.africa-press.net\/burkina-faso\/culture-et-art\/burkina-faso-le-club-aurore-organise-une-caravane-de-conference-educative#breadcrumb","itemListElement":[{"@type":"ListItem","position":1,"name":"Accueil","item":"https:\/\/www.africa-press.net\/burkina-faso\/"},{"@type":"ListItem","position":2,"name":"Le \u00ab\u00a0Club Aurore\u00a0\u00bb\u00a0 organise une caravane de conf\u00e9rence \u00e9ducative"}]},{"@type":"WebSite","@id":"https:\/\/www.africa-press.net\/burkina-faso\/#website","url":"https:\/\/www.africa-press.net\/burkina-faso\/","name":"Burkina Faso","description":"Just another Africa News Agency Sites site","potentialAction":[{"@type":"SearchAction","target":{"@type":"EntryPoint","urlTemplate":"https:\/\/www.africa-press.net\/burkina-faso\/?s={search_term_string}"},"query-input":{"@type":"PropertyValueSpecification","valueRequired":true,"valueName":"search_term_string"}}],"inLanguage":"fr-FR"},{"@type":"Person","@id":"https:\/\/www.africa-press.net\/burkina-faso\/#\/schema\/person\/2b1cf3cd81a31e3cd26889ca66d677f1","name":"cfeditorfr"}]}},"_links":{"self":[{"href":"https:\/\/www.africa-press.net\/burkina-faso\/wp-json\/wp\/v2\/posts\/10412","targetHints":{"allow":["GET"]}}],"collection":[{"href":"https:\/\/www.africa-press.net\/burkina-faso\/wp-json\/wp\/v2\/posts"}],"about":[{"href":"https:\/\/www.africa-press.net\/burkina-faso\/wp-json\/wp\/v2\/types\/post"}],"author":[{"embeddable":true,"href":"https:\/\/www.africa-press.net\/burkina-faso\/wp-json\/wp\/v2\/users\/82"}],"replies":[{"embeddable":true,"href":"https:\/\/www.africa-press.net\/burkina-faso\/wp-json\/wp\/v2\/comments?post=10412"}],"version-history":[{"count":0,"href":"https:\/\/www.africa-press.net\/burkina-faso\/wp-json\/wp\/v2\/posts\/10412\/revisions"}],"wp:featuredmedia":[{"embeddable":true,"href":"https:\/\/www.africa-press.net\/burkina-faso\/wp-json\/wp\/v2\/media\/10411"}],"wp:attachment":[{"href":"https:\/\/www.africa-press.net\/burkina-faso\/wp-json\/wp\/v2\/media?parent=10412"}],"wp:term":[{"taxonomy":"category","embeddable":true,"href":"https:\/\/www.africa-press.net\/burkina-faso\/wp-json\/wp\/v2\/categories?post=10412"},{"taxonomy":"post_tag","embeddable":true,"href":"https:\/\/www.africa-press.net\/burkina-faso\/wp-json\/wp\/v2\/tags?post=10412"}],"curies":[{"name":"wp","href":"https:\/\/api.w.org\/{rel}","templated":true}]}}