{"id":10418,"date":"2021-04-23T13:14:58","date_gmt":"2021-04-23T13:14:58","guid":{"rendered":"https:\/\/www.africa-press.net\/burkina-faso\/?p=10418"},"modified":"2021-04-23T13:41:54","modified_gmt":"2021-04-23T13:41:54","slug":"etat-de-sante-au-burkina-faso-le-rame-livre-le-contenu-de-son-rapport-de-lannee-2020","status":"publish","type":"post","link":"https:\/\/www.africa-press.net\/burkina-faso\/toutes-les-actualites\/etat-de-sante-au-burkina-faso-le-rame-livre-le-contenu-de-son-rapport-de-lannee-2020","title":{"rendered":"Etat de sant\u00e9 au Burkina Faso: Le RAME livre le contenu de son rapport de l\u2019ann\u00e9e 2020"},"content":{"rendered":"<p><span style=\"color: #ff6600\"><strong><a href=\"https:\/\/www.africa-press.net\/\">Africa-Press<\/a> &#8211; <a href=\"https:\/\/www.africa-press.net\/burkina-faso\">Burkina Faso<\/a>. <\/strong><\/span>Le R\u00e9seau acc\u00e8s aux m\u00e9dicaments essentiels (RAME) a pr\u00e9sent\u00e9 le rapport annuel 2020 sur l\u2019\u00e9tat de la sant\u00e9 au Burkina Faso. C\u2019\u00e9tait ce jeudi 22 avril 2021 \u00e0 Ouagadougou.<\/p>\n<p>Dans l\u2019optique de faire l\u2019\u00e9tat des lieux de l\u2019acc\u00e8s aux soins de sant\u00e9 pour les maladies prioritaires au Burkina Faso, le r\u00e9seau acc\u00e8s aux m\u00e9dicaments essentiels (RAME) a mis en place un observatoire citoyen sur l\u2019acc\u00e8s aux services de sant\u00e9 (OCASS). Ladite structure a pr\u00e9sent\u00e9 l\u2019analyse de la veille citoyenne sur la situation de l\u2019acc\u00e8s aux soins de sant\u00e9 au Burkina Faso en 2020.<\/p>\n<p>Le constat qui se d\u00e9gage de l\u2019\u00e9tat de sant\u00e9 est satisfaisant dans certains cas, selon la secr\u00e9taire g\u00e9n\u00e9rale du conseil d\u2019administration du RAME, Apolline Soulama. Pour elle, seulement 1,95% des cas de paludisme n\u2019ont pas \u00e9t\u00e9 diagnostiqu\u00e9s. \u00ab Il y a une bonne confirmation des cas de paludisme \u00e0 l\u2019aide de test de diagnostic \u00bb, a-t-elle expliqu\u00e9. Selon ses propos, 98% des patients ont eu des propositions sur le test VIH. Il faut noter \u00e9galement que l\u2019accueil au niveau des services de sant\u00e9s a \u00e9t\u00e9 positivement appr\u00e9ci\u00e9 par les usagers.<\/p>\n<p>Cependant, le rapport produit par le RAME r\u00e9v\u00e8le des dysfonctionnements \u00e0 plusieurs niveaux. Un constat qui a conduit les usagers \u00e0 montrer qu\u2019ils n\u2019\u00e9taient pas satisfaits par rapport au service dans certains centres de sant\u00e9. \u00ab Le RAME a relev\u00e9 389 cas de ruptures de m\u00e9dicaments pour la prise en charge du VIH et d\u2019examens qui ont \u00e9t\u00e9 signal\u00e9s. Selon ce m\u00eame rapport, 54,75% des personnes d\u00e9pist\u00e9es positives ne sont pas mises imm\u00e9diatement sous traitement. 10% des formations sanitaires surtout en milieu rural ont un personnel ne r\u00e9pondant pas \u00e0 la norme \u00bb, a indiqu\u00e9 Apolline Soulama.<\/p>\n<p>Des remarques qui traduisent la \u00ab situation tr\u00e8s piteuse \u00bb des formations sanitaires, selon la secr\u00e9taire g\u00e9n\u00e9rale du conseil d\u2019administration du RAME. Une situation qui traduit \u00e9galement \u00ab le calvaire \u00bb v\u00e9cu par les usagers. Face \u00e0 ces faits, le RAME a interpell\u00e9 le gouvernement \u00e0 prendre ses responsabilit\u00e9s pour respecter le droit \u00e0 la sant\u00e9 pour les populations. Revenant sur l\u2019achat des vaccins contre le Covid-19, le directeur ex\u00e9cutif du RAME, Hamidou Ou\u00e9draogo, a souhait\u00e9 que cette somme puisse \u00e9galement servir \u00e0 faire un renforcement du syst\u00e8me de sant\u00e9.<\/p>\n<p>En guise d\u2019information, il faut retenir que le R\u00e9seau acc\u00e8s aux m\u00e9dicaments essentiels (RAME) est une organisation de la soci\u00e9t\u00e9 civile qui s\u2019est donn\u00e9e pour mission d\u2019influencer les politiques publiques de sant\u00e9 pour un acc\u00e8s \u00e9quitable des populations aux soins de sant\u00e9 de qualit\u00e9. C\u2019est dans la poursuite de cette mission que le RAME a mis en place un observatoire citoyen sur l\u2019acc\u00e8s aux services de sant\u00e9 (OCASS). Sanata GANSAGNE (stagiaire) Burkina24<\/p>\n","protected":false},"excerpt":{"rendered":"<p>Africa-Press &#8211; Burkina Faso. Le R\u00e9seau acc\u00e8s aux m\u00e9dicaments essentiels (RAME) a pr\u00e9sent\u00e9 le rapport annuel 2020 sur l\u2019\u00e9tat de la sant\u00e9 au Burkina Faso. C\u2019\u00e9tait ce jeudi 22 avril 2021 \u00e0 Ouagadougou. Dans l\u2019optique de faire l\u2019\u00e9tat des lieux de l\u2019acc\u00e8s aux soins de sant\u00e9 pour les maladies prioritaires au Burkina Faso, le r\u00e9seau [&hellip;]<\/p>\n","protected":false},"author":82,"featured_media":10417,"comment_status":"open","ping_status":"closed","sticky":false,"template":"","format":"standard","meta":{"footnotes":""},"categories":[21,11,10],"tags":[111,725,29],"class_list":["post-10418","post","type-post","status-publish","format-standard","has-post-thumbnail","hentry","category-communaute","category-homepage-french","category-toutes-les-actualites","tag-africa-press","tag-africa-press-burkina-faso","tag-burkina-faso"],"yoast_head":"<!-- This site is optimized with the Yoast SEO Premium plugin v26.1 (Yoast SEO v27.0) - https:\/\/yoast.com\/product\/yoast-seo-premium-wordpress\/ -->\n<title>Etat de sant\u00e9 au Burkina Faso: Le RAME livre le contenu de son rapport de l\u2019ann\u00e9e 2020 - Burkina Faso<\/title>\n<meta name=\"description\" content=\"Le R\u00e9seau acc\u00e8s aux m\u00e9dicaments essentiels (RAME) a pr\u00e9sent\u00e9 le rapport annuel 2020 sur l\u2019\u00e9tat de la sant\u00e9 au Burkina Fa ...\" \/>\n<meta name=\"robots\" content=\"index, follow, max-snippet:-1, max-image-preview:large, max-video-preview:-1\" \/>\n<link rel=\"canonical\" href=\"https:\/\/www.africa-press.net\/burkina-faso\/toutes-les-actualites\/etat-de-sante-au-burkina-faso-le-rame-livre-le-contenu-de-son-rapport-de-lannee-2020\" \/>\n<meta property=\"og:locale\" content=\"fr_FR\" \/>\n<meta property=\"og:type\" content=\"article\" \/>\n<meta property=\"og:title\" content=\"Etat de sant\u00e9 au Burkina Faso: Le RAME livre le contenu de son rapport de l\u2019ann\u00e9e 2020\" \/>\n<meta property=\"og:description\" content=\"Le R\u00e9seau acc\u00e8s aux m\u00e9dicaments essentiels (RAME) a pr\u00e9sent\u00e9 le rapport annuel 2020 sur l\u2019\u00e9tat de la sant\u00e9 au Burkina Fa ...\" \/>\n<meta property=\"og:url\" content=\"https:\/\/www.africa-press.net\/burkina-faso\/toutes-les-actualites\/etat-de-sante-au-burkina-faso-le-rame-livre-le-contenu-de-son-rapport-de-lannee-2020\" \/>\n<meta property=\"og:site_name\" content=\"Burkina Faso\" \/>\n<meta property=\"article:published_time\" content=\"2021-04-23T13:14:58+00:00\" \/>\n<meta property=\"article:modified_time\" content=\"2021-04-23T13:41:54+00:00\" \/>\n<meta property=\"og:image\" content=\"https:\/\/static.africa-press.net\/burkina\/sites\/42\/2021\/04\/img-6082bdb53af63.jpg\" \/>\n\t<meta property=\"og:image:width\" content=\"1024\" \/>\n\t<meta property=\"og:image:height\" content=\"512\" \/>\n\t<meta property=\"og:image:type\" content=\"image\/jpeg\" \/>\n<meta name=\"author\" content=\"cfeditorfr\" \/>\n<meta name=\"twitter:card\" content=\"summary_large_image\" \/>\n<meta name=\"twitter:label1\" content=\"\u00c9crit par\" \/>\n\t<meta name=\"twitter:data1\" content=\"cfeditorfr\" \/>\n\t<meta name=\"twitter:label2\" content=\"Dur\u00e9e de lecture estim\u00e9e\" \/>\n\t<meta name=\"twitter:data2\" content=\"2 minutes\" \/>\n<script type=\"application\/ld+json\" class=\"yoast-schema-graph\">{\"@context\":\"https:\/\/schema.org\",\"@graph\":[{\"@type\":\"Article\",\"@id\":\"https:\/\/www.africa-press.net\/burkina-faso\/toutes-les-actualites\/etat-de-sante-au-burkina-faso-le-rame-livre-le-contenu-de-son-rapport-de-lannee-2020#article\",\"isPartOf\":{\"@id\":\"https:\/\/www.africa-press.net\/burkina-faso\/toutes-les-actualites\/etat-de-sante-au-burkina-faso-le-rame-livre-le-contenu-de-son-rapport-de-lannee-2020\"},\"author\":{\"name\":\"cfeditorfr\",\"@id\":\"https:\/\/www.africa-press.net\/burkina-faso\/#\/schema\/person\/2b1cf3cd81a31e3cd26889ca66d677f1\"},\"headline\":\"Etat de sant\u00e9 au Burkina Faso: Le RAME livre le contenu de son rapport de l\u2019ann\u00e9e 2020\",\"datePublished\":\"2021-04-23T13:14:58+00:00\",\"dateModified\":\"2021-04-23T13:41:54+00:00\",\"mainEntityOfPage\":{\"@id\":\"https:\/\/www.africa-press.net\/burkina-faso\/toutes-les-actualites\/etat-de-sante-au-burkina-faso-le-rame-livre-le-contenu-de-son-rapport-de-lannee-2020\"},\"wordCount\":504,\"commentCount\":0,\"image\":{\"@id\":\"https:\/\/www.africa-press.net\/burkina-faso\/toutes-les-actualites\/etat-de-sante-au-burkina-faso-le-rame-livre-le-contenu-de-son-rapport-de-lannee-2020#primaryimage\"},\"thumbnailUrl\":\"https:\/\/static.africa-press.net\/burkina\/sites\/42\/2021\/04\/img-6082bdb53af63.jpg\",\"keywords\":[\"Africa Press\",\"Africa Press-Burkina Faso\",\"Burkina Faso\"],\"articleSection\":[\"Communaut\u00e9\",\"homepage-french\",\"Toutes les actualit\u00e9s\"],\"inLanguage\":\"fr-FR\",\"potentialAction\":[{\"@type\":\"CommentAction\",\"name\":\"Comment\",\"target\":[\"https:\/\/www.africa-press.net\/burkina-faso\/toutes-les-actualites\/etat-de-sante-au-burkina-faso-le-rame-livre-le-contenu-de-son-rapport-de-lannee-2020#respond\"]}]},{\"@type\":\"WebPage\",\"@id\":\"https:\/\/www.africa-press.net\/burkina-faso\/toutes-les-actualites\/etat-de-sante-au-burkina-faso-le-rame-livre-le-contenu-de-son-rapport-de-lannee-2020\",\"url\":\"https:\/\/www.africa-press.net\/burkina-faso\/toutes-les-actualites\/etat-de-sante-au-burkina-faso-le-rame-livre-le-contenu-de-son-rapport-de-lannee-2020\",\"name\":\"Etat de sant\u00e9 au Burkina Faso: Le RAME livre le contenu de son rapport de l\u2019ann\u00e9e 2020 - Burkina Faso\",\"isPartOf\":{\"@id\":\"https:\/\/www.africa-press.net\/burkina-faso\/#website\"},\"primaryImageOfPage\":{\"@id\":\"https:\/\/www.africa-press.net\/burkina-faso\/toutes-les-actualites\/etat-de-sante-au-burkina-faso-le-rame-livre-le-contenu-de-son-rapport-de-lannee-2020#primaryimage\"},\"image\":{\"@id\":\"https:\/\/www.africa-press.net\/burkina-faso\/toutes-les-actualites\/etat-de-sante-au-burkina-faso-le-rame-livre-le-contenu-de-son-rapport-de-lannee-2020#primaryimage\"},\"thumbnailUrl\":\"https:\/\/static.africa-press.net\/burkina\/sites\/42\/2021\/04\/img-6082bdb53af63.jpg\",\"datePublished\":\"2021-04-23T13:14:58+00:00\",\"dateModified\":\"2021-04-23T13:41:54+00:00\",\"author\":{\"@id\":\"https:\/\/www.africa-press.net\/burkina-faso\/#\/schema\/person\/2b1cf3cd81a31e3cd26889ca66d677f1\"},\"description\":\"Le R\u00e9seau acc\u00e8s aux m\u00e9dicaments essentiels (RAME) a pr\u00e9sent\u00e9 le rapport annuel 2020 sur l\u2019\u00e9tat de la sant\u00e9 au Burkina Fa ...\",\"breadcrumb\":{\"@id\":\"https:\/\/www.africa-press.net\/burkina-faso\/toutes-les-actualites\/etat-de-sante-au-burkina-faso-le-rame-livre-le-contenu-de-son-rapport-de-lannee-2020#breadcrumb\"},\"inLanguage\":\"fr-FR\",\"potentialAction\":[{\"@type\":\"ReadAction\",\"target\":[\"https:\/\/www.africa-press.net\/burkina-faso\/toutes-les-actualites\/etat-de-sante-au-burkina-faso-le-rame-livre-le-contenu-de-son-rapport-de-lannee-2020\"]}]},{\"@type\":\"ImageObject\",\"inLanguage\":\"fr-FR\",\"@id\":\"https:\/\/www.africa-press.net\/burkina-faso\/toutes-les-actualites\/etat-de-sante-au-burkina-faso-le-rame-livre-le-contenu-de-son-rapport-de-lannee-2020#primaryimage\",\"url\":\"https:\/\/static.africa-press.net\/burkina\/sites\/42\/2021\/04\/img-6082bdb53af63.jpg\",\"contentUrl\":\"https:\/\/static.africa-press.net\/burkina\/sites\/42\/2021\/04\/img-6082bdb53af63.jpg\",\"width\":1024,\"height\":512,\"caption\":\"Etat de sant\u00e9 au Burkina Faso: Le RAME livre le contenu de son rapport de l\u2019ann\u00e9e 2020\"},{\"@type\":\"BreadcrumbList\",\"@id\":\"https:\/\/www.africa-press.net\/burkina-faso\/toutes-les-actualites\/etat-de-sante-au-burkina-faso-le-rame-livre-le-contenu-de-son-rapport-de-lannee-2020#breadcrumb\",\"itemListElement\":[{\"@type\":\"ListItem\",\"position\":1,\"name\":\"Accueil\",\"item\":\"https:\/\/www.africa-press.net\/burkina-faso\/\"},{\"@type\":\"ListItem\",\"position\":2,\"name\":\"Etat de sant\u00e9 au Burkina Faso: Le RAME livre le contenu de son rapport de l\u2019ann\u00e9e 2020\"}]},{\"@type\":\"WebSite\",\"@id\":\"https:\/\/www.africa-press.net\/burkina-faso\/#website\",\"url\":\"https:\/\/www.africa-press.net\/burkina-faso\/\",\"name\":\"Burkina Faso\",\"description\":\"Just another Africa News Agency Sites site\",\"potentialAction\":[{\"@type\":\"SearchAction\",\"target\":{\"@type\":\"EntryPoint\",\"urlTemplate\":\"https:\/\/www.africa-press.net\/burkina-faso\/?s={search_term_string}\"},\"query-input\":{\"@type\":\"PropertyValueSpecification\",\"valueRequired\":true,\"valueName\":\"search_term_string\"}}],\"inLanguage\":\"fr-FR\"},{\"@type\":\"Person\",\"@id\":\"https:\/\/www.africa-press.net\/burkina-faso\/#\/schema\/person\/2b1cf3cd81a31e3cd26889ca66d677f1\",\"name\":\"cfeditorfr\"}]}<\/script>\n<!-- \/ Yoast SEO Premium plugin. -->","yoast_head_json":{"title":"Etat de sant\u00e9 au Burkina Faso: Le RAME livre le contenu de son rapport de l\u2019ann\u00e9e 2020 - Burkina Faso","description":"Le R\u00e9seau acc\u00e8s aux m\u00e9dicaments essentiels (RAME) a pr\u00e9sent\u00e9 le rapport annuel 2020 sur l\u2019\u00e9tat de la sant\u00e9 au Burkina Fa ...","robots":{"index":"index","follow":"follow","max-snippet":"max-snippet:-1","max-image-preview":"max-image-preview:large","max-video-preview":"max-video-preview:-1"},"canonical":"https:\/\/www.africa-press.net\/burkina-faso\/toutes-les-actualites\/etat-de-sante-au-burkina-faso-le-rame-livre-le-contenu-de-son-rapport-de-lannee-2020","og_locale":"fr_FR","og_type":"article","og_title":"Etat de sant\u00e9 au Burkina Faso: Le RAME livre le contenu de son rapport de l\u2019ann\u00e9e 2020","og_description":"Le R\u00e9seau acc\u00e8s aux m\u00e9dicaments essentiels (RAME) a pr\u00e9sent\u00e9 le rapport annuel 2020 sur l\u2019\u00e9tat de la sant\u00e9 au Burkina Fa ...","og_url":"https:\/\/www.africa-press.net\/burkina-faso\/toutes-les-actualites\/etat-de-sante-au-burkina-faso-le-rame-livre-le-contenu-de-son-rapport-de-lannee-2020","og_site_name":"Burkina Faso","article_published_time":"2021-04-23T13:14:58+00:00","article_modified_time":"2021-04-23T13:41:54+00:00","og_image":[{"width":1024,"height":512,"url":"https:\/\/static.africa-press.net\/burkina\/sites\/42\/2021\/04\/img-6082bdb53af63.jpg","type":"image\/jpeg"}],"author":"cfeditorfr","twitter_card":"summary_large_image","twitter_misc":{"\u00c9crit par":"cfeditorfr","Dur\u00e9e de lecture estim\u00e9e":"2 minutes"},"schema":{"@context":"https:\/\/schema.org","@graph":[{"@type":"Article","@id":"https:\/\/www.africa-press.net\/burkina-faso\/toutes-les-actualites\/etat-de-sante-au-burkina-faso-le-rame-livre-le-contenu-de-son-rapport-de-lannee-2020#article","isPartOf":{"@id":"https:\/\/www.africa-press.net\/burkina-faso\/toutes-les-actualites\/etat-de-sante-au-burkina-faso-le-rame-livre-le-contenu-de-son-rapport-de-lannee-2020"},"author":{"name":"cfeditorfr","@id":"https:\/\/www.africa-press.net\/burkina-faso\/#\/schema\/person\/2b1cf3cd81a31e3cd26889ca66d677f1"},"headline":"Etat de sant\u00e9 au Burkina Faso: Le RAME livre le contenu de son rapport de l\u2019ann\u00e9e 2020","datePublished":"2021-04-23T13:14:58+00:00","dateModified":"2021-04-23T13:41:54+00:00","mainEntityOfPage":{"@id":"https:\/\/www.africa-press.net\/burkina-faso\/toutes-les-actualites\/etat-de-sante-au-burkina-faso-le-rame-livre-le-contenu-de-son-rapport-de-lannee-2020"},"wordCount":504,"commentCount":0,"image":{"@id":"https:\/\/www.africa-press.net\/burkina-faso\/toutes-les-actualites\/etat-de-sante-au-burkina-faso-le-rame-livre-le-contenu-de-son-rapport-de-lannee-2020#primaryimage"},"thumbnailUrl":"https:\/\/static.africa-press.net\/burkina\/sites\/42\/2021\/04\/img-6082bdb53af63.jpg","keywords":["Africa Press","Africa Press-Burkina Faso","Burkina Faso"],"articleSection":["Communaut\u00e9","homepage-french","Toutes les actualit\u00e9s"],"inLanguage":"fr-FR","potentialAction":[{"@type":"CommentAction","name":"Comment","target":["https:\/\/www.africa-press.net\/burkina-faso\/toutes-les-actualites\/etat-de-sante-au-burkina-faso-le-rame-livre-le-contenu-de-son-rapport-de-lannee-2020#respond"]}]},{"@type":"WebPage","@id":"https:\/\/www.africa-press.net\/burkina-faso\/toutes-les-actualites\/etat-de-sante-au-burkina-faso-le-rame-livre-le-contenu-de-son-rapport-de-lannee-2020","url":"https:\/\/www.africa-press.net\/burkina-faso\/toutes-les-actualites\/etat-de-sante-au-burkina-faso-le-rame-livre-le-contenu-de-son-rapport-de-lannee-2020","name":"Etat de sant\u00e9 au Burkina Faso: Le RAME livre le contenu de son rapport de l\u2019ann\u00e9e 2020 - Burkina Faso","isPartOf":{"@id":"https:\/\/www.africa-press.net\/burkina-faso\/#website"},"primaryImageOfPage":{"@id":"https:\/\/www.africa-press.net\/burkina-faso\/toutes-les-actualites\/etat-de-sante-au-burkina-faso-le-rame-livre-le-contenu-de-son-rapport-de-lannee-2020#primaryimage"},"image":{"@id":"https:\/\/www.africa-press.net\/burkina-faso\/toutes-les-actualites\/etat-de-sante-au-burkina-faso-le-rame-livre-le-contenu-de-son-rapport-de-lannee-2020#primaryimage"},"thumbnailUrl":"https:\/\/static.africa-press.net\/burkina\/sites\/42\/2021\/04\/img-6082bdb53af63.jpg","datePublished":"2021-04-23T13:14:58+00:00","dateModified":"2021-04-23T13:41:54+00:00","author":{"@id":"https:\/\/www.africa-press.net\/burkina-faso\/#\/schema\/person\/2b1cf3cd81a31e3cd26889ca66d677f1"},"description":"Le R\u00e9seau acc\u00e8s aux m\u00e9dicaments essentiels (RAME) a pr\u00e9sent\u00e9 le rapport annuel 2020 sur l\u2019\u00e9tat de la sant\u00e9 au Burkina Fa ...","breadcrumb":{"@id":"https:\/\/www.africa-press.net\/burkina-faso\/toutes-les-actualites\/etat-de-sante-au-burkina-faso-le-rame-livre-le-contenu-de-son-rapport-de-lannee-2020#breadcrumb"},"inLanguage":"fr-FR","potentialAction":[{"@type":"ReadAction","target":["https:\/\/www.africa-press.net\/burkina-faso\/toutes-les-actualites\/etat-de-sante-au-burkina-faso-le-rame-livre-le-contenu-de-son-rapport-de-lannee-2020"]}]},{"@type":"ImageObject","inLanguage":"fr-FR","@id":"https:\/\/www.africa-press.net\/burkina-faso\/toutes-les-actualites\/etat-de-sante-au-burkina-faso-le-rame-livre-le-contenu-de-son-rapport-de-lannee-2020#primaryimage","url":"https:\/\/static.africa-press.net\/burkina\/sites\/42\/2021\/04\/img-6082bdb53af63.jpg","contentUrl":"https:\/\/static.africa-press.net\/burkina\/sites\/42\/2021\/04\/img-6082bdb53af63.jpg","width":1024,"height":512,"caption":"Etat de sant\u00e9 au Burkina Faso: Le RAME livre le contenu de son rapport de l\u2019ann\u00e9e 2020"},{"@type":"BreadcrumbList","@id":"https:\/\/www.africa-press.net\/burkina-faso\/toutes-les-actualites\/etat-de-sante-au-burkina-faso-le-rame-livre-le-contenu-de-son-rapport-de-lannee-2020#breadcrumb","itemListElement":[{"@type":"ListItem","position":1,"name":"Accueil","item":"https:\/\/www.africa-press.net\/burkina-faso\/"},{"@type":"ListItem","position":2,"name":"Etat de sant\u00e9 au Burkina Faso: Le RAME livre le contenu de son rapport de l\u2019ann\u00e9e 2020"}]},{"@type":"WebSite","@id":"https:\/\/www.africa-press.net\/burkina-faso\/#website","url":"https:\/\/www.africa-press.net\/burkina-faso\/","name":"Burkina Faso","description":"Just another Africa News Agency Sites site","potentialAction":[{"@type":"SearchAction","target":{"@type":"EntryPoint","urlTemplate":"https:\/\/www.africa-press.net\/burkina-faso\/?s={search_term_string}"},"query-input":{"@type":"PropertyValueSpecification","valueRequired":true,"valueName":"search_term_string"}}],"inLanguage":"fr-FR"},{"@type":"Person","@id":"https:\/\/www.africa-press.net\/burkina-faso\/#\/schema\/person\/2b1cf3cd81a31e3cd26889ca66d677f1","name":"cfeditorfr"}]}},"_links":{"self":[{"href":"https:\/\/www.africa-press.net\/burkina-faso\/wp-json\/wp\/v2\/posts\/10418","targetHints":{"allow":["GET"]}}],"collection":[{"href":"https:\/\/www.africa-press.net\/burkina-faso\/wp-json\/wp\/v2\/posts"}],"about":[{"href":"https:\/\/www.africa-press.net\/burkina-faso\/wp-json\/wp\/v2\/types\/post"}],"author":[{"embeddable":true,"href":"https:\/\/www.africa-press.net\/burkina-faso\/wp-json\/wp\/v2\/users\/82"}],"replies":[{"embeddable":true,"href":"https:\/\/www.africa-press.net\/burkina-faso\/wp-json\/wp\/v2\/comments?post=10418"}],"version-history":[{"count":0,"href":"https:\/\/www.africa-press.net\/burkina-faso\/wp-json\/wp\/v2\/posts\/10418\/revisions"}],"wp:featuredmedia":[{"embeddable":true,"href":"https:\/\/www.africa-press.net\/burkina-faso\/wp-json\/wp\/v2\/media\/10417"}],"wp:attachment":[{"href":"https:\/\/www.africa-press.net\/burkina-faso\/wp-json\/wp\/v2\/media?parent=10418"}],"wp:term":[{"taxonomy":"category","embeddable":true,"href":"https:\/\/www.africa-press.net\/burkina-faso\/wp-json\/wp\/v2\/categories?post=10418"},{"taxonomy":"post_tag","embeddable":true,"href":"https:\/\/www.africa-press.net\/burkina-faso\/wp-json\/wp\/v2\/tags?post=10418"}],"curies":[{"name":"wp","href":"https:\/\/api.w.org\/{rel}","templated":true}]}}