{"id":10427,"date":"2021-04-23T13:40:36","date_gmt":"2021-04-23T13:40:36","guid":{"rendered":"https:\/\/www.africa-press.net\/burkina-faso\/?p=10427"},"modified":"2021-04-23T13:42:10","modified_gmt":"2021-04-23T13:42:10","slug":"journee-mondiale-du-livre-et-du-droit-dauteur-le-message-du-ministre-de-la-culture-des-arts-et-du-tourisme","status":"publish","type":"post","link":"https:\/\/www.africa-press.net\/burkina-faso\/culture-et-art\/journee-mondiale-du-livre-et-du-droit-dauteur-le-message-du-ministre-de-la-culture-des-arts-et-du-tourisme","title":{"rendered":"Journ\u00e9e mondiale du livre et du droit d\u2019auteur: le message du ministre de la Culture, des Arts et du Tourisme"},"content":{"rendered":"<p><span style=\"color: #ff6600\"><strong><a href=\"https:\/\/www.africa-press.net\/\">Africa-Press<\/a> &#8211; <a href=\"https:\/\/www.africa-press.net\/burkina-faso\">Burkina Faso<\/a>. <\/strong><\/span>La date du 23 avril a \u00e9t\u00e9 choisie par la conf\u00e9rence g\u00e9n\u00e9rale de l\u2019UNESCO pour rendre un hommage aux acteurs de la chaine du livre et du droit d\u2019auteur. En cette date symbolique pour la litt\u00e9rature universelle, j\u2019exprime \u00e0 tous ces acteurs ma profonde reconnaissance pour l\u2019\u0153uvre de construction de nos soci\u00e9t\u00e9s. Je note que le livre a cette capacit\u00e9 unique de nous divertir, de nous instruire, d\u2019\u00eatre \u00e0 la fois l\u2019instrument d\u2019une sortie de soi, d\u2019une rencontre avec les autres et d\u2019offrir un temps o\u00f9 plonger plus profond\u00e9ment en soi-m\u00eame. En somme, le livre est un puissant moyen de r\u00e9alisation du r\u00eave d\u2019un monde sans ignorance, de paix et de bien-\u00eatre. Il est donc tr\u00e8s important pour nous, de prendre le temps de lire, seul ou avec ses enfants mais aussi de faire grandir ces derniers en tant que lecteurs, en leur transmettant l\u2019amour de la litt\u00e9rature, qui durera la vie enti\u00e8re. De m\u00eame, le droit d\u2019auteur est l\u2019un des \u00e9l\u00e9ments fondamentaux du plein \u00e9panouissement de nos cr\u00e9ateurs. S\u2019ils vivent pour leur art, il est imp\u00e9rieux qu\u2019ils vivent \u00e9galement de leur art. Cette journ\u00e9e nous impose \u00e9galement une d\u00e9marche introspective pour appr\u00e9cier nos actions en faveur de ces deux secteurs. Je me r\u00e9jouis des r\u00e9sultats atteints au cours de ces derni\u00e8res ann\u00e9es ; plus particuli\u00e8rement de l\u2019adoption par la Repr\u00e9sentation nationale, en 2019, de la loi 048, portant protection de la propri\u00e9t\u00e9 litt\u00e9raire et artistique, et de la loi 049, orientation du livre et de la lecture publique au Burkina Faso. Ces actes forts t\u00e9moignent de l\u2019engagement des autorit\u00e9s \u00e0 placer le livre et le droit d\u2019auteur au c\u0153ur des politiques de d\u00e9veloppement de notre pays. Et le gouvernement entend poursuivre la dynamique, en intensifiant la lutte contre la contrefa\u00e7on des \u0153uvres litt\u00e9raires et artistiques et en renfor\u00e7ant la culture du droit d\u2019auteur aupr\u00e8s des utilisateurs des produits artistiques.<br \/>\nCe 23 avril marque \u00e9galement le lancement des activit\u00e9s de \u2018\u2019Tbilissi, Capitale mondiale du livre 2021\u2019\u2019. Au cours de cette ann\u00e9e, la Capitale g\u00e9orgienne sera \u00e0 l\u2019honneur pour magnifier le livre et la lecture. Ouagadougou \u00e9galement m\u00e9rite cet honneur. J\u2019invite donc tous les acteurs \u00e0 une synergie d\u2019actions, afin que, les ann\u00e9es \u00e0 venir, nous puissions aussi c\u00e9l\u00e9brer \u2018\u2019Ouagadougou, Capitale mondiale du livre\u2019\u2019. Je les invite \u00e9galement \u00e0 la conjonction des efforts pour assurer la relance prochaine et l\u2019institution du Grand prix du livre du Pr\u00e9sident du Faso qui sera attribu\u00e9 le 23 avril de chaque ann\u00e9e. Je les invite enfin \u00e0 \u0153uvrer \u00e0 la reprise des travaux de construction de la Biblioth\u00e8que nationale du Burkina.<br \/>\nJ\u2019ai la ferme conviction qu\u2019ensemble nous y arriverons ; que c\u2019est seulement ensemble que nous saurons relever ces diff\u00e9rents d\u00e9fis.<\/p>\n<p>Vive le livre, pour que vive<br \/>\nle droit d\u2019auteur !<br \/>\n\u00ab Une nation qui lit est une Nation qui gagne \u00bb Bonne f\u00eate \u00e0 toutes et \u00e0 tous ! Elise Foniyama Ilboudo\/Thiombiano<\/p>\n","protected":false},"excerpt":{"rendered":"<p>Africa-Press &#8211; Burkina Faso. La date du 23 avril a \u00e9t\u00e9 choisie par la conf\u00e9rence g\u00e9n\u00e9rale de l\u2019UNESCO pour rendre un hommage aux acteurs de la chaine du livre et du droit d\u2019auteur. En cette date symbolique pour la litt\u00e9rature universelle, j\u2019exprime \u00e0 tous ces acteurs ma profonde reconnaissance pour l\u2019\u0153uvre de construction de nos [&hellip;]<\/p>\n","protected":false},"author":82,"featured_media":10426,"comment_status":"open","ping_status":"closed","sticky":false,"template":"","format":"standard","meta":{"footnotes":""},"categories":[5,11,10],"tags":[111,725,29],"class_list":["post-10427","post","type-post","status-publish","format-standard","has-post-thumbnail","hentry","category-culture-et-art","category-homepage-french","category-toutes-les-actualites","tag-africa-press","tag-africa-press-burkina-faso","tag-burkina-faso"],"yoast_head":"<!-- This site is optimized with the Yoast SEO Premium plugin v26.1 (Yoast SEO v27.0) - https:\/\/yoast.com\/product\/yoast-seo-premium-wordpress\/ -->\n<title>Journ\u00e9e mondiale du livre et du droit d\u2019auteur: le message du ministre de la Culture, des Arts et du Tourisme - Burkina Faso<\/title>\n<meta name=\"description\" content=\"La date du 23 avril a \u00e9t\u00e9 choisie par la conf\u00e9rence g\u00e9n\u00e9rale de l\u2019UNESCO pour rendre un hommage aux acteurs de la chaine ...\" \/>\n<meta name=\"robots\" content=\"index, follow, max-snippet:-1, max-image-preview:large, max-video-preview:-1\" \/>\n<link rel=\"canonical\" href=\"https:\/\/www.africa-press.net\/burkina-faso\/culture-et-art\/journee-mondiale-du-livre-et-du-droit-dauteur-le-message-du-ministre-de-la-culture-des-arts-et-du-tourisme\" \/>\n<meta property=\"og:locale\" content=\"fr_FR\" \/>\n<meta property=\"og:type\" content=\"article\" \/>\n<meta property=\"og:title\" content=\"Journ\u00e9e mondiale du livre et du droit d\u2019auteur: le message du ministre de la Culture, des Arts et du Tourisme\" \/>\n<meta property=\"og:description\" content=\"La date du 23 avril a \u00e9t\u00e9 choisie par la conf\u00e9rence g\u00e9n\u00e9rale de l\u2019UNESCO pour rendre un hommage aux acteurs de la chaine ...\" \/>\n<meta property=\"og:url\" content=\"https:\/\/www.africa-press.net\/burkina-faso\/culture-et-art\/journee-mondiale-du-livre-et-du-droit-dauteur-le-message-du-ministre-de-la-culture-des-arts-et-du-tourisme\" \/>\n<meta property=\"og:site_name\" content=\"Burkina Faso\" \/>\n<meta property=\"article:published_time\" content=\"2021-04-23T13:40:36+00:00\" \/>\n<meta property=\"article:modified_time\" content=\"2021-04-23T13:42:10+00:00\" \/>\n<meta property=\"og:image\" content=\"https:\/\/static.africa-press.net\/burkina\/sites\/42\/2021\/04\/img-6082be530a93d.jpg\" \/>\n\t<meta property=\"og:image:width\" content=\"720\" \/>\n\t<meta property=\"og:image:height\" content=\"1078\" \/>\n\t<meta property=\"og:image:type\" content=\"image\/jpeg\" \/>\n<meta name=\"author\" content=\"cfeditorfr\" \/>\n<meta name=\"twitter:card\" content=\"summary_large_image\" \/>\n<meta name=\"twitter:label1\" content=\"\u00c9crit par\" \/>\n\t<meta name=\"twitter:data1\" content=\"cfeditorfr\" \/>\n\t<meta name=\"twitter:label2\" content=\"Dur\u00e9e de lecture estim\u00e9e\" \/>\n\t<meta name=\"twitter:data2\" content=\"3 minutes\" \/>\n<script type=\"application\/ld+json\" class=\"yoast-schema-graph\">{\"@context\":\"https:\/\/schema.org\",\"@graph\":[{\"@type\":\"Article\",\"@id\":\"https:\/\/www.africa-press.net\/burkina-faso\/culture-et-art\/journee-mondiale-du-livre-et-du-droit-dauteur-le-message-du-ministre-de-la-culture-des-arts-et-du-tourisme#article\",\"isPartOf\":{\"@id\":\"https:\/\/www.africa-press.net\/burkina-faso\/culture-et-art\/journee-mondiale-du-livre-et-du-droit-dauteur-le-message-du-ministre-de-la-culture-des-arts-et-du-tourisme\"},\"author\":{\"name\":\"cfeditorfr\",\"@id\":\"https:\/\/www.africa-press.net\/burkina-faso\/#\/schema\/person\/2b1cf3cd81a31e3cd26889ca66d677f1\"},\"headline\":\"Journ\u00e9e mondiale du livre et du droit d\u2019auteur: le message du ministre de la Culture, des Arts et du Tourisme\",\"datePublished\":\"2021-04-23T13:40:36+00:00\",\"dateModified\":\"2021-04-23T13:42:10+00:00\",\"mainEntityOfPage\":{\"@id\":\"https:\/\/www.africa-press.net\/burkina-faso\/culture-et-art\/journee-mondiale-du-livre-et-du-droit-dauteur-le-message-du-ministre-de-la-culture-des-arts-et-du-tourisme\"},\"wordCount\":558,\"commentCount\":0,\"image\":{\"@id\":\"https:\/\/www.africa-press.net\/burkina-faso\/culture-et-art\/journee-mondiale-du-livre-et-du-droit-dauteur-le-message-du-ministre-de-la-culture-des-arts-et-du-tourisme#primaryimage\"},\"thumbnailUrl\":\"https:\/\/static.africa-press.net\/burkina\/sites\/42\/2021\/04\/img-6082be530a93d.jpg\",\"keywords\":[\"Africa Press\",\"Africa Press-Burkina Faso\",\"Burkina Faso\"],\"articleSection\":[\"Culture et Art\",\"homepage-french\",\"Toutes les actualit\u00e9s\"],\"inLanguage\":\"fr-FR\",\"potentialAction\":[{\"@type\":\"CommentAction\",\"name\":\"Comment\",\"target\":[\"https:\/\/www.africa-press.net\/burkina-faso\/culture-et-art\/journee-mondiale-du-livre-et-du-droit-dauteur-le-message-du-ministre-de-la-culture-des-arts-et-du-tourisme#respond\"]}]},{\"@type\":\"WebPage\",\"@id\":\"https:\/\/www.africa-press.net\/burkina-faso\/culture-et-art\/journee-mondiale-du-livre-et-du-droit-dauteur-le-message-du-ministre-de-la-culture-des-arts-et-du-tourisme\",\"url\":\"https:\/\/www.africa-press.net\/burkina-faso\/culture-et-art\/journee-mondiale-du-livre-et-du-droit-dauteur-le-message-du-ministre-de-la-culture-des-arts-et-du-tourisme\",\"name\":\"Journ\u00e9e mondiale du livre et du droit d\u2019auteur: le message du ministre de la Culture, des Arts et du Tourisme - Burkina Faso\",\"isPartOf\":{\"@id\":\"https:\/\/www.africa-press.net\/burkina-faso\/#website\"},\"primaryImageOfPage\":{\"@id\":\"https:\/\/www.africa-press.net\/burkina-faso\/culture-et-art\/journee-mondiale-du-livre-et-du-droit-dauteur-le-message-du-ministre-de-la-culture-des-arts-et-du-tourisme#primaryimage\"},\"image\":{\"@id\":\"https:\/\/www.africa-press.net\/burkina-faso\/culture-et-art\/journee-mondiale-du-livre-et-du-droit-dauteur-le-message-du-ministre-de-la-culture-des-arts-et-du-tourisme#primaryimage\"},\"thumbnailUrl\":\"https:\/\/static.africa-press.net\/burkina\/sites\/42\/2021\/04\/img-6082be530a93d.jpg\",\"datePublished\":\"2021-04-23T13:40:36+00:00\",\"dateModified\":\"2021-04-23T13:42:10+00:00\",\"author\":{\"@id\":\"https:\/\/www.africa-press.net\/burkina-faso\/#\/schema\/person\/2b1cf3cd81a31e3cd26889ca66d677f1\"},\"description\":\"La date du 23 avril a \u00e9t\u00e9 choisie par la conf\u00e9rence g\u00e9n\u00e9rale de l\u2019UNESCO pour rendre un hommage aux acteurs de la chaine ...\",\"breadcrumb\":{\"@id\":\"https:\/\/www.africa-press.net\/burkina-faso\/culture-et-art\/journee-mondiale-du-livre-et-du-droit-dauteur-le-message-du-ministre-de-la-culture-des-arts-et-du-tourisme#breadcrumb\"},\"inLanguage\":\"fr-FR\",\"potentialAction\":[{\"@type\":\"ReadAction\",\"target\":[\"https:\/\/www.africa-press.net\/burkina-faso\/culture-et-art\/journee-mondiale-du-livre-et-du-droit-dauteur-le-message-du-ministre-de-la-culture-des-arts-et-du-tourisme\"]}]},{\"@type\":\"ImageObject\",\"inLanguage\":\"fr-FR\",\"@id\":\"https:\/\/www.africa-press.net\/burkina-faso\/culture-et-art\/journee-mondiale-du-livre-et-du-droit-dauteur-le-message-du-ministre-de-la-culture-des-arts-et-du-tourisme#primaryimage\",\"url\":\"https:\/\/static.africa-press.net\/burkina\/sites\/42\/2021\/04\/img-6082be530a93d.jpg\",\"contentUrl\":\"https:\/\/static.africa-press.net\/burkina\/sites\/42\/2021\/04\/img-6082be530a93d.jpg\",\"width\":720,\"height\":1078,\"caption\":\"Journ\u00e9e mondiale du livre et du droit d\u2019auteur: le message du ministre de la Culture, des Arts et du Tourisme\"},{\"@type\":\"BreadcrumbList\",\"@id\":\"https:\/\/www.africa-press.net\/burkina-faso\/culture-et-art\/journee-mondiale-du-livre-et-du-droit-dauteur-le-message-du-ministre-de-la-culture-des-arts-et-du-tourisme#breadcrumb\",\"itemListElement\":[{\"@type\":\"ListItem\",\"position\":1,\"name\":\"Accueil\",\"item\":\"https:\/\/www.africa-press.net\/burkina-faso\/\"},{\"@type\":\"ListItem\",\"position\":2,\"name\":\"Journ\u00e9e mondiale du livre et du droit d\u2019auteur: le message du ministre de la Culture, des Arts et du Tourisme\"}]},{\"@type\":\"WebSite\",\"@id\":\"https:\/\/www.africa-press.net\/burkina-faso\/#website\",\"url\":\"https:\/\/www.africa-press.net\/burkina-faso\/\",\"name\":\"Burkina Faso\",\"description\":\"Just another Africa News Agency Sites site\",\"potentialAction\":[{\"@type\":\"SearchAction\",\"target\":{\"@type\":\"EntryPoint\",\"urlTemplate\":\"https:\/\/www.africa-press.net\/burkina-faso\/?s={search_term_string}\"},\"query-input\":{\"@type\":\"PropertyValueSpecification\",\"valueRequired\":true,\"valueName\":\"search_term_string\"}}],\"inLanguage\":\"fr-FR\"},{\"@type\":\"Person\",\"@id\":\"https:\/\/www.africa-press.net\/burkina-faso\/#\/schema\/person\/2b1cf3cd81a31e3cd26889ca66d677f1\",\"name\":\"cfeditorfr\"}]}<\/script>\n<!-- \/ Yoast SEO Premium plugin. -->","yoast_head_json":{"title":"Journ\u00e9e mondiale du livre et du droit d\u2019auteur: le message du ministre de la Culture, des Arts et du Tourisme - Burkina Faso","description":"La date du 23 avril a \u00e9t\u00e9 choisie par la conf\u00e9rence g\u00e9n\u00e9rale de l\u2019UNESCO pour rendre un hommage aux acteurs de la chaine ...","robots":{"index":"index","follow":"follow","max-snippet":"max-snippet:-1","max-image-preview":"max-image-preview:large","max-video-preview":"max-video-preview:-1"},"canonical":"https:\/\/www.africa-press.net\/burkina-faso\/culture-et-art\/journee-mondiale-du-livre-et-du-droit-dauteur-le-message-du-ministre-de-la-culture-des-arts-et-du-tourisme","og_locale":"fr_FR","og_type":"article","og_title":"Journ\u00e9e mondiale du livre et du droit d\u2019auteur: le message du ministre de la Culture, des Arts et du Tourisme","og_description":"La date du 23 avril a \u00e9t\u00e9 choisie par la conf\u00e9rence g\u00e9n\u00e9rale de l\u2019UNESCO pour rendre un hommage aux acteurs de la chaine ...","og_url":"https:\/\/www.africa-press.net\/burkina-faso\/culture-et-art\/journee-mondiale-du-livre-et-du-droit-dauteur-le-message-du-ministre-de-la-culture-des-arts-et-du-tourisme","og_site_name":"Burkina Faso","article_published_time":"2021-04-23T13:40:36+00:00","article_modified_time":"2021-04-23T13:42:10+00:00","og_image":[{"width":720,"height":1078,"url":"https:\/\/static.africa-press.net\/burkina\/sites\/42\/2021\/04\/img-6082be530a93d.jpg","type":"image\/jpeg"}],"author":"cfeditorfr","twitter_card":"summary_large_image","twitter_misc":{"\u00c9crit par":"cfeditorfr","Dur\u00e9e de lecture estim\u00e9e":"3 minutes"},"schema":{"@context":"https:\/\/schema.org","@graph":[{"@type":"Article","@id":"https:\/\/www.africa-press.net\/burkina-faso\/culture-et-art\/journee-mondiale-du-livre-et-du-droit-dauteur-le-message-du-ministre-de-la-culture-des-arts-et-du-tourisme#article","isPartOf":{"@id":"https:\/\/www.africa-press.net\/burkina-faso\/culture-et-art\/journee-mondiale-du-livre-et-du-droit-dauteur-le-message-du-ministre-de-la-culture-des-arts-et-du-tourisme"},"author":{"name":"cfeditorfr","@id":"https:\/\/www.africa-press.net\/burkina-faso\/#\/schema\/person\/2b1cf3cd81a31e3cd26889ca66d677f1"},"headline":"Journ\u00e9e mondiale du livre et du droit d\u2019auteur: le message du ministre de la Culture, des Arts et du Tourisme","datePublished":"2021-04-23T13:40:36+00:00","dateModified":"2021-04-23T13:42:10+00:00","mainEntityOfPage":{"@id":"https:\/\/www.africa-press.net\/burkina-faso\/culture-et-art\/journee-mondiale-du-livre-et-du-droit-dauteur-le-message-du-ministre-de-la-culture-des-arts-et-du-tourisme"},"wordCount":558,"commentCount":0,"image":{"@id":"https:\/\/www.africa-press.net\/burkina-faso\/culture-et-art\/journee-mondiale-du-livre-et-du-droit-dauteur-le-message-du-ministre-de-la-culture-des-arts-et-du-tourisme#primaryimage"},"thumbnailUrl":"https:\/\/static.africa-press.net\/burkina\/sites\/42\/2021\/04\/img-6082be530a93d.jpg","keywords":["Africa Press","Africa Press-Burkina Faso","Burkina Faso"],"articleSection":["Culture et Art","homepage-french","Toutes les actualit\u00e9s"],"inLanguage":"fr-FR","potentialAction":[{"@type":"CommentAction","name":"Comment","target":["https:\/\/www.africa-press.net\/burkina-faso\/culture-et-art\/journee-mondiale-du-livre-et-du-droit-dauteur-le-message-du-ministre-de-la-culture-des-arts-et-du-tourisme#respond"]}]},{"@type":"WebPage","@id":"https:\/\/www.africa-press.net\/burkina-faso\/culture-et-art\/journee-mondiale-du-livre-et-du-droit-dauteur-le-message-du-ministre-de-la-culture-des-arts-et-du-tourisme","url":"https:\/\/www.africa-press.net\/burkina-faso\/culture-et-art\/journee-mondiale-du-livre-et-du-droit-dauteur-le-message-du-ministre-de-la-culture-des-arts-et-du-tourisme","name":"Journ\u00e9e mondiale du livre et du droit d\u2019auteur: le message du ministre de la Culture, des Arts et du Tourisme - Burkina Faso","isPartOf":{"@id":"https:\/\/www.africa-press.net\/burkina-faso\/#website"},"primaryImageOfPage":{"@id":"https:\/\/www.africa-press.net\/burkina-faso\/culture-et-art\/journee-mondiale-du-livre-et-du-droit-dauteur-le-message-du-ministre-de-la-culture-des-arts-et-du-tourisme#primaryimage"},"image":{"@id":"https:\/\/www.africa-press.net\/burkina-faso\/culture-et-art\/journee-mondiale-du-livre-et-du-droit-dauteur-le-message-du-ministre-de-la-culture-des-arts-et-du-tourisme#primaryimage"},"thumbnailUrl":"https:\/\/static.africa-press.net\/burkina\/sites\/42\/2021\/04\/img-6082be530a93d.jpg","datePublished":"2021-04-23T13:40:36+00:00","dateModified":"2021-04-23T13:42:10+00:00","author":{"@id":"https:\/\/www.africa-press.net\/burkina-faso\/#\/schema\/person\/2b1cf3cd81a31e3cd26889ca66d677f1"},"description":"La date du 23 avril a \u00e9t\u00e9 choisie par la conf\u00e9rence g\u00e9n\u00e9rale de l\u2019UNESCO pour rendre un hommage aux acteurs de la chaine ...","breadcrumb":{"@id":"https:\/\/www.africa-press.net\/burkina-faso\/culture-et-art\/journee-mondiale-du-livre-et-du-droit-dauteur-le-message-du-ministre-de-la-culture-des-arts-et-du-tourisme#breadcrumb"},"inLanguage":"fr-FR","potentialAction":[{"@type":"ReadAction","target":["https:\/\/www.africa-press.net\/burkina-faso\/culture-et-art\/journee-mondiale-du-livre-et-du-droit-dauteur-le-message-du-ministre-de-la-culture-des-arts-et-du-tourisme"]}]},{"@type":"ImageObject","inLanguage":"fr-FR","@id":"https:\/\/www.africa-press.net\/burkina-faso\/culture-et-art\/journee-mondiale-du-livre-et-du-droit-dauteur-le-message-du-ministre-de-la-culture-des-arts-et-du-tourisme#primaryimage","url":"https:\/\/static.africa-press.net\/burkina\/sites\/42\/2021\/04\/img-6082be530a93d.jpg","contentUrl":"https:\/\/static.africa-press.net\/burkina\/sites\/42\/2021\/04\/img-6082be530a93d.jpg","width":720,"height":1078,"caption":"Journ\u00e9e mondiale du livre et du droit d\u2019auteur: le message du ministre de la Culture, des Arts et du Tourisme"},{"@type":"BreadcrumbList","@id":"https:\/\/www.africa-press.net\/burkina-faso\/culture-et-art\/journee-mondiale-du-livre-et-du-droit-dauteur-le-message-du-ministre-de-la-culture-des-arts-et-du-tourisme#breadcrumb","itemListElement":[{"@type":"ListItem","position":1,"name":"Accueil","item":"https:\/\/www.africa-press.net\/burkina-faso\/"},{"@type":"ListItem","position":2,"name":"Journ\u00e9e mondiale du livre et du droit d\u2019auteur: le message du ministre de la Culture, des Arts et du Tourisme"}]},{"@type":"WebSite","@id":"https:\/\/www.africa-press.net\/burkina-faso\/#website","url":"https:\/\/www.africa-press.net\/burkina-faso\/","name":"Burkina Faso","description":"Just another Africa News Agency Sites site","potentialAction":[{"@type":"SearchAction","target":{"@type":"EntryPoint","urlTemplate":"https:\/\/www.africa-press.net\/burkina-faso\/?s={search_term_string}"},"query-input":{"@type":"PropertyValueSpecification","valueRequired":true,"valueName":"search_term_string"}}],"inLanguage":"fr-FR"},{"@type":"Person","@id":"https:\/\/www.africa-press.net\/burkina-faso\/#\/schema\/person\/2b1cf3cd81a31e3cd26889ca66d677f1","name":"cfeditorfr"}]}},"_links":{"self":[{"href":"https:\/\/www.africa-press.net\/burkina-faso\/wp-json\/wp\/v2\/posts\/10427","targetHints":{"allow":["GET"]}}],"collection":[{"href":"https:\/\/www.africa-press.net\/burkina-faso\/wp-json\/wp\/v2\/posts"}],"about":[{"href":"https:\/\/www.africa-press.net\/burkina-faso\/wp-json\/wp\/v2\/types\/post"}],"author":[{"embeddable":true,"href":"https:\/\/www.africa-press.net\/burkina-faso\/wp-json\/wp\/v2\/users\/82"}],"replies":[{"embeddable":true,"href":"https:\/\/www.africa-press.net\/burkina-faso\/wp-json\/wp\/v2\/comments?post=10427"}],"version-history":[{"count":0,"href":"https:\/\/www.africa-press.net\/burkina-faso\/wp-json\/wp\/v2\/posts\/10427\/revisions"}],"wp:featuredmedia":[{"embeddable":true,"href":"https:\/\/www.africa-press.net\/burkina-faso\/wp-json\/wp\/v2\/media\/10426"}],"wp:attachment":[{"href":"https:\/\/www.africa-press.net\/burkina-faso\/wp-json\/wp\/v2\/media?parent=10427"}],"wp:term":[{"taxonomy":"category","embeddable":true,"href":"https:\/\/www.africa-press.net\/burkina-faso\/wp-json\/wp\/v2\/categories?post=10427"},{"taxonomy":"post_tag","embeddable":true,"href":"https:\/\/www.africa-press.net\/burkina-faso\/wp-json\/wp\/v2\/tags?post=10427"}],"curies":[{"name":"wp","href":"https:\/\/api.w.org\/{rel}","templated":true}]}}