{"id":10430,"date":"2021-04-23T13:46:24","date_gmt":"2021-04-23T13:46:24","guid":{"rendered":"https:\/\/www.africa-press.net\/burkina-faso\/?p=10430"},"modified":"2021-04-23T13:42:22","modified_gmt":"2021-04-23T13:42:22","slug":"assises-nationales-sur-leducation-lapport-des-anciens-ministres-attendu","status":"publish","type":"post","link":"https:\/\/www.africa-press.net\/burkina-faso\/culture-et-art\/assises-nationales-sur-leducation-lapport-des-anciens-ministres-attendu","title":{"rendered":"Assises nationales sur l\u2019\u00e9ducation: l\u2019apport des anciens ministres attendu"},"content":{"rendered":"<p><span style=\"color: #ff6600\"><strong><a href=\"https:\/\/www.africa-press.net\/\">Africa-Press<\/a> &#8211; <a href=\"https:\/\/www.africa-press.net\/burkina-faso\">Burkina Faso<\/a>. <\/strong><\/span><b>Le ministre de l\u2019Education nationale, de l\u2019Alphab\u00e9tisation et de la Promotion des langues nationales, Stanislas Ouaro, a rencontr\u00e9, le jeudi 22 avril 2021 \u00e0 Ouagadougou, les anciens ministres en charge de l\u2019\u00e9ducation, dans le cadre de l\u2019organisation des assises nationales sur l\u2019\u00e9ducation.<\/b><\/p>\n<p>Le syst\u00e8me \u00e9ducatif national traverse, depuis quelques ann\u00e9es, des crises. Pour faire face \u00e0 celles-ci, le minist\u00e8re a d\u00e9cid\u00e9 de la tenue d\u2019assises nationales sur le secteur dans l\u2019intention d\u2019y trouver des solutions. Dans cette dynamique, Le ministre de l\u2019Education nationale, de l\u2019Alphab\u00e9tisation et de la Promotion des langues nationales, Stanislas Ouaro, pour relever ce d\u00e9fi, entend compter sur l\u2019exp\u00e9rience de ses devanciers. Ils ont \u00e9t\u00e9 re\u00e7us, le jeudi 22 avril 2021, \u00e0 Ouagadougou, pour \u00e9changer sur la question et sur les cons\u00e9quences de ces troubles qui emp\u00eachent le d\u00e9veloppement du syst\u00e8me \u00e9ducatif. Le Pr Ouaro a, en effet, expliqu\u00e9 que l\u2019objectif de ces assises est de fonder \u00ab un pacte national \u00bb pour une \u00e9ducation de qualit\u00e9 dans un contexte de crise s\u00e9curitaire, sanitaire, \u00e9conomique et sociale. \u00ab Nous allons \u00e9changer, sans tabou et sans d\u00e9tours, sur le syst\u00e8me \u00e9ducatif afin de prendre des d\u00e9cisions consensuelles et pertinentes pour hisser l\u2019\u00e9cole \u00e0 la hauteur des aspirations l\u00e9gitimes des populations \u00bb, a- t-il ajout\u00e9. Ces diff\u00e9rentes crises, a soulign\u00e9 le ministre en charge de l\u2019\u00e9ducation nationale, ont occasionn\u00e9 la fermeture de 2 208 \u00e9tablissements, la suspension des activit\u00e9s culturelles et des cours durant 7 mois. Toute chose qui, a-t-il dit, a d\u00e9t\u00e9rior\u00e9 la qualit\u00e9 du syst\u00e8me \u00e9ducatif. A cela, selon Stanislas Ouaro, s\u2019ajoute l\u2019ins\u00e9curit\u00e9 qui a caus\u00e9 la destruction d\u2019\u00e9coles n\u00e9cessitant la somme de plus de 600<br \/>\nmilliards FCFA pour la r\u00e9fection et la recrudescence de la violence en milieu scolaire, ces derni\u00e8res ann\u00e9es. \u00ab Des assises r\u00e9gionales pr\u00e9c\u00e8deront les assises nationales afin que les populations des r\u00e9gions puissent, \u00e0 travers leurs repr\u00e9sentants, mener une r\u00e9flexion sur le syst\u00e8me \u00e9ducatif au regard de leurs attentes particuli\u00e8res, de d\u00e9gager les forces et les faiblesses de l\u2019\u00e9cole et esquisser des solutions impr\u00e9gn\u00e9es de leur v\u00e9cu \u00bb, a laiss\u00e9 entendre le ministre en charge de l\u2019\u00e9ducation nationale. Ainsi, la rencontre avec les anciens permettra, de son point de vue, de partager leurs exp\u00e9riences, tirer des le\u00e7ons en esp\u00e9rant que la meilleure d\u00e9marche en d\u00e9coulera afin de r\u00e9ussir ces assises. Bien plus, il a souhait\u00e9, qu\u2019au sortir de ces assises un document de strat\u00e9gie puisse \u00eatre \u00e9labor\u00e9 \u00e0 m\u00eame de permettre au syst\u00e8me \u00e9ducatif national de relever les \u00e9normes d\u00e9fis qui l\u2019assaillent actuellement. Les anciens ministres, par la voix de M\u00e9l\u00e9gu\u00e9 Traor\u00e9, ont f\u00e9licit\u00e9 Stanislas Ouaro pour cette initiative, en promettant surtout de mettre leurs savoirs et savoir-faire au service du d\u00e9partement \u00e0 l\u2019effet de lui permettre d\u2019atteindre ses objectifs. \u00ab Chacun d\u2019entre nous a eu des exp\u00e9riences, elles ne sont jamais uniformes. Chacun de nous a tir\u00e9 des conclusions de ce qui a \u00e9t\u00e9 fait \u00e0 la t\u00eate des diff\u00e9rents d\u00e9partements minist\u00e9riels occup\u00e9s. Il n\u2019y a pas de d\u00e9veloppement plus important que l\u2019\u00e9ducation \u00bb, a-t-il l\u00e2ch\u00e9. Les assises nationales de l\u2019\u00e9ducation, ont fait savoir les premiers responsables du d\u00e9partement, plancheront sur plusieurs commissions th\u00e9matiques parmi lesquelles le bilan de la mise en \u0153uvre du protocole d\u2019accord, la gratuit\u00e9 de l\u2019\u00e9ducation, la strat\u00e9gie de financement de l\u2018\u00e9ducation, etc. Ir\u00e8ne Laure YAMEOGO<br \/>\n(stagiaire)<\/p>\n","protected":false},"excerpt":{"rendered":"<p>Africa-Press &#8211; Burkina Faso. Le ministre de l\u2019Education nationale, de l\u2019Alphab\u00e9tisation et de la Promotion des langues nationales, Stanislas Ouaro, a rencontr\u00e9, le jeudi 22 avril 2021 \u00e0 Ouagadougou, les anciens ministres en charge de l\u2019\u00e9ducation, dans le cadre de l\u2019organisation des assises nationales sur l\u2019\u00e9ducation. Le syst\u00e8me \u00e9ducatif national traverse, depuis quelques ann\u00e9es, des [&hellip;]<\/p>\n","protected":false},"author":82,"featured_media":10429,"comment_status":"open","ping_status":"closed","sticky":false,"template":"","format":"standard","meta":{"footnotes":""},"categories":[5,11,10],"tags":[111,725,1846,29],"class_list":["post-10430","post","type-post","status-publish","format-standard","has-post-thumbnail","hentry","category-culture-et-art","category-homepage-french","category-toutes-les-actualites","tag-africa-press","tag-africa-press-burkina-faso","tag-assises-nationales-sur-leducation","tag-burkina-faso"],"yoast_head":"<!-- This site is optimized with the Yoast SEO Premium plugin v26.1 (Yoast SEO v27.0) - https:\/\/yoast.com\/product\/yoast-seo-premium-wordpress\/ -->\n<title>Assises nationales sur l\u2019\u00e9ducation: l\u2019apport des anciens ministres attendu - Burkina Faso<\/title>\n<meta name=\"description\" content=\"Le ministre de l\u2019Education nationale, de l\u2019Alphab\u00e9tisation et de la Promotion des langues nationales, Stanislas Ouaro ...\" \/>\n<meta name=\"robots\" content=\"index, follow, max-snippet:-1, max-image-preview:large, max-video-preview:-1\" \/>\n<link rel=\"canonical\" href=\"https:\/\/www.africa-press.net\/burkina-faso\/culture-et-art\/assises-nationales-sur-leducation-lapport-des-anciens-ministres-attendu\" \/>\n<meta property=\"og:locale\" content=\"fr_FR\" \/>\n<meta property=\"og:type\" content=\"article\" \/>\n<meta property=\"og:title\" content=\"Assises nationales sur l\u2019\u00e9ducation: l\u2019apport des anciens ministres attendu\" \/>\n<meta property=\"og:description\" content=\"Le ministre de l\u2019Education nationale, de l\u2019Alphab\u00e9tisation et de la Promotion des langues nationales, Stanislas Ouaro ...\" \/>\n<meta property=\"og:url\" content=\"https:\/\/www.africa-press.net\/burkina-faso\/culture-et-art\/assises-nationales-sur-leducation-lapport-des-anciens-ministres-attendu\" \/>\n<meta property=\"og:site_name\" content=\"Burkina Faso\" \/>\n<meta property=\"article:published_time\" content=\"2021-04-23T13:46:24+00:00\" \/>\n<meta property=\"og:image\" content=\"https:\/\/static.africa-press.net\/burkina\/sites\/42\/2021\/04\/img-6082be80cd219.jpg\" \/>\n\t<meta property=\"og:image:width\" content=\"720\" \/>\n\t<meta property=\"og:image:height\" content=\"430\" \/>\n\t<meta property=\"og:image:type\" content=\"image\/jpeg\" \/>\n<meta name=\"author\" content=\"cfeditorfr\" \/>\n<meta name=\"twitter:card\" content=\"summary_large_image\" \/>\n<meta name=\"twitter:label1\" content=\"\u00c9crit par\" \/>\n\t<meta name=\"twitter:data1\" content=\"cfeditorfr\" \/>\n\t<meta name=\"twitter:label2\" content=\"Dur\u00e9e de lecture estim\u00e9e\" \/>\n\t<meta name=\"twitter:data2\" content=\"3 minutes\" \/>\n<script type=\"application\/ld+json\" class=\"yoast-schema-graph\">{\"@context\":\"https:\/\/schema.org\",\"@graph\":[{\"@type\":\"Article\",\"@id\":\"https:\/\/www.africa-press.net\/burkina-faso\/culture-et-art\/assises-nationales-sur-leducation-lapport-des-anciens-ministres-attendu#article\",\"isPartOf\":{\"@id\":\"https:\/\/www.africa-press.net\/burkina-faso\/culture-et-art\/assises-nationales-sur-leducation-lapport-des-anciens-ministres-attendu\"},\"author\":{\"name\":\"cfeditorfr\",\"@id\":\"https:\/\/www.africa-press.net\/burkina-faso\/#\/schema\/person\/2b1cf3cd81a31e3cd26889ca66d677f1\"},\"headline\":\"Assises nationales sur l\u2019\u00e9ducation: l\u2019apport des anciens ministres attendu\",\"datePublished\":\"2021-04-23T13:46:24+00:00\",\"mainEntityOfPage\":{\"@id\":\"https:\/\/www.africa-press.net\/burkina-faso\/culture-et-art\/assises-nationales-sur-leducation-lapport-des-anciens-ministres-attendu\"},\"wordCount\":627,\"commentCount\":0,\"image\":{\"@id\":\"https:\/\/www.africa-press.net\/burkina-faso\/culture-et-art\/assises-nationales-sur-leducation-lapport-des-anciens-ministres-attendu#primaryimage\"},\"thumbnailUrl\":\"https:\/\/static.africa-press.net\/burkina\/sites\/42\/2021\/04\/img-6082be80cd219.jpg\",\"keywords\":[\"Africa Press\",\"Africa Press-Burkina Faso\",\"Assises nationales sur l\u2019\u00e9ducation\",\"Burkina Faso\"],\"articleSection\":[\"Culture et Art\",\"homepage-french\",\"Toutes les actualit\u00e9s\"],\"inLanguage\":\"fr-FR\",\"potentialAction\":[{\"@type\":\"CommentAction\",\"name\":\"Comment\",\"target\":[\"https:\/\/www.africa-press.net\/burkina-faso\/culture-et-art\/assises-nationales-sur-leducation-lapport-des-anciens-ministres-attendu#respond\"]}]},{\"@type\":\"WebPage\",\"@id\":\"https:\/\/www.africa-press.net\/burkina-faso\/culture-et-art\/assises-nationales-sur-leducation-lapport-des-anciens-ministres-attendu\",\"url\":\"https:\/\/www.africa-press.net\/burkina-faso\/culture-et-art\/assises-nationales-sur-leducation-lapport-des-anciens-ministres-attendu\",\"name\":\"Assises nationales sur l\u2019\u00e9ducation: l\u2019apport des anciens ministres attendu - Burkina Faso\",\"isPartOf\":{\"@id\":\"https:\/\/www.africa-press.net\/burkina-faso\/#website\"},\"primaryImageOfPage\":{\"@id\":\"https:\/\/www.africa-press.net\/burkina-faso\/culture-et-art\/assises-nationales-sur-leducation-lapport-des-anciens-ministres-attendu#primaryimage\"},\"image\":{\"@id\":\"https:\/\/www.africa-press.net\/burkina-faso\/culture-et-art\/assises-nationales-sur-leducation-lapport-des-anciens-ministres-attendu#primaryimage\"},\"thumbnailUrl\":\"https:\/\/static.africa-press.net\/burkina\/sites\/42\/2021\/04\/img-6082be80cd219.jpg\",\"datePublished\":\"2021-04-23T13:46:24+00:00\",\"author\":{\"@id\":\"https:\/\/www.africa-press.net\/burkina-faso\/#\/schema\/person\/2b1cf3cd81a31e3cd26889ca66d677f1\"},\"description\":\"Le ministre de l\u2019Education nationale, de l\u2019Alphab\u00e9tisation et de la Promotion des langues nationales, Stanislas Ouaro ...\",\"breadcrumb\":{\"@id\":\"https:\/\/www.africa-press.net\/burkina-faso\/culture-et-art\/assises-nationales-sur-leducation-lapport-des-anciens-ministres-attendu#breadcrumb\"},\"inLanguage\":\"fr-FR\",\"potentialAction\":[{\"@type\":\"ReadAction\",\"target\":[\"https:\/\/www.africa-press.net\/burkina-faso\/culture-et-art\/assises-nationales-sur-leducation-lapport-des-anciens-ministres-attendu\"]}]},{\"@type\":\"ImageObject\",\"inLanguage\":\"fr-FR\",\"@id\":\"https:\/\/www.africa-press.net\/burkina-faso\/culture-et-art\/assises-nationales-sur-leducation-lapport-des-anciens-ministres-attendu#primaryimage\",\"url\":\"https:\/\/static.africa-press.net\/burkina\/sites\/42\/2021\/04\/img-6082be80cd219.jpg\",\"contentUrl\":\"https:\/\/static.africa-press.net\/burkina\/sites\/42\/2021\/04\/img-6082be80cd219.jpg\",\"width\":720,\"height\":430,\"caption\":\"Assises nationales sur l\u2019\u00e9ducation: l\u2019apport des anciens ministres attendu\"},{\"@type\":\"BreadcrumbList\",\"@id\":\"https:\/\/www.africa-press.net\/burkina-faso\/culture-et-art\/assises-nationales-sur-leducation-lapport-des-anciens-ministres-attendu#breadcrumb\",\"itemListElement\":[{\"@type\":\"ListItem\",\"position\":1,\"name\":\"Accueil\",\"item\":\"https:\/\/www.africa-press.net\/burkina-faso\/\"},{\"@type\":\"ListItem\",\"position\":2,\"name\":\"Assises nationales sur l\u2019\u00e9ducation: l\u2019apport des anciens ministres attendu\"}]},{\"@type\":\"WebSite\",\"@id\":\"https:\/\/www.africa-press.net\/burkina-faso\/#website\",\"url\":\"https:\/\/www.africa-press.net\/burkina-faso\/\",\"name\":\"Burkina Faso\",\"description\":\"Just another Africa News Agency Sites site\",\"potentialAction\":[{\"@type\":\"SearchAction\",\"target\":{\"@type\":\"EntryPoint\",\"urlTemplate\":\"https:\/\/www.africa-press.net\/burkina-faso\/?s={search_term_string}\"},\"query-input\":{\"@type\":\"PropertyValueSpecification\",\"valueRequired\":true,\"valueName\":\"search_term_string\"}}],\"inLanguage\":\"fr-FR\"},{\"@type\":\"Person\",\"@id\":\"https:\/\/www.africa-press.net\/burkina-faso\/#\/schema\/person\/2b1cf3cd81a31e3cd26889ca66d677f1\",\"name\":\"cfeditorfr\"}]}<\/script>\n<!-- \/ Yoast SEO Premium plugin. -->","yoast_head_json":{"title":"Assises nationales sur l\u2019\u00e9ducation: l\u2019apport des anciens ministres attendu - Burkina Faso","description":"Le ministre de l\u2019Education nationale, de l\u2019Alphab\u00e9tisation et de la Promotion des langues nationales, Stanislas Ouaro ...","robots":{"index":"index","follow":"follow","max-snippet":"max-snippet:-1","max-image-preview":"max-image-preview:large","max-video-preview":"max-video-preview:-1"},"canonical":"https:\/\/www.africa-press.net\/burkina-faso\/culture-et-art\/assises-nationales-sur-leducation-lapport-des-anciens-ministres-attendu","og_locale":"fr_FR","og_type":"article","og_title":"Assises nationales sur l\u2019\u00e9ducation: l\u2019apport des anciens ministres attendu","og_description":"Le ministre de l\u2019Education nationale, de l\u2019Alphab\u00e9tisation et de la Promotion des langues nationales, Stanislas Ouaro ...","og_url":"https:\/\/www.africa-press.net\/burkina-faso\/culture-et-art\/assises-nationales-sur-leducation-lapport-des-anciens-ministres-attendu","og_site_name":"Burkina Faso","article_published_time":"2021-04-23T13:46:24+00:00","og_image":[{"width":720,"height":430,"url":"https:\/\/static.africa-press.net\/burkina\/sites\/42\/2021\/04\/img-6082be80cd219.jpg","type":"image\/jpeg"}],"author":"cfeditorfr","twitter_card":"summary_large_image","twitter_misc":{"\u00c9crit par":"cfeditorfr","Dur\u00e9e de lecture estim\u00e9e":"3 minutes"},"schema":{"@context":"https:\/\/schema.org","@graph":[{"@type":"Article","@id":"https:\/\/www.africa-press.net\/burkina-faso\/culture-et-art\/assises-nationales-sur-leducation-lapport-des-anciens-ministres-attendu#article","isPartOf":{"@id":"https:\/\/www.africa-press.net\/burkina-faso\/culture-et-art\/assises-nationales-sur-leducation-lapport-des-anciens-ministres-attendu"},"author":{"name":"cfeditorfr","@id":"https:\/\/www.africa-press.net\/burkina-faso\/#\/schema\/person\/2b1cf3cd81a31e3cd26889ca66d677f1"},"headline":"Assises nationales sur l\u2019\u00e9ducation: l\u2019apport des anciens ministres attendu","datePublished":"2021-04-23T13:46:24+00:00","mainEntityOfPage":{"@id":"https:\/\/www.africa-press.net\/burkina-faso\/culture-et-art\/assises-nationales-sur-leducation-lapport-des-anciens-ministres-attendu"},"wordCount":627,"commentCount":0,"image":{"@id":"https:\/\/www.africa-press.net\/burkina-faso\/culture-et-art\/assises-nationales-sur-leducation-lapport-des-anciens-ministres-attendu#primaryimage"},"thumbnailUrl":"https:\/\/static.africa-press.net\/burkina\/sites\/42\/2021\/04\/img-6082be80cd219.jpg","keywords":["Africa Press","Africa Press-Burkina Faso","Assises nationales sur l\u2019\u00e9ducation","Burkina Faso"],"articleSection":["Culture et Art","homepage-french","Toutes les actualit\u00e9s"],"inLanguage":"fr-FR","potentialAction":[{"@type":"CommentAction","name":"Comment","target":["https:\/\/www.africa-press.net\/burkina-faso\/culture-et-art\/assises-nationales-sur-leducation-lapport-des-anciens-ministres-attendu#respond"]}]},{"@type":"WebPage","@id":"https:\/\/www.africa-press.net\/burkina-faso\/culture-et-art\/assises-nationales-sur-leducation-lapport-des-anciens-ministres-attendu","url":"https:\/\/www.africa-press.net\/burkina-faso\/culture-et-art\/assises-nationales-sur-leducation-lapport-des-anciens-ministres-attendu","name":"Assises nationales sur l\u2019\u00e9ducation: l\u2019apport des anciens ministres attendu - Burkina Faso","isPartOf":{"@id":"https:\/\/www.africa-press.net\/burkina-faso\/#website"},"primaryImageOfPage":{"@id":"https:\/\/www.africa-press.net\/burkina-faso\/culture-et-art\/assises-nationales-sur-leducation-lapport-des-anciens-ministres-attendu#primaryimage"},"image":{"@id":"https:\/\/www.africa-press.net\/burkina-faso\/culture-et-art\/assises-nationales-sur-leducation-lapport-des-anciens-ministres-attendu#primaryimage"},"thumbnailUrl":"https:\/\/static.africa-press.net\/burkina\/sites\/42\/2021\/04\/img-6082be80cd219.jpg","datePublished":"2021-04-23T13:46:24+00:00","author":{"@id":"https:\/\/www.africa-press.net\/burkina-faso\/#\/schema\/person\/2b1cf3cd81a31e3cd26889ca66d677f1"},"description":"Le ministre de l\u2019Education nationale, de l\u2019Alphab\u00e9tisation et de la Promotion des langues nationales, Stanislas Ouaro ...","breadcrumb":{"@id":"https:\/\/www.africa-press.net\/burkina-faso\/culture-et-art\/assises-nationales-sur-leducation-lapport-des-anciens-ministres-attendu#breadcrumb"},"inLanguage":"fr-FR","potentialAction":[{"@type":"ReadAction","target":["https:\/\/www.africa-press.net\/burkina-faso\/culture-et-art\/assises-nationales-sur-leducation-lapport-des-anciens-ministres-attendu"]}]},{"@type":"ImageObject","inLanguage":"fr-FR","@id":"https:\/\/www.africa-press.net\/burkina-faso\/culture-et-art\/assises-nationales-sur-leducation-lapport-des-anciens-ministres-attendu#primaryimage","url":"https:\/\/static.africa-press.net\/burkina\/sites\/42\/2021\/04\/img-6082be80cd219.jpg","contentUrl":"https:\/\/static.africa-press.net\/burkina\/sites\/42\/2021\/04\/img-6082be80cd219.jpg","width":720,"height":430,"caption":"Assises nationales sur l\u2019\u00e9ducation: l\u2019apport des anciens ministres attendu"},{"@type":"BreadcrumbList","@id":"https:\/\/www.africa-press.net\/burkina-faso\/culture-et-art\/assises-nationales-sur-leducation-lapport-des-anciens-ministres-attendu#breadcrumb","itemListElement":[{"@type":"ListItem","position":1,"name":"Accueil","item":"https:\/\/www.africa-press.net\/burkina-faso\/"},{"@type":"ListItem","position":2,"name":"Assises nationales sur l\u2019\u00e9ducation: l\u2019apport des anciens ministres attendu"}]},{"@type":"WebSite","@id":"https:\/\/www.africa-press.net\/burkina-faso\/#website","url":"https:\/\/www.africa-press.net\/burkina-faso\/","name":"Burkina Faso","description":"Just another Africa News Agency Sites site","potentialAction":[{"@type":"SearchAction","target":{"@type":"EntryPoint","urlTemplate":"https:\/\/www.africa-press.net\/burkina-faso\/?s={search_term_string}"},"query-input":{"@type":"PropertyValueSpecification","valueRequired":true,"valueName":"search_term_string"}}],"inLanguage":"fr-FR"},{"@type":"Person","@id":"https:\/\/www.africa-press.net\/burkina-faso\/#\/schema\/person\/2b1cf3cd81a31e3cd26889ca66d677f1","name":"cfeditorfr"}]}},"_links":{"self":[{"href":"https:\/\/www.africa-press.net\/burkina-faso\/wp-json\/wp\/v2\/posts\/10430","targetHints":{"allow":["GET"]}}],"collection":[{"href":"https:\/\/www.africa-press.net\/burkina-faso\/wp-json\/wp\/v2\/posts"}],"about":[{"href":"https:\/\/www.africa-press.net\/burkina-faso\/wp-json\/wp\/v2\/types\/post"}],"author":[{"embeddable":true,"href":"https:\/\/www.africa-press.net\/burkina-faso\/wp-json\/wp\/v2\/users\/82"}],"replies":[{"embeddable":true,"href":"https:\/\/www.africa-press.net\/burkina-faso\/wp-json\/wp\/v2\/comments?post=10430"}],"version-history":[{"count":0,"href":"https:\/\/www.africa-press.net\/burkina-faso\/wp-json\/wp\/v2\/posts\/10430\/revisions"}],"wp:featuredmedia":[{"embeddable":true,"href":"https:\/\/www.africa-press.net\/burkina-faso\/wp-json\/wp\/v2\/media\/10429"}],"wp:attachment":[{"href":"https:\/\/www.africa-press.net\/burkina-faso\/wp-json\/wp\/v2\/media?parent=10430"}],"wp:term":[{"taxonomy":"category","embeddable":true,"href":"https:\/\/www.africa-press.net\/burkina-faso\/wp-json\/wp\/v2\/categories?post=10430"},{"taxonomy":"post_tag","embeddable":true,"href":"https:\/\/www.africa-press.net\/burkina-faso\/wp-json\/wp\/v2\/tags?post=10430"}],"curies":[{"name":"wp","href":"https:\/\/api.w.org\/{rel}","templated":true}]}}