{"id":10436,"date":"2021-04-23T14:01:55","date_gmt":"2021-04-23T14:01:55","guid":{"rendered":"https:\/\/www.africa-press.net\/burkina-faso\/?p=10436"},"modified":"2021-04-23T13:42:50","modified_gmt":"2021-04-23T13:42:50","slug":"insecurite-alimentaire-mutualiser-les-efforts-pour-juguler-la-crise","status":"publish","type":"post","link":"https:\/\/www.africa-press.net\/burkina-faso\/economie\/insecurite-alimentaire-mutualiser-les-efforts-pour-juguler-la-crise","title":{"rendered":"Ins\u00e9curit\u00e9 alimentaire: mutualiser les efforts pour juguler la crise"},"content":{"rendered":"<p><span style=\"color: #ff6600\"><strong><a href=\"https:\/\/www.africa-press.net\/\">Africa-Press<\/a> &#8211; <a href=\"https:\/\/www.africa-press.net\/burkina-faso\">Burkina Faso<\/a>. <\/strong><\/span><b>Les rideaux sont tomb\u00e9s sur l\u2019atelier de planification de r\u00e9ponse soudure 2021 et de capitalisation ciblage, le jeudi 22 avril 2021 \u00e0 Ouagadougou.<\/b><\/p>\n<p>Durant 48 heures, les participants \u00e0 l\u2019atelier de planification de r\u00e9ponse soudure 2021 et de capitalisation ciblage, ont \u00e9chang\u00e9 sur l\u2019ampleur de la crise humanitaire et les chocs climatiques r\u00e9currents \u00e0 venir et les actions n\u00e9cessaires pour r\u00e9pondre aux besoins des populations les plus affect\u00e9es n\u00e9cessitant un appui en mati\u00e8re d\u2019assistance alimentaire. Les travaux ont abouti \u00e0 des r\u00e9sultats assortis de recommandations. Ces derniers ont \u00e9t\u00e9 pr\u00e9sent\u00e9s \u00e0 la cl\u00f4ture des travaux, le jeudi 22 avril 2021, \u00e0 Ouagadougou, en pr\u00e9sence des ministres de la Femme, de la Solidarit\u00e9 nationale, de la Famille et de l\u2019Action humanitaire, H\u00e9l\u00e8ne Marie Laurence Ilboudo\/Marchal et de l\u2019Agriculture, des Am\u00e9nagements hydroagricoles et de la M\u00e9canisation, Salifou Ou\u00e9draogo. Des r\u00e9sultats, il ressort de l\u2019analyse de la vuln\u00e9rabilit\u00e9 avec l\u2019outil \u00ab Cadre harmonis\u00e9 2.0 \u00bb de mars 2011 que onze provinces seraient projet\u00e9es comme \u00e9tant en crise et deux provinces en urgence, sur la p\u00e9riode de juin-juillet-ao\u00fbt 2021. \u00ab Il est donc \u00e9vident que si rien n\u2019est fait, d\u2019ici juin, au moins 20% des m\u00e9nages de ces provinces feront face \u00e0 des d\u00e9ficits alimentaires consid\u00e9rables et \u00e0 une malnutrition aigu\u00eb \u00bb, a interpell\u00e9 la ministre H\u00e9l\u00e8ne Marie Laurence Ilboudo\/ Marchal. Elle a ajout\u00e9 que l\u2019effectif projet\u00e9 de la population vuln\u00e9rable qui n\u00e9cessitera une assistance imm\u00e9diate sera de pr\u00e8s de 2,9 millions de personnes pendant la p\u00e9riode de soudure, soit 13% de la population. Faire un plaidoyer aupr\u00e8s des partenaires<\/p>\n<p>Dans les recommandations formul\u00e9es par les participants \u00e0 l\u2019atelier, le coordonnateur du Cluster de la s\u00e9curit\u00e9 alimentaire, Flavio Signore, a relev\u00e9 les points suivants : faire un plaidoyer aupr\u00e8s des partenaires techniques et financiers pour le financement des enregistrements des Personnes d\u00e9plac\u00e9es internes (PDI) par le Comit\u00e9 national de secours d\u2019urgence (CONASUR) ; institutionnaliser l\u2019exercice et la m\u00e9thodologie de priorisation des communes ; orienter une partie des financements pour le rel\u00e8vement des moyens d\u2019existence ; perp\u00e9tuer les ateliers de planification et capitalisation ciblage et communiquer les r\u00e9sultats atteints en termes de r\u00e9ponse au grand public. S\u00e9ance tenante, la ministre de la Femme, de la Solidarit\u00e9 nationale, de la Famille et de l\u2019Action humanitaire a dit faire sienne, les recommandations non seulement quant aux besoins \u00e0 couvrir, mais aussi quant \u00e0 la meilleure synergie de la r\u00e9ponse de l\u2019Etat et des partenaires. \u00abNous nous devons de mutualiser nos moyens vu les d\u00e9fis qui seront les n\u00f4tres en juin, juillet et ao\u00fbt 2021 et au-del\u00e0 pour atteindre les populations m\u00eames dans les zones les plus complexes en termes d\u2019acc\u00e8s tant durant la soudure que pour faire face aux d\u00e9fis s\u00e9curitaires ou aux catastrophes naturelles \u00bb, a-t-elle propos\u00e9. Elle a remerci\u00e9 l\u2019ensemble des partenaires financiers ainsi que les membres du Cluster de la s\u00e9curit\u00e9 alimentaire qui accompagnent le gouvernement dans ses efforts de lutte contre l\u2019ins\u00e9curit\u00e9 alimentaire et nutritionnelle, dans un contexte de crises multiples, \u00e0 la fois s\u00e9curitaires, humanitaires, alimentaires et sanitaires. Pat\u00e9n\u00e9ma Oumar<br \/>\nOUEDRAOGO<\/p>\n","protected":false},"excerpt":{"rendered":"<p>Africa-Press &#8211; Burkina Faso. Les rideaux sont tomb\u00e9s sur l\u2019atelier de planification de r\u00e9ponse soudure 2021 et de capitalisation ciblage, le jeudi 22 avril 2021 \u00e0 Ouagadougou. Durant 48 heures, les participants \u00e0 l\u2019atelier de planification de r\u00e9ponse soudure 2021 et de capitalisation ciblage, ont \u00e9chang\u00e9 sur l\u2019ampleur de la crise humanitaire et les chocs [&hellip;]<\/p>\n","protected":false},"author":82,"featured_media":10435,"comment_status":"open","ping_status":"closed","sticky":false,"template":"","format":"standard","meta":{"footnotes":""},"categories":[3,11,10],"tags":[111,725,29],"class_list":["post-10436","post","type-post","status-publish","format-standard","has-post-thumbnail","hentry","category-economie","category-homepage-french","category-toutes-les-actualites","tag-africa-press","tag-africa-press-burkina-faso","tag-burkina-faso"],"yoast_head":"<!-- This site is optimized with the Yoast SEO Premium plugin v26.1 (Yoast SEO v27.0) - https:\/\/yoast.com\/product\/yoast-seo-premium-wordpress\/ -->\n<title>Ins\u00e9curit\u00e9 alimentaire: mutualiser les efforts pour juguler la crise - Burkina Faso<\/title>\n<meta name=\"description\" content=\"Les rideaux sont tomb\u00e9s sur l\u2019atelier de planification de r\u00e9ponse soudure 2021 et de capitalisation ciblage, le jeudi ...\" \/>\n<meta name=\"robots\" content=\"index, follow, max-snippet:-1, max-image-preview:large, max-video-preview:-1\" \/>\n<link rel=\"canonical\" href=\"https:\/\/www.africa-press.net\/burkina-faso\/economie\/insecurite-alimentaire-mutualiser-les-efforts-pour-juguler-la-crise\" \/>\n<meta property=\"og:locale\" content=\"fr_FR\" \/>\n<meta property=\"og:type\" content=\"article\" \/>\n<meta property=\"og:title\" content=\"Ins\u00e9curit\u00e9 alimentaire: mutualiser les efforts pour juguler la crise\" \/>\n<meta property=\"og:description\" content=\"Les rideaux sont tomb\u00e9s sur l\u2019atelier de planification de r\u00e9ponse soudure 2021 et de capitalisation ciblage, le jeudi ...\" \/>\n<meta property=\"og:url\" content=\"https:\/\/www.africa-press.net\/burkina-faso\/economie\/insecurite-alimentaire-mutualiser-les-efforts-pour-juguler-la-crise\" \/>\n<meta property=\"og:site_name\" content=\"Burkina Faso\" \/>\n<meta property=\"article:published_time\" content=\"2021-04-23T14:01:55+00:00\" \/>\n<meta property=\"og:image\" content=\"https:\/\/static.africa-press.net\/burkina\/sites\/42\/2021\/04\/img-6082bee1427ae.jpg\" \/>\n\t<meta property=\"og:image:width\" content=\"720\" \/>\n\t<meta property=\"og:image:height\" content=\"480\" \/>\n\t<meta property=\"og:image:type\" content=\"image\/jpeg\" \/>\n<meta name=\"author\" content=\"cfeditorfr\" \/>\n<meta name=\"twitter:card\" content=\"summary_large_image\" \/>\n<meta name=\"twitter:label1\" content=\"\u00c9crit par\" \/>\n\t<meta name=\"twitter:data1\" content=\"cfeditorfr\" \/>\n\t<meta name=\"twitter:label2\" content=\"Dur\u00e9e de lecture estim\u00e9e\" \/>\n\t<meta name=\"twitter:data2\" content=\"3 minutes\" \/>\n<script type=\"application\/ld+json\" class=\"yoast-schema-graph\">{\"@context\":\"https:\/\/schema.org\",\"@graph\":[{\"@type\":\"Article\",\"@id\":\"https:\/\/www.africa-press.net\/burkina-faso\/economie\/insecurite-alimentaire-mutualiser-les-efforts-pour-juguler-la-crise#article\",\"isPartOf\":{\"@id\":\"https:\/\/www.africa-press.net\/burkina-faso\/economie\/insecurite-alimentaire-mutualiser-les-efforts-pour-juguler-la-crise\"},\"author\":{\"name\":\"cfeditorfr\",\"@id\":\"https:\/\/www.africa-press.net\/burkina-faso\/#\/schema\/person\/2b1cf3cd81a31e3cd26889ca66d677f1\"},\"headline\":\"Ins\u00e9curit\u00e9 alimentaire: mutualiser les efforts pour juguler la crise\",\"datePublished\":\"2021-04-23T14:01:55+00:00\",\"mainEntityOfPage\":{\"@id\":\"https:\/\/www.africa-press.net\/burkina-faso\/economie\/insecurite-alimentaire-mutualiser-les-efforts-pour-juguler-la-crise\"},\"wordCount\":558,\"commentCount\":0,\"image\":{\"@id\":\"https:\/\/www.africa-press.net\/burkina-faso\/economie\/insecurite-alimentaire-mutualiser-les-efforts-pour-juguler-la-crise#primaryimage\"},\"thumbnailUrl\":\"https:\/\/static.africa-press.net\/burkina\/sites\/42\/2021\/04\/img-6082bee1427ae.jpg\",\"keywords\":[\"Africa Press\",\"Africa Press-Burkina Faso\",\"Burkina Faso\"],\"articleSection\":[\"\u00c9conomie\",\"homepage-french\",\"Toutes les actualit\u00e9s\"],\"inLanguage\":\"fr-FR\",\"potentialAction\":[{\"@type\":\"CommentAction\",\"name\":\"Comment\",\"target\":[\"https:\/\/www.africa-press.net\/burkina-faso\/economie\/insecurite-alimentaire-mutualiser-les-efforts-pour-juguler-la-crise#respond\"]}]},{\"@type\":\"WebPage\",\"@id\":\"https:\/\/www.africa-press.net\/burkina-faso\/economie\/insecurite-alimentaire-mutualiser-les-efforts-pour-juguler-la-crise\",\"url\":\"https:\/\/www.africa-press.net\/burkina-faso\/economie\/insecurite-alimentaire-mutualiser-les-efforts-pour-juguler-la-crise\",\"name\":\"Ins\u00e9curit\u00e9 alimentaire: mutualiser les efforts pour juguler la crise - Burkina Faso\",\"isPartOf\":{\"@id\":\"https:\/\/www.africa-press.net\/burkina-faso\/#website\"},\"primaryImageOfPage\":{\"@id\":\"https:\/\/www.africa-press.net\/burkina-faso\/economie\/insecurite-alimentaire-mutualiser-les-efforts-pour-juguler-la-crise#primaryimage\"},\"image\":{\"@id\":\"https:\/\/www.africa-press.net\/burkina-faso\/economie\/insecurite-alimentaire-mutualiser-les-efforts-pour-juguler-la-crise#primaryimage\"},\"thumbnailUrl\":\"https:\/\/static.africa-press.net\/burkina\/sites\/42\/2021\/04\/img-6082bee1427ae.jpg\",\"datePublished\":\"2021-04-23T14:01:55+00:00\",\"author\":{\"@id\":\"https:\/\/www.africa-press.net\/burkina-faso\/#\/schema\/person\/2b1cf3cd81a31e3cd26889ca66d677f1\"},\"description\":\"Les rideaux sont tomb\u00e9s sur l\u2019atelier de planification de r\u00e9ponse soudure 2021 et de capitalisation ciblage, le jeudi ...\",\"breadcrumb\":{\"@id\":\"https:\/\/www.africa-press.net\/burkina-faso\/economie\/insecurite-alimentaire-mutualiser-les-efforts-pour-juguler-la-crise#breadcrumb\"},\"inLanguage\":\"fr-FR\",\"potentialAction\":[{\"@type\":\"ReadAction\",\"target\":[\"https:\/\/www.africa-press.net\/burkina-faso\/economie\/insecurite-alimentaire-mutualiser-les-efforts-pour-juguler-la-crise\"]}]},{\"@type\":\"ImageObject\",\"inLanguage\":\"fr-FR\",\"@id\":\"https:\/\/www.africa-press.net\/burkina-faso\/economie\/insecurite-alimentaire-mutualiser-les-efforts-pour-juguler-la-crise#primaryimage\",\"url\":\"https:\/\/static.africa-press.net\/burkina\/sites\/42\/2021\/04\/img-6082bee1427ae.jpg\",\"contentUrl\":\"https:\/\/static.africa-press.net\/burkina\/sites\/42\/2021\/04\/img-6082bee1427ae.jpg\",\"width\":720,\"height\":480,\"caption\":\"Ins\u00e9curit\u00e9 alimentaire: mutualiser les efforts pour juguler la crise\"},{\"@type\":\"BreadcrumbList\",\"@id\":\"https:\/\/www.africa-press.net\/burkina-faso\/economie\/insecurite-alimentaire-mutualiser-les-efforts-pour-juguler-la-crise#breadcrumb\",\"itemListElement\":[{\"@type\":\"ListItem\",\"position\":1,\"name\":\"Accueil\",\"item\":\"https:\/\/www.africa-press.net\/burkina-faso\/\"},{\"@type\":\"ListItem\",\"position\":2,\"name\":\"Ins\u00e9curit\u00e9 alimentaire: mutualiser les efforts pour juguler la crise\"}]},{\"@type\":\"WebSite\",\"@id\":\"https:\/\/www.africa-press.net\/burkina-faso\/#website\",\"url\":\"https:\/\/www.africa-press.net\/burkina-faso\/\",\"name\":\"Burkina Faso\",\"description\":\"Just another Africa News Agency Sites site\",\"potentialAction\":[{\"@type\":\"SearchAction\",\"target\":{\"@type\":\"EntryPoint\",\"urlTemplate\":\"https:\/\/www.africa-press.net\/burkina-faso\/?s={search_term_string}\"},\"query-input\":{\"@type\":\"PropertyValueSpecification\",\"valueRequired\":true,\"valueName\":\"search_term_string\"}}],\"inLanguage\":\"fr-FR\"},{\"@type\":\"Person\",\"@id\":\"https:\/\/www.africa-press.net\/burkina-faso\/#\/schema\/person\/2b1cf3cd81a31e3cd26889ca66d677f1\",\"name\":\"cfeditorfr\"}]}<\/script>\n<!-- \/ Yoast SEO Premium plugin. -->","yoast_head_json":{"title":"Ins\u00e9curit\u00e9 alimentaire: mutualiser les efforts pour juguler la crise - Burkina Faso","description":"Les rideaux sont tomb\u00e9s sur l\u2019atelier de planification de r\u00e9ponse soudure 2021 et de capitalisation ciblage, le jeudi ...","robots":{"index":"index","follow":"follow","max-snippet":"max-snippet:-1","max-image-preview":"max-image-preview:large","max-video-preview":"max-video-preview:-1"},"canonical":"https:\/\/www.africa-press.net\/burkina-faso\/economie\/insecurite-alimentaire-mutualiser-les-efforts-pour-juguler-la-crise","og_locale":"fr_FR","og_type":"article","og_title":"Ins\u00e9curit\u00e9 alimentaire: mutualiser les efforts pour juguler la crise","og_description":"Les rideaux sont tomb\u00e9s sur l\u2019atelier de planification de r\u00e9ponse soudure 2021 et de capitalisation ciblage, le jeudi ...","og_url":"https:\/\/www.africa-press.net\/burkina-faso\/economie\/insecurite-alimentaire-mutualiser-les-efforts-pour-juguler-la-crise","og_site_name":"Burkina Faso","article_published_time":"2021-04-23T14:01:55+00:00","og_image":[{"width":720,"height":480,"url":"https:\/\/static.africa-press.net\/burkina\/sites\/42\/2021\/04\/img-6082bee1427ae.jpg","type":"image\/jpeg"}],"author":"cfeditorfr","twitter_card":"summary_large_image","twitter_misc":{"\u00c9crit par":"cfeditorfr","Dur\u00e9e de lecture estim\u00e9e":"3 minutes"},"schema":{"@context":"https:\/\/schema.org","@graph":[{"@type":"Article","@id":"https:\/\/www.africa-press.net\/burkina-faso\/economie\/insecurite-alimentaire-mutualiser-les-efforts-pour-juguler-la-crise#article","isPartOf":{"@id":"https:\/\/www.africa-press.net\/burkina-faso\/economie\/insecurite-alimentaire-mutualiser-les-efforts-pour-juguler-la-crise"},"author":{"name":"cfeditorfr","@id":"https:\/\/www.africa-press.net\/burkina-faso\/#\/schema\/person\/2b1cf3cd81a31e3cd26889ca66d677f1"},"headline":"Ins\u00e9curit\u00e9 alimentaire: mutualiser les efforts pour juguler la crise","datePublished":"2021-04-23T14:01:55+00:00","mainEntityOfPage":{"@id":"https:\/\/www.africa-press.net\/burkina-faso\/economie\/insecurite-alimentaire-mutualiser-les-efforts-pour-juguler-la-crise"},"wordCount":558,"commentCount":0,"image":{"@id":"https:\/\/www.africa-press.net\/burkina-faso\/economie\/insecurite-alimentaire-mutualiser-les-efforts-pour-juguler-la-crise#primaryimage"},"thumbnailUrl":"https:\/\/static.africa-press.net\/burkina\/sites\/42\/2021\/04\/img-6082bee1427ae.jpg","keywords":["Africa Press","Africa Press-Burkina Faso","Burkina Faso"],"articleSection":["\u00c9conomie","homepage-french","Toutes les actualit\u00e9s"],"inLanguage":"fr-FR","potentialAction":[{"@type":"CommentAction","name":"Comment","target":["https:\/\/www.africa-press.net\/burkina-faso\/economie\/insecurite-alimentaire-mutualiser-les-efforts-pour-juguler-la-crise#respond"]}]},{"@type":"WebPage","@id":"https:\/\/www.africa-press.net\/burkina-faso\/economie\/insecurite-alimentaire-mutualiser-les-efforts-pour-juguler-la-crise","url":"https:\/\/www.africa-press.net\/burkina-faso\/economie\/insecurite-alimentaire-mutualiser-les-efforts-pour-juguler-la-crise","name":"Ins\u00e9curit\u00e9 alimentaire: mutualiser les efforts pour juguler la crise - Burkina Faso","isPartOf":{"@id":"https:\/\/www.africa-press.net\/burkina-faso\/#website"},"primaryImageOfPage":{"@id":"https:\/\/www.africa-press.net\/burkina-faso\/economie\/insecurite-alimentaire-mutualiser-les-efforts-pour-juguler-la-crise#primaryimage"},"image":{"@id":"https:\/\/www.africa-press.net\/burkina-faso\/economie\/insecurite-alimentaire-mutualiser-les-efforts-pour-juguler-la-crise#primaryimage"},"thumbnailUrl":"https:\/\/static.africa-press.net\/burkina\/sites\/42\/2021\/04\/img-6082bee1427ae.jpg","datePublished":"2021-04-23T14:01:55+00:00","author":{"@id":"https:\/\/www.africa-press.net\/burkina-faso\/#\/schema\/person\/2b1cf3cd81a31e3cd26889ca66d677f1"},"description":"Les rideaux sont tomb\u00e9s sur l\u2019atelier de planification de r\u00e9ponse soudure 2021 et de capitalisation ciblage, le jeudi ...","breadcrumb":{"@id":"https:\/\/www.africa-press.net\/burkina-faso\/economie\/insecurite-alimentaire-mutualiser-les-efforts-pour-juguler-la-crise#breadcrumb"},"inLanguage":"fr-FR","potentialAction":[{"@type":"ReadAction","target":["https:\/\/www.africa-press.net\/burkina-faso\/economie\/insecurite-alimentaire-mutualiser-les-efforts-pour-juguler-la-crise"]}]},{"@type":"ImageObject","inLanguage":"fr-FR","@id":"https:\/\/www.africa-press.net\/burkina-faso\/economie\/insecurite-alimentaire-mutualiser-les-efforts-pour-juguler-la-crise#primaryimage","url":"https:\/\/static.africa-press.net\/burkina\/sites\/42\/2021\/04\/img-6082bee1427ae.jpg","contentUrl":"https:\/\/static.africa-press.net\/burkina\/sites\/42\/2021\/04\/img-6082bee1427ae.jpg","width":720,"height":480,"caption":"Ins\u00e9curit\u00e9 alimentaire: mutualiser les efforts pour juguler la crise"},{"@type":"BreadcrumbList","@id":"https:\/\/www.africa-press.net\/burkina-faso\/economie\/insecurite-alimentaire-mutualiser-les-efforts-pour-juguler-la-crise#breadcrumb","itemListElement":[{"@type":"ListItem","position":1,"name":"Accueil","item":"https:\/\/www.africa-press.net\/burkina-faso\/"},{"@type":"ListItem","position":2,"name":"Ins\u00e9curit\u00e9 alimentaire: mutualiser les efforts pour juguler la crise"}]},{"@type":"WebSite","@id":"https:\/\/www.africa-press.net\/burkina-faso\/#website","url":"https:\/\/www.africa-press.net\/burkina-faso\/","name":"Burkina Faso","description":"Just another Africa News Agency Sites site","potentialAction":[{"@type":"SearchAction","target":{"@type":"EntryPoint","urlTemplate":"https:\/\/www.africa-press.net\/burkina-faso\/?s={search_term_string}"},"query-input":{"@type":"PropertyValueSpecification","valueRequired":true,"valueName":"search_term_string"}}],"inLanguage":"fr-FR"},{"@type":"Person","@id":"https:\/\/www.africa-press.net\/burkina-faso\/#\/schema\/person\/2b1cf3cd81a31e3cd26889ca66d677f1","name":"cfeditorfr"}]}},"_links":{"self":[{"href":"https:\/\/www.africa-press.net\/burkina-faso\/wp-json\/wp\/v2\/posts\/10436","targetHints":{"allow":["GET"]}}],"collection":[{"href":"https:\/\/www.africa-press.net\/burkina-faso\/wp-json\/wp\/v2\/posts"}],"about":[{"href":"https:\/\/www.africa-press.net\/burkina-faso\/wp-json\/wp\/v2\/types\/post"}],"author":[{"embeddable":true,"href":"https:\/\/www.africa-press.net\/burkina-faso\/wp-json\/wp\/v2\/users\/82"}],"replies":[{"embeddable":true,"href":"https:\/\/www.africa-press.net\/burkina-faso\/wp-json\/wp\/v2\/comments?post=10436"}],"version-history":[{"count":0,"href":"https:\/\/www.africa-press.net\/burkina-faso\/wp-json\/wp\/v2\/posts\/10436\/revisions"}],"wp:featuredmedia":[{"embeddable":true,"href":"https:\/\/www.africa-press.net\/burkina-faso\/wp-json\/wp\/v2\/media\/10435"}],"wp:attachment":[{"href":"https:\/\/www.africa-press.net\/burkina-faso\/wp-json\/wp\/v2\/media?parent=10436"}],"wp:term":[{"taxonomy":"category","embeddable":true,"href":"https:\/\/www.africa-press.net\/burkina-faso\/wp-json\/wp\/v2\/categories?post=10436"},{"taxonomy":"post_tag","embeddable":true,"href":"https:\/\/www.africa-press.net\/burkina-faso\/wp-json\/wp\/v2\/tags?post=10436"}],"curies":[{"name":"wp","href":"https:\/\/api.w.org\/{rel}","templated":true}]}}