{"id":10445,"date":"2021-04-23T14:25:01","date_gmt":"2021-04-23T14:25:01","guid":{"rendered":"https:\/\/www.africa-press.net\/burkina-faso\/?p=10445"},"modified":"2021-04-23T13:43:26","modified_gmt":"2021-04-23T13:43:26","slug":"assises-nationales-sur-leducation-le-ministre-stanislas-ouaro-consulte-la-memoire-vivante-du-systeme-educatif","status":"publish","type":"post","link":"https:\/\/www.africa-press.net\/burkina-faso\/culture-et-art\/assises-nationales-sur-leducation-le-ministre-stanislas-ouaro-consulte-la-memoire-vivante-du-systeme-educatif","title":{"rendered":"Assises nationales sur l\u2019\u00e9ducation : Le ministre Stanislas Ouaro consulte la \u00ab m\u00e9moire vivante \u00bb du syst\u00e8me \u00e9ducatif"},"content":{"rendered":"<p><span style=\"color: #ff6600\"><strong><a href=\"https:\/\/www.africa-press.net\/\">Africa-Press<\/a> &#8211; <a href=\"https:\/\/www.africa-press.net\/burkina-faso\">Burkina Faso<\/a>. <\/strong><\/span><b>En pr\u00e9lude \u00e0 l\u2019organisation des assises nationales sur l\u2019\u00e9ducation, le ministre en charge de la question, Pr Stanislas Ouaro, a rencontr\u00e9 ce jeudi 22 avril 2021 \u00e0 Ouagadougou, tous ses pr\u00e9d\u00e9cesseurs afin de poser les balises de ces rencontres nationales. Il s\u2019agit en effet pour eux de partager leurs exp\u00e9riences afin d\u2019enrichir davantage les th\u00e9matiques qui seront discut\u00e9es au cours de ces assises.<\/b><\/p>\n<p>Fonder un pacte national pour une \u00e9ducation de qualit\u00e9 dans un contexte de crise s\u00e9curitaire, sanitaire, \u00e9conomique et sociale. C\u2019est le but global de ces assises qui se pr\u00e9parent. Et pour relever ce d\u00e9fi, c\u2019est toute la m\u00e9moire vivante du syst\u00e8me \u00e9ducatif burkinab\u00e8, notamment les anciens ministres de l\u2019\u00e9ducation qui ont \u00e9t\u00e9 convi\u00e9s \u00e0 une rencontre organis\u00e9e ce 22 avril 2021 et pr\u00e9sid\u00e9e par le ministre en charge de l\u2019Education nationale, Pr Stanislas Ouaro. Une rencontre au cours de laquelle, les anciens ministres ont partag\u00e9 leurs diff\u00e9rentes expertises, savoir-faire et exp\u00e9riences pour que ces assises soient une r\u00e9ussite et qu\u2019elles puissent contribuer \u00e0 l\u2019am\u00e9lioration du syst\u00e8me \u00e9ducatif.<\/p>\n<p>Prenant la parole, le ministre Stanislas Ouaro a fait savoir que leur souhait, c\u2019est d\u2019organiser des assises en faisant en sorte qu\u2019il y ait une participation de toute la communaut\u00e9 et c\u2019est pour cela qu\u2019ils ont souhait\u00e9 rencontrer tous les anciens ministres qui ont dirig\u00e9 de d\u00e9partement de l\u2019\u00e9ducation nationale, soit le pr\u00e9scolaire, le primaire, le post-primaire et le secondaire pour des \u00e9changes fructueux.<\/p>\n<p>Car, explique-t-il, ils ont une longue exp\u00e9rience du syst\u00e8me \u00e9ducatif, un pass\u00e9 tr\u00e8s int\u00e9ressant mais aussi le recul qu\u2019ils ont apr\u00e8s avoir dirig\u00e9 les diff\u00e9rents secteurs et sous-secteurs de l\u2019\u00e9ducation. \u00ab Surtout un recul qui leur donne une vision et des le\u00e7ons \u00e0 partager et nous souhaitons que cette exp\u00e9rience permette d\u2019enrichir davantage les th\u00e9matiques de ces assises. Notre souhait, c\u2019est aussi de voir ces personnalit\u00e9s diriger ou codiriger certaines commissions au niveau de ces assises. L\u2019objectif \u00e9tant de faire en sorte que la communaut\u00e9 soit mobilis\u00e9e et que nous puissions \u00e0 l\u2019issue de ces assises d\u00e9gager un document de strat\u00e9gie et une feuille de route pour que nous puissions d\u00e9velopper notre syst\u00e8me \u00e9ducatif dans le contexte de toutes ces crises \u00bb.<\/p>\n<p><b>Des d\u00e9fis \u00e9normes<\/b><\/p>\n<p>Saisissant \u00e9galement l\u2019occasion pour f\u00e9liciter ses pr\u00e9d\u00e9cesseurs pour les r\u00e9sultats engrang\u00e9s pour l\u2019\u00e9cole burkinab\u00e8, le ministre Ouaro a \u00e9gren\u00e9 le chapelet des d\u00e9fis auxquels est confront\u00e9 son minist\u00e8re. Il s\u2019agit, entre autres, du d\u00e9fi s\u00e9curitaire qui a occasionn\u00e9 la fermeture de 2208 \u00e9tablissements mettant en rupture th\u00e9orique l\u2019apprentissage d\u2019environ 300 000 \u00e9l\u00e8ves.<\/p>\n<p>A cela s\u2019ajoutent la fronde sociale, une r\u00e9forme curriculaire qui traine les pas depuis 27 ans, une recrudescence de la violence en milieu scolaire ces derni\u00e8res ann\u00e9es, l\u2019\u00e9ducation non formelle qui souffre d\u2019insuffisance de financements et le transfert des ressources aux collectivit\u00e9s qui connait beaucoup de probl\u00e8mes, etc.<\/p>\n<p>Apr\u00e8s avoir \u00e9gren\u00e9 ces d\u00e9fis, Pr Stanislas Ouaro est revenu sur quelques points saillants de l\u2019organisation des assises nationales. Selon lui, des assises r\u00e9gionales pr\u00e9c\u00e9deront les assises nationales de sorte que les populations de chaque r\u00e9gion puissent, \u00e0 travers leurs repr\u00e9sentants, mener une r\u00e9flexion sur le syst\u00e8me \u00e9ducatif selon leurs attentes. Une occasion pour eux de d\u00e9gager aussi les forces et les faiblesses de l\u2019\u00e9cole dans leur contexte et formuler des solutions impr\u00e9gn\u00e9es de leur v\u00e9cu.<\/p>\n<p>C\u2019est pourquoi, pr\u00e9cise-t-il, les conclusions de ces assises r\u00e9gionales serviront de base de r\u00e9flexion aux assises nationales au sortir desquelles, un document sur les reformes et strat\u00e9gies d\u2019action sera mis en \u0153uvre pour d\u00e9velopper l\u2019\u00e9ducation dans un contexte de toutes ces nombreuses crises, assorti d\u2019une feuille de route claire pour la r\u00e9forme du syst\u00e8me \u00e9ducatif.<\/p>\n<p><b>Si l\u2019\u00e9cole n\u2019avance pas, le Burkina n\u2019avancera pas<\/b><\/p>\n<p>Apporter un changement au syst\u00e8me \u00e9ducatif, c\u2019est \u00e9galement ce qui est expliqu\u00e9 par l\u2019un des anciens ministres et ancien pr\u00e9sident de l\u2019Assembl\u00e9e nationale, M\u00e9l\u00e9gu\u00e9 Maurice Traor\u00e9. Car pour lui, l\u2019\u00e9ducation nationale, c\u2019est le c\u0153ur d\u2019un pays et d\u00e9termine tout le reste, quel que soit le secteur.<\/p>\n<p>\u00ab Il n\u2019y a pas de d\u00e9partement plus important que l\u2019\u00e9ducation nationale et nous allons faire des suggestions ainsi qu\u2019apporter certains correctifs indispensables \u00bb, fait-il savoir, tout en indiquant que si l\u2019\u00e9cole n\u2019avance pas le Burkina n\u2019avancera pas. \u00ab C\u2019est clair, parce que le potentiel d\u2019un pays se trouve dans son \u00e9ducation et la constitution d\u2019une \u00e9lite d\u2019un pays d\u00e9pend \u00e0 100% de l\u2019\u00e9ducation \u00bb.<\/p>\n<p><b>Yvette Zongo<br \/>\n<\/b><\/p>\n","protected":false},"excerpt":{"rendered":"<p>Africa-Press &#8211; Burkina Faso. En pr\u00e9lude \u00e0 l\u2019organisation des assises nationales sur l\u2019\u00e9ducation, le ministre en charge de la question, Pr Stanislas Ouaro, a rencontr\u00e9 ce jeudi 22 avril 2021 \u00e0 Ouagadougou, tous ses pr\u00e9d\u00e9cesseurs afin de poser les balises de ces rencontres nationales. Il s\u2019agit en effet pour eux de partager leurs exp\u00e9riences afin [&hellip;]<\/p>\n","protected":false},"author":82,"featured_media":10444,"comment_status":"open","ping_status":"closed","sticky":false,"template":"","format":"standard","meta":{"footnotes":""},"categories":[5,11,10],"tags":[111,725,29],"class_list":["post-10445","post","type-post","status-publish","format-standard","has-post-thumbnail","hentry","category-culture-et-art","category-homepage-french","category-toutes-les-actualites","tag-africa-press","tag-africa-press-burkina-faso","tag-burkina-faso"],"yoast_head":"<!-- This site is optimized with the Yoast SEO Premium plugin v26.1 (Yoast SEO v27.0) - https:\/\/yoast.com\/product\/yoast-seo-premium-wordpress\/ -->\n<title>Assises nationales sur l\u2019\u00e9ducation : Le ministre Stanislas Ouaro consulte la \u00ab m\u00e9moire vivante \u00bb du syst\u00e8me \u00e9ducatif - Burkina Faso<\/title>\n<meta name=\"description\" content=\"En pr\u00e9lude \u00e0 l\u2019organisation des assises nationales sur l\u2019\u00e9ducation, le ministre en charge de la question, Pr Stanisla ...\" \/>\n<meta name=\"robots\" content=\"index, follow, max-snippet:-1, max-image-preview:large, max-video-preview:-1\" \/>\n<link rel=\"canonical\" href=\"https:\/\/www.africa-press.net\/burkina-faso\/culture-et-art\/assises-nationales-sur-leducation-le-ministre-stanislas-ouaro-consulte-la-memoire-vivante-du-systeme-educatif\" \/>\n<meta property=\"og:locale\" content=\"fr_FR\" \/>\n<meta property=\"og:type\" content=\"article\" \/>\n<meta property=\"og:title\" content=\"Assises nationales sur l\u2019\u00e9ducation : Le ministre Stanislas Ouaro consulte la \u00ab m\u00e9moire vivante \u00bb du syst\u00e8me \u00e9ducatif\" \/>\n<meta property=\"og:description\" content=\"En pr\u00e9lude \u00e0 l\u2019organisation des assises nationales sur l\u2019\u00e9ducation, le ministre en charge de la question, Pr Stanisla ...\" \/>\n<meta property=\"og:url\" content=\"https:\/\/www.africa-press.net\/burkina-faso\/culture-et-art\/assises-nationales-sur-leducation-le-ministre-stanislas-ouaro-consulte-la-memoire-vivante-du-systeme-educatif\" \/>\n<meta property=\"og:site_name\" content=\"Burkina Faso\" \/>\n<meta property=\"article:published_time\" content=\"2021-04-23T14:25:01+00:00\" \/>\n<meta property=\"og:image\" content=\"https:\/\/static.africa-press.net\/burkina\/sites\/42\/2021\/04\/img-6082bf603f866.jpg\" \/>\n\t<meta property=\"og:image:width\" content=\"720\" \/>\n\t<meta property=\"og:image:height\" content=\"478\" \/>\n\t<meta property=\"og:image:type\" content=\"image\/jpeg\" \/>\n<meta name=\"author\" content=\"cfeditorfr\" \/>\n<meta name=\"twitter:card\" content=\"summary_large_image\" \/>\n<meta name=\"twitter:label1\" content=\"\u00c9crit par\" \/>\n\t<meta name=\"twitter:data1\" content=\"cfeditorfr\" \/>\n\t<meta name=\"twitter:label2\" content=\"Dur\u00e9e de lecture estim\u00e9e\" \/>\n\t<meta name=\"twitter:data2\" content=\"4 minutes\" \/>\n<script type=\"application\/ld+json\" class=\"yoast-schema-graph\">{\"@context\":\"https:\/\/schema.org\",\"@graph\":[{\"@type\":\"Article\",\"@id\":\"https:\/\/www.africa-press.net\/burkina-faso\/culture-et-art\/assises-nationales-sur-leducation-le-ministre-stanislas-ouaro-consulte-la-memoire-vivante-du-systeme-educatif#article\",\"isPartOf\":{\"@id\":\"https:\/\/www.africa-press.net\/burkina-faso\/culture-et-art\/assises-nationales-sur-leducation-le-ministre-stanislas-ouaro-consulte-la-memoire-vivante-du-systeme-educatif\"},\"author\":{\"name\":\"cfeditorfr\",\"@id\":\"https:\/\/www.africa-press.net\/burkina-faso\/#\/schema\/person\/2b1cf3cd81a31e3cd26889ca66d677f1\"},\"headline\":\"Assises nationales sur l\u2019\u00e9ducation : Le ministre Stanislas Ouaro consulte la \u00ab m\u00e9moire vivante \u00bb du syst\u00e8me \u00e9ducatif\",\"datePublished\":\"2021-04-23T14:25:01+00:00\",\"mainEntityOfPage\":{\"@id\":\"https:\/\/www.africa-press.net\/burkina-faso\/culture-et-art\/assises-nationales-sur-leducation-le-ministre-stanislas-ouaro-consulte-la-memoire-vivante-du-systeme-educatif\"},\"wordCount\":849,\"commentCount\":0,\"image\":{\"@id\":\"https:\/\/www.africa-press.net\/burkina-faso\/culture-et-art\/assises-nationales-sur-leducation-le-ministre-stanislas-ouaro-consulte-la-memoire-vivante-du-systeme-educatif#primaryimage\"},\"thumbnailUrl\":\"https:\/\/static.africa-press.net\/burkina\/sites\/42\/2021\/04\/img-6082bf603f866.jpg\",\"keywords\":[\"Africa Press\",\"Africa Press-Burkina Faso\",\"Burkina Faso\"],\"articleSection\":[\"Culture et Art\",\"homepage-french\",\"Toutes les actualit\u00e9s\"],\"inLanguage\":\"fr-FR\",\"potentialAction\":[{\"@type\":\"CommentAction\",\"name\":\"Comment\",\"target\":[\"https:\/\/www.africa-press.net\/burkina-faso\/culture-et-art\/assises-nationales-sur-leducation-le-ministre-stanislas-ouaro-consulte-la-memoire-vivante-du-systeme-educatif#respond\"]}]},{\"@type\":\"WebPage\",\"@id\":\"https:\/\/www.africa-press.net\/burkina-faso\/culture-et-art\/assises-nationales-sur-leducation-le-ministre-stanislas-ouaro-consulte-la-memoire-vivante-du-systeme-educatif\",\"url\":\"https:\/\/www.africa-press.net\/burkina-faso\/culture-et-art\/assises-nationales-sur-leducation-le-ministre-stanislas-ouaro-consulte-la-memoire-vivante-du-systeme-educatif\",\"name\":\"Assises nationales sur l\u2019\u00e9ducation : Le ministre Stanislas Ouaro consulte la \u00ab m\u00e9moire vivante \u00bb du syst\u00e8me \u00e9ducatif - Burkina Faso\",\"isPartOf\":{\"@id\":\"https:\/\/www.africa-press.net\/burkina-faso\/#website\"},\"primaryImageOfPage\":{\"@id\":\"https:\/\/www.africa-press.net\/burkina-faso\/culture-et-art\/assises-nationales-sur-leducation-le-ministre-stanislas-ouaro-consulte-la-memoire-vivante-du-systeme-educatif#primaryimage\"},\"image\":{\"@id\":\"https:\/\/www.africa-press.net\/burkina-faso\/culture-et-art\/assises-nationales-sur-leducation-le-ministre-stanislas-ouaro-consulte-la-memoire-vivante-du-systeme-educatif#primaryimage\"},\"thumbnailUrl\":\"https:\/\/static.africa-press.net\/burkina\/sites\/42\/2021\/04\/img-6082bf603f866.jpg\",\"datePublished\":\"2021-04-23T14:25:01+00:00\",\"author\":{\"@id\":\"https:\/\/www.africa-press.net\/burkina-faso\/#\/schema\/person\/2b1cf3cd81a31e3cd26889ca66d677f1\"},\"description\":\"En pr\u00e9lude \u00e0 l\u2019organisation des assises nationales sur l\u2019\u00e9ducation, le ministre en charge de la question, Pr Stanisla ...\",\"breadcrumb\":{\"@id\":\"https:\/\/www.africa-press.net\/burkina-faso\/culture-et-art\/assises-nationales-sur-leducation-le-ministre-stanislas-ouaro-consulte-la-memoire-vivante-du-systeme-educatif#breadcrumb\"},\"inLanguage\":\"fr-FR\",\"potentialAction\":[{\"@type\":\"ReadAction\",\"target\":[\"https:\/\/www.africa-press.net\/burkina-faso\/culture-et-art\/assises-nationales-sur-leducation-le-ministre-stanislas-ouaro-consulte-la-memoire-vivante-du-systeme-educatif\"]}]},{\"@type\":\"ImageObject\",\"inLanguage\":\"fr-FR\",\"@id\":\"https:\/\/www.africa-press.net\/burkina-faso\/culture-et-art\/assises-nationales-sur-leducation-le-ministre-stanislas-ouaro-consulte-la-memoire-vivante-du-systeme-educatif#primaryimage\",\"url\":\"https:\/\/static.africa-press.net\/burkina\/sites\/42\/2021\/04\/img-6082bf603f866.jpg\",\"contentUrl\":\"https:\/\/static.africa-press.net\/burkina\/sites\/42\/2021\/04\/img-6082bf603f866.jpg\",\"width\":720,\"height\":478,\"caption\":\"Assises nationales sur l\u2019\u00e9ducation : Le ministre Stanislas Ouaro consulte la \u00ab m\u00e9moire vivante \u00bb du syst\u00e8me \u00e9ducatif\"},{\"@type\":\"BreadcrumbList\",\"@id\":\"https:\/\/www.africa-press.net\/burkina-faso\/culture-et-art\/assises-nationales-sur-leducation-le-ministre-stanislas-ouaro-consulte-la-memoire-vivante-du-systeme-educatif#breadcrumb\",\"itemListElement\":[{\"@type\":\"ListItem\",\"position\":1,\"name\":\"Accueil\",\"item\":\"https:\/\/www.africa-press.net\/burkina-faso\/\"},{\"@type\":\"ListItem\",\"position\":2,\"name\":\"Assises nationales sur l\u2019\u00e9ducation : Le ministre Stanislas Ouaro consulte la \u00ab m\u00e9moire vivante \u00bb du syst\u00e8me \u00e9ducatif\"}]},{\"@type\":\"WebSite\",\"@id\":\"https:\/\/www.africa-press.net\/burkina-faso\/#website\",\"url\":\"https:\/\/www.africa-press.net\/burkina-faso\/\",\"name\":\"Burkina Faso\",\"description\":\"Just another Africa News Agency Sites site\",\"potentialAction\":[{\"@type\":\"SearchAction\",\"target\":{\"@type\":\"EntryPoint\",\"urlTemplate\":\"https:\/\/www.africa-press.net\/burkina-faso\/?s={search_term_string}\"},\"query-input\":{\"@type\":\"PropertyValueSpecification\",\"valueRequired\":true,\"valueName\":\"search_term_string\"}}],\"inLanguage\":\"fr-FR\"},{\"@type\":\"Person\",\"@id\":\"https:\/\/www.africa-press.net\/burkina-faso\/#\/schema\/person\/2b1cf3cd81a31e3cd26889ca66d677f1\",\"name\":\"cfeditorfr\"}]}<\/script>\n<!-- \/ Yoast SEO Premium plugin. -->","yoast_head_json":{"title":"Assises nationales sur l\u2019\u00e9ducation : Le ministre Stanislas Ouaro consulte la \u00ab m\u00e9moire vivante \u00bb du syst\u00e8me \u00e9ducatif - Burkina Faso","description":"En pr\u00e9lude \u00e0 l\u2019organisation des assises nationales sur l\u2019\u00e9ducation, le ministre en charge de la question, Pr Stanisla ...","robots":{"index":"index","follow":"follow","max-snippet":"max-snippet:-1","max-image-preview":"max-image-preview:large","max-video-preview":"max-video-preview:-1"},"canonical":"https:\/\/www.africa-press.net\/burkina-faso\/culture-et-art\/assises-nationales-sur-leducation-le-ministre-stanislas-ouaro-consulte-la-memoire-vivante-du-systeme-educatif","og_locale":"fr_FR","og_type":"article","og_title":"Assises nationales sur l\u2019\u00e9ducation : Le ministre Stanislas Ouaro consulte la \u00ab m\u00e9moire vivante \u00bb du syst\u00e8me \u00e9ducatif","og_description":"En pr\u00e9lude \u00e0 l\u2019organisation des assises nationales sur l\u2019\u00e9ducation, le ministre en charge de la question, Pr Stanisla ...","og_url":"https:\/\/www.africa-press.net\/burkina-faso\/culture-et-art\/assises-nationales-sur-leducation-le-ministre-stanislas-ouaro-consulte-la-memoire-vivante-du-systeme-educatif","og_site_name":"Burkina Faso","article_published_time":"2021-04-23T14:25:01+00:00","og_image":[{"width":720,"height":478,"url":"https:\/\/static.africa-press.net\/burkina\/sites\/42\/2021\/04\/img-6082bf603f866.jpg","type":"image\/jpeg"}],"author":"cfeditorfr","twitter_card":"summary_large_image","twitter_misc":{"\u00c9crit par":"cfeditorfr","Dur\u00e9e de lecture estim\u00e9e":"4 minutes"},"schema":{"@context":"https:\/\/schema.org","@graph":[{"@type":"Article","@id":"https:\/\/www.africa-press.net\/burkina-faso\/culture-et-art\/assises-nationales-sur-leducation-le-ministre-stanislas-ouaro-consulte-la-memoire-vivante-du-systeme-educatif#article","isPartOf":{"@id":"https:\/\/www.africa-press.net\/burkina-faso\/culture-et-art\/assises-nationales-sur-leducation-le-ministre-stanislas-ouaro-consulte-la-memoire-vivante-du-systeme-educatif"},"author":{"name":"cfeditorfr","@id":"https:\/\/www.africa-press.net\/burkina-faso\/#\/schema\/person\/2b1cf3cd81a31e3cd26889ca66d677f1"},"headline":"Assises nationales sur l\u2019\u00e9ducation : Le ministre Stanislas Ouaro consulte la \u00ab m\u00e9moire vivante \u00bb du syst\u00e8me \u00e9ducatif","datePublished":"2021-04-23T14:25:01+00:00","mainEntityOfPage":{"@id":"https:\/\/www.africa-press.net\/burkina-faso\/culture-et-art\/assises-nationales-sur-leducation-le-ministre-stanislas-ouaro-consulte-la-memoire-vivante-du-systeme-educatif"},"wordCount":849,"commentCount":0,"image":{"@id":"https:\/\/www.africa-press.net\/burkina-faso\/culture-et-art\/assises-nationales-sur-leducation-le-ministre-stanislas-ouaro-consulte-la-memoire-vivante-du-systeme-educatif#primaryimage"},"thumbnailUrl":"https:\/\/static.africa-press.net\/burkina\/sites\/42\/2021\/04\/img-6082bf603f866.jpg","keywords":["Africa Press","Africa Press-Burkina Faso","Burkina Faso"],"articleSection":["Culture et Art","homepage-french","Toutes les actualit\u00e9s"],"inLanguage":"fr-FR","potentialAction":[{"@type":"CommentAction","name":"Comment","target":["https:\/\/www.africa-press.net\/burkina-faso\/culture-et-art\/assises-nationales-sur-leducation-le-ministre-stanislas-ouaro-consulte-la-memoire-vivante-du-systeme-educatif#respond"]}]},{"@type":"WebPage","@id":"https:\/\/www.africa-press.net\/burkina-faso\/culture-et-art\/assises-nationales-sur-leducation-le-ministre-stanislas-ouaro-consulte-la-memoire-vivante-du-systeme-educatif","url":"https:\/\/www.africa-press.net\/burkina-faso\/culture-et-art\/assises-nationales-sur-leducation-le-ministre-stanislas-ouaro-consulte-la-memoire-vivante-du-systeme-educatif","name":"Assises nationales sur l\u2019\u00e9ducation : Le ministre Stanislas Ouaro consulte la \u00ab m\u00e9moire vivante \u00bb du syst\u00e8me \u00e9ducatif - Burkina Faso","isPartOf":{"@id":"https:\/\/www.africa-press.net\/burkina-faso\/#website"},"primaryImageOfPage":{"@id":"https:\/\/www.africa-press.net\/burkina-faso\/culture-et-art\/assises-nationales-sur-leducation-le-ministre-stanislas-ouaro-consulte-la-memoire-vivante-du-systeme-educatif#primaryimage"},"image":{"@id":"https:\/\/www.africa-press.net\/burkina-faso\/culture-et-art\/assises-nationales-sur-leducation-le-ministre-stanislas-ouaro-consulte-la-memoire-vivante-du-systeme-educatif#primaryimage"},"thumbnailUrl":"https:\/\/static.africa-press.net\/burkina\/sites\/42\/2021\/04\/img-6082bf603f866.jpg","datePublished":"2021-04-23T14:25:01+00:00","author":{"@id":"https:\/\/www.africa-press.net\/burkina-faso\/#\/schema\/person\/2b1cf3cd81a31e3cd26889ca66d677f1"},"description":"En pr\u00e9lude \u00e0 l\u2019organisation des assises nationales sur l\u2019\u00e9ducation, le ministre en charge de la question, Pr Stanisla ...","breadcrumb":{"@id":"https:\/\/www.africa-press.net\/burkina-faso\/culture-et-art\/assises-nationales-sur-leducation-le-ministre-stanislas-ouaro-consulte-la-memoire-vivante-du-systeme-educatif#breadcrumb"},"inLanguage":"fr-FR","potentialAction":[{"@type":"ReadAction","target":["https:\/\/www.africa-press.net\/burkina-faso\/culture-et-art\/assises-nationales-sur-leducation-le-ministre-stanislas-ouaro-consulte-la-memoire-vivante-du-systeme-educatif"]}]},{"@type":"ImageObject","inLanguage":"fr-FR","@id":"https:\/\/www.africa-press.net\/burkina-faso\/culture-et-art\/assises-nationales-sur-leducation-le-ministre-stanislas-ouaro-consulte-la-memoire-vivante-du-systeme-educatif#primaryimage","url":"https:\/\/static.africa-press.net\/burkina\/sites\/42\/2021\/04\/img-6082bf603f866.jpg","contentUrl":"https:\/\/static.africa-press.net\/burkina\/sites\/42\/2021\/04\/img-6082bf603f866.jpg","width":720,"height":478,"caption":"Assises nationales sur l\u2019\u00e9ducation : Le ministre Stanislas Ouaro consulte la \u00ab m\u00e9moire vivante \u00bb du syst\u00e8me \u00e9ducatif"},{"@type":"BreadcrumbList","@id":"https:\/\/www.africa-press.net\/burkina-faso\/culture-et-art\/assises-nationales-sur-leducation-le-ministre-stanislas-ouaro-consulte-la-memoire-vivante-du-systeme-educatif#breadcrumb","itemListElement":[{"@type":"ListItem","position":1,"name":"Accueil","item":"https:\/\/www.africa-press.net\/burkina-faso\/"},{"@type":"ListItem","position":2,"name":"Assises nationales sur l\u2019\u00e9ducation : Le ministre Stanislas Ouaro consulte la \u00ab m\u00e9moire vivante \u00bb du syst\u00e8me \u00e9ducatif"}]},{"@type":"WebSite","@id":"https:\/\/www.africa-press.net\/burkina-faso\/#website","url":"https:\/\/www.africa-press.net\/burkina-faso\/","name":"Burkina Faso","description":"Just another Africa News Agency Sites site","potentialAction":[{"@type":"SearchAction","target":{"@type":"EntryPoint","urlTemplate":"https:\/\/www.africa-press.net\/burkina-faso\/?s={search_term_string}"},"query-input":{"@type":"PropertyValueSpecification","valueRequired":true,"valueName":"search_term_string"}}],"inLanguage":"fr-FR"},{"@type":"Person","@id":"https:\/\/www.africa-press.net\/burkina-faso\/#\/schema\/person\/2b1cf3cd81a31e3cd26889ca66d677f1","name":"cfeditorfr"}]}},"_links":{"self":[{"href":"https:\/\/www.africa-press.net\/burkina-faso\/wp-json\/wp\/v2\/posts\/10445","targetHints":{"allow":["GET"]}}],"collection":[{"href":"https:\/\/www.africa-press.net\/burkina-faso\/wp-json\/wp\/v2\/posts"}],"about":[{"href":"https:\/\/www.africa-press.net\/burkina-faso\/wp-json\/wp\/v2\/types\/post"}],"author":[{"embeddable":true,"href":"https:\/\/www.africa-press.net\/burkina-faso\/wp-json\/wp\/v2\/users\/82"}],"replies":[{"embeddable":true,"href":"https:\/\/www.africa-press.net\/burkina-faso\/wp-json\/wp\/v2\/comments?post=10445"}],"version-history":[{"count":0,"href":"https:\/\/www.africa-press.net\/burkina-faso\/wp-json\/wp\/v2\/posts\/10445\/revisions"}],"wp:featuredmedia":[{"embeddable":true,"href":"https:\/\/www.africa-press.net\/burkina-faso\/wp-json\/wp\/v2\/media\/10444"}],"wp:attachment":[{"href":"https:\/\/www.africa-press.net\/burkina-faso\/wp-json\/wp\/v2\/media?parent=10445"}],"wp:term":[{"taxonomy":"category","embeddable":true,"href":"https:\/\/www.africa-press.net\/burkina-faso\/wp-json\/wp\/v2\/categories?post=10445"},{"taxonomy":"post_tag","embeddable":true,"href":"https:\/\/www.africa-press.net\/burkina-faso\/wp-json\/wp\/v2\/tags?post=10445"}],"curies":[{"name":"wp","href":"https:\/\/api.w.org\/{rel}","templated":true}]}}