{"id":10448,"date":"2021-04-23T14:30:47","date_gmt":"2021-04-23T14:30:47","guid":{"rendered":"https:\/\/www.africa-press.net\/burkina-faso\/?p=10448"},"modified":"2021-04-23T13:43:42","modified_gmt":"2021-04-23T13:43:42","slug":"burkina-faso-la-commune-de-ouagadougou-evalue-sa-gestion-financiere","status":"publish","type":"post","link":"https:\/\/www.africa-press.net\/burkina-faso\/toutes-les-actualites\/burkina-faso-la-commune-de-ouagadougou-evalue-sa-gestion-financiere","title":{"rendered":"La Commune de Ouagadougou \u00e9value sa gestion financi\u00e8re"},"content":{"rendered":"<p><span style=\"color: #ff6600\"><strong><a href=\"https:\/\/www.africa-press.net\/\">Africa-Press<\/a> &#8211; <a href=\"https:\/\/www.africa-press.net\/burkina-faso\">Burkina Faso<\/a>.\u00a0 <\/strong><\/span>\u00a0a eu lieu l\u2019atelier de restitution officielle du rapport de la 2e \u00e9valuation des finances publiques de la Commune de Ouagadougou par la m\u00e9thodologie Public Expenditure and Financial Accountability (PEFA).<\/p>\n<p>Le PEFA est une m\u00e9thodologie d\u2019\u00e9valuation de la performance de la gestion des finances publiques (GFP), selon des normes internationales \u00e9dict\u00e9es par le secr\u00e9tariat PEFA bas\u00e9 \u00e0 Washington aux Etats-Unis.<\/p>\n<p>Ces normes sont constitu\u00e9es de 31 indicateurs de haut niveau et les notations sont de A \u00e0 D. Cette m\u00e9thode fournit un cadre d\u2019\u00e9valuation et de pr\u00e9sentation des points forts et des points faibles de la Gestion des finances publiques (GFP) au moyen d\u2019indicateurs quantitatifs qui permettent d\u2019\u00e9valuer la performance de la GFP.<\/p>\n<p>Le PEFA est financ\u00e9 par l\u2019Agence Fran\u00e7aise de D\u00e9veloppement (AFD) dans cinq capitales africaines dont Ouagadougou. La Commune de Ouagadougou veut se doter d\u2019outils modernes de gestion financi\u00e8re qui lui permettront non seulement de faire des r\u00e9formes dans la gestion des finances publiques mais aussi d\u2019\u00eatre viable et d\u2019acc\u00e9der directement \u00e0 des finances ext\u00e9rieures. Selon le maire central de Ouagadougou, Armand Beouind\u00e9, cette \u00e9valuation est louable.<\/p>\n<p>\u00ab On vient de le constater avec la revue PEFA qui est l\u2019exercice que la mairie fait sur la d\u00e9pense publique et la responsabilit\u00e9 financi\u00e8re. On se soumet \u00e0 cet exercice depuis un moment, avec l\u2019appui de la cour des comptes du Burkina Faso, d\u2019experts fran\u00e7ais de la cour des comptes fran\u00e7aise et l\u2019appui financier de l\u2019AFD qui nous permet de voir o\u00f9 sont nos forces, o\u00f9 sont nos faiblesses, comment redresser la barre pour une gestion financi\u00e8re vertueuse. Et cela est \u00e0 louer. Nous avons encore beaucoup d\u2019efforts \u00e0 faire. Sur le plan de la communication, sur le plan de la participation citoyenne pour que les populations puissent savoir ce que la Commune investit pour eux et \u00e0 leur profit \u00bb, a-t-il dit.<\/p>\n<p>Le directeur de l\u2019AFD, Gilles Chausse, a expliqu\u00e9 que cet exercice consiste \u00e0 rendre compte publiquement, mais \u00e9galement \u00e0 relever des insuffisances. \u00ab Ce qui a pr\u00e9valu, c\u2019est d\u2019abord la conduite d\u2019un travail important, qui est un travail qui a \u00e9t\u00e9 initi\u00e9 en 2010, qui a \u00e9t\u00e9 reconduit en 2019, qui est cet exercice important d\u2019analyse de la gestion des finances publiques par des experts, selon des normes internationales dans un dispositif qui met en jeu l\u2019ensemble des services de la mairie. L\u2019objectif de ce travail est de rendre compte de mani\u00e8re publique. Mais on vient de constater \u00e0 l\u2019aune de la restitution qu\u2019il y a un certain nombre de marges de progression.<\/p>\n<p>C\u2019est un exercice de d\u00e9mocratie municipale, en rendant compte de la gestion dans toute sa dimension. C\u2019est donc cet exercice que l\u2019AFD appuie au niveau de la ville de Ouagadougou. Alors, moi j\u2019en ai retenu au moins une qui est importante, qui est celle relative au programme d\u2019investissement sur lequel je pense qu\u2019il doit y avoir un devoir de communication, qui doit \u00eatre plus important qui permettrait de mieux conna\u00eetre les programmes, de mieux \u00eatre inform\u00e9 des financements qui sont consentis \u00e0 travers ce programme \u00bb, a expliqu\u00e9 le directeur de l\u2019AFD.<\/p>\n<p>\u00c0 la suite du maire et du directeur de l\u2019AFD, Sylvie Ouoba, point focal du PEFA, a pr\u00e9sent\u00e9 le rapport de la 2e \u00e9valuation des finances publiques par la m\u00e9thodologie PEFA relay\u00e9e par d\u2019autres experts qui ont relev\u00e9 les points forts et les points faibles. Hamadou DIALLO (stagiaire)<\/p>\n","protected":false},"excerpt":{"rendered":"<p>Africa-Press &#8211; Burkina Faso.\u00a0 \u00a0a eu lieu l\u2019atelier de restitution officielle du rapport de la 2e \u00e9valuation des finances publiques de la Commune de Ouagadougou par la m\u00e9thodologie Public Expenditure and Financial Accountability (PEFA). Le PEFA est une m\u00e9thodologie d\u2019\u00e9valuation de la performance de la gestion des finances publiques (GFP), selon des normes internationales \u00e9dict\u00e9es [&hellip;]<\/p>\n","protected":false},"author":82,"featured_media":10447,"comment_status":"open","ping_status":"closed","sticky":false,"template":"","format":"standard","meta":{"footnotes":""},"categories":[21,11,10],"tags":[111,725,29],"class_list":["post-10448","post","type-post","status-publish","format-standard","has-post-thumbnail","hentry","category-communaute","category-homepage-french","category-toutes-les-actualites","tag-africa-press","tag-africa-press-burkina-faso","tag-burkina-faso"],"yoast_head":"<!-- This site is optimized with the Yoast SEO Premium plugin v26.1 (Yoast SEO v27.0) - https:\/\/yoast.com\/product\/yoast-seo-premium-wordpress\/ -->\n<title>La Commune de Ouagadougou \u00e9value sa gestion financi\u00e8re - Burkina Faso<\/title>\n<meta name=\"description\" content=\"Ce jeudi 22 avril 2021 \u00e0 Ouagadougou, a eu lieu l\u2019atelier de restitution officielle du rapport de la 2e \u00e9valuation des f ...\" \/>\n<meta name=\"robots\" content=\"index, follow, max-snippet:-1, max-image-preview:large, max-video-preview:-1\" \/>\n<link rel=\"canonical\" href=\"https:\/\/www.africa-press.net\/burkina-faso\/toutes-les-actualites\/burkina-faso-la-commune-de-ouagadougou-evalue-sa-gestion-financiere\" \/>\n<meta property=\"og:locale\" content=\"fr_FR\" \/>\n<meta property=\"og:type\" content=\"article\" \/>\n<meta property=\"og:title\" content=\"La Commune de Ouagadougou \u00e9value sa gestion financi\u00e8re\" \/>\n<meta property=\"og:description\" content=\"Ce jeudi 22 avril 2021 \u00e0 Ouagadougou, a eu lieu l\u2019atelier de restitution officielle du rapport de la 2e \u00e9valuation des f ...\" \/>\n<meta property=\"og:url\" content=\"https:\/\/www.africa-press.net\/burkina-faso\/toutes-les-actualites\/burkina-faso-la-commune-de-ouagadougou-evalue-sa-gestion-financiere\" \/>\n<meta property=\"og:site_name\" content=\"Burkina Faso\" \/>\n<meta property=\"article:published_time\" content=\"2021-04-23T14:30:47+00:00\" \/>\n<meta property=\"og:image\" content=\"https:\/\/static.africa-press.net\/burkina\/sites\/42\/2021\/04\/img-6082bf8c6c961.jpg\" \/>\n\t<meta property=\"og:image:width\" content=\"1024\" \/>\n\t<meta property=\"og:image:height\" content=\"514\" \/>\n\t<meta property=\"og:image:type\" content=\"image\/jpeg\" \/>\n<meta name=\"author\" content=\"cfeditorfr\" \/>\n<meta name=\"twitter:card\" content=\"summary_large_image\" \/>\n<meta name=\"twitter:label1\" content=\"\u00c9crit par\" \/>\n\t<meta name=\"twitter:data1\" content=\"cfeditorfr\" \/>\n\t<meta name=\"twitter:label2\" content=\"Dur\u00e9e de lecture estim\u00e9e\" \/>\n\t<meta name=\"twitter:data2\" content=\"3 minutes\" \/>\n<script type=\"application\/ld+json\" class=\"yoast-schema-graph\">{\"@context\":\"https:\/\/schema.org\",\"@graph\":[{\"@type\":\"Article\",\"@id\":\"https:\/\/www.africa-press.net\/burkina-faso\/toutes-les-actualites\/burkina-faso-la-commune-de-ouagadougou-evalue-sa-gestion-financiere#article\",\"isPartOf\":{\"@id\":\"https:\/\/www.africa-press.net\/burkina-faso\/toutes-les-actualites\/burkina-faso-la-commune-de-ouagadougou-evalue-sa-gestion-financiere\"},\"author\":{\"name\":\"cfeditorfr\",\"@id\":\"https:\/\/www.africa-press.net\/burkina-faso\/#\/schema\/person\/2b1cf3cd81a31e3cd26889ca66d677f1\"},\"headline\":\"La Commune de Ouagadougou \u00e9value sa gestion financi\u00e8re\",\"datePublished\":\"2021-04-23T14:30:47+00:00\",\"mainEntityOfPage\":{\"@id\":\"https:\/\/www.africa-press.net\/burkina-faso\/toutes-les-actualites\/burkina-faso-la-commune-de-ouagadougou-evalue-sa-gestion-financiere\"},\"wordCount\":608,\"commentCount\":0,\"image\":{\"@id\":\"https:\/\/www.africa-press.net\/burkina-faso\/toutes-les-actualites\/burkina-faso-la-commune-de-ouagadougou-evalue-sa-gestion-financiere#primaryimage\"},\"thumbnailUrl\":\"https:\/\/static.africa-press.net\/burkina\/sites\/42\/2021\/04\/img-6082bf8c6c961.jpg\",\"keywords\":[\"Africa Press\",\"Africa Press-Burkina Faso\",\"Burkina Faso\"],\"articleSection\":[\"Communaut\u00e9\",\"homepage-french\",\"Toutes les actualit\u00e9s\"],\"inLanguage\":\"fr-FR\",\"potentialAction\":[{\"@type\":\"CommentAction\",\"name\":\"Comment\",\"target\":[\"https:\/\/www.africa-press.net\/burkina-faso\/toutes-les-actualites\/burkina-faso-la-commune-de-ouagadougou-evalue-sa-gestion-financiere#respond\"]}]},{\"@type\":\"WebPage\",\"@id\":\"https:\/\/www.africa-press.net\/burkina-faso\/toutes-les-actualites\/burkina-faso-la-commune-de-ouagadougou-evalue-sa-gestion-financiere\",\"url\":\"https:\/\/www.africa-press.net\/burkina-faso\/toutes-les-actualites\/burkina-faso-la-commune-de-ouagadougou-evalue-sa-gestion-financiere\",\"name\":\"La Commune de Ouagadougou \u00e9value sa gestion financi\u00e8re - Burkina Faso\",\"isPartOf\":{\"@id\":\"https:\/\/www.africa-press.net\/burkina-faso\/#website\"},\"primaryImageOfPage\":{\"@id\":\"https:\/\/www.africa-press.net\/burkina-faso\/toutes-les-actualites\/burkina-faso-la-commune-de-ouagadougou-evalue-sa-gestion-financiere#primaryimage\"},\"image\":{\"@id\":\"https:\/\/www.africa-press.net\/burkina-faso\/toutes-les-actualites\/burkina-faso-la-commune-de-ouagadougou-evalue-sa-gestion-financiere#primaryimage\"},\"thumbnailUrl\":\"https:\/\/static.africa-press.net\/burkina\/sites\/42\/2021\/04\/img-6082bf8c6c961.jpg\",\"datePublished\":\"2021-04-23T14:30:47+00:00\",\"author\":{\"@id\":\"https:\/\/www.africa-press.net\/burkina-faso\/#\/schema\/person\/2b1cf3cd81a31e3cd26889ca66d677f1\"},\"description\":\"Ce jeudi 22 avril 2021 \u00e0 Ouagadougou, a eu lieu l\u2019atelier de restitution officielle du rapport de la 2e \u00e9valuation des f ...\",\"breadcrumb\":{\"@id\":\"https:\/\/www.africa-press.net\/burkina-faso\/toutes-les-actualites\/burkina-faso-la-commune-de-ouagadougou-evalue-sa-gestion-financiere#breadcrumb\"},\"inLanguage\":\"fr-FR\",\"potentialAction\":[{\"@type\":\"ReadAction\",\"target\":[\"https:\/\/www.africa-press.net\/burkina-faso\/toutes-les-actualites\/burkina-faso-la-commune-de-ouagadougou-evalue-sa-gestion-financiere\"]}]},{\"@type\":\"ImageObject\",\"inLanguage\":\"fr-FR\",\"@id\":\"https:\/\/www.africa-press.net\/burkina-faso\/toutes-les-actualites\/burkina-faso-la-commune-de-ouagadougou-evalue-sa-gestion-financiere#primaryimage\",\"url\":\"https:\/\/static.africa-press.net\/burkina\/sites\/42\/2021\/04\/img-6082bf8c6c961.jpg\",\"contentUrl\":\"https:\/\/static.africa-press.net\/burkina\/sites\/42\/2021\/04\/img-6082bf8c6c961.jpg\",\"width\":1024,\"height\":514,\"caption\":\"Burkina Faso : La Commune de Ouagadougou \u00e9value sa gestion financi\u00e8re\"},{\"@type\":\"BreadcrumbList\",\"@id\":\"https:\/\/www.africa-press.net\/burkina-faso\/toutes-les-actualites\/burkina-faso-la-commune-de-ouagadougou-evalue-sa-gestion-financiere#breadcrumb\",\"itemListElement\":[{\"@type\":\"ListItem\",\"position\":1,\"name\":\"Accueil\",\"item\":\"https:\/\/www.africa-press.net\/burkina-faso\/\"},{\"@type\":\"ListItem\",\"position\":2,\"name\":\"La Commune de Ouagadougou \u00e9value sa gestion financi\u00e8re\"}]},{\"@type\":\"WebSite\",\"@id\":\"https:\/\/www.africa-press.net\/burkina-faso\/#website\",\"url\":\"https:\/\/www.africa-press.net\/burkina-faso\/\",\"name\":\"Burkina Faso\",\"description\":\"Just another Africa News Agency Sites site\",\"potentialAction\":[{\"@type\":\"SearchAction\",\"target\":{\"@type\":\"EntryPoint\",\"urlTemplate\":\"https:\/\/www.africa-press.net\/burkina-faso\/?s={search_term_string}\"},\"query-input\":{\"@type\":\"PropertyValueSpecification\",\"valueRequired\":true,\"valueName\":\"search_term_string\"}}],\"inLanguage\":\"fr-FR\"},{\"@type\":\"Person\",\"@id\":\"https:\/\/www.africa-press.net\/burkina-faso\/#\/schema\/person\/2b1cf3cd81a31e3cd26889ca66d677f1\",\"name\":\"cfeditorfr\"}]}<\/script>\n<!-- \/ Yoast SEO Premium plugin. -->","yoast_head_json":{"title":"La Commune de Ouagadougou \u00e9value sa gestion financi\u00e8re - Burkina Faso","description":"Ce jeudi 22 avril 2021 \u00e0 Ouagadougou, a eu lieu l\u2019atelier de restitution officielle du rapport de la 2e \u00e9valuation des f ...","robots":{"index":"index","follow":"follow","max-snippet":"max-snippet:-1","max-image-preview":"max-image-preview:large","max-video-preview":"max-video-preview:-1"},"canonical":"https:\/\/www.africa-press.net\/burkina-faso\/toutes-les-actualites\/burkina-faso-la-commune-de-ouagadougou-evalue-sa-gestion-financiere","og_locale":"fr_FR","og_type":"article","og_title":"La Commune de Ouagadougou \u00e9value sa gestion financi\u00e8re","og_description":"Ce jeudi 22 avril 2021 \u00e0 Ouagadougou, a eu lieu l\u2019atelier de restitution officielle du rapport de la 2e \u00e9valuation des f ...","og_url":"https:\/\/www.africa-press.net\/burkina-faso\/toutes-les-actualites\/burkina-faso-la-commune-de-ouagadougou-evalue-sa-gestion-financiere","og_site_name":"Burkina Faso","article_published_time":"2021-04-23T14:30:47+00:00","og_image":[{"width":1024,"height":514,"url":"https:\/\/static.africa-press.net\/burkina\/sites\/42\/2021\/04\/img-6082bf8c6c961.jpg","type":"image\/jpeg"}],"author":"cfeditorfr","twitter_card":"summary_large_image","twitter_misc":{"\u00c9crit par":"cfeditorfr","Dur\u00e9e de lecture estim\u00e9e":"3 minutes"},"schema":{"@context":"https:\/\/schema.org","@graph":[{"@type":"Article","@id":"https:\/\/www.africa-press.net\/burkina-faso\/toutes-les-actualites\/burkina-faso-la-commune-de-ouagadougou-evalue-sa-gestion-financiere#article","isPartOf":{"@id":"https:\/\/www.africa-press.net\/burkina-faso\/toutes-les-actualites\/burkina-faso-la-commune-de-ouagadougou-evalue-sa-gestion-financiere"},"author":{"name":"cfeditorfr","@id":"https:\/\/www.africa-press.net\/burkina-faso\/#\/schema\/person\/2b1cf3cd81a31e3cd26889ca66d677f1"},"headline":"La Commune de Ouagadougou \u00e9value sa gestion financi\u00e8re","datePublished":"2021-04-23T14:30:47+00:00","mainEntityOfPage":{"@id":"https:\/\/www.africa-press.net\/burkina-faso\/toutes-les-actualites\/burkina-faso-la-commune-de-ouagadougou-evalue-sa-gestion-financiere"},"wordCount":608,"commentCount":0,"image":{"@id":"https:\/\/www.africa-press.net\/burkina-faso\/toutes-les-actualites\/burkina-faso-la-commune-de-ouagadougou-evalue-sa-gestion-financiere#primaryimage"},"thumbnailUrl":"https:\/\/static.africa-press.net\/burkina\/sites\/42\/2021\/04\/img-6082bf8c6c961.jpg","keywords":["Africa Press","Africa Press-Burkina Faso","Burkina Faso"],"articleSection":["Communaut\u00e9","homepage-french","Toutes les actualit\u00e9s"],"inLanguage":"fr-FR","potentialAction":[{"@type":"CommentAction","name":"Comment","target":["https:\/\/www.africa-press.net\/burkina-faso\/toutes-les-actualites\/burkina-faso-la-commune-de-ouagadougou-evalue-sa-gestion-financiere#respond"]}]},{"@type":"WebPage","@id":"https:\/\/www.africa-press.net\/burkina-faso\/toutes-les-actualites\/burkina-faso-la-commune-de-ouagadougou-evalue-sa-gestion-financiere","url":"https:\/\/www.africa-press.net\/burkina-faso\/toutes-les-actualites\/burkina-faso-la-commune-de-ouagadougou-evalue-sa-gestion-financiere","name":"La Commune de Ouagadougou \u00e9value sa gestion financi\u00e8re - Burkina Faso","isPartOf":{"@id":"https:\/\/www.africa-press.net\/burkina-faso\/#website"},"primaryImageOfPage":{"@id":"https:\/\/www.africa-press.net\/burkina-faso\/toutes-les-actualites\/burkina-faso-la-commune-de-ouagadougou-evalue-sa-gestion-financiere#primaryimage"},"image":{"@id":"https:\/\/www.africa-press.net\/burkina-faso\/toutes-les-actualites\/burkina-faso-la-commune-de-ouagadougou-evalue-sa-gestion-financiere#primaryimage"},"thumbnailUrl":"https:\/\/static.africa-press.net\/burkina\/sites\/42\/2021\/04\/img-6082bf8c6c961.jpg","datePublished":"2021-04-23T14:30:47+00:00","author":{"@id":"https:\/\/www.africa-press.net\/burkina-faso\/#\/schema\/person\/2b1cf3cd81a31e3cd26889ca66d677f1"},"description":"Ce jeudi 22 avril 2021 \u00e0 Ouagadougou, a eu lieu l\u2019atelier de restitution officielle du rapport de la 2e \u00e9valuation des f ...","breadcrumb":{"@id":"https:\/\/www.africa-press.net\/burkina-faso\/toutes-les-actualites\/burkina-faso-la-commune-de-ouagadougou-evalue-sa-gestion-financiere#breadcrumb"},"inLanguage":"fr-FR","potentialAction":[{"@type":"ReadAction","target":["https:\/\/www.africa-press.net\/burkina-faso\/toutes-les-actualites\/burkina-faso-la-commune-de-ouagadougou-evalue-sa-gestion-financiere"]}]},{"@type":"ImageObject","inLanguage":"fr-FR","@id":"https:\/\/www.africa-press.net\/burkina-faso\/toutes-les-actualites\/burkina-faso-la-commune-de-ouagadougou-evalue-sa-gestion-financiere#primaryimage","url":"https:\/\/static.africa-press.net\/burkina\/sites\/42\/2021\/04\/img-6082bf8c6c961.jpg","contentUrl":"https:\/\/static.africa-press.net\/burkina\/sites\/42\/2021\/04\/img-6082bf8c6c961.jpg","width":1024,"height":514,"caption":"Burkina Faso : La Commune de Ouagadougou \u00e9value sa gestion financi\u00e8re"},{"@type":"BreadcrumbList","@id":"https:\/\/www.africa-press.net\/burkina-faso\/toutes-les-actualites\/burkina-faso-la-commune-de-ouagadougou-evalue-sa-gestion-financiere#breadcrumb","itemListElement":[{"@type":"ListItem","position":1,"name":"Accueil","item":"https:\/\/www.africa-press.net\/burkina-faso\/"},{"@type":"ListItem","position":2,"name":"La Commune de Ouagadougou \u00e9value sa gestion financi\u00e8re"}]},{"@type":"WebSite","@id":"https:\/\/www.africa-press.net\/burkina-faso\/#website","url":"https:\/\/www.africa-press.net\/burkina-faso\/","name":"Burkina Faso","description":"Just another Africa News Agency Sites site","potentialAction":[{"@type":"SearchAction","target":{"@type":"EntryPoint","urlTemplate":"https:\/\/www.africa-press.net\/burkina-faso\/?s={search_term_string}"},"query-input":{"@type":"PropertyValueSpecification","valueRequired":true,"valueName":"search_term_string"}}],"inLanguage":"fr-FR"},{"@type":"Person","@id":"https:\/\/www.africa-press.net\/burkina-faso\/#\/schema\/person\/2b1cf3cd81a31e3cd26889ca66d677f1","name":"cfeditorfr"}]}},"_links":{"self":[{"href":"https:\/\/www.africa-press.net\/burkina-faso\/wp-json\/wp\/v2\/posts\/10448","targetHints":{"allow":["GET"]}}],"collection":[{"href":"https:\/\/www.africa-press.net\/burkina-faso\/wp-json\/wp\/v2\/posts"}],"about":[{"href":"https:\/\/www.africa-press.net\/burkina-faso\/wp-json\/wp\/v2\/types\/post"}],"author":[{"embeddable":true,"href":"https:\/\/www.africa-press.net\/burkina-faso\/wp-json\/wp\/v2\/users\/82"}],"replies":[{"embeddable":true,"href":"https:\/\/www.africa-press.net\/burkina-faso\/wp-json\/wp\/v2\/comments?post=10448"}],"version-history":[{"count":0,"href":"https:\/\/www.africa-press.net\/burkina-faso\/wp-json\/wp\/v2\/posts\/10448\/revisions"}],"wp:featuredmedia":[{"embeddable":true,"href":"https:\/\/www.africa-press.net\/burkina-faso\/wp-json\/wp\/v2\/media\/10447"}],"wp:attachment":[{"href":"https:\/\/www.africa-press.net\/burkina-faso\/wp-json\/wp\/v2\/media?parent=10448"}],"wp:term":[{"taxonomy":"category","embeddable":true,"href":"https:\/\/www.africa-press.net\/burkina-faso\/wp-json\/wp\/v2\/categories?post=10448"},{"taxonomy":"post_tag","embeddable":true,"href":"https:\/\/www.africa-press.net\/burkina-faso\/wp-json\/wp\/v2\/tags?post=10448"}],"curies":[{"name":"wp","href":"https:\/\/api.w.org\/{rel}","templated":true}]}}