{"id":10485,"date":"2021-04-24T15:25:02","date_gmt":"2021-04-24T15:25:02","guid":{"rendered":"https:\/\/www.africa-press.net\/burkina-faso\/?p=10485"},"modified":"2021-04-24T17:34:24","modified_gmt":"2021-04-24T17:34:24","slug":"burkina-faso-lambassadrice-des-etats-unis-visite-la-cameg","status":"publish","type":"post","link":"https:\/\/www.africa-press.net\/burkina-faso\/toutes-les-actualites\/burkina-faso-lambassadrice-des-etats-unis-visite-la-cameg","title":{"rendered":"L\u2019Ambassadrice des Etats-Unis visite la CAMEG"},"content":{"rendered":"<p><span style=\"color: #ff6600\"><strong><a href=\"https:\/\/www.africa-press.net\/\">Africa-Press<\/a> &#8211; <a href=\"https:\/\/www.africa-press.net\/burkina-faso\">Burkina Faso<\/a>. <\/strong><\/span>Journ\u00e9e mondiale du paludisme, ce vendredi 23 avril 2021 \u00e0 Ouagadougou, la Centrale d\u2019Achat des M\u00e9dicaments Essentiels G\u00e9n\u00e9riques et des Consommables M\u00e9dicaux (CAMEG) a re\u00e7u la visite de l\u2019ambassadrice des \u00c9tats-Unis au Burkina Faso, Sandra Clark, en compagnie du ministre en charge de la sant\u00e9, Pr Charlemagne Ou\u00e9draogo.<\/p>\n<p>L\u2019ambassade am\u00e9ricaine \u00e0 travers son programme Agence des \u00c9tats-Unis pour le d\u00e9veloppement international (USAID) est l\u2019un des partenaires de la CAMEG. L\u2019ambassadrice a visit\u00e9 les installations de la CAMEG, ce vendredi 23 avril 2021. A la sortie de cette visite guid\u00e9e, elle a exprim\u00e9 sa satisfaction.<\/p>\n<p>\u00ab Aujourd\u2019hui, j\u2019ai l\u2019honneur de visiter la CAMEG. Je voudrais remercier madame la directrice g\u00e9n\u00e9rale et les gens qui travaillent \u00e0 la CAMEG pour la visite guid\u00e9e parce que c\u2019est une partie essentielle du secteur de la sant\u00e9 ici au Burkina Faso. Le gouvernement am\u00e9ricain donne un soutien important au secteur de la sant\u00e9 et nous avons coop\u00e9r\u00e9 avec la CAMEG.<\/p>\n<p>Donc c\u2019\u00e9tait pour moi un grand plaisir de voir le travail que nous faisons ensemble. Nous sommes dans la semaine de la journ\u00e9e du paludisme et je sais que c\u2019est une maladie tr\u00e8s s\u00e9v\u00e8re ici au Burkina Faso. Et le gouvernement am\u00e9ricain donne un soutien au gouvernement du Burkina Faso \u00bb, a dit l\u2019ambassadrice am\u00e9ricaine, Sandra Clark.<\/p>\n<p>La directrice g\u00e9n\u00e9rale de la CAMEG, Dr Anne Maryse K\u2019habor\u00e9, s\u2019est dit r\u00e9jouie de la visite de l\u2019ambassadrice am\u00e9ricaine en compagnie du ministre en charge de la sant\u00e9.<\/p>\n<p>\u00ab Nous sommes tr\u00e8s fiers et tr\u00e8s honor\u00e9 d\u2019avoir re\u00e7u deux illustres personnalit\u00e9s telles que son excellence madame l\u2019ambassadrice des Etats-Unis au Burkina Faso et monsieur le ministre de la sant\u00e9 dans le cadre de cette journ\u00e9e mondiale de lutte contre le paludisme. Ceci montre le r\u00f4le et la place centrale de la CAMEG dans le syst\u00e8me de sant\u00e9 et de l\u2019offre de soins au Burkina Faso.<\/p>\n<p>Nous jouons notre r\u00f4le et notre partition en stockant, en distribuant et en faisant en sorte que l\u2019ensemble des populations puisse avoir acc\u00e8s \u00e0 des traitements de qualit\u00e9s et \u00e0 des co\u00fbts accessibles sur toute l\u2019\u00e9tendue du territoire. Nous remercions l\u2019ambassade des \u00c9tats-Unis et le gouvernement am\u00e9ricain pour son soutien \u00bb, s\u2019est r\u00e9jouie la directrice g\u00e9n\u00e9rale de la CAMEG, Dr Anne Maryse K\u2019habor\u00e9.<\/p>\n<p>Il faut rappeler que la CAMEG est l\u2019organe charg\u00e9e du stockage et de la distribution des m\u00e9dicaments au Burkina Faso. \u00ab Il y a une agence \u00e0 moins de chaque cent kilom\u00e8tres pour faciliter la disponibilit\u00e9 des m\u00e9dicaments pour toute la population. La CAMEG est repartie en dix agences sur le territoire du Burkina Faso pour rendre la d\u00e9centralisation effective. Les installations visit\u00e9 ce matin ont une capacit\u00e9 de stockage de l\u2019ordre de cent cinquante mille m3 \u00bb, a affirm\u00e9 Mika\u00eflou K\u00e9r\u00e9, responsable en charge de la communication et des relations publique de la CAMEG. Hamado DIALLO (Stagiaire)<\/p>\n","protected":false},"excerpt":{"rendered":"<p>Africa-Press &#8211; Burkina Faso. Journ\u00e9e mondiale du paludisme, ce vendredi 23 avril 2021 \u00e0 Ouagadougou, la Centrale d\u2019Achat des M\u00e9dicaments Essentiels G\u00e9n\u00e9riques et des Consommables M\u00e9dicaux (CAMEG) a re\u00e7u la visite de l\u2019ambassadrice des \u00c9tats-Unis au Burkina Faso, Sandra Clark, en compagnie du ministre en charge de la sant\u00e9, Pr Charlemagne Ou\u00e9draogo. L\u2019ambassade am\u00e9ricaine \u00e0 [&hellip;]<\/p>\n","protected":false},"author":82,"featured_media":10484,"comment_status":"open","ping_status":"closed","sticky":false,"template":"","format":"standard","meta":{"footnotes":""},"categories":[21,11,10],"tags":[111,725,29],"class_list":["post-10485","post","type-post","status-publish","format-standard","has-post-thumbnail","hentry","category-communaute","category-homepage-french","category-toutes-les-actualites","tag-africa-press","tag-africa-press-burkina-faso","tag-burkina-faso"],"yoast_head":"<!-- This site is optimized with the Yoast SEO Premium plugin v26.1 (Yoast SEO v27.0) - https:\/\/yoast.com\/product\/yoast-seo-premium-wordpress\/ -->\n<title>L\u2019Ambassadrice des Etats-Unis visite la CAMEG - Burkina Faso<\/title>\n<meta name=\"description\" content=\"Journ\u00e9e mondiale du paludisme, ce vendredi 23 avril 2021 \u00e0 Ouagadougou, la Centrale d\u2019Achat des M\u00e9dicaments Essentiels G ...\" \/>\n<meta name=\"robots\" content=\"index, follow, max-snippet:-1, max-image-preview:large, max-video-preview:-1\" \/>\n<link rel=\"canonical\" href=\"https:\/\/www.africa-press.net\/burkina-faso\/toutes-les-actualites\/burkina-faso-lambassadrice-des-etats-unis-visite-la-cameg\" \/>\n<meta property=\"og:locale\" content=\"fr_FR\" \/>\n<meta property=\"og:type\" content=\"article\" \/>\n<meta property=\"og:title\" content=\"L\u2019Ambassadrice des Etats-Unis visite la CAMEG\" \/>\n<meta property=\"og:description\" content=\"Journ\u00e9e mondiale du paludisme, ce vendredi 23 avril 2021 \u00e0 Ouagadougou, la Centrale d\u2019Achat des M\u00e9dicaments Essentiels G ...\" \/>\n<meta property=\"og:url\" content=\"https:\/\/www.africa-press.net\/burkina-faso\/toutes-les-actualites\/burkina-faso-lambassadrice-des-etats-unis-visite-la-cameg\" \/>\n<meta property=\"og:site_name\" content=\"Burkina Faso\" \/>\n<meta property=\"article:published_time\" content=\"2021-04-24T15:25:02+00:00\" \/>\n<meta property=\"article:modified_time\" content=\"2021-04-24T17:34:24+00:00\" \/>\n<meta property=\"og:image\" content=\"https:\/\/static.africa-press.net\/burkina\/sites\/42\/2021\/04\/img-608437889f332.jpg\" \/>\n\t<meta property=\"og:image:width\" content=\"750\" \/>\n\t<meta property=\"og:image:height\" content=\"451\" \/>\n\t<meta property=\"og:image:type\" content=\"image\/jpeg\" \/>\n<meta name=\"author\" content=\"cfeditorfr\" \/>\n<meta name=\"twitter:card\" content=\"summary_large_image\" \/>\n<meta name=\"twitter:label1\" content=\"\u00c9crit par\" \/>\n\t<meta name=\"twitter:data1\" content=\"cfeditorfr\" \/>\n\t<meta name=\"twitter:label2\" content=\"Dur\u00e9e de lecture estim\u00e9e\" \/>\n\t<meta name=\"twitter:data2\" content=\"3 minutes\" \/>\n<script type=\"application\/ld+json\" class=\"yoast-schema-graph\">{\"@context\":\"https:\/\/schema.org\",\"@graph\":[{\"@type\":\"Article\",\"@id\":\"https:\/\/www.africa-press.net\/burkina-faso\/toutes-les-actualites\/burkina-faso-lambassadrice-des-etats-unis-visite-la-cameg#article\",\"isPartOf\":{\"@id\":\"https:\/\/www.africa-press.net\/burkina-faso\/toutes-les-actualites\/burkina-faso-lambassadrice-des-etats-unis-visite-la-cameg\"},\"author\":{\"name\":\"cfeditorfr\",\"@id\":\"https:\/\/www.africa-press.net\/burkina-faso\/#\/schema\/person\/2b1cf3cd81a31e3cd26889ca66d677f1\"},\"headline\":\"L\u2019Ambassadrice des Etats-Unis visite la CAMEG\",\"datePublished\":\"2021-04-24T15:25:02+00:00\",\"dateModified\":\"2021-04-24T17:34:24+00:00\",\"mainEntityOfPage\":{\"@id\":\"https:\/\/www.africa-press.net\/burkina-faso\/toutes-les-actualites\/burkina-faso-lambassadrice-des-etats-unis-visite-la-cameg\"},\"wordCount\":535,\"commentCount\":0,\"image\":{\"@id\":\"https:\/\/www.africa-press.net\/burkina-faso\/toutes-les-actualites\/burkina-faso-lambassadrice-des-etats-unis-visite-la-cameg#primaryimage\"},\"thumbnailUrl\":\"https:\/\/static.africa-press.net\/burkina\/sites\/42\/2021\/04\/img-608437889f332.jpg\",\"keywords\":[\"Africa Press\",\"Africa Press-Burkina Faso\",\"Burkina Faso\"],\"articleSection\":[\"Communaut\u00e9\",\"homepage-french\",\"Toutes les actualit\u00e9s\"],\"inLanguage\":\"fr-FR\",\"potentialAction\":[{\"@type\":\"CommentAction\",\"name\":\"Comment\",\"target\":[\"https:\/\/www.africa-press.net\/burkina-faso\/toutes-les-actualites\/burkina-faso-lambassadrice-des-etats-unis-visite-la-cameg#respond\"]}]},{\"@type\":\"WebPage\",\"@id\":\"https:\/\/www.africa-press.net\/burkina-faso\/toutes-les-actualites\/burkina-faso-lambassadrice-des-etats-unis-visite-la-cameg\",\"url\":\"https:\/\/www.africa-press.net\/burkina-faso\/toutes-les-actualites\/burkina-faso-lambassadrice-des-etats-unis-visite-la-cameg\",\"name\":\"L\u2019Ambassadrice des Etats-Unis visite la CAMEG - Burkina Faso\",\"isPartOf\":{\"@id\":\"https:\/\/www.africa-press.net\/burkina-faso\/#website\"},\"primaryImageOfPage\":{\"@id\":\"https:\/\/www.africa-press.net\/burkina-faso\/toutes-les-actualites\/burkina-faso-lambassadrice-des-etats-unis-visite-la-cameg#primaryimage\"},\"image\":{\"@id\":\"https:\/\/www.africa-press.net\/burkina-faso\/toutes-les-actualites\/burkina-faso-lambassadrice-des-etats-unis-visite-la-cameg#primaryimage\"},\"thumbnailUrl\":\"https:\/\/static.africa-press.net\/burkina\/sites\/42\/2021\/04\/img-608437889f332.jpg\",\"datePublished\":\"2021-04-24T15:25:02+00:00\",\"dateModified\":\"2021-04-24T17:34:24+00:00\",\"author\":{\"@id\":\"https:\/\/www.africa-press.net\/burkina-faso\/#\/schema\/person\/2b1cf3cd81a31e3cd26889ca66d677f1\"},\"description\":\"Journ\u00e9e mondiale du paludisme, ce vendredi 23 avril 2021 \u00e0 Ouagadougou, la Centrale d\u2019Achat des M\u00e9dicaments Essentiels G ...\",\"breadcrumb\":{\"@id\":\"https:\/\/www.africa-press.net\/burkina-faso\/toutes-les-actualites\/burkina-faso-lambassadrice-des-etats-unis-visite-la-cameg#breadcrumb\"},\"inLanguage\":\"fr-FR\",\"potentialAction\":[{\"@type\":\"ReadAction\",\"target\":[\"https:\/\/www.africa-press.net\/burkina-faso\/toutes-les-actualites\/burkina-faso-lambassadrice-des-etats-unis-visite-la-cameg\"]}]},{\"@type\":\"ImageObject\",\"inLanguage\":\"fr-FR\",\"@id\":\"https:\/\/www.africa-press.net\/burkina-faso\/toutes-les-actualites\/burkina-faso-lambassadrice-des-etats-unis-visite-la-cameg#primaryimage\",\"url\":\"https:\/\/static.africa-press.net\/burkina\/sites\/42\/2021\/04\/img-608437889f332.jpg\",\"contentUrl\":\"https:\/\/static.africa-press.net\/burkina\/sites\/42\/2021\/04\/img-608437889f332.jpg\",\"width\":750,\"height\":451,\"caption\":\"Burkina Faso : L\u2019Ambassadrice des Etats-Unis visite la CAMEG\"},{\"@type\":\"BreadcrumbList\",\"@id\":\"https:\/\/www.africa-press.net\/burkina-faso\/toutes-les-actualites\/burkina-faso-lambassadrice-des-etats-unis-visite-la-cameg#breadcrumb\",\"itemListElement\":[{\"@type\":\"ListItem\",\"position\":1,\"name\":\"Accueil\",\"item\":\"https:\/\/www.africa-press.net\/burkina-faso\/\"},{\"@type\":\"ListItem\",\"position\":2,\"name\":\"L\u2019Ambassadrice des Etats-Unis visite la CAMEG\"}]},{\"@type\":\"WebSite\",\"@id\":\"https:\/\/www.africa-press.net\/burkina-faso\/#website\",\"url\":\"https:\/\/www.africa-press.net\/burkina-faso\/\",\"name\":\"Burkina Faso\",\"description\":\"Just another Africa News Agency Sites site\",\"potentialAction\":[{\"@type\":\"SearchAction\",\"target\":{\"@type\":\"EntryPoint\",\"urlTemplate\":\"https:\/\/www.africa-press.net\/burkina-faso\/?s={search_term_string}\"},\"query-input\":{\"@type\":\"PropertyValueSpecification\",\"valueRequired\":true,\"valueName\":\"search_term_string\"}}],\"inLanguage\":\"fr-FR\"},{\"@type\":\"Person\",\"@id\":\"https:\/\/www.africa-press.net\/burkina-faso\/#\/schema\/person\/2b1cf3cd81a31e3cd26889ca66d677f1\",\"name\":\"cfeditorfr\"}]}<\/script>\n<!-- \/ Yoast SEO Premium plugin. -->","yoast_head_json":{"title":"L\u2019Ambassadrice des Etats-Unis visite la CAMEG - Burkina Faso","description":"Journ\u00e9e mondiale du paludisme, ce vendredi 23 avril 2021 \u00e0 Ouagadougou, la Centrale d\u2019Achat des M\u00e9dicaments Essentiels G ...","robots":{"index":"index","follow":"follow","max-snippet":"max-snippet:-1","max-image-preview":"max-image-preview:large","max-video-preview":"max-video-preview:-1"},"canonical":"https:\/\/www.africa-press.net\/burkina-faso\/toutes-les-actualites\/burkina-faso-lambassadrice-des-etats-unis-visite-la-cameg","og_locale":"fr_FR","og_type":"article","og_title":"L\u2019Ambassadrice des Etats-Unis visite la CAMEG","og_description":"Journ\u00e9e mondiale du paludisme, ce vendredi 23 avril 2021 \u00e0 Ouagadougou, la Centrale d\u2019Achat des M\u00e9dicaments Essentiels G ...","og_url":"https:\/\/www.africa-press.net\/burkina-faso\/toutes-les-actualites\/burkina-faso-lambassadrice-des-etats-unis-visite-la-cameg","og_site_name":"Burkina Faso","article_published_time":"2021-04-24T15:25:02+00:00","article_modified_time":"2021-04-24T17:34:24+00:00","og_image":[{"width":750,"height":451,"url":"https:\/\/static.africa-press.net\/burkina\/sites\/42\/2021\/04\/img-608437889f332.jpg","type":"image\/jpeg"}],"author":"cfeditorfr","twitter_card":"summary_large_image","twitter_misc":{"\u00c9crit par":"cfeditorfr","Dur\u00e9e de lecture estim\u00e9e":"3 minutes"},"schema":{"@context":"https:\/\/schema.org","@graph":[{"@type":"Article","@id":"https:\/\/www.africa-press.net\/burkina-faso\/toutes-les-actualites\/burkina-faso-lambassadrice-des-etats-unis-visite-la-cameg#article","isPartOf":{"@id":"https:\/\/www.africa-press.net\/burkina-faso\/toutes-les-actualites\/burkina-faso-lambassadrice-des-etats-unis-visite-la-cameg"},"author":{"name":"cfeditorfr","@id":"https:\/\/www.africa-press.net\/burkina-faso\/#\/schema\/person\/2b1cf3cd81a31e3cd26889ca66d677f1"},"headline":"L\u2019Ambassadrice des Etats-Unis visite la CAMEG","datePublished":"2021-04-24T15:25:02+00:00","dateModified":"2021-04-24T17:34:24+00:00","mainEntityOfPage":{"@id":"https:\/\/www.africa-press.net\/burkina-faso\/toutes-les-actualites\/burkina-faso-lambassadrice-des-etats-unis-visite-la-cameg"},"wordCount":535,"commentCount":0,"image":{"@id":"https:\/\/www.africa-press.net\/burkina-faso\/toutes-les-actualites\/burkina-faso-lambassadrice-des-etats-unis-visite-la-cameg#primaryimage"},"thumbnailUrl":"https:\/\/static.africa-press.net\/burkina\/sites\/42\/2021\/04\/img-608437889f332.jpg","keywords":["Africa Press","Africa Press-Burkina Faso","Burkina Faso"],"articleSection":["Communaut\u00e9","homepage-french","Toutes les actualit\u00e9s"],"inLanguage":"fr-FR","potentialAction":[{"@type":"CommentAction","name":"Comment","target":["https:\/\/www.africa-press.net\/burkina-faso\/toutes-les-actualites\/burkina-faso-lambassadrice-des-etats-unis-visite-la-cameg#respond"]}]},{"@type":"WebPage","@id":"https:\/\/www.africa-press.net\/burkina-faso\/toutes-les-actualites\/burkina-faso-lambassadrice-des-etats-unis-visite-la-cameg","url":"https:\/\/www.africa-press.net\/burkina-faso\/toutes-les-actualites\/burkina-faso-lambassadrice-des-etats-unis-visite-la-cameg","name":"L\u2019Ambassadrice des Etats-Unis visite la CAMEG - Burkina Faso","isPartOf":{"@id":"https:\/\/www.africa-press.net\/burkina-faso\/#website"},"primaryImageOfPage":{"@id":"https:\/\/www.africa-press.net\/burkina-faso\/toutes-les-actualites\/burkina-faso-lambassadrice-des-etats-unis-visite-la-cameg#primaryimage"},"image":{"@id":"https:\/\/www.africa-press.net\/burkina-faso\/toutes-les-actualites\/burkina-faso-lambassadrice-des-etats-unis-visite-la-cameg#primaryimage"},"thumbnailUrl":"https:\/\/static.africa-press.net\/burkina\/sites\/42\/2021\/04\/img-608437889f332.jpg","datePublished":"2021-04-24T15:25:02+00:00","dateModified":"2021-04-24T17:34:24+00:00","author":{"@id":"https:\/\/www.africa-press.net\/burkina-faso\/#\/schema\/person\/2b1cf3cd81a31e3cd26889ca66d677f1"},"description":"Journ\u00e9e mondiale du paludisme, ce vendredi 23 avril 2021 \u00e0 Ouagadougou, la Centrale d\u2019Achat des M\u00e9dicaments Essentiels G ...","breadcrumb":{"@id":"https:\/\/www.africa-press.net\/burkina-faso\/toutes-les-actualites\/burkina-faso-lambassadrice-des-etats-unis-visite-la-cameg#breadcrumb"},"inLanguage":"fr-FR","potentialAction":[{"@type":"ReadAction","target":["https:\/\/www.africa-press.net\/burkina-faso\/toutes-les-actualites\/burkina-faso-lambassadrice-des-etats-unis-visite-la-cameg"]}]},{"@type":"ImageObject","inLanguage":"fr-FR","@id":"https:\/\/www.africa-press.net\/burkina-faso\/toutes-les-actualites\/burkina-faso-lambassadrice-des-etats-unis-visite-la-cameg#primaryimage","url":"https:\/\/static.africa-press.net\/burkina\/sites\/42\/2021\/04\/img-608437889f332.jpg","contentUrl":"https:\/\/static.africa-press.net\/burkina\/sites\/42\/2021\/04\/img-608437889f332.jpg","width":750,"height":451,"caption":"Burkina Faso : L\u2019Ambassadrice des Etats-Unis visite la CAMEG"},{"@type":"BreadcrumbList","@id":"https:\/\/www.africa-press.net\/burkina-faso\/toutes-les-actualites\/burkina-faso-lambassadrice-des-etats-unis-visite-la-cameg#breadcrumb","itemListElement":[{"@type":"ListItem","position":1,"name":"Accueil","item":"https:\/\/www.africa-press.net\/burkina-faso\/"},{"@type":"ListItem","position":2,"name":"L\u2019Ambassadrice des Etats-Unis visite la CAMEG"}]},{"@type":"WebSite","@id":"https:\/\/www.africa-press.net\/burkina-faso\/#website","url":"https:\/\/www.africa-press.net\/burkina-faso\/","name":"Burkina Faso","description":"Just another Africa News Agency Sites site","potentialAction":[{"@type":"SearchAction","target":{"@type":"EntryPoint","urlTemplate":"https:\/\/www.africa-press.net\/burkina-faso\/?s={search_term_string}"},"query-input":{"@type":"PropertyValueSpecification","valueRequired":true,"valueName":"search_term_string"}}],"inLanguage":"fr-FR"},{"@type":"Person","@id":"https:\/\/www.africa-press.net\/burkina-faso\/#\/schema\/person\/2b1cf3cd81a31e3cd26889ca66d677f1","name":"cfeditorfr"}]}},"_links":{"self":[{"href":"https:\/\/www.africa-press.net\/burkina-faso\/wp-json\/wp\/v2\/posts\/10485","targetHints":{"allow":["GET"]}}],"collection":[{"href":"https:\/\/www.africa-press.net\/burkina-faso\/wp-json\/wp\/v2\/posts"}],"about":[{"href":"https:\/\/www.africa-press.net\/burkina-faso\/wp-json\/wp\/v2\/types\/post"}],"author":[{"embeddable":true,"href":"https:\/\/www.africa-press.net\/burkina-faso\/wp-json\/wp\/v2\/users\/82"}],"replies":[{"embeddable":true,"href":"https:\/\/www.africa-press.net\/burkina-faso\/wp-json\/wp\/v2\/comments?post=10485"}],"version-history":[{"count":0,"href":"https:\/\/www.africa-press.net\/burkina-faso\/wp-json\/wp\/v2\/posts\/10485\/revisions"}],"wp:featuredmedia":[{"embeddable":true,"href":"https:\/\/www.africa-press.net\/burkina-faso\/wp-json\/wp\/v2\/media\/10484"}],"wp:attachment":[{"href":"https:\/\/www.africa-press.net\/burkina-faso\/wp-json\/wp\/v2\/media?parent=10485"}],"wp:term":[{"taxonomy":"category","embeddable":true,"href":"https:\/\/www.africa-press.net\/burkina-faso\/wp-json\/wp\/v2\/categories?post=10485"},{"taxonomy":"post_tag","embeddable":true,"href":"https:\/\/www.africa-press.net\/burkina-faso\/wp-json\/wp\/v2\/tags?post=10485"}],"curies":[{"name":"wp","href":"https:\/\/api.w.org\/{rel}","templated":true}]}}