{"id":10497,"date":"2021-04-24T15:58:46","date_gmt":"2021-04-24T15:58:46","guid":{"rendered":"https:\/\/www.africa-press.net\/burkina-faso\/?p=10497"},"modified":"2021-04-24T17:34:53","modified_gmt":"2021-04-24T17:34:53","slug":"lutte-contre-le-paludisme-au-burkina-faso-les-organisations-de-la-societe-civile-cogitent","status":"publish","type":"post","link":"https:\/\/www.africa-press.net\/burkina-faso\/toutes-les-actualites\/lutte-contre-le-paludisme-au-burkina-faso-les-organisations-de-la-societe-civile-cogitent","title":{"rendered":"Lutte contre le paludisme au Burkina Faso\u00a0: Les organisations de la soci\u00e9t\u00e9 civile cogitent"},"content":{"rendered":"<p><span style=\"color: #ff6600\"><strong><a href=\"https:\/\/www.africa-press.net\/\">Africa-Press<\/a> &#8211; <a href=\"https:\/\/www.africa-press.net\/burkina-faso\">Burkina Faso<\/a>. <\/strong><\/span>Le R\u00e9seau acc\u00e8s aux m\u00e9dicaments essentiels (RAME), en collaboration avec l\u2019ONG Speak Up Africa, a organis\u00e9 un atelier d\u2019\u00e9changes autour du paludisme et des maladies tropicales n\u00e9glig\u00e9es (MTN). La rencontre s\u2019est tenue ce vendredi 23 avril 2021 \u00e0 Ouagadougou.<\/p>\n<p>C\u2019est sous le th\u00e8me \u00ab les organisations de la soci\u00e9t\u00e9 civile s\u2019engagent en faveur de la lutte contre le paludisme et les maladies tropicales n\u00e9glig\u00e9es (MTN) : quelle approche multisectorielle pour une lutte int\u00e9gr\u00e9e contre le paludisme et les MTN \u00bb que la rencontre entre le RAME et l\u2019ONG Speak Up Africa s\u2019est tenue.<\/p>\n<p>Selon la charg\u00e9e de programme \u00e0 Speak Up Africa, Asseitou Camara, l\u2019objectif de la rencontre est de cr\u00e9er un cadre d\u2019\u00e9change avec les diff\u00e9rents acteurs sur \u00ab la n\u00e9cessit\u00e9 d\u2019une approche multisectorielle int\u00e9gr\u00e9e dans la lutte anti vectorielle relative au paludisme, aux MTN et \u00e0 l\u2019assainissement \u00bb.<\/p>\n<p>A travers cet atelier, c\u2019est l\u2019implication de tous qui est souhait\u00e9e dans la lutte contre les deux pathologies. Pour Christine Sawadogo, membre de l\u2019\u00e9quipe de lutte contre les maladies tropicales n\u00e9glig\u00e9es, la participation des OSC est importante, car elles constituent un relai \u00ab fiable \u00bb. \u00ab Nous estimons que la soci\u00e9t\u00e9 civile en ayant des informations sur ces maladies peut faire l\u2019\u00e9cho aupr\u00e8s des d\u00e9cideurs et des populations pour un accompagnement plus ad\u00e9quat dans la lutte contre ces maladies tropicales n\u00e9glig\u00e9es \u00bb, a-t-elle indiqu\u00e9.<\/p>\n<p>Cette rencontre a \u00e9galement servi de cadre pour pr\u00e9senter l\u2019initiative \u00ab En marche pour Kigali \u00bb. \u201cLe nom \u201cEn marche vers Kigali\u201d a \u00e9t\u00e9 choisi du fait qu\u2019il y a un sommet sur le paludisme et les maladies tropicales n\u00e9glig\u00e9es qui sera organis\u00e9 \u00e0 Kigali au Rwanda en juin prochain \u00e0 la veille de la r\u00e9union des chefs d\u2019Etats du Commonwealth \u00bb, explique coordonnateur du programme paludisme \u00e0 Speak Up Africa, James Wallen. Le but final est de g\u00e9n\u00e9rer l\u2019\u00e9nergie n\u00e9cessaire pour l\u2019\u00e9limination de ces maladies.<\/p>\n<p>L\u2019id\u00e9e de cette campagne, c\u2019est d\u2019\u00e9tendre la mobilisation en plus des pays du Commonwealth aux pays francophones dans cette lutte pour l\u2019\u00e9limination de ces maux. Rappelons que la journ\u00e9e mondiale de lutte contre le paludisme se tient chaque 25 avril. A l\u2019approche de cette date, le directeur g\u00e9n\u00e9ral de l\u2019OMS a indiqu\u00e9 que \u00ab ensemble les pays touch\u00e9s par le paludisme ont prouv\u00e9 au monde entier que l\u2019\u00e9limination du paludisme \u00e9tait un objectif viable pour tous les pays \u00bb. Sanata GANSAGNE (stagiaire)<\/p>\n","protected":false},"excerpt":{"rendered":"<p>Africa-Press &#8211; Burkina Faso. Le R\u00e9seau acc\u00e8s aux m\u00e9dicaments essentiels (RAME), en collaboration avec l\u2019ONG Speak Up Africa, a organis\u00e9 un atelier d\u2019\u00e9changes autour du paludisme et des maladies tropicales n\u00e9glig\u00e9es (MTN). La rencontre s\u2019est tenue ce vendredi 23 avril 2021 \u00e0 Ouagadougou. C\u2019est sous le th\u00e8me \u00ab les organisations de la soci\u00e9t\u00e9 civile s\u2019engagent [&hellip;]<\/p>\n","protected":false},"author":82,"featured_media":10496,"comment_status":"open","ping_status":"closed","sticky":false,"template":"","format":"standard","meta":{"footnotes":""},"categories":[21,11,10],"tags":[111,725,29],"class_list":["post-10497","post","type-post","status-publish","format-standard","has-post-thumbnail","hentry","category-communaute","category-homepage-french","category-toutes-les-actualites","tag-africa-press","tag-africa-press-burkina-faso","tag-burkina-faso"],"yoast_head":"<!-- This site is optimized with the Yoast SEO Premium plugin v26.1 (Yoast SEO v27.0) - https:\/\/yoast.com\/product\/yoast-seo-premium-wordpress\/ -->\n<title>Lutte contre le paludisme au Burkina Faso\u00a0: Les organisations de la soci\u00e9t\u00e9 civile cogitent - Burkina Faso<\/title>\n<meta name=\"description\" content=\"Le R\u00e9seau acc\u00e8s aux m\u00e9dicaments essentiels (RAME), en collaboration avec l\u2019ONG Speak Up Africa, a organis\u00e9 un atelier d\u2019 ...\" \/>\n<meta name=\"robots\" content=\"index, follow, max-snippet:-1, max-image-preview:large, max-video-preview:-1\" \/>\n<link rel=\"canonical\" href=\"https:\/\/www.africa-press.net\/burkina-faso\/toutes-les-actualites\/lutte-contre-le-paludisme-au-burkina-faso-les-organisations-de-la-societe-civile-cogitent\" \/>\n<meta property=\"og:locale\" content=\"fr_FR\" \/>\n<meta property=\"og:type\" content=\"article\" \/>\n<meta property=\"og:title\" content=\"Lutte contre le paludisme au Burkina Faso\u00a0: Les organisations de la soci\u00e9t\u00e9 civile cogitent\" \/>\n<meta property=\"og:description\" content=\"Le R\u00e9seau acc\u00e8s aux m\u00e9dicaments essentiels (RAME), en collaboration avec l\u2019ONG Speak Up Africa, a organis\u00e9 un atelier d\u2019 ...\" \/>\n<meta property=\"og:url\" content=\"https:\/\/www.africa-press.net\/burkina-faso\/toutes-les-actualites\/lutte-contre-le-paludisme-au-burkina-faso-les-organisations-de-la-societe-civile-cogitent\" \/>\n<meta property=\"og:site_name\" content=\"Burkina Faso\" \/>\n<meta property=\"article:published_time\" content=\"2021-04-24T15:58:46+00:00\" \/>\n<meta property=\"article:modified_time\" content=\"2021-04-24T17:34:53+00:00\" \/>\n<meta property=\"og:image\" content=\"https:\/\/static.africa-press.net\/burkina\/sites\/42\/2021\/04\/img-60843867802cf.jpg\" \/>\n\t<meta property=\"og:image:width\" content=\"1024\" \/>\n\t<meta property=\"og:image:height\" content=\"512\" \/>\n\t<meta property=\"og:image:type\" content=\"image\/jpeg\" \/>\n<meta name=\"author\" content=\"cfeditorfr\" \/>\n<meta name=\"twitter:card\" content=\"summary_large_image\" \/>\n<meta name=\"twitter:label1\" content=\"\u00c9crit par\" \/>\n\t<meta name=\"twitter:data1\" content=\"cfeditorfr\" \/>\n\t<meta name=\"twitter:label2\" content=\"Dur\u00e9e de lecture estim\u00e9e\" \/>\n\t<meta name=\"twitter:data2\" content=\"2 minutes\" \/>\n<script type=\"application\/ld+json\" class=\"yoast-schema-graph\">{\"@context\":\"https:\/\/schema.org\",\"@graph\":[{\"@type\":\"Article\",\"@id\":\"https:\/\/www.africa-press.net\/burkina-faso\/toutes-les-actualites\/lutte-contre-le-paludisme-au-burkina-faso-les-organisations-de-la-societe-civile-cogitent#article\",\"isPartOf\":{\"@id\":\"https:\/\/www.africa-press.net\/burkina-faso\/toutes-les-actualites\/lutte-contre-le-paludisme-au-burkina-faso-les-organisations-de-la-societe-civile-cogitent\"},\"author\":{\"name\":\"cfeditorfr\",\"@id\":\"https:\/\/www.africa-press.net\/burkina-faso\/#\/schema\/person\/2b1cf3cd81a31e3cd26889ca66d677f1\"},\"headline\":\"Lutte contre le paludisme au Burkina Faso\u00a0: Les organisations de la soci\u00e9t\u00e9 civile cogitent\",\"datePublished\":\"2021-04-24T15:58:46+00:00\",\"dateModified\":\"2021-04-24T17:34:53+00:00\",\"mainEntityOfPage\":{\"@id\":\"https:\/\/www.africa-press.net\/burkina-faso\/toutes-les-actualites\/lutte-contre-le-paludisme-au-burkina-faso-les-organisations-de-la-societe-civile-cogitent\"},\"wordCount\":453,\"commentCount\":0,\"image\":{\"@id\":\"https:\/\/www.africa-press.net\/burkina-faso\/toutes-les-actualites\/lutte-contre-le-paludisme-au-burkina-faso-les-organisations-de-la-societe-civile-cogitent#primaryimage\"},\"thumbnailUrl\":\"https:\/\/static.africa-press.net\/burkina\/sites\/42\/2021\/04\/img-60843867802cf.jpg\",\"keywords\":[\"Africa Press\",\"Africa Press-Burkina Faso\",\"Burkina Faso\"],\"articleSection\":[\"Communaut\u00e9\",\"homepage-french\",\"Toutes les actualit\u00e9s\"],\"inLanguage\":\"fr-FR\",\"potentialAction\":[{\"@type\":\"CommentAction\",\"name\":\"Comment\",\"target\":[\"https:\/\/www.africa-press.net\/burkina-faso\/toutes-les-actualites\/lutte-contre-le-paludisme-au-burkina-faso-les-organisations-de-la-societe-civile-cogitent#respond\"]}]},{\"@type\":\"WebPage\",\"@id\":\"https:\/\/www.africa-press.net\/burkina-faso\/toutes-les-actualites\/lutte-contre-le-paludisme-au-burkina-faso-les-organisations-de-la-societe-civile-cogitent\",\"url\":\"https:\/\/www.africa-press.net\/burkina-faso\/toutes-les-actualites\/lutte-contre-le-paludisme-au-burkina-faso-les-organisations-de-la-societe-civile-cogitent\",\"name\":\"Lutte contre le paludisme au Burkina Faso\u00a0: Les organisations de la soci\u00e9t\u00e9 civile cogitent - Burkina Faso\",\"isPartOf\":{\"@id\":\"https:\/\/www.africa-press.net\/burkina-faso\/#website\"},\"primaryImageOfPage\":{\"@id\":\"https:\/\/www.africa-press.net\/burkina-faso\/toutes-les-actualites\/lutte-contre-le-paludisme-au-burkina-faso-les-organisations-de-la-societe-civile-cogitent#primaryimage\"},\"image\":{\"@id\":\"https:\/\/www.africa-press.net\/burkina-faso\/toutes-les-actualites\/lutte-contre-le-paludisme-au-burkina-faso-les-organisations-de-la-societe-civile-cogitent#primaryimage\"},\"thumbnailUrl\":\"https:\/\/static.africa-press.net\/burkina\/sites\/42\/2021\/04\/img-60843867802cf.jpg\",\"datePublished\":\"2021-04-24T15:58:46+00:00\",\"dateModified\":\"2021-04-24T17:34:53+00:00\",\"author\":{\"@id\":\"https:\/\/www.africa-press.net\/burkina-faso\/#\/schema\/person\/2b1cf3cd81a31e3cd26889ca66d677f1\"},\"description\":\"Le R\u00e9seau acc\u00e8s aux m\u00e9dicaments essentiels (RAME), en collaboration avec l\u2019ONG Speak Up Africa, a organis\u00e9 un atelier d\u2019 ...\",\"breadcrumb\":{\"@id\":\"https:\/\/www.africa-press.net\/burkina-faso\/toutes-les-actualites\/lutte-contre-le-paludisme-au-burkina-faso-les-organisations-de-la-societe-civile-cogitent#breadcrumb\"},\"inLanguage\":\"fr-FR\",\"potentialAction\":[{\"@type\":\"ReadAction\",\"target\":[\"https:\/\/www.africa-press.net\/burkina-faso\/toutes-les-actualites\/lutte-contre-le-paludisme-au-burkina-faso-les-organisations-de-la-societe-civile-cogitent\"]}]},{\"@type\":\"ImageObject\",\"inLanguage\":\"fr-FR\",\"@id\":\"https:\/\/www.africa-press.net\/burkina-faso\/toutes-les-actualites\/lutte-contre-le-paludisme-au-burkina-faso-les-organisations-de-la-societe-civile-cogitent#primaryimage\",\"url\":\"https:\/\/static.africa-press.net\/burkina\/sites\/42\/2021\/04\/img-60843867802cf.jpg\",\"contentUrl\":\"https:\/\/static.africa-press.net\/burkina\/sites\/42\/2021\/04\/img-60843867802cf.jpg\",\"width\":1024,\"height\":512,\"caption\":\"Lutte contre le paludisme au Burkina Faso\u00a0: Les organisations de la soci\u00e9t\u00e9 civile cogitent\"},{\"@type\":\"BreadcrumbList\",\"@id\":\"https:\/\/www.africa-press.net\/burkina-faso\/toutes-les-actualites\/lutte-contre-le-paludisme-au-burkina-faso-les-organisations-de-la-societe-civile-cogitent#breadcrumb\",\"itemListElement\":[{\"@type\":\"ListItem\",\"position\":1,\"name\":\"Accueil\",\"item\":\"https:\/\/www.africa-press.net\/burkina-faso\/\"},{\"@type\":\"ListItem\",\"position\":2,\"name\":\"Lutte contre le paludisme au Burkina Faso\u00a0: Les organisations de la soci\u00e9t\u00e9 civile cogitent\"}]},{\"@type\":\"WebSite\",\"@id\":\"https:\/\/www.africa-press.net\/burkina-faso\/#website\",\"url\":\"https:\/\/www.africa-press.net\/burkina-faso\/\",\"name\":\"Burkina Faso\",\"description\":\"Just another Africa News Agency Sites site\",\"potentialAction\":[{\"@type\":\"SearchAction\",\"target\":{\"@type\":\"EntryPoint\",\"urlTemplate\":\"https:\/\/www.africa-press.net\/burkina-faso\/?s={search_term_string}\"},\"query-input\":{\"@type\":\"PropertyValueSpecification\",\"valueRequired\":true,\"valueName\":\"search_term_string\"}}],\"inLanguage\":\"fr-FR\"},{\"@type\":\"Person\",\"@id\":\"https:\/\/www.africa-press.net\/burkina-faso\/#\/schema\/person\/2b1cf3cd81a31e3cd26889ca66d677f1\",\"name\":\"cfeditorfr\"}]}<\/script>\n<!-- \/ Yoast SEO Premium plugin. -->","yoast_head_json":{"title":"Lutte contre le paludisme au Burkina Faso\u00a0: Les organisations de la soci\u00e9t\u00e9 civile cogitent - Burkina Faso","description":"Le R\u00e9seau acc\u00e8s aux m\u00e9dicaments essentiels (RAME), en collaboration avec l\u2019ONG Speak Up Africa, a organis\u00e9 un atelier d\u2019 ...","robots":{"index":"index","follow":"follow","max-snippet":"max-snippet:-1","max-image-preview":"max-image-preview:large","max-video-preview":"max-video-preview:-1"},"canonical":"https:\/\/www.africa-press.net\/burkina-faso\/toutes-les-actualites\/lutte-contre-le-paludisme-au-burkina-faso-les-organisations-de-la-societe-civile-cogitent","og_locale":"fr_FR","og_type":"article","og_title":"Lutte contre le paludisme au Burkina Faso\u00a0: Les organisations de la soci\u00e9t\u00e9 civile cogitent","og_description":"Le R\u00e9seau acc\u00e8s aux m\u00e9dicaments essentiels (RAME), en collaboration avec l\u2019ONG Speak Up Africa, a organis\u00e9 un atelier d\u2019 ...","og_url":"https:\/\/www.africa-press.net\/burkina-faso\/toutes-les-actualites\/lutte-contre-le-paludisme-au-burkina-faso-les-organisations-de-la-societe-civile-cogitent","og_site_name":"Burkina Faso","article_published_time":"2021-04-24T15:58:46+00:00","article_modified_time":"2021-04-24T17:34:53+00:00","og_image":[{"width":1024,"height":512,"url":"https:\/\/static.africa-press.net\/burkina\/sites\/42\/2021\/04\/img-60843867802cf.jpg","type":"image\/jpeg"}],"author":"cfeditorfr","twitter_card":"summary_large_image","twitter_misc":{"\u00c9crit par":"cfeditorfr","Dur\u00e9e de lecture estim\u00e9e":"2 minutes"},"schema":{"@context":"https:\/\/schema.org","@graph":[{"@type":"Article","@id":"https:\/\/www.africa-press.net\/burkina-faso\/toutes-les-actualites\/lutte-contre-le-paludisme-au-burkina-faso-les-organisations-de-la-societe-civile-cogitent#article","isPartOf":{"@id":"https:\/\/www.africa-press.net\/burkina-faso\/toutes-les-actualites\/lutte-contre-le-paludisme-au-burkina-faso-les-organisations-de-la-societe-civile-cogitent"},"author":{"name":"cfeditorfr","@id":"https:\/\/www.africa-press.net\/burkina-faso\/#\/schema\/person\/2b1cf3cd81a31e3cd26889ca66d677f1"},"headline":"Lutte contre le paludisme au Burkina Faso\u00a0: Les organisations de la soci\u00e9t\u00e9 civile cogitent","datePublished":"2021-04-24T15:58:46+00:00","dateModified":"2021-04-24T17:34:53+00:00","mainEntityOfPage":{"@id":"https:\/\/www.africa-press.net\/burkina-faso\/toutes-les-actualites\/lutte-contre-le-paludisme-au-burkina-faso-les-organisations-de-la-societe-civile-cogitent"},"wordCount":453,"commentCount":0,"image":{"@id":"https:\/\/www.africa-press.net\/burkina-faso\/toutes-les-actualites\/lutte-contre-le-paludisme-au-burkina-faso-les-organisations-de-la-societe-civile-cogitent#primaryimage"},"thumbnailUrl":"https:\/\/static.africa-press.net\/burkina\/sites\/42\/2021\/04\/img-60843867802cf.jpg","keywords":["Africa Press","Africa Press-Burkina Faso","Burkina Faso"],"articleSection":["Communaut\u00e9","homepage-french","Toutes les actualit\u00e9s"],"inLanguage":"fr-FR","potentialAction":[{"@type":"CommentAction","name":"Comment","target":["https:\/\/www.africa-press.net\/burkina-faso\/toutes-les-actualites\/lutte-contre-le-paludisme-au-burkina-faso-les-organisations-de-la-societe-civile-cogitent#respond"]}]},{"@type":"WebPage","@id":"https:\/\/www.africa-press.net\/burkina-faso\/toutes-les-actualites\/lutte-contre-le-paludisme-au-burkina-faso-les-organisations-de-la-societe-civile-cogitent","url":"https:\/\/www.africa-press.net\/burkina-faso\/toutes-les-actualites\/lutte-contre-le-paludisme-au-burkina-faso-les-organisations-de-la-societe-civile-cogitent","name":"Lutte contre le paludisme au Burkina Faso\u00a0: Les organisations de la soci\u00e9t\u00e9 civile cogitent - Burkina Faso","isPartOf":{"@id":"https:\/\/www.africa-press.net\/burkina-faso\/#website"},"primaryImageOfPage":{"@id":"https:\/\/www.africa-press.net\/burkina-faso\/toutes-les-actualites\/lutte-contre-le-paludisme-au-burkina-faso-les-organisations-de-la-societe-civile-cogitent#primaryimage"},"image":{"@id":"https:\/\/www.africa-press.net\/burkina-faso\/toutes-les-actualites\/lutte-contre-le-paludisme-au-burkina-faso-les-organisations-de-la-societe-civile-cogitent#primaryimage"},"thumbnailUrl":"https:\/\/static.africa-press.net\/burkina\/sites\/42\/2021\/04\/img-60843867802cf.jpg","datePublished":"2021-04-24T15:58:46+00:00","dateModified":"2021-04-24T17:34:53+00:00","author":{"@id":"https:\/\/www.africa-press.net\/burkina-faso\/#\/schema\/person\/2b1cf3cd81a31e3cd26889ca66d677f1"},"description":"Le R\u00e9seau acc\u00e8s aux m\u00e9dicaments essentiels (RAME), en collaboration avec l\u2019ONG Speak Up Africa, a organis\u00e9 un atelier d\u2019 ...","breadcrumb":{"@id":"https:\/\/www.africa-press.net\/burkina-faso\/toutes-les-actualites\/lutte-contre-le-paludisme-au-burkina-faso-les-organisations-de-la-societe-civile-cogitent#breadcrumb"},"inLanguage":"fr-FR","potentialAction":[{"@type":"ReadAction","target":["https:\/\/www.africa-press.net\/burkina-faso\/toutes-les-actualites\/lutte-contre-le-paludisme-au-burkina-faso-les-organisations-de-la-societe-civile-cogitent"]}]},{"@type":"ImageObject","inLanguage":"fr-FR","@id":"https:\/\/www.africa-press.net\/burkina-faso\/toutes-les-actualites\/lutte-contre-le-paludisme-au-burkina-faso-les-organisations-de-la-societe-civile-cogitent#primaryimage","url":"https:\/\/static.africa-press.net\/burkina\/sites\/42\/2021\/04\/img-60843867802cf.jpg","contentUrl":"https:\/\/static.africa-press.net\/burkina\/sites\/42\/2021\/04\/img-60843867802cf.jpg","width":1024,"height":512,"caption":"Lutte contre le paludisme au Burkina Faso\u00a0: Les organisations de la soci\u00e9t\u00e9 civile cogitent"},{"@type":"BreadcrumbList","@id":"https:\/\/www.africa-press.net\/burkina-faso\/toutes-les-actualites\/lutte-contre-le-paludisme-au-burkina-faso-les-organisations-de-la-societe-civile-cogitent#breadcrumb","itemListElement":[{"@type":"ListItem","position":1,"name":"Accueil","item":"https:\/\/www.africa-press.net\/burkina-faso\/"},{"@type":"ListItem","position":2,"name":"Lutte contre le paludisme au Burkina Faso\u00a0: Les organisations de la soci\u00e9t\u00e9 civile cogitent"}]},{"@type":"WebSite","@id":"https:\/\/www.africa-press.net\/burkina-faso\/#website","url":"https:\/\/www.africa-press.net\/burkina-faso\/","name":"Burkina Faso","description":"Just another Africa News Agency Sites site","potentialAction":[{"@type":"SearchAction","target":{"@type":"EntryPoint","urlTemplate":"https:\/\/www.africa-press.net\/burkina-faso\/?s={search_term_string}"},"query-input":{"@type":"PropertyValueSpecification","valueRequired":true,"valueName":"search_term_string"}}],"inLanguage":"fr-FR"},{"@type":"Person","@id":"https:\/\/www.africa-press.net\/burkina-faso\/#\/schema\/person\/2b1cf3cd81a31e3cd26889ca66d677f1","name":"cfeditorfr"}]}},"_links":{"self":[{"href":"https:\/\/www.africa-press.net\/burkina-faso\/wp-json\/wp\/v2\/posts\/10497","targetHints":{"allow":["GET"]}}],"collection":[{"href":"https:\/\/www.africa-press.net\/burkina-faso\/wp-json\/wp\/v2\/posts"}],"about":[{"href":"https:\/\/www.africa-press.net\/burkina-faso\/wp-json\/wp\/v2\/types\/post"}],"author":[{"embeddable":true,"href":"https:\/\/www.africa-press.net\/burkina-faso\/wp-json\/wp\/v2\/users\/82"}],"replies":[{"embeddable":true,"href":"https:\/\/www.africa-press.net\/burkina-faso\/wp-json\/wp\/v2\/comments?post=10497"}],"version-history":[{"count":0,"href":"https:\/\/www.africa-press.net\/burkina-faso\/wp-json\/wp\/v2\/posts\/10497\/revisions"}],"wp:featuredmedia":[{"embeddable":true,"href":"https:\/\/www.africa-press.net\/burkina-faso\/wp-json\/wp\/v2\/media\/10496"}],"wp:attachment":[{"href":"https:\/\/www.africa-press.net\/burkina-faso\/wp-json\/wp\/v2\/media?parent=10497"}],"wp:term":[{"taxonomy":"category","embeddable":true,"href":"https:\/\/www.africa-press.net\/burkina-faso\/wp-json\/wp\/v2\/categories?post=10497"},{"taxonomy":"post_tag","embeddable":true,"href":"https:\/\/www.africa-press.net\/burkina-faso\/wp-json\/wp\/v2\/tags?post=10497"}],"curies":[{"name":"wp","href":"https:\/\/api.w.org\/{rel}","templated":true}]}}