{"id":10503,"date":"2021-04-24T16:14:36","date_gmt":"2021-04-24T16:14:36","guid":{"rendered":"https:\/\/www.africa-press.net\/burkina-faso\/?p=10503"},"modified":"2021-04-24T17:35:07","modified_gmt":"2021-04-24T17:35:07","slug":"burkina-faso-cheriff-sy-visite-les-unites-militaires-de-po","status":"publish","type":"post","link":"https:\/\/www.africa-press.net\/burkina-faso\/politique\/burkina-faso-cheriff-sy-visite-les-unites-militaires-de-po","title":{"rendered":"Ch\u00e9riff Sy visite les unit\u00e9s militaires de P\u00f4"},"content":{"rendered":"<p><span style=\"color: #ff6600\"><strong><a href=\"https:\/\/www.africa-press.net\/\">Africa-Press<\/a> &#8211; <a href=\"https:\/\/www.africa-press.net\/burkina-faso\">Burkina Faso<\/a>. <\/strong><\/span>Les militaires de la Garnison de P\u00f4 ont re\u00e7u ce jeudi 22 avril 2021 la visite du Ministre d\u2019\u00c9tat, Ministre de la D\u00e9fense Nationale et des Anciens Combattants, Moumina Ch\u00e9riff SY. Cette visite s\u2019inscrit dans le cadre d\u2019une tourn\u00e9e dans les groupements de forces, selon l\u2019\u00e9tat-major g\u00e9n\u00e9ral des arm\u00e9es.<\/p>\n<p>Le Centre d\u2019Entrainement Commando et de Formation aux Op\u00e9rations Sp\u00e9ciales (CEC-FOS), l\u2019Acad\u00e9mie Militaire Georges Namoano, et la Compagnie de Gendarmerie, sont les unit\u00e9s militaires qui ont re\u00e7u la visite du Ministre et sa d\u00e9l\u00e9gation.<\/p>\n<p>Au Centre d\u2019Entrainement Commando et de Formation aux Op\u00e9rations Sp\u00e9ciales, les visiteurs ont eu droit \u00e0 une d\u00e9monstration d\u2019une op\u00e9ration de neutralisation d\u2019une cible de haute valeur. Cet exercice a permis \u00e0 la d\u00e9l\u00e9gation minist\u00e9rielle d\u2019appr\u00e9cier la qualit\u00e9 de l\u2019expertise dont disposent les Forces Arm\u00e9es Nationales.<\/p>\n<p>A l\u2019Acad\u00e9mie Militaire Georges Namoano, Cheriff Sy a pu toucher du doigt le chantier du futur site de l\u2019AMGN. L\u2019\u00e9tape de P\u00f4 s\u2019est achev\u00e9e avec la visite de la Compagnie de Gendarmerie.<\/p>\n<p>A chacune des \u00e9tapes de la visite, le Ministre de la D\u00e9fense s\u2019est entretenu avec les Hommes pour recueillir leurs pr\u00e9occupations et les encourager dans l\u2019accomplissement de leurs missions.<\/p>\n","protected":false},"excerpt":{"rendered":"<p>Africa-Press &#8211; Burkina Faso. Les militaires de la Garnison de P\u00f4 ont re\u00e7u ce jeudi 22 avril 2021 la visite du Ministre d\u2019\u00c9tat, Ministre de la D\u00e9fense Nationale et des Anciens Combattants, Moumina Ch\u00e9riff SY. Cette visite s\u2019inscrit dans le cadre d\u2019une tourn\u00e9e dans les groupements de forces, selon l\u2019\u00e9tat-major g\u00e9n\u00e9ral des arm\u00e9es. Le Centre [&hellip;]<\/p>\n","protected":false},"author":82,"featured_media":10502,"comment_status":"open","ping_status":"closed","sticky":false,"template":"","format":"standard","meta":{"footnotes":""},"categories":[11,2,20,10],"tags":[111,725,29],"class_list":["post-10503","post","type-post","status-publish","format-standard","has-post-thumbnail","hentry","category-homepage-french","category-politique","category-top-nouvelles","category-toutes-les-actualites","tag-africa-press","tag-africa-press-burkina-faso","tag-burkina-faso"],"yoast_head":"<!-- This site is optimized with the Yoast SEO Premium plugin v26.1 (Yoast SEO v27.0) - https:\/\/yoast.com\/product\/yoast-seo-premium-wordpress\/ -->\n<title>Ch\u00e9riff Sy visite les unit\u00e9s militaires de P\u00f4 - Burkina Faso<\/title>\n<meta name=\"description\" content=\"Les militaires de la Garnison de P\u00f4 ont re\u00e7u ce jeudi 22 avril 2021 la visite du Ministre d\u2019\u00c9tat, Ministre de la D\u00e9fense ...\" \/>\n<meta name=\"robots\" content=\"index, follow, max-snippet:-1, max-image-preview:large, max-video-preview:-1\" \/>\n<link rel=\"canonical\" href=\"https:\/\/www.africa-press.net\/burkina-faso\/politique\/burkina-faso-cheriff-sy-visite-les-unites-militaires-de-po\" \/>\n<meta property=\"og:locale\" content=\"fr_FR\" \/>\n<meta property=\"og:type\" content=\"article\" \/>\n<meta property=\"og:title\" content=\"Ch\u00e9riff Sy visite les unit\u00e9s militaires de P\u00f4\" \/>\n<meta property=\"og:description\" content=\"Les militaires de la Garnison de P\u00f4 ont re\u00e7u ce jeudi 22 avril 2021 la visite du Ministre d\u2019\u00c9tat, Ministre de la D\u00e9fense ...\" \/>\n<meta property=\"og:url\" content=\"https:\/\/www.africa-press.net\/burkina-faso\/politique\/burkina-faso-cheriff-sy-visite-les-unites-militaires-de-po\" \/>\n<meta property=\"og:site_name\" content=\"Burkina Faso\" \/>\n<meta property=\"article:published_time\" content=\"2021-04-24T16:14:36+00:00\" \/>\n<meta property=\"article:modified_time\" content=\"2021-04-24T17:35:07+00:00\" \/>\n<meta property=\"og:image\" content=\"https:\/\/static.africa-press.net\/burkina\/sites\/42\/2021\/04\/img-608438d2dc187.jpg\" \/>\n\t<meta property=\"og:image:width\" content=\"1024\" \/>\n\t<meta property=\"og:image:height\" content=\"683\" \/>\n\t<meta property=\"og:image:type\" content=\"image\/jpeg\" \/>\n<meta name=\"author\" content=\"cfeditorfr\" \/>\n<meta name=\"twitter:card\" content=\"summary_large_image\" \/>\n<meta name=\"twitter:label1\" content=\"\u00c9crit par\" \/>\n\t<meta name=\"twitter:data1\" content=\"cfeditorfr\" \/>\n\t<meta name=\"twitter:label2\" content=\"Dur\u00e9e de lecture estim\u00e9e\" \/>\n\t<meta name=\"twitter:data2\" content=\"1 minute\" \/>\n<script type=\"application\/ld+json\" class=\"yoast-schema-graph\">{\"@context\":\"https:\/\/schema.org\",\"@graph\":[{\"@type\":\"Article\",\"@id\":\"https:\/\/www.africa-press.net\/burkina-faso\/politique\/burkina-faso-cheriff-sy-visite-les-unites-militaires-de-po#article\",\"isPartOf\":{\"@id\":\"https:\/\/www.africa-press.net\/burkina-faso\/politique\/burkina-faso-cheriff-sy-visite-les-unites-militaires-de-po\"},\"author\":{\"name\":\"cfeditorfr\",\"@id\":\"https:\/\/www.africa-press.net\/burkina-faso\/#\/schema\/person\/2b1cf3cd81a31e3cd26889ca66d677f1\"},\"headline\":\"Ch\u00e9riff Sy visite les unit\u00e9s militaires de P\u00f4\",\"datePublished\":\"2021-04-24T16:14:36+00:00\",\"dateModified\":\"2021-04-24T17:35:07+00:00\",\"mainEntityOfPage\":{\"@id\":\"https:\/\/www.africa-press.net\/burkina-faso\/politique\/burkina-faso-cheriff-sy-visite-les-unites-militaires-de-po\"},\"wordCount\":244,\"commentCount\":0,\"image\":{\"@id\":\"https:\/\/www.africa-press.net\/burkina-faso\/politique\/burkina-faso-cheriff-sy-visite-les-unites-militaires-de-po#primaryimage\"},\"thumbnailUrl\":\"https:\/\/static.africa-press.net\/burkina\/sites\/42\/2021\/04\/img-608438d2dc187.jpg\",\"keywords\":[\"Africa Press\",\"Africa Press-Burkina Faso\",\"Burkina Faso\"],\"articleSection\":[\"homepage-french\",\"Politique\",\"Top Nouvelles\",\"Toutes les actualit\u00e9s\"],\"inLanguage\":\"fr-FR\",\"potentialAction\":[{\"@type\":\"CommentAction\",\"name\":\"Comment\",\"target\":[\"https:\/\/www.africa-press.net\/burkina-faso\/politique\/burkina-faso-cheriff-sy-visite-les-unites-militaires-de-po#respond\"]}]},{\"@type\":\"WebPage\",\"@id\":\"https:\/\/www.africa-press.net\/burkina-faso\/politique\/burkina-faso-cheriff-sy-visite-les-unites-militaires-de-po\",\"url\":\"https:\/\/www.africa-press.net\/burkina-faso\/politique\/burkina-faso-cheriff-sy-visite-les-unites-militaires-de-po\",\"name\":\"Ch\u00e9riff Sy visite les unit\u00e9s militaires de P\u00f4 - Burkina Faso\",\"isPartOf\":{\"@id\":\"https:\/\/www.africa-press.net\/burkina-faso\/#website\"},\"primaryImageOfPage\":{\"@id\":\"https:\/\/www.africa-press.net\/burkina-faso\/politique\/burkina-faso-cheriff-sy-visite-les-unites-militaires-de-po#primaryimage\"},\"image\":{\"@id\":\"https:\/\/www.africa-press.net\/burkina-faso\/politique\/burkina-faso-cheriff-sy-visite-les-unites-militaires-de-po#primaryimage\"},\"thumbnailUrl\":\"https:\/\/static.africa-press.net\/burkina\/sites\/42\/2021\/04\/img-608438d2dc187.jpg\",\"datePublished\":\"2021-04-24T16:14:36+00:00\",\"dateModified\":\"2021-04-24T17:35:07+00:00\",\"author\":{\"@id\":\"https:\/\/www.africa-press.net\/burkina-faso\/#\/schema\/person\/2b1cf3cd81a31e3cd26889ca66d677f1\"},\"description\":\"Les militaires de la Garnison de P\u00f4 ont re\u00e7u ce jeudi 22 avril 2021 la visite du Ministre d\u2019\u00c9tat, Ministre de la D\u00e9fense ...\",\"breadcrumb\":{\"@id\":\"https:\/\/www.africa-press.net\/burkina-faso\/politique\/burkina-faso-cheriff-sy-visite-les-unites-militaires-de-po#breadcrumb\"},\"inLanguage\":\"fr-FR\",\"potentialAction\":[{\"@type\":\"ReadAction\",\"target\":[\"https:\/\/www.africa-press.net\/burkina-faso\/politique\/burkina-faso-cheriff-sy-visite-les-unites-militaires-de-po\"]}]},{\"@type\":\"ImageObject\",\"inLanguage\":\"fr-FR\",\"@id\":\"https:\/\/www.africa-press.net\/burkina-faso\/politique\/burkina-faso-cheriff-sy-visite-les-unites-militaires-de-po#primaryimage\",\"url\":\"https:\/\/static.africa-press.net\/burkina\/sites\/42\/2021\/04\/img-608438d2dc187.jpg\",\"contentUrl\":\"https:\/\/static.africa-press.net\/burkina\/sites\/42\/2021\/04\/img-608438d2dc187.jpg\",\"width\":1024,\"height\":683,\"caption\":\"Burkina Faso : Ch\u00e9riff Sy visite les unit\u00e9s militaires de P\u00f4\"},{\"@type\":\"BreadcrumbList\",\"@id\":\"https:\/\/www.africa-press.net\/burkina-faso\/politique\/burkina-faso-cheriff-sy-visite-les-unites-militaires-de-po#breadcrumb\",\"itemListElement\":[{\"@type\":\"ListItem\",\"position\":1,\"name\":\"Accueil\",\"item\":\"https:\/\/www.africa-press.net\/burkina-faso\/\"},{\"@type\":\"ListItem\",\"position\":2,\"name\":\"Ch\u00e9riff Sy visite les unit\u00e9s militaires de P\u00f4\"}]},{\"@type\":\"WebSite\",\"@id\":\"https:\/\/www.africa-press.net\/burkina-faso\/#website\",\"url\":\"https:\/\/www.africa-press.net\/burkina-faso\/\",\"name\":\"Burkina Faso\",\"description\":\"Just another Africa News Agency Sites site\",\"potentialAction\":[{\"@type\":\"SearchAction\",\"target\":{\"@type\":\"EntryPoint\",\"urlTemplate\":\"https:\/\/www.africa-press.net\/burkina-faso\/?s={search_term_string}\"},\"query-input\":{\"@type\":\"PropertyValueSpecification\",\"valueRequired\":true,\"valueName\":\"search_term_string\"}}],\"inLanguage\":\"fr-FR\"},{\"@type\":\"Person\",\"@id\":\"https:\/\/www.africa-press.net\/burkina-faso\/#\/schema\/person\/2b1cf3cd81a31e3cd26889ca66d677f1\",\"name\":\"cfeditorfr\"}]}<\/script>\n<!-- \/ Yoast SEO Premium plugin. -->","yoast_head_json":{"title":"Ch\u00e9riff Sy visite les unit\u00e9s militaires de P\u00f4 - Burkina Faso","description":"Les militaires de la Garnison de P\u00f4 ont re\u00e7u ce jeudi 22 avril 2021 la visite du Ministre d\u2019\u00c9tat, Ministre de la D\u00e9fense ...","robots":{"index":"index","follow":"follow","max-snippet":"max-snippet:-1","max-image-preview":"max-image-preview:large","max-video-preview":"max-video-preview:-1"},"canonical":"https:\/\/www.africa-press.net\/burkina-faso\/politique\/burkina-faso-cheriff-sy-visite-les-unites-militaires-de-po","og_locale":"fr_FR","og_type":"article","og_title":"Ch\u00e9riff Sy visite les unit\u00e9s militaires de P\u00f4","og_description":"Les militaires de la Garnison de P\u00f4 ont re\u00e7u ce jeudi 22 avril 2021 la visite du Ministre d\u2019\u00c9tat, Ministre de la D\u00e9fense ...","og_url":"https:\/\/www.africa-press.net\/burkina-faso\/politique\/burkina-faso-cheriff-sy-visite-les-unites-militaires-de-po","og_site_name":"Burkina Faso","article_published_time":"2021-04-24T16:14:36+00:00","article_modified_time":"2021-04-24T17:35:07+00:00","og_image":[{"width":1024,"height":683,"url":"https:\/\/static.africa-press.net\/burkina\/sites\/42\/2021\/04\/img-608438d2dc187.jpg","type":"image\/jpeg"}],"author":"cfeditorfr","twitter_card":"summary_large_image","twitter_misc":{"\u00c9crit par":"cfeditorfr","Dur\u00e9e de lecture estim\u00e9e":"1 minute"},"schema":{"@context":"https:\/\/schema.org","@graph":[{"@type":"Article","@id":"https:\/\/www.africa-press.net\/burkina-faso\/politique\/burkina-faso-cheriff-sy-visite-les-unites-militaires-de-po#article","isPartOf":{"@id":"https:\/\/www.africa-press.net\/burkina-faso\/politique\/burkina-faso-cheriff-sy-visite-les-unites-militaires-de-po"},"author":{"name":"cfeditorfr","@id":"https:\/\/www.africa-press.net\/burkina-faso\/#\/schema\/person\/2b1cf3cd81a31e3cd26889ca66d677f1"},"headline":"Ch\u00e9riff Sy visite les unit\u00e9s militaires de P\u00f4","datePublished":"2021-04-24T16:14:36+00:00","dateModified":"2021-04-24T17:35:07+00:00","mainEntityOfPage":{"@id":"https:\/\/www.africa-press.net\/burkina-faso\/politique\/burkina-faso-cheriff-sy-visite-les-unites-militaires-de-po"},"wordCount":244,"commentCount":0,"image":{"@id":"https:\/\/www.africa-press.net\/burkina-faso\/politique\/burkina-faso-cheriff-sy-visite-les-unites-militaires-de-po#primaryimage"},"thumbnailUrl":"https:\/\/static.africa-press.net\/burkina\/sites\/42\/2021\/04\/img-608438d2dc187.jpg","keywords":["Africa Press","Africa Press-Burkina Faso","Burkina Faso"],"articleSection":["homepage-french","Politique","Top Nouvelles","Toutes les actualit\u00e9s"],"inLanguage":"fr-FR","potentialAction":[{"@type":"CommentAction","name":"Comment","target":["https:\/\/www.africa-press.net\/burkina-faso\/politique\/burkina-faso-cheriff-sy-visite-les-unites-militaires-de-po#respond"]}]},{"@type":"WebPage","@id":"https:\/\/www.africa-press.net\/burkina-faso\/politique\/burkina-faso-cheriff-sy-visite-les-unites-militaires-de-po","url":"https:\/\/www.africa-press.net\/burkina-faso\/politique\/burkina-faso-cheriff-sy-visite-les-unites-militaires-de-po","name":"Ch\u00e9riff Sy visite les unit\u00e9s militaires de P\u00f4 - Burkina Faso","isPartOf":{"@id":"https:\/\/www.africa-press.net\/burkina-faso\/#website"},"primaryImageOfPage":{"@id":"https:\/\/www.africa-press.net\/burkina-faso\/politique\/burkina-faso-cheriff-sy-visite-les-unites-militaires-de-po#primaryimage"},"image":{"@id":"https:\/\/www.africa-press.net\/burkina-faso\/politique\/burkina-faso-cheriff-sy-visite-les-unites-militaires-de-po#primaryimage"},"thumbnailUrl":"https:\/\/static.africa-press.net\/burkina\/sites\/42\/2021\/04\/img-608438d2dc187.jpg","datePublished":"2021-04-24T16:14:36+00:00","dateModified":"2021-04-24T17:35:07+00:00","author":{"@id":"https:\/\/www.africa-press.net\/burkina-faso\/#\/schema\/person\/2b1cf3cd81a31e3cd26889ca66d677f1"},"description":"Les militaires de la Garnison de P\u00f4 ont re\u00e7u ce jeudi 22 avril 2021 la visite du Ministre d\u2019\u00c9tat, Ministre de la D\u00e9fense ...","breadcrumb":{"@id":"https:\/\/www.africa-press.net\/burkina-faso\/politique\/burkina-faso-cheriff-sy-visite-les-unites-militaires-de-po#breadcrumb"},"inLanguage":"fr-FR","potentialAction":[{"@type":"ReadAction","target":["https:\/\/www.africa-press.net\/burkina-faso\/politique\/burkina-faso-cheriff-sy-visite-les-unites-militaires-de-po"]}]},{"@type":"ImageObject","inLanguage":"fr-FR","@id":"https:\/\/www.africa-press.net\/burkina-faso\/politique\/burkina-faso-cheriff-sy-visite-les-unites-militaires-de-po#primaryimage","url":"https:\/\/static.africa-press.net\/burkina\/sites\/42\/2021\/04\/img-608438d2dc187.jpg","contentUrl":"https:\/\/static.africa-press.net\/burkina\/sites\/42\/2021\/04\/img-608438d2dc187.jpg","width":1024,"height":683,"caption":"Burkina Faso : Ch\u00e9riff Sy visite les unit\u00e9s militaires de P\u00f4"},{"@type":"BreadcrumbList","@id":"https:\/\/www.africa-press.net\/burkina-faso\/politique\/burkina-faso-cheriff-sy-visite-les-unites-militaires-de-po#breadcrumb","itemListElement":[{"@type":"ListItem","position":1,"name":"Accueil","item":"https:\/\/www.africa-press.net\/burkina-faso\/"},{"@type":"ListItem","position":2,"name":"Ch\u00e9riff Sy visite les unit\u00e9s militaires de P\u00f4"}]},{"@type":"WebSite","@id":"https:\/\/www.africa-press.net\/burkina-faso\/#website","url":"https:\/\/www.africa-press.net\/burkina-faso\/","name":"Burkina Faso","description":"Just another Africa News Agency Sites site","potentialAction":[{"@type":"SearchAction","target":{"@type":"EntryPoint","urlTemplate":"https:\/\/www.africa-press.net\/burkina-faso\/?s={search_term_string}"},"query-input":{"@type":"PropertyValueSpecification","valueRequired":true,"valueName":"search_term_string"}}],"inLanguage":"fr-FR"},{"@type":"Person","@id":"https:\/\/www.africa-press.net\/burkina-faso\/#\/schema\/person\/2b1cf3cd81a31e3cd26889ca66d677f1","name":"cfeditorfr"}]}},"_links":{"self":[{"href":"https:\/\/www.africa-press.net\/burkina-faso\/wp-json\/wp\/v2\/posts\/10503","targetHints":{"allow":["GET"]}}],"collection":[{"href":"https:\/\/www.africa-press.net\/burkina-faso\/wp-json\/wp\/v2\/posts"}],"about":[{"href":"https:\/\/www.africa-press.net\/burkina-faso\/wp-json\/wp\/v2\/types\/post"}],"author":[{"embeddable":true,"href":"https:\/\/www.africa-press.net\/burkina-faso\/wp-json\/wp\/v2\/users\/82"}],"replies":[{"embeddable":true,"href":"https:\/\/www.africa-press.net\/burkina-faso\/wp-json\/wp\/v2\/comments?post=10503"}],"version-history":[{"count":0,"href":"https:\/\/www.africa-press.net\/burkina-faso\/wp-json\/wp\/v2\/posts\/10503\/revisions"}],"wp:featuredmedia":[{"embeddable":true,"href":"https:\/\/www.africa-press.net\/burkina-faso\/wp-json\/wp\/v2\/media\/10502"}],"wp:attachment":[{"href":"https:\/\/www.africa-press.net\/burkina-faso\/wp-json\/wp\/v2\/media?parent=10503"}],"wp:term":[{"taxonomy":"category","embeddable":true,"href":"https:\/\/www.africa-press.net\/burkina-faso\/wp-json\/wp\/v2\/categories?post=10503"},{"taxonomy":"post_tag","embeddable":true,"href":"https:\/\/www.africa-press.net\/burkina-faso\/wp-json\/wp\/v2\/tags?post=10503"}],"curies":[{"name":"wp","href":"https:\/\/api.w.org\/{rel}","templated":true}]}}