{"id":10506,"date":"2021-04-24T16:18:23","date_gmt":"2021-04-24T16:18:23","guid":{"rendered":"https:\/\/www.africa-press.net\/burkina-faso\/?p=10506"},"modified":"2021-04-24T17:35:16","modified_gmt":"2021-04-24T17:35:16","slug":"burkina-le-mouvement-u-gulmu-fi-sonne-la-mobilisation-des-populations-pour-faire-bouger-les-lignes-dans-la-region-de-lest","status":"publish","type":"post","link":"https:\/\/www.africa-press.net\/burkina-faso\/toutes-les-actualites\/burkina-le-mouvement-u-gulmu-fi-sonne-la-mobilisation-des-populations-pour-faire-bouger-les-lignes-dans-la-region-de-lest","title":{"rendered":"Le Mouvement \u00ab U Gulmu fi \u00bb sonne la mobilisation des populations pour faire bouger les lignes dans la r\u00e9gion de l&rsquo;Est"},"content":{"rendered":"<p><span style=\"color: #ff6600\"><strong><a href=\"https:\/\/www.africa-press.net\/\">Africa-Press<\/a> &#8211; <a href=\"https:\/\/www.africa-press.net\/burkina-faso\">Burkina Faso<\/a>. <\/strong><\/span><b>Annonc\u00e9e pour se tenir ce samedi 24 avril 2021, la marche du mouvement \u00ab U Gulmu Fi \u00bb a eu bel et bien lieu \u00e0 Fada N\u2019Gourma, chef-lieu de la r\u00e9gion de l\u2019Est.<\/b><\/p>\n<p>Ce matin, ils \u00e9taient nombreux, plusieurs organisations de la soci\u00e9t\u00e9 civile et ressortissants de la r\u00e9gion \u00e0 r\u00e9pondre \u00e0 l\u2019appel du Mouvement \u00ab U Gulmu fi \u00bb, qui signifie \u00ab le Gulmu s\u2019est r\u00e9veill\u00e9 \u00bb ou \u00ab le Gulmu s\u2019est lev\u00e9 \u00bb. Les ressortissants du Gulmu se sont effectivement r\u00e9veill\u00e9s pour le d\u00e9veloppement de leur r\u00e9gion.<\/p>\n<p>Les pr\u00e9occupations de ce mouvement de la soci\u00e9t\u00e9 civile sont entre autres les questions s\u00e9curitaire, infrastructures routi\u00e8res et sanitaire, les mines (gisement de phosphate), qui selon les organisateurs, ne b\u00e9n\u00e9ficient pas d\u2019une attention particuli\u00e8re. Ils se r\u00e9veillent donc pour faire bouger les lignes.<\/p>\n","protected":false},"excerpt":{"rendered":"<p>Africa-Press &#8211; Burkina Faso. Annonc\u00e9e pour se tenir ce samedi 24 avril 2021, la marche du mouvement \u00ab U Gulmu Fi \u00bb a eu bel et bien lieu \u00e0 Fada N\u2019Gourma, chef-lieu de la r\u00e9gion de l\u2019Est. Ce matin, ils \u00e9taient nombreux, plusieurs organisations de la soci\u00e9t\u00e9 civile et ressortissants de la r\u00e9gion \u00e0 r\u00e9pondre [&hellip;]<\/p>\n","protected":false},"author":82,"featured_media":10505,"comment_status":"open","ping_status":"closed","sticky":false,"template":"","format":"standard","meta":{"footnotes":""},"categories":[21,11,10],"tags":[111,725,29],"class_list":["post-10506","post","type-post","status-publish","format-standard","has-post-thumbnail","hentry","category-communaute","category-homepage-french","category-toutes-les-actualites","tag-africa-press","tag-africa-press-burkina-faso","tag-burkina-faso"],"yoast_head":"<!-- This site is optimized with the Yoast SEO Premium plugin v26.1 (Yoast SEO v27.0) - https:\/\/yoast.com\/product\/yoast-seo-premium-wordpress\/ -->\n<title>Le Mouvement \u00ab U Gulmu fi \u00bb sonne la mobilisation des populations pour faire bouger les lignes dans la r\u00e9gion de l&#039;Est - Burkina Faso<\/title>\n<meta name=\"description\" content=\"Annonc\u00e9e pour se tenir ce samedi 24 avril 2021, la marche du mouvement \u00ab U Gulmu Fi \u00bb a eu bel et bien lieu \u00e0 Fada N\u2019 ...\" \/>\n<meta name=\"robots\" content=\"index, follow, max-snippet:-1, max-image-preview:large, max-video-preview:-1\" \/>\n<link rel=\"canonical\" href=\"https:\/\/www.africa-press.net\/burkina-faso\/toutes-les-actualites\/burkina-le-mouvement-u-gulmu-fi-sonne-la-mobilisation-des-populations-pour-faire-bouger-les-lignes-dans-la-region-de-lest\" \/>\n<meta property=\"og:locale\" content=\"fr_FR\" \/>\n<meta property=\"og:type\" content=\"article\" \/>\n<meta property=\"og:title\" content=\"Le Mouvement \u00ab U Gulmu fi \u00bb sonne la mobilisation des populations pour faire bouger les lignes dans la r\u00e9gion de l&#039;Est\" \/>\n<meta property=\"og:description\" content=\"Annonc\u00e9e pour se tenir ce samedi 24 avril 2021, la marche du mouvement \u00ab U Gulmu Fi \u00bb a eu bel et bien lieu \u00e0 Fada N\u2019 ...\" \/>\n<meta property=\"og:url\" content=\"https:\/\/www.africa-press.net\/burkina-faso\/toutes-les-actualites\/burkina-le-mouvement-u-gulmu-fi-sonne-la-mobilisation-des-populations-pour-faire-bouger-les-lignes-dans-la-region-de-lest\" \/>\n<meta property=\"og:site_name\" content=\"Burkina Faso\" \/>\n<meta property=\"article:published_time\" content=\"2021-04-24T16:18:23+00:00\" \/>\n<meta property=\"article:modified_time\" content=\"2021-04-24T17:35:16+00:00\" \/>\n<meta property=\"og:image\" content=\"https:\/\/static.africa-press.net\/burkina\/sites\/42\/2021\/04\/img-60843904531cf.jpg\" \/>\n\t<meta property=\"og:image:width\" content=\"720\" \/>\n\t<meta property=\"og:image:height\" content=\"360\" \/>\n\t<meta property=\"og:image:type\" content=\"image\/jpeg\" \/>\n<meta name=\"author\" content=\"cfeditorfr\" \/>\n<meta name=\"twitter:card\" content=\"summary_large_image\" \/>\n<meta name=\"twitter:label1\" content=\"\u00c9crit par\" \/>\n\t<meta name=\"twitter:data1\" content=\"cfeditorfr\" \/>\n\t<meta name=\"twitter:label2\" content=\"Dur\u00e9e de lecture estim\u00e9e\" \/>\n\t<meta name=\"twitter:data2\" content=\"1 minute\" \/>\n<script type=\"application\/ld+json\" class=\"yoast-schema-graph\">{\"@context\":\"https:\/\/schema.org\",\"@graph\":[{\"@type\":\"Article\",\"@id\":\"https:\/\/www.africa-press.net\/burkina-faso\/toutes-les-actualites\/burkina-le-mouvement-u-gulmu-fi-sonne-la-mobilisation-des-populations-pour-faire-bouger-les-lignes-dans-la-region-de-lest#article\",\"isPartOf\":{\"@id\":\"https:\/\/www.africa-press.net\/burkina-faso\/toutes-les-actualites\/burkina-le-mouvement-u-gulmu-fi-sonne-la-mobilisation-des-populations-pour-faire-bouger-les-lignes-dans-la-region-de-lest\"},\"author\":{\"name\":\"cfeditorfr\",\"@id\":\"https:\/\/www.africa-press.net\/burkina-faso\/#\/schema\/person\/2b1cf3cd81a31e3cd26889ca66d677f1\"},\"headline\":\"Le Mouvement \u00ab U Gulmu fi \u00bb sonne la mobilisation des populations pour faire bouger les lignes dans la r\u00e9gion de l&rsquo;Est\",\"datePublished\":\"2021-04-24T16:18:23+00:00\",\"dateModified\":\"2021-04-24T17:35:16+00:00\",\"mainEntityOfPage\":{\"@id\":\"https:\/\/www.africa-press.net\/burkina-faso\/toutes-les-actualites\/burkina-le-mouvement-u-gulmu-fi-sonne-la-mobilisation-des-populations-pour-faire-bouger-les-lignes-dans-la-region-de-lest\"},\"wordCount\":169,\"commentCount\":0,\"image\":{\"@id\":\"https:\/\/www.africa-press.net\/burkina-faso\/toutes-les-actualites\/burkina-le-mouvement-u-gulmu-fi-sonne-la-mobilisation-des-populations-pour-faire-bouger-les-lignes-dans-la-region-de-lest#primaryimage\"},\"thumbnailUrl\":\"https:\/\/static.africa-press.net\/burkina\/sites\/42\/2021\/04\/img-60843904531cf.jpg\",\"keywords\":[\"Africa Press\",\"Africa Press-Burkina Faso\",\"Burkina Faso\"],\"articleSection\":[\"Communaut\u00e9\",\"homepage-french\",\"Toutes les actualit\u00e9s\"],\"inLanguage\":\"fr-FR\",\"potentialAction\":[{\"@type\":\"CommentAction\",\"name\":\"Comment\",\"target\":[\"https:\/\/www.africa-press.net\/burkina-faso\/toutes-les-actualites\/burkina-le-mouvement-u-gulmu-fi-sonne-la-mobilisation-des-populations-pour-faire-bouger-les-lignes-dans-la-region-de-lest#respond\"]}]},{\"@type\":\"WebPage\",\"@id\":\"https:\/\/www.africa-press.net\/burkina-faso\/toutes-les-actualites\/burkina-le-mouvement-u-gulmu-fi-sonne-la-mobilisation-des-populations-pour-faire-bouger-les-lignes-dans-la-region-de-lest\",\"url\":\"https:\/\/www.africa-press.net\/burkina-faso\/toutes-les-actualites\/burkina-le-mouvement-u-gulmu-fi-sonne-la-mobilisation-des-populations-pour-faire-bouger-les-lignes-dans-la-region-de-lest\",\"name\":\"Le Mouvement \u00ab U Gulmu fi \u00bb sonne la mobilisation des populations pour faire bouger les lignes dans la r\u00e9gion de l'Est - Burkina Faso\",\"isPartOf\":{\"@id\":\"https:\/\/www.africa-press.net\/burkina-faso\/#website\"},\"primaryImageOfPage\":{\"@id\":\"https:\/\/www.africa-press.net\/burkina-faso\/toutes-les-actualites\/burkina-le-mouvement-u-gulmu-fi-sonne-la-mobilisation-des-populations-pour-faire-bouger-les-lignes-dans-la-region-de-lest#primaryimage\"},\"image\":{\"@id\":\"https:\/\/www.africa-press.net\/burkina-faso\/toutes-les-actualites\/burkina-le-mouvement-u-gulmu-fi-sonne-la-mobilisation-des-populations-pour-faire-bouger-les-lignes-dans-la-region-de-lest#primaryimage\"},\"thumbnailUrl\":\"https:\/\/static.africa-press.net\/burkina\/sites\/42\/2021\/04\/img-60843904531cf.jpg\",\"datePublished\":\"2021-04-24T16:18:23+00:00\",\"dateModified\":\"2021-04-24T17:35:16+00:00\",\"author\":{\"@id\":\"https:\/\/www.africa-press.net\/burkina-faso\/#\/schema\/person\/2b1cf3cd81a31e3cd26889ca66d677f1\"},\"description\":\"Annonc\u00e9e pour se tenir ce samedi 24 avril 2021, la marche du mouvement \u00ab U Gulmu Fi \u00bb a eu bel et bien lieu \u00e0 Fada N\u2019 ...\",\"breadcrumb\":{\"@id\":\"https:\/\/www.africa-press.net\/burkina-faso\/toutes-les-actualites\/burkina-le-mouvement-u-gulmu-fi-sonne-la-mobilisation-des-populations-pour-faire-bouger-les-lignes-dans-la-region-de-lest#breadcrumb\"},\"inLanguage\":\"fr-FR\",\"potentialAction\":[{\"@type\":\"ReadAction\",\"target\":[\"https:\/\/www.africa-press.net\/burkina-faso\/toutes-les-actualites\/burkina-le-mouvement-u-gulmu-fi-sonne-la-mobilisation-des-populations-pour-faire-bouger-les-lignes-dans-la-region-de-lest\"]}]},{\"@type\":\"ImageObject\",\"inLanguage\":\"fr-FR\",\"@id\":\"https:\/\/www.africa-press.net\/burkina-faso\/toutes-les-actualites\/burkina-le-mouvement-u-gulmu-fi-sonne-la-mobilisation-des-populations-pour-faire-bouger-les-lignes-dans-la-region-de-lest#primaryimage\",\"url\":\"https:\/\/static.africa-press.net\/burkina\/sites\/42\/2021\/04\/img-60843904531cf.jpg\",\"contentUrl\":\"https:\/\/static.africa-press.net\/burkina\/sites\/42\/2021\/04\/img-60843904531cf.jpg\",\"width\":720,\"height\":360,\"caption\":\"Burkina : Le Mouvement \u00ab U Gulmu fi \u00bb sonne la mobilisation des populations pour faire bouger les lignes dans la r\u00e9gion de l'Est\"},{\"@type\":\"BreadcrumbList\",\"@id\":\"https:\/\/www.africa-press.net\/burkina-faso\/toutes-les-actualites\/burkina-le-mouvement-u-gulmu-fi-sonne-la-mobilisation-des-populations-pour-faire-bouger-les-lignes-dans-la-region-de-lest#breadcrumb\",\"itemListElement\":[{\"@type\":\"ListItem\",\"position\":1,\"name\":\"Accueil\",\"item\":\"https:\/\/www.africa-press.net\/burkina-faso\/\"},{\"@type\":\"ListItem\",\"position\":2,\"name\":\"Le Mouvement \u00ab U Gulmu fi \u00bb sonne la mobilisation des populations pour faire bouger les lignes dans la r\u00e9gion de l&#8217;Est\"}]},{\"@type\":\"WebSite\",\"@id\":\"https:\/\/www.africa-press.net\/burkina-faso\/#website\",\"url\":\"https:\/\/www.africa-press.net\/burkina-faso\/\",\"name\":\"Burkina Faso\",\"description\":\"Just another Africa News Agency Sites site\",\"potentialAction\":[{\"@type\":\"SearchAction\",\"target\":{\"@type\":\"EntryPoint\",\"urlTemplate\":\"https:\/\/www.africa-press.net\/burkina-faso\/?s={search_term_string}\"},\"query-input\":{\"@type\":\"PropertyValueSpecification\",\"valueRequired\":true,\"valueName\":\"search_term_string\"}}],\"inLanguage\":\"fr-FR\"},{\"@type\":\"Person\",\"@id\":\"https:\/\/www.africa-press.net\/burkina-faso\/#\/schema\/person\/2b1cf3cd81a31e3cd26889ca66d677f1\",\"name\":\"cfeditorfr\"}]}<\/script>\n<!-- \/ Yoast SEO Premium plugin. -->","yoast_head_json":{"title":"Le Mouvement \u00ab U Gulmu fi \u00bb sonne la mobilisation des populations pour faire bouger les lignes dans la r\u00e9gion de l'Est - Burkina Faso","description":"Annonc\u00e9e pour se tenir ce samedi 24 avril 2021, la marche du mouvement \u00ab U Gulmu Fi \u00bb a eu bel et bien lieu \u00e0 Fada N\u2019 ...","robots":{"index":"index","follow":"follow","max-snippet":"max-snippet:-1","max-image-preview":"max-image-preview:large","max-video-preview":"max-video-preview:-1"},"canonical":"https:\/\/www.africa-press.net\/burkina-faso\/toutes-les-actualites\/burkina-le-mouvement-u-gulmu-fi-sonne-la-mobilisation-des-populations-pour-faire-bouger-les-lignes-dans-la-region-de-lest","og_locale":"fr_FR","og_type":"article","og_title":"Le Mouvement \u00ab U Gulmu fi \u00bb sonne la mobilisation des populations pour faire bouger les lignes dans la r\u00e9gion de l'Est","og_description":"Annonc\u00e9e pour se tenir ce samedi 24 avril 2021, la marche du mouvement \u00ab U Gulmu Fi \u00bb a eu bel et bien lieu \u00e0 Fada N\u2019 ...","og_url":"https:\/\/www.africa-press.net\/burkina-faso\/toutes-les-actualites\/burkina-le-mouvement-u-gulmu-fi-sonne-la-mobilisation-des-populations-pour-faire-bouger-les-lignes-dans-la-region-de-lest","og_site_name":"Burkina Faso","article_published_time":"2021-04-24T16:18:23+00:00","article_modified_time":"2021-04-24T17:35:16+00:00","og_image":[{"width":720,"height":360,"url":"https:\/\/static.africa-press.net\/burkina\/sites\/42\/2021\/04\/img-60843904531cf.jpg","type":"image\/jpeg"}],"author":"cfeditorfr","twitter_card":"summary_large_image","twitter_misc":{"\u00c9crit par":"cfeditorfr","Dur\u00e9e de lecture estim\u00e9e":"1 minute"},"schema":{"@context":"https:\/\/schema.org","@graph":[{"@type":"Article","@id":"https:\/\/www.africa-press.net\/burkina-faso\/toutes-les-actualites\/burkina-le-mouvement-u-gulmu-fi-sonne-la-mobilisation-des-populations-pour-faire-bouger-les-lignes-dans-la-region-de-lest#article","isPartOf":{"@id":"https:\/\/www.africa-press.net\/burkina-faso\/toutes-les-actualites\/burkina-le-mouvement-u-gulmu-fi-sonne-la-mobilisation-des-populations-pour-faire-bouger-les-lignes-dans-la-region-de-lest"},"author":{"name":"cfeditorfr","@id":"https:\/\/www.africa-press.net\/burkina-faso\/#\/schema\/person\/2b1cf3cd81a31e3cd26889ca66d677f1"},"headline":"Le Mouvement \u00ab U Gulmu fi \u00bb sonne la mobilisation des populations pour faire bouger les lignes dans la r\u00e9gion de l&rsquo;Est","datePublished":"2021-04-24T16:18:23+00:00","dateModified":"2021-04-24T17:35:16+00:00","mainEntityOfPage":{"@id":"https:\/\/www.africa-press.net\/burkina-faso\/toutes-les-actualites\/burkina-le-mouvement-u-gulmu-fi-sonne-la-mobilisation-des-populations-pour-faire-bouger-les-lignes-dans-la-region-de-lest"},"wordCount":169,"commentCount":0,"image":{"@id":"https:\/\/www.africa-press.net\/burkina-faso\/toutes-les-actualites\/burkina-le-mouvement-u-gulmu-fi-sonne-la-mobilisation-des-populations-pour-faire-bouger-les-lignes-dans-la-region-de-lest#primaryimage"},"thumbnailUrl":"https:\/\/static.africa-press.net\/burkina\/sites\/42\/2021\/04\/img-60843904531cf.jpg","keywords":["Africa Press","Africa Press-Burkina Faso","Burkina Faso"],"articleSection":["Communaut\u00e9","homepage-french","Toutes les actualit\u00e9s"],"inLanguage":"fr-FR","potentialAction":[{"@type":"CommentAction","name":"Comment","target":["https:\/\/www.africa-press.net\/burkina-faso\/toutes-les-actualites\/burkina-le-mouvement-u-gulmu-fi-sonne-la-mobilisation-des-populations-pour-faire-bouger-les-lignes-dans-la-region-de-lest#respond"]}]},{"@type":"WebPage","@id":"https:\/\/www.africa-press.net\/burkina-faso\/toutes-les-actualites\/burkina-le-mouvement-u-gulmu-fi-sonne-la-mobilisation-des-populations-pour-faire-bouger-les-lignes-dans-la-region-de-lest","url":"https:\/\/www.africa-press.net\/burkina-faso\/toutes-les-actualites\/burkina-le-mouvement-u-gulmu-fi-sonne-la-mobilisation-des-populations-pour-faire-bouger-les-lignes-dans-la-region-de-lest","name":"Le Mouvement \u00ab U Gulmu fi \u00bb sonne la mobilisation des populations pour faire bouger les lignes dans la r\u00e9gion de l'Est - Burkina Faso","isPartOf":{"@id":"https:\/\/www.africa-press.net\/burkina-faso\/#website"},"primaryImageOfPage":{"@id":"https:\/\/www.africa-press.net\/burkina-faso\/toutes-les-actualites\/burkina-le-mouvement-u-gulmu-fi-sonne-la-mobilisation-des-populations-pour-faire-bouger-les-lignes-dans-la-region-de-lest#primaryimage"},"image":{"@id":"https:\/\/www.africa-press.net\/burkina-faso\/toutes-les-actualites\/burkina-le-mouvement-u-gulmu-fi-sonne-la-mobilisation-des-populations-pour-faire-bouger-les-lignes-dans-la-region-de-lest#primaryimage"},"thumbnailUrl":"https:\/\/static.africa-press.net\/burkina\/sites\/42\/2021\/04\/img-60843904531cf.jpg","datePublished":"2021-04-24T16:18:23+00:00","dateModified":"2021-04-24T17:35:16+00:00","author":{"@id":"https:\/\/www.africa-press.net\/burkina-faso\/#\/schema\/person\/2b1cf3cd81a31e3cd26889ca66d677f1"},"description":"Annonc\u00e9e pour se tenir ce samedi 24 avril 2021, la marche du mouvement \u00ab U Gulmu Fi \u00bb a eu bel et bien lieu \u00e0 Fada N\u2019 ...","breadcrumb":{"@id":"https:\/\/www.africa-press.net\/burkina-faso\/toutes-les-actualites\/burkina-le-mouvement-u-gulmu-fi-sonne-la-mobilisation-des-populations-pour-faire-bouger-les-lignes-dans-la-region-de-lest#breadcrumb"},"inLanguage":"fr-FR","potentialAction":[{"@type":"ReadAction","target":["https:\/\/www.africa-press.net\/burkina-faso\/toutes-les-actualites\/burkina-le-mouvement-u-gulmu-fi-sonne-la-mobilisation-des-populations-pour-faire-bouger-les-lignes-dans-la-region-de-lest"]}]},{"@type":"ImageObject","inLanguage":"fr-FR","@id":"https:\/\/www.africa-press.net\/burkina-faso\/toutes-les-actualites\/burkina-le-mouvement-u-gulmu-fi-sonne-la-mobilisation-des-populations-pour-faire-bouger-les-lignes-dans-la-region-de-lest#primaryimage","url":"https:\/\/static.africa-press.net\/burkina\/sites\/42\/2021\/04\/img-60843904531cf.jpg","contentUrl":"https:\/\/static.africa-press.net\/burkina\/sites\/42\/2021\/04\/img-60843904531cf.jpg","width":720,"height":360,"caption":"Burkina : Le Mouvement \u00ab U Gulmu fi \u00bb sonne la mobilisation des populations pour faire bouger les lignes dans la r\u00e9gion de l'Est"},{"@type":"BreadcrumbList","@id":"https:\/\/www.africa-press.net\/burkina-faso\/toutes-les-actualites\/burkina-le-mouvement-u-gulmu-fi-sonne-la-mobilisation-des-populations-pour-faire-bouger-les-lignes-dans-la-region-de-lest#breadcrumb","itemListElement":[{"@type":"ListItem","position":1,"name":"Accueil","item":"https:\/\/www.africa-press.net\/burkina-faso\/"},{"@type":"ListItem","position":2,"name":"Le Mouvement \u00ab U Gulmu fi \u00bb sonne la mobilisation des populations pour faire bouger les lignes dans la r\u00e9gion de l&#8217;Est"}]},{"@type":"WebSite","@id":"https:\/\/www.africa-press.net\/burkina-faso\/#website","url":"https:\/\/www.africa-press.net\/burkina-faso\/","name":"Burkina Faso","description":"Just another Africa News Agency Sites site","potentialAction":[{"@type":"SearchAction","target":{"@type":"EntryPoint","urlTemplate":"https:\/\/www.africa-press.net\/burkina-faso\/?s={search_term_string}"},"query-input":{"@type":"PropertyValueSpecification","valueRequired":true,"valueName":"search_term_string"}}],"inLanguage":"fr-FR"},{"@type":"Person","@id":"https:\/\/www.africa-press.net\/burkina-faso\/#\/schema\/person\/2b1cf3cd81a31e3cd26889ca66d677f1","name":"cfeditorfr"}]}},"_links":{"self":[{"href":"https:\/\/www.africa-press.net\/burkina-faso\/wp-json\/wp\/v2\/posts\/10506","targetHints":{"allow":["GET"]}}],"collection":[{"href":"https:\/\/www.africa-press.net\/burkina-faso\/wp-json\/wp\/v2\/posts"}],"about":[{"href":"https:\/\/www.africa-press.net\/burkina-faso\/wp-json\/wp\/v2\/types\/post"}],"author":[{"embeddable":true,"href":"https:\/\/www.africa-press.net\/burkina-faso\/wp-json\/wp\/v2\/users\/82"}],"replies":[{"embeddable":true,"href":"https:\/\/www.africa-press.net\/burkina-faso\/wp-json\/wp\/v2\/comments?post=10506"}],"version-history":[{"count":0,"href":"https:\/\/www.africa-press.net\/burkina-faso\/wp-json\/wp\/v2\/posts\/10506\/revisions"}],"wp:featuredmedia":[{"embeddable":true,"href":"https:\/\/www.africa-press.net\/burkina-faso\/wp-json\/wp\/v2\/media\/10505"}],"wp:attachment":[{"href":"https:\/\/www.africa-press.net\/burkina-faso\/wp-json\/wp\/v2\/media?parent=10506"}],"wp:term":[{"taxonomy":"category","embeddable":true,"href":"https:\/\/www.africa-press.net\/burkina-faso\/wp-json\/wp\/v2\/categories?post=10506"},{"taxonomy":"post_tag","embeddable":true,"href":"https:\/\/www.africa-press.net\/burkina-faso\/wp-json\/wp\/v2\/tags?post=10506"}],"curies":[{"name":"wp","href":"https:\/\/api.w.org\/{rel}","templated":true}]}}