{"id":10509,"date":"2021-04-24T16:30:13","date_gmt":"2021-04-24T16:30:13","guid":{"rendered":"https:\/\/www.africa-press.net\/burkina-faso\/?p=10509"},"modified":"2021-04-24T17:35:26","modified_gmt":"2021-04-24T17:35:26","slug":"marche-du-24-avril-a-fada-le-soleil-sest-leve-aujourdhui-a-lest","status":"publish","type":"post","link":"https:\/\/www.africa-press.net\/burkina-faso\/politique\/marche-du-24-avril-a-fada-le-soleil-sest-leve-aujourdhui-a-lest","title":{"rendered":"Marche du 24 avril \u00e0 Fada\u00a0: \u00abLe soleil s\u2019est lev\u00e9 aujourd\u2019hui \u00e0 l\u2019Est\u00bb"},"content":{"rendered":"<p><span style=\"color: #ff6600\"><strong><a href=\"https:\/\/www.africa-press.net\/\">Africa-Press<\/a> &#8211; <a href=\"https:\/\/www.africa-press.net\/burkina-faso\">Burkina Faso<\/a>. <\/strong><\/span>Les habitants et les ressortissants de la r\u00e9gion de l\u2019Est ont battu le pav\u00e9 ce samedi 24 avril 2021 pour marquer leur m\u00e9contentement sur plusieurs aspects de la vie sociale, \u00e9conomique et sur l\u2019ins\u00e9curit\u00e9 qui r\u00e8gne dans cette partie du Burkina.<\/p>\n<p>Regroup\u00e9s autour d\u2019un mouvement d\u00e9nomm\u00e9 \u00ab U Gulmu Fi \u00bb, les fils et filles de la r\u00e9gion ont fait une d\u00e9monstration de leur force d\u2019union autour d\u2019une \u00ab cause noble \u00bb. Ils ont march\u00e9 pour d\u00e9noncer \u00ab le d\u00e9laissement de la r\u00e9gion \u00bb. Ainsi donc, la coordination porte les pr\u00e9occupations majeures de la r\u00e9gion. C\u2019est plus d\u2019une trentaine de structures qui ont pris part \u00e0 la marche.<\/p>\n<p>Selon le coordonnateur du mouvement, Ouoba Emmanuel, la manifestation du jour montre que \u00ab le soleil s\u2019est lev\u00e9 aujourd\u2019hui \u00e0 l\u2019Est\u00bb. Pour lui, ce sont de nombreuses pr\u00e9occupations qui ont conduit les populations \u00e0 sortir dans les art\u00e8res de la ville de Fada N\u2019Gourma pour montrer aux yeux du monde les r\u00e9alit\u00e9s que vivent les habitants de cette partie du \u00ab pays des Hommes int\u00e8gres \u00bb. Il a aussi expliqu\u00e9 que \u00ab U Gulmu Fi \u00bb n\u2019est pas un mouvement apparu subitement. C\u2019est un projet \u00ab longuement m\u00fbri \u00bb.<\/p>\n<p>Ouoba Emmanuel a expliqu\u00e9 que lors des pr\u00e9paratifs de la marche, ils ont re\u00e7u une invitation du chef de l\u2019\u00c9tat afin d\u2019\u00e9changer. C\u2019est la raison selon lui qui a conduit la coordination \u00e0 effectuer un d\u00e9placement \u00e0 Ouagadougou. \u00ab Nous avons dit que si le chef de l\u2019\u00c9tat veut nous voir, nous allons y aller parce que nous ne sommes pas des gens qui cherchent \u00e0 cr\u00e9er des probl\u00e8mes. Au contraire, c\u2019est parce qu\u2019il y a des probl\u00e8mes r\u00e9els que nous sommes debout \u00bb, a indiqu\u00e9 le coordonnateur de U Gulmu Fi. Ils ont donc fait un expos\u00e9 des pr\u00e9occupations au pr\u00e9sident du Faso.<\/p>\n<p>Revenant sur les revendications contenues dans la plateforme revendicative du mouvement, Ouoba Emmanuel a expliqu\u00e9 qu\u2019elle tient en 4 axes. Premi\u00e8rement, il s\u2019agit de la question s\u00e9curitaire. Pour le coordonnateur de U Gulmu Fi, pas besoin de faire un expos\u00e9 sur cet aspect car tout est visible aux yeux de tous. \u00ab On ne peut m\u00eame plus circuler sereinement \u00e0 l\u2019int\u00e9rieur de cette r\u00e9gion. Des gens sont oblig\u00e9s de quitter le pays pour revenir rentrer dans le pays. Ce n\u2019est pas normal et c\u2019est tr\u00e8s vilain \u00bb, a-t-il martel\u00e9.<\/p>\n<p>Apr\u00e8s cette question, le mouvement a abord\u00e9 l\u2019aspect sanitaire. Pour U Gulmu Fi, \u00ab le CHR de Fada est lui-m\u00eame mourant \u00bb. \u00ab Non seulement il est v\u00e9tuste et d\u00e9pass\u00e9 et en plus, il manque de mat\u00e9riels, il manque de ressources humaines \u00bb, a soulign\u00e9 Ouoba Emmanuel. Apr\u00e8s la question de la sant\u00e9, vient le point sur l\u2019exploitation du phosphate au niveau de la province de la Tapoa. \u00ab Nous avons souhait\u00e9 qu\u2019il soit fait en sorte que l\u2019exploitation soit b\u00e9n\u00e9fique aux populations locales \u00bb,a expliqu\u00e9 le coordonnateur de U Gulmu Fi.<\/p>\n<p>Le dernier grand point de la plateforme est la question du d\u00e9senclavement de la r\u00e9gion. Sur ce point, Ouoba Emmanuel a lanc\u00e9 que \u00ab \u00e7a se passe de commentaires \u00bb. \u00ab Je pense que tous ceux qui sont venus ont pu mesurer toute l\u2019ampleur du probl\u00e8me. Dans tous les sens, le r\u00e9seau routier est quasi inexistant \u00bb, a-t-il laiss\u00e9 entendre. Il est donc inconcevable qu\u2019ils parlent des pr\u00e9occupations fondamentales de la r\u00e9gion sans aborder cette question selon ses propos. U Gulmu Fi estime que tous ces probl\u00e8mes d\u00e9passent les populations.<\/p>\n<p>La coordination est \u00e9galement revenue sur les r\u00e9ponses du pr\u00e9sident du Faso lors de la rencontre. Ainsi donc, \u00ab le pr\u00e9sident a dit qu\u2019il va donner instruction au ministre de la sant\u00e9 de se rendre \u00e0 Fada la semaine prochaine pour rencontrer le personnel et \u00e9valuer les besoins \u00bb, la dit le secr\u00e9taire g\u00e9n\u00e9ral de U Gulmu Fi, Michel Ouoba. Sur les autres questions de la plateforme revendicative, la coordination a indiqu\u00e9 que le chef de l\u2019\u00c9tat a apport\u00e9 des r\u00e9ponses. Cependant, elle estime que certaines sont des promesses. Basile SAMA<\/p>\n","protected":false},"excerpt":{"rendered":"<p>Africa-Press &#8211; Burkina Faso. Les habitants et les ressortissants de la r\u00e9gion de l\u2019Est ont battu le pav\u00e9 ce samedi 24 avril 2021 pour marquer leur m\u00e9contentement sur plusieurs aspects de la vie sociale, \u00e9conomique et sur l\u2019ins\u00e9curit\u00e9 qui r\u00e8gne dans cette partie du Burkina. Regroup\u00e9s autour d\u2019un mouvement d\u00e9nomm\u00e9 \u00ab U Gulmu Fi \u00bb, [&hellip;]<\/p>\n","protected":false},"author":82,"featured_media":10508,"comment_status":"open","ping_status":"closed","sticky":false,"template":"","format":"standard","meta":{"footnotes":""},"categories":[11,2,20,10],"tags":[111,725,29],"class_list":["post-10509","post","type-post","status-publish","format-standard","has-post-thumbnail","hentry","category-homepage-french","category-politique","category-top-nouvelles","category-toutes-les-actualites","tag-africa-press","tag-africa-press-burkina-faso","tag-burkina-faso"],"yoast_head":"<!-- This site is optimized with the Yoast SEO Premium plugin v26.1 (Yoast SEO v27.0) - https:\/\/yoast.com\/product\/yoast-seo-premium-wordpress\/ -->\n<title>Marche du 24 avril \u00e0 Fada\u00a0: \u00abLe soleil s\u2019est lev\u00e9 aujourd\u2019hui \u00e0 l\u2019Est\u00bb - Burkina Faso<\/title>\n<meta name=\"description\" content=\"Les habitants et les ressortissants de la r\u00e9gion de l\u2019Est ont battu le pav\u00e9 ce samedi 24 avril 2021 pour marquer leur m\u00e9 ...\" \/>\n<meta name=\"robots\" content=\"index, follow, max-snippet:-1, max-image-preview:large, max-video-preview:-1\" \/>\n<link rel=\"canonical\" href=\"https:\/\/www.africa-press.net\/burkina-faso\/politique\/marche-du-24-avril-a-fada-le-soleil-sest-leve-aujourdhui-a-lest\" \/>\n<meta property=\"og:locale\" content=\"fr_FR\" \/>\n<meta property=\"og:type\" content=\"article\" \/>\n<meta property=\"og:title\" content=\"Marche du 24 avril \u00e0 Fada\u00a0: \u00abLe soleil s\u2019est lev\u00e9 aujourd\u2019hui \u00e0 l\u2019Est\u00bb\" \/>\n<meta property=\"og:description\" content=\"Les habitants et les ressortissants de la r\u00e9gion de l\u2019Est ont battu le pav\u00e9 ce samedi 24 avril 2021 pour marquer leur m\u00e9 ...\" \/>\n<meta property=\"og:url\" content=\"https:\/\/www.africa-press.net\/burkina-faso\/politique\/marche-du-24-avril-a-fada-le-soleil-sest-leve-aujourdhui-a-lest\" \/>\n<meta property=\"og:site_name\" content=\"Burkina Faso\" \/>\n<meta property=\"article:published_time\" content=\"2021-04-24T16:30:13+00:00\" \/>\n<meta property=\"article:modified_time\" content=\"2021-04-24T17:35:26+00:00\" \/>\n<meta property=\"og:image\" content=\"https:\/\/static.africa-press.net\/burkina\/sites\/42\/2021\/04\/img-608439374727d.jpg\" \/>\n\t<meta property=\"og:image:width\" content=\"1024\" \/>\n\t<meta property=\"og:image:height\" content=\"576\" \/>\n\t<meta property=\"og:image:type\" content=\"image\/jpeg\" \/>\n<meta name=\"author\" content=\"cfeditorfr\" \/>\n<meta name=\"twitter:card\" content=\"summary_large_image\" \/>\n<meta name=\"twitter:label1\" content=\"\u00c9crit par\" \/>\n\t<meta name=\"twitter:data1\" content=\"cfeditorfr\" \/>\n\t<meta name=\"twitter:label2\" content=\"Dur\u00e9e de lecture estim\u00e9e\" \/>\n\t<meta name=\"twitter:data2\" content=\"4 minutes\" \/>\n<script type=\"application\/ld+json\" class=\"yoast-schema-graph\">{\"@context\":\"https:\/\/schema.org\",\"@graph\":[{\"@type\":\"Article\",\"@id\":\"https:\/\/www.africa-press.net\/burkina-faso\/politique\/marche-du-24-avril-a-fada-le-soleil-sest-leve-aujourdhui-a-lest#article\",\"isPartOf\":{\"@id\":\"https:\/\/www.africa-press.net\/burkina-faso\/politique\/marche-du-24-avril-a-fada-le-soleil-sest-leve-aujourdhui-a-lest\"},\"author\":{\"name\":\"cfeditorfr\",\"@id\":\"https:\/\/www.africa-press.net\/burkina-faso\/#\/schema\/person\/2b1cf3cd81a31e3cd26889ca66d677f1\"},\"headline\":\"Marche du 24 avril \u00e0 Fada\u00a0: \u00abLe soleil s\u2019est lev\u00e9 aujourd\u2019hui \u00e0 l\u2019Est\u00bb\",\"datePublished\":\"2021-04-24T16:30:13+00:00\",\"dateModified\":\"2021-04-24T17:35:26+00:00\",\"mainEntityOfPage\":{\"@id\":\"https:\/\/www.africa-press.net\/burkina-faso\/politique\/marche-du-24-avril-a-fada-le-soleil-sest-leve-aujourdhui-a-lest\"},\"wordCount\":731,\"commentCount\":0,\"image\":{\"@id\":\"https:\/\/www.africa-press.net\/burkina-faso\/politique\/marche-du-24-avril-a-fada-le-soleil-sest-leve-aujourdhui-a-lest#primaryimage\"},\"thumbnailUrl\":\"https:\/\/static.africa-press.net\/burkina\/sites\/42\/2021\/04\/img-608439374727d.jpg\",\"keywords\":[\"Africa Press\",\"Africa Press-Burkina Faso\",\"Burkina Faso\"],\"articleSection\":[\"homepage-french\",\"Politique\",\"Top Nouvelles\",\"Toutes les actualit\u00e9s\"],\"inLanguage\":\"fr-FR\",\"potentialAction\":[{\"@type\":\"CommentAction\",\"name\":\"Comment\",\"target\":[\"https:\/\/www.africa-press.net\/burkina-faso\/politique\/marche-du-24-avril-a-fada-le-soleil-sest-leve-aujourdhui-a-lest#respond\"]}]},{\"@type\":\"WebPage\",\"@id\":\"https:\/\/www.africa-press.net\/burkina-faso\/politique\/marche-du-24-avril-a-fada-le-soleil-sest-leve-aujourdhui-a-lest\",\"url\":\"https:\/\/www.africa-press.net\/burkina-faso\/politique\/marche-du-24-avril-a-fada-le-soleil-sest-leve-aujourdhui-a-lest\",\"name\":\"Marche du 24 avril \u00e0 Fada\u00a0: \u00abLe soleil s\u2019est lev\u00e9 aujourd\u2019hui \u00e0 l\u2019Est\u00bb - Burkina Faso\",\"isPartOf\":{\"@id\":\"https:\/\/www.africa-press.net\/burkina-faso\/#website\"},\"primaryImageOfPage\":{\"@id\":\"https:\/\/www.africa-press.net\/burkina-faso\/politique\/marche-du-24-avril-a-fada-le-soleil-sest-leve-aujourdhui-a-lest#primaryimage\"},\"image\":{\"@id\":\"https:\/\/www.africa-press.net\/burkina-faso\/politique\/marche-du-24-avril-a-fada-le-soleil-sest-leve-aujourdhui-a-lest#primaryimage\"},\"thumbnailUrl\":\"https:\/\/static.africa-press.net\/burkina\/sites\/42\/2021\/04\/img-608439374727d.jpg\",\"datePublished\":\"2021-04-24T16:30:13+00:00\",\"dateModified\":\"2021-04-24T17:35:26+00:00\",\"author\":{\"@id\":\"https:\/\/www.africa-press.net\/burkina-faso\/#\/schema\/person\/2b1cf3cd81a31e3cd26889ca66d677f1\"},\"description\":\"Les habitants et les ressortissants de la r\u00e9gion de l\u2019Est ont battu le pav\u00e9 ce samedi 24 avril 2021 pour marquer leur m\u00e9 ...\",\"breadcrumb\":{\"@id\":\"https:\/\/www.africa-press.net\/burkina-faso\/politique\/marche-du-24-avril-a-fada-le-soleil-sest-leve-aujourdhui-a-lest#breadcrumb\"},\"inLanguage\":\"fr-FR\",\"potentialAction\":[{\"@type\":\"ReadAction\",\"target\":[\"https:\/\/www.africa-press.net\/burkina-faso\/politique\/marche-du-24-avril-a-fada-le-soleil-sest-leve-aujourdhui-a-lest\"]}]},{\"@type\":\"ImageObject\",\"inLanguage\":\"fr-FR\",\"@id\":\"https:\/\/www.africa-press.net\/burkina-faso\/politique\/marche-du-24-avril-a-fada-le-soleil-sest-leve-aujourdhui-a-lest#primaryimage\",\"url\":\"https:\/\/static.africa-press.net\/burkina\/sites\/42\/2021\/04\/img-608439374727d.jpg\",\"contentUrl\":\"https:\/\/static.africa-press.net\/burkina\/sites\/42\/2021\/04\/img-608439374727d.jpg\",\"width\":1024,\"height\":576,\"caption\":\"Marche du 24 avril \u00e0 Fada\u00a0: \u00abLe soleil s\u2019est lev\u00e9 aujourd\u2019hui \u00e0 l\u2019Est\u00bb\"},{\"@type\":\"BreadcrumbList\",\"@id\":\"https:\/\/www.africa-press.net\/burkina-faso\/politique\/marche-du-24-avril-a-fada-le-soleil-sest-leve-aujourdhui-a-lest#breadcrumb\",\"itemListElement\":[{\"@type\":\"ListItem\",\"position\":1,\"name\":\"Accueil\",\"item\":\"https:\/\/www.africa-press.net\/burkina-faso\/\"},{\"@type\":\"ListItem\",\"position\":2,\"name\":\"Marche du 24 avril \u00e0 Fada\u00a0: \u00abLe soleil s\u2019est lev\u00e9 aujourd\u2019hui \u00e0 l\u2019Est\u00bb\"}]},{\"@type\":\"WebSite\",\"@id\":\"https:\/\/www.africa-press.net\/burkina-faso\/#website\",\"url\":\"https:\/\/www.africa-press.net\/burkina-faso\/\",\"name\":\"Burkina Faso\",\"description\":\"Just another Africa News Agency Sites site\",\"potentialAction\":[{\"@type\":\"SearchAction\",\"target\":{\"@type\":\"EntryPoint\",\"urlTemplate\":\"https:\/\/www.africa-press.net\/burkina-faso\/?s={search_term_string}\"},\"query-input\":{\"@type\":\"PropertyValueSpecification\",\"valueRequired\":true,\"valueName\":\"search_term_string\"}}],\"inLanguage\":\"fr-FR\"},{\"@type\":\"Person\",\"@id\":\"https:\/\/www.africa-press.net\/burkina-faso\/#\/schema\/person\/2b1cf3cd81a31e3cd26889ca66d677f1\",\"name\":\"cfeditorfr\"}]}<\/script>\n<!-- \/ Yoast SEO Premium plugin. -->","yoast_head_json":{"title":"Marche du 24 avril \u00e0 Fada\u00a0: \u00abLe soleil s\u2019est lev\u00e9 aujourd\u2019hui \u00e0 l\u2019Est\u00bb - Burkina Faso","description":"Les habitants et les ressortissants de la r\u00e9gion de l\u2019Est ont battu le pav\u00e9 ce samedi 24 avril 2021 pour marquer leur m\u00e9 ...","robots":{"index":"index","follow":"follow","max-snippet":"max-snippet:-1","max-image-preview":"max-image-preview:large","max-video-preview":"max-video-preview:-1"},"canonical":"https:\/\/www.africa-press.net\/burkina-faso\/politique\/marche-du-24-avril-a-fada-le-soleil-sest-leve-aujourdhui-a-lest","og_locale":"fr_FR","og_type":"article","og_title":"Marche du 24 avril \u00e0 Fada\u00a0: \u00abLe soleil s\u2019est lev\u00e9 aujourd\u2019hui \u00e0 l\u2019Est\u00bb","og_description":"Les habitants et les ressortissants de la r\u00e9gion de l\u2019Est ont battu le pav\u00e9 ce samedi 24 avril 2021 pour marquer leur m\u00e9 ...","og_url":"https:\/\/www.africa-press.net\/burkina-faso\/politique\/marche-du-24-avril-a-fada-le-soleil-sest-leve-aujourdhui-a-lest","og_site_name":"Burkina Faso","article_published_time":"2021-04-24T16:30:13+00:00","article_modified_time":"2021-04-24T17:35:26+00:00","og_image":[{"width":1024,"height":576,"url":"https:\/\/static.africa-press.net\/burkina\/sites\/42\/2021\/04\/img-608439374727d.jpg","type":"image\/jpeg"}],"author":"cfeditorfr","twitter_card":"summary_large_image","twitter_misc":{"\u00c9crit par":"cfeditorfr","Dur\u00e9e de lecture estim\u00e9e":"4 minutes"},"schema":{"@context":"https:\/\/schema.org","@graph":[{"@type":"Article","@id":"https:\/\/www.africa-press.net\/burkina-faso\/politique\/marche-du-24-avril-a-fada-le-soleil-sest-leve-aujourdhui-a-lest#article","isPartOf":{"@id":"https:\/\/www.africa-press.net\/burkina-faso\/politique\/marche-du-24-avril-a-fada-le-soleil-sest-leve-aujourdhui-a-lest"},"author":{"name":"cfeditorfr","@id":"https:\/\/www.africa-press.net\/burkina-faso\/#\/schema\/person\/2b1cf3cd81a31e3cd26889ca66d677f1"},"headline":"Marche du 24 avril \u00e0 Fada\u00a0: \u00abLe soleil s\u2019est lev\u00e9 aujourd\u2019hui \u00e0 l\u2019Est\u00bb","datePublished":"2021-04-24T16:30:13+00:00","dateModified":"2021-04-24T17:35:26+00:00","mainEntityOfPage":{"@id":"https:\/\/www.africa-press.net\/burkina-faso\/politique\/marche-du-24-avril-a-fada-le-soleil-sest-leve-aujourdhui-a-lest"},"wordCount":731,"commentCount":0,"image":{"@id":"https:\/\/www.africa-press.net\/burkina-faso\/politique\/marche-du-24-avril-a-fada-le-soleil-sest-leve-aujourdhui-a-lest#primaryimage"},"thumbnailUrl":"https:\/\/static.africa-press.net\/burkina\/sites\/42\/2021\/04\/img-608439374727d.jpg","keywords":["Africa Press","Africa Press-Burkina Faso","Burkina Faso"],"articleSection":["homepage-french","Politique","Top Nouvelles","Toutes les actualit\u00e9s"],"inLanguage":"fr-FR","potentialAction":[{"@type":"CommentAction","name":"Comment","target":["https:\/\/www.africa-press.net\/burkina-faso\/politique\/marche-du-24-avril-a-fada-le-soleil-sest-leve-aujourdhui-a-lest#respond"]}]},{"@type":"WebPage","@id":"https:\/\/www.africa-press.net\/burkina-faso\/politique\/marche-du-24-avril-a-fada-le-soleil-sest-leve-aujourdhui-a-lest","url":"https:\/\/www.africa-press.net\/burkina-faso\/politique\/marche-du-24-avril-a-fada-le-soleil-sest-leve-aujourdhui-a-lest","name":"Marche du 24 avril \u00e0 Fada\u00a0: \u00abLe soleil s\u2019est lev\u00e9 aujourd\u2019hui \u00e0 l\u2019Est\u00bb - Burkina Faso","isPartOf":{"@id":"https:\/\/www.africa-press.net\/burkina-faso\/#website"},"primaryImageOfPage":{"@id":"https:\/\/www.africa-press.net\/burkina-faso\/politique\/marche-du-24-avril-a-fada-le-soleil-sest-leve-aujourdhui-a-lest#primaryimage"},"image":{"@id":"https:\/\/www.africa-press.net\/burkina-faso\/politique\/marche-du-24-avril-a-fada-le-soleil-sest-leve-aujourdhui-a-lest#primaryimage"},"thumbnailUrl":"https:\/\/static.africa-press.net\/burkina\/sites\/42\/2021\/04\/img-608439374727d.jpg","datePublished":"2021-04-24T16:30:13+00:00","dateModified":"2021-04-24T17:35:26+00:00","author":{"@id":"https:\/\/www.africa-press.net\/burkina-faso\/#\/schema\/person\/2b1cf3cd81a31e3cd26889ca66d677f1"},"description":"Les habitants et les ressortissants de la r\u00e9gion de l\u2019Est ont battu le pav\u00e9 ce samedi 24 avril 2021 pour marquer leur m\u00e9 ...","breadcrumb":{"@id":"https:\/\/www.africa-press.net\/burkina-faso\/politique\/marche-du-24-avril-a-fada-le-soleil-sest-leve-aujourdhui-a-lest#breadcrumb"},"inLanguage":"fr-FR","potentialAction":[{"@type":"ReadAction","target":["https:\/\/www.africa-press.net\/burkina-faso\/politique\/marche-du-24-avril-a-fada-le-soleil-sest-leve-aujourdhui-a-lest"]}]},{"@type":"ImageObject","inLanguage":"fr-FR","@id":"https:\/\/www.africa-press.net\/burkina-faso\/politique\/marche-du-24-avril-a-fada-le-soleil-sest-leve-aujourdhui-a-lest#primaryimage","url":"https:\/\/static.africa-press.net\/burkina\/sites\/42\/2021\/04\/img-608439374727d.jpg","contentUrl":"https:\/\/static.africa-press.net\/burkina\/sites\/42\/2021\/04\/img-608439374727d.jpg","width":1024,"height":576,"caption":"Marche du 24 avril \u00e0 Fada\u00a0: \u00abLe soleil s\u2019est lev\u00e9 aujourd\u2019hui \u00e0 l\u2019Est\u00bb"},{"@type":"BreadcrumbList","@id":"https:\/\/www.africa-press.net\/burkina-faso\/politique\/marche-du-24-avril-a-fada-le-soleil-sest-leve-aujourdhui-a-lest#breadcrumb","itemListElement":[{"@type":"ListItem","position":1,"name":"Accueil","item":"https:\/\/www.africa-press.net\/burkina-faso\/"},{"@type":"ListItem","position":2,"name":"Marche du 24 avril \u00e0 Fada\u00a0: \u00abLe soleil s\u2019est lev\u00e9 aujourd\u2019hui \u00e0 l\u2019Est\u00bb"}]},{"@type":"WebSite","@id":"https:\/\/www.africa-press.net\/burkina-faso\/#website","url":"https:\/\/www.africa-press.net\/burkina-faso\/","name":"Burkina Faso","description":"Just another Africa News Agency Sites site","potentialAction":[{"@type":"SearchAction","target":{"@type":"EntryPoint","urlTemplate":"https:\/\/www.africa-press.net\/burkina-faso\/?s={search_term_string}"},"query-input":{"@type":"PropertyValueSpecification","valueRequired":true,"valueName":"search_term_string"}}],"inLanguage":"fr-FR"},{"@type":"Person","@id":"https:\/\/www.africa-press.net\/burkina-faso\/#\/schema\/person\/2b1cf3cd81a31e3cd26889ca66d677f1","name":"cfeditorfr"}]}},"_links":{"self":[{"href":"https:\/\/www.africa-press.net\/burkina-faso\/wp-json\/wp\/v2\/posts\/10509","targetHints":{"allow":["GET"]}}],"collection":[{"href":"https:\/\/www.africa-press.net\/burkina-faso\/wp-json\/wp\/v2\/posts"}],"about":[{"href":"https:\/\/www.africa-press.net\/burkina-faso\/wp-json\/wp\/v2\/types\/post"}],"author":[{"embeddable":true,"href":"https:\/\/www.africa-press.net\/burkina-faso\/wp-json\/wp\/v2\/users\/82"}],"replies":[{"embeddable":true,"href":"https:\/\/www.africa-press.net\/burkina-faso\/wp-json\/wp\/v2\/comments?post=10509"}],"version-history":[{"count":0,"href":"https:\/\/www.africa-press.net\/burkina-faso\/wp-json\/wp\/v2\/posts\/10509\/revisions"}],"wp:featuredmedia":[{"embeddable":true,"href":"https:\/\/www.africa-press.net\/burkina-faso\/wp-json\/wp\/v2\/media\/10508"}],"wp:attachment":[{"href":"https:\/\/www.africa-press.net\/burkina-faso\/wp-json\/wp\/v2\/media?parent=10509"}],"wp:term":[{"taxonomy":"category","embeddable":true,"href":"https:\/\/www.africa-press.net\/burkina-faso\/wp-json\/wp\/v2\/categories?post=10509"},{"taxonomy":"post_tag","embeddable":true,"href":"https:\/\/www.africa-press.net\/burkina-faso\/wp-json\/wp\/v2\/tags?post=10509"}],"curies":[{"name":"wp","href":"https:\/\/api.w.org\/{rel}","templated":true}]}}