{"id":10518,"date":"2021-04-24T16:51:47","date_gmt":"2021-04-24T16:51:47","guid":{"rendered":"https:\/\/www.africa-press.net\/burkina-faso\/?p=10518"},"modified":"2021-04-24T17:35:45","modified_gmt":"2021-04-24T17:35:45","slug":"reconciliation-nationale-le-reseau-des-mouvements-scrute-les-moyens-de-mise-en-oeuvre","status":"publish","type":"post","link":"https:\/\/www.africa-press.net\/burkina-faso\/politique\/reconciliation-nationale-le-reseau-des-mouvements-scrute-les-moyens-de-mise-en-oeuvre","title":{"rendered":"R\u00e9conciliation nationale : Le r\u00e9seau des mouvements scrute les moyens de mise en \u0153uvre"},"content":{"rendered":"<p><span style=\"color: #ff6600\"><strong><a href=\"https:\/\/www.africa-press.net\/\">Africa-Press<\/a> &#8211; <a href=\"https:\/\/www.africa-press.net\/burkina-faso\">Burkina Faso<\/a>. <\/strong><\/span><b>Le R\u00e9seau des mouvements du Burkina Faso (RM\/BF) a initi\u00e9 le vendredi 23 avril 2021 \u00e0 Ouagadougou, un panel sur la r\u00e9conciliation nationale. Au cours de cette activit\u00e9, les participants vont se pencher sur la contribution des acteurs de la soci\u00e9t\u00e9 civile dans le processus de la r\u00e9conciliation nationale et la coh\u00e9sion sociale au Burkina Faso.<\/b><\/p>\n<p>La coh\u00e9sion sociale est mise \u00e0 rude \u00e9preuve depuis un moment au Burkina Faso. Pour rem\u00e9dier \u00e0 cette situation, il est imp\u00e9rieux que les fils et filles du Burkina Faso se parlent. Ceci, pour aboutir \u00e0 une r\u00e9conciliation v\u00e9ritable. Les autorit\u00e9s nationales sont dans cette lanc\u00e9e et le RM\/BF ne veut pas rester en marge de cette probl\u00e9matique. Pour cela, il a initi\u00e9 le vendredi 23 avril 2021 \u00e0 Ouagadougou, un panel sur la question.<\/p>\n<p>Pour Sidiki Derm\u00e9, porte-parole du RM\/BF, le Burkina est un pays qui a besoin d\u2019une cure nationale de v\u00e9rit\u00e9. Pour lui, sur la question de la r\u00e9conciliation nationale, la soci\u00e9t\u00e9 civile est incontournable. Cette activit\u00e9 permettra donc \u00e0 la soci\u00e9t\u00e9 civile d\u2019apporter sa contribution. L\u2019id\u00e9al selon lui, c\u2019est d\u2019aboutir \u00e0 une r\u00e9conciliation durable. Il a rappel\u00e9 que des tentatives de r\u00e9conciliation avaient \u00e9chou\u00e9. Pour lui, pour arriver \u00e0 une r\u00e9conciliation durable, il faut de la bonne gouvernance dans la gestion de la chose publique. Sans cela, il est convaincu que l\u2019on pourrait retomber.<\/p>\n<p>La pr\u00e9sente rencontre a pour parrain le guide religieux, Cheick Moaz Soufi. Il a salu\u00e9 une belle initiative de la part du RM\/BF. Il reconna\u00eet qu\u2019actuellement, ce dont le Burkina a besoin le plus, c\u2019est la paix. Pourtant, elle ne peut \u00eatre possible sans la r\u00e9conciliation. Avec la paix, le guide religieux est convaincu que le d\u00e9veloppement sera possible. Il dit esp\u00e9rer qu\u2019au sortir des \u00e9changes, il y aura des r\u00e9solutions qui vont apporter quelque chose de plus, qui vont rapprocher les fils et les filles de ce pays.<\/p>\n<p>Le panel est anim\u00e9 par les personnalit\u00e9s et experts suivants : Luc Marius Ibriga, Serge Th\u00e9ophile Balima, Bernadette Conf\u00e9 et Nestorine Sangar\u00e9. La mod\u00e9ration est assur\u00e9e par Salifou Sangar\u00e9.<\/p>\n<p><b>\u00a0<\/b><\/p>\n","protected":false},"excerpt":{"rendered":"<p>Africa-Press &#8211; Burkina Faso. Le R\u00e9seau des mouvements du Burkina Faso (RM\/BF) a initi\u00e9 le vendredi 23 avril 2021 \u00e0 Ouagadougou, un panel sur la r\u00e9conciliation nationale. Au cours de cette activit\u00e9, les participants vont se pencher sur la contribution des acteurs de la soci\u00e9t\u00e9 civile dans le processus de la r\u00e9conciliation nationale et la [&hellip;]<\/p>\n","protected":false},"author":82,"featured_media":10517,"comment_status":"open","ping_status":"closed","sticky":false,"template":"","format":"standard","meta":{"footnotes":""},"categories":[11,2,10],"tags":[111,725,29],"class_list":["post-10518","post","type-post","status-publish","format-standard","has-post-thumbnail","hentry","category-homepage-french","category-politique","category-toutes-les-actualites","tag-africa-press","tag-africa-press-burkina-faso","tag-burkina-faso"],"yoast_head":"<!-- This site is optimized with the Yoast SEO Premium plugin v26.1 (Yoast SEO v27.0) - https:\/\/yoast.com\/product\/yoast-seo-premium-wordpress\/ -->\n<title>R\u00e9conciliation nationale : Le r\u00e9seau des mouvements scrute les moyens de mise en \u0153uvre - Burkina Faso<\/title>\n<meta name=\"description\" content=\"Le R\u00e9seau des mouvements du Burkina Faso (RM\/BF) a initi\u00e9 le vendredi 23 avril 2021 \u00e0 Ouagadougou, un panel sur la r\u00e9 ...\" \/>\n<meta name=\"robots\" content=\"index, follow, max-snippet:-1, max-image-preview:large, max-video-preview:-1\" \/>\n<link rel=\"canonical\" href=\"https:\/\/www.africa-press.net\/burkina-faso\/politique\/reconciliation-nationale-le-reseau-des-mouvements-scrute-les-moyens-de-mise-en-oeuvre\" \/>\n<meta property=\"og:locale\" content=\"fr_FR\" \/>\n<meta property=\"og:type\" content=\"article\" \/>\n<meta property=\"og:title\" content=\"R\u00e9conciliation nationale : Le r\u00e9seau des mouvements scrute les moyens de mise en \u0153uvre\" \/>\n<meta property=\"og:description\" content=\"Le R\u00e9seau des mouvements du Burkina Faso (RM\/BF) a initi\u00e9 le vendredi 23 avril 2021 \u00e0 Ouagadougou, un panel sur la r\u00e9 ...\" \/>\n<meta property=\"og:url\" content=\"https:\/\/www.africa-press.net\/burkina-faso\/politique\/reconciliation-nationale-le-reseau-des-mouvements-scrute-les-moyens-de-mise-en-oeuvre\" \/>\n<meta property=\"og:site_name\" content=\"Burkina Faso\" \/>\n<meta property=\"article:published_time\" content=\"2021-04-24T16:51:47+00:00\" \/>\n<meta property=\"article:modified_time\" content=\"2021-04-24T17:35:45+00:00\" \/>\n<meta property=\"og:image\" content=\"https:\/\/static.africa-press.net\/burkina\/sites\/42\/2021\/04\/img-60843a0e4334c.jpg\" \/>\n\t<meta property=\"og:image:width\" content=\"720\" \/>\n\t<meta property=\"og:image:height\" content=\"404\" \/>\n\t<meta property=\"og:image:type\" content=\"image\/jpeg\" \/>\n<meta name=\"author\" content=\"cfeditorfr\" \/>\n<meta name=\"twitter:card\" content=\"summary_large_image\" \/>\n<meta name=\"twitter:label1\" content=\"\u00c9crit par\" \/>\n\t<meta name=\"twitter:data1\" content=\"cfeditorfr\" \/>\n\t<meta name=\"twitter:label2\" content=\"Dur\u00e9e de lecture estim\u00e9e\" \/>\n\t<meta name=\"twitter:data2\" content=\"2 minutes\" \/>\n<script type=\"application\/ld+json\" class=\"yoast-schema-graph\">{\"@context\":\"https:\/\/schema.org\",\"@graph\":[{\"@type\":\"Article\",\"@id\":\"https:\/\/www.africa-press.net\/burkina-faso\/politique\/reconciliation-nationale-le-reseau-des-mouvements-scrute-les-moyens-de-mise-en-oeuvre#article\",\"isPartOf\":{\"@id\":\"https:\/\/www.africa-press.net\/burkina-faso\/politique\/reconciliation-nationale-le-reseau-des-mouvements-scrute-les-moyens-de-mise-en-oeuvre\"},\"author\":{\"name\":\"cfeditorfr\",\"@id\":\"https:\/\/www.africa-press.net\/burkina-faso\/#\/schema\/person\/2b1cf3cd81a31e3cd26889ca66d677f1\"},\"headline\":\"R\u00e9conciliation nationale : Le r\u00e9seau des mouvements scrute les moyens de mise en \u0153uvre\",\"datePublished\":\"2021-04-24T16:51:47+00:00\",\"dateModified\":\"2021-04-24T17:35:45+00:00\",\"mainEntityOfPage\":{\"@id\":\"https:\/\/www.africa-press.net\/burkina-faso\/politique\/reconciliation-nationale-le-reseau-des-mouvements-scrute-les-moyens-de-mise-en-oeuvre\"},\"wordCount\":392,\"commentCount\":0,\"image\":{\"@id\":\"https:\/\/www.africa-press.net\/burkina-faso\/politique\/reconciliation-nationale-le-reseau-des-mouvements-scrute-les-moyens-de-mise-en-oeuvre#primaryimage\"},\"thumbnailUrl\":\"https:\/\/static.africa-press.net\/burkina\/sites\/42\/2021\/04\/img-60843a0e4334c.jpg\",\"keywords\":[\"Africa Press\",\"Africa Press-Burkina Faso\",\"Burkina Faso\"],\"articleSection\":[\"homepage-french\",\"Politique\",\"Toutes les actualit\u00e9s\"],\"inLanguage\":\"fr-FR\",\"potentialAction\":[{\"@type\":\"CommentAction\",\"name\":\"Comment\",\"target\":[\"https:\/\/www.africa-press.net\/burkina-faso\/politique\/reconciliation-nationale-le-reseau-des-mouvements-scrute-les-moyens-de-mise-en-oeuvre#respond\"]}]},{\"@type\":\"WebPage\",\"@id\":\"https:\/\/www.africa-press.net\/burkina-faso\/politique\/reconciliation-nationale-le-reseau-des-mouvements-scrute-les-moyens-de-mise-en-oeuvre\",\"url\":\"https:\/\/www.africa-press.net\/burkina-faso\/politique\/reconciliation-nationale-le-reseau-des-mouvements-scrute-les-moyens-de-mise-en-oeuvre\",\"name\":\"R\u00e9conciliation nationale : Le r\u00e9seau des mouvements scrute les moyens de mise en \u0153uvre - Burkina Faso\",\"isPartOf\":{\"@id\":\"https:\/\/www.africa-press.net\/burkina-faso\/#website\"},\"primaryImageOfPage\":{\"@id\":\"https:\/\/www.africa-press.net\/burkina-faso\/politique\/reconciliation-nationale-le-reseau-des-mouvements-scrute-les-moyens-de-mise-en-oeuvre#primaryimage\"},\"image\":{\"@id\":\"https:\/\/www.africa-press.net\/burkina-faso\/politique\/reconciliation-nationale-le-reseau-des-mouvements-scrute-les-moyens-de-mise-en-oeuvre#primaryimage\"},\"thumbnailUrl\":\"https:\/\/static.africa-press.net\/burkina\/sites\/42\/2021\/04\/img-60843a0e4334c.jpg\",\"datePublished\":\"2021-04-24T16:51:47+00:00\",\"dateModified\":\"2021-04-24T17:35:45+00:00\",\"author\":{\"@id\":\"https:\/\/www.africa-press.net\/burkina-faso\/#\/schema\/person\/2b1cf3cd81a31e3cd26889ca66d677f1\"},\"description\":\"Le R\u00e9seau des mouvements du Burkina Faso (RM\/BF) a initi\u00e9 le vendredi 23 avril 2021 \u00e0 Ouagadougou, un panel sur la r\u00e9 ...\",\"breadcrumb\":{\"@id\":\"https:\/\/www.africa-press.net\/burkina-faso\/politique\/reconciliation-nationale-le-reseau-des-mouvements-scrute-les-moyens-de-mise-en-oeuvre#breadcrumb\"},\"inLanguage\":\"fr-FR\",\"potentialAction\":[{\"@type\":\"ReadAction\",\"target\":[\"https:\/\/www.africa-press.net\/burkina-faso\/politique\/reconciliation-nationale-le-reseau-des-mouvements-scrute-les-moyens-de-mise-en-oeuvre\"]}]},{\"@type\":\"ImageObject\",\"inLanguage\":\"fr-FR\",\"@id\":\"https:\/\/www.africa-press.net\/burkina-faso\/politique\/reconciliation-nationale-le-reseau-des-mouvements-scrute-les-moyens-de-mise-en-oeuvre#primaryimage\",\"url\":\"https:\/\/static.africa-press.net\/burkina\/sites\/42\/2021\/04\/img-60843a0e4334c.jpg\",\"contentUrl\":\"https:\/\/static.africa-press.net\/burkina\/sites\/42\/2021\/04\/img-60843a0e4334c.jpg\",\"width\":720,\"height\":404,\"caption\":\"R\u00e9conciliation nationale : Le r\u00e9seau des mouvements scrute les moyens de mise en \u0153uvre\"},{\"@type\":\"BreadcrumbList\",\"@id\":\"https:\/\/www.africa-press.net\/burkina-faso\/politique\/reconciliation-nationale-le-reseau-des-mouvements-scrute-les-moyens-de-mise-en-oeuvre#breadcrumb\",\"itemListElement\":[{\"@type\":\"ListItem\",\"position\":1,\"name\":\"Accueil\",\"item\":\"https:\/\/www.africa-press.net\/burkina-faso\/\"},{\"@type\":\"ListItem\",\"position\":2,\"name\":\"R\u00e9conciliation nationale : Le r\u00e9seau des mouvements scrute les moyens de mise en \u0153uvre\"}]},{\"@type\":\"WebSite\",\"@id\":\"https:\/\/www.africa-press.net\/burkina-faso\/#website\",\"url\":\"https:\/\/www.africa-press.net\/burkina-faso\/\",\"name\":\"Burkina Faso\",\"description\":\"Just another Africa News Agency Sites site\",\"potentialAction\":[{\"@type\":\"SearchAction\",\"target\":{\"@type\":\"EntryPoint\",\"urlTemplate\":\"https:\/\/www.africa-press.net\/burkina-faso\/?s={search_term_string}\"},\"query-input\":{\"@type\":\"PropertyValueSpecification\",\"valueRequired\":true,\"valueName\":\"search_term_string\"}}],\"inLanguage\":\"fr-FR\"},{\"@type\":\"Person\",\"@id\":\"https:\/\/www.africa-press.net\/burkina-faso\/#\/schema\/person\/2b1cf3cd81a31e3cd26889ca66d677f1\",\"name\":\"cfeditorfr\"}]}<\/script>\n<!-- \/ Yoast SEO Premium plugin. -->","yoast_head_json":{"title":"R\u00e9conciliation nationale : Le r\u00e9seau des mouvements scrute les moyens de mise en \u0153uvre - Burkina Faso","description":"Le R\u00e9seau des mouvements du Burkina Faso (RM\/BF) a initi\u00e9 le vendredi 23 avril 2021 \u00e0 Ouagadougou, un panel sur la r\u00e9 ...","robots":{"index":"index","follow":"follow","max-snippet":"max-snippet:-1","max-image-preview":"max-image-preview:large","max-video-preview":"max-video-preview:-1"},"canonical":"https:\/\/www.africa-press.net\/burkina-faso\/politique\/reconciliation-nationale-le-reseau-des-mouvements-scrute-les-moyens-de-mise-en-oeuvre","og_locale":"fr_FR","og_type":"article","og_title":"R\u00e9conciliation nationale : Le r\u00e9seau des mouvements scrute les moyens de mise en \u0153uvre","og_description":"Le R\u00e9seau des mouvements du Burkina Faso (RM\/BF) a initi\u00e9 le vendredi 23 avril 2021 \u00e0 Ouagadougou, un panel sur la r\u00e9 ...","og_url":"https:\/\/www.africa-press.net\/burkina-faso\/politique\/reconciliation-nationale-le-reseau-des-mouvements-scrute-les-moyens-de-mise-en-oeuvre","og_site_name":"Burkina Faso","article_published_time":"2021-04-24T16:51:47+00:00","article_modified_time":"2021-04-24T17:35:45+00:00","og_image":[{"width":720,"height":404,"url":"https:\/\/static.africa-press.net\/burkina\/sites\/42\/2021\/04\/img-60843a0e4334c.jpg","type":"image\/jpeg"}],"author":"cfeditorfr","twitter_card":"summary_large_image","twitter_misc":{"\u00c9crit par":"cfeditorfr","Dur\u00e9e de lecture estim\u00e9e":"2 minutes"},"schema":{"@context":"https:\/\/schema.org","@graph":[{"@type":"Article","@id":"https:\/\/www.africa-press.net\/burkina-faso\/politique\/reconciliation-nationale-le-reseau-des-mouvements-scrute-les-moyens-de-mise-en-oeuvre#article","isPartOf":{"@id":"https:\/\/www.africa-press.net\/burkina-faso\/politique\/reconciliation-nationale-le-reseau-des-mouvements-scrute-les-moyens-de-mise-en-oeuvre"},"author":{"name":"cfeditorfr","@id":"https:\/\/www.africa-press.net\/burkina-faso\/#\/schema\/person\/2b1cf3cd81a31e3cd26889ca66d677f1"},"headline":"R\u00e9conciliation nationale : Le r\u00e9seau des mouvements scrute les moyens de mise en \u0153uvre","datePublished":"2021-04-24T16:51:47+00:00","dateModified":"2021-04-24T17:35:45+00:00","mainEntityOfPage":{"@id":"https:\/\/www.africa-press.net\/burkina-faso\/politique\/reconciliation-nationale-le-reseau-des-mouvements-scrute-les-moyens-de-mise-en-oeuvre"},"wordCount":392,"commentCount":0,"image":{"@id":"https:\/\/www.africa-press.net\/burkina-faso\/politique\/reconciliation-nationale-le-reseau-des-mouvements-scrute-les-moyens-de-mise-en-oeuvre#primaryimage"},"thumbnailUrl":"https:\/\/static.africa-press.net\/burkina\/sites\/42\/2021\/04\/img-60843a0e4334c.jpg","keywords":["Africa Press","Africa Press-Burkina Faso","Burkina Faso"],"articleSection":["homepage-french","Politique","Toutes les actualit\u00e9s"],"inLanguage":"fr-FR","potentialAction":[{"@type":"CommentAction","name":"Comment","target":["https:\/\/www.africa-press.net\/burkina-faso\/politique\/reconciliation-nationale-le-reseau-des-mouvements-scrute-les-moyens-de-mise-en-oeuvre#respond"]}]},{"@type":"WebPage","@id":"https:\/\/www.africa-press.net\/burkina-faso\/politique\/reconciliation-nationale-le-reseau-des-mouvements-scrute-les-moyens-de-mise-en-oeuvre","url":"https:\/\/www.africa-press.net\/burkina-faso\/politique\/reconciliation-nationale-le-reseau-des-mouvements-scrute-les-moyens-de-mise-en-oeuvre","name":"R\u00e9conciliation nationale : Le r\u00e9seau des mouvements scrute les moyens de mise en \u0153uvre - Burkina Faso","isPartOf":{"@id":"https:\/\/www.africa-press.net\/burkina-faso\/#website"},"primaryImageOfPage":{"@id":"https:\/\/www.africa-press.net\/burkina-faso\/politique\/reconciliation-nationale-le-reseau-des-mouvements-scrute-les-moyens-de-mise-en-oeuvre#primaryimage"},"image":{"@id":"https:\/\/www.africa-press.net\/burkina-faso\/politique\/reconciliation-nationale-le-reseau-des-mouvements-scrute-les-moyens-de-mise-en-oeuvre#primaryimage"},"thumbnailUrl":"https:\/\/static.africa-press.net\/burkina\/sites\/42\/2021\/04\/img-60843a0e4334c.jpg","datePublished":"2021-04-24T16:51:47+00:00","dateModified":"2021-04-24T17:35:45+00:00","author":{"@id":"https:\/\/www.africa-press.net\/burkina-faso\/#\/schema\/person\/2b1cf3cd81a31e3cd26889ca66d677f1"},"description":"Le R\u00e9seau des mouvements du Burkina Faso (RM\/BF) a initi\u00e9 le vendredi 23 avril 2021 \u00e0 Ouagadougou, un panel sur la r\u00e9 ...","breadcrumb":{"@id":"https:\/\/www.africa-press.net\/burkina-faso\/politique\/reconciliation-nationale-le-reseau-des-mouvements-scrute-les-moyens-de-mise-en-oeuvre#breadcrumb"},"inLanguage":"fr-FR","potentialAction":[{"@type":"ReadAction","target":["https:\/\/www.africa-press.net\/burkina-faso\/politique\/reconciliation-nationale-le-reseau-des-mouvements-scrute-les-moyens-de-mise-en-oeuvre"]}]},{"@type":"ImageObject","inLanguage":"fr-FR","@id":"https:\/\/www.africa-press.net\/burkina-faso\/politique\/reconciliation-nationale-le-reseau-des-mouvements-scrute-les-moyens-de-mise-en-oeuvre#primaryimage","url":"https:\/\/static.africa-press.net\/burkina\/sites\/42\/2021\/04\/img-60843a0e4334c.jpg","contentUrl":"https:\/\/static.africa-press.net\/burkina\/sites\/42\/2021\/04\/img-60843a0e4334c.jpg","width":720,"height":404,"caption":"R\u00e9conciliation nationale : Le r\u00e9seau des mouvements scrute les moyens de mise en \u0153uvre"},{"@type":"BreadcrumbList","@id":"https:\/\/www.africa-press.net\/burkina-faso\/politique\/reconciliation-nationale-le-reseau-des-mouvements-scrute-les-moyens-de-mise-en-oeuvre#breadcrumb","itemListElement":[{"@type":"ListItem","position":1,"name":"Accueil","item":"https:\/\/www.africa-press.net\/burkina-faso\/"},{"@type":"ListItem","position":2,"name":"R\u00e9conciliation nationale : Le r\u00e9seau des mouvements scrute les moyens de mise en \u0153uvre"}]},{"@type":"WebSite","@id":"https:\/\/www.africa-press.net\/burkina-faso\/#website","url":"https:\/\/www.africa-press.net\/burkina-faso\/","name":"Burkina Faso","description":"Just another Africa News Agency Sites site","potentialAction":[{"@type":"SearchAction","target":{"@type":"EntryPoint","urlTemplate":"https:\/\/www.africa-press.net\/burkina-faso\/?s={search_term_string}"},"query-input":{"@type":"PropertyValueSpecification","valueRequired":true,"valueName":"search_term_string"}}],"inLanguage":"fr-FR"},{"@type":"Person","@id":"https:\/\/www.africa-press.net\/burkina-faso\/#\/schema\/person\/2b1cf3cd81a31e3cd26889ca66d677f1","name":"cfeditorfr"}]}},"_links":{"self":[{"href":"https:\/\/www.africa-press.net\/burkina-faso\/wp-json\/wp\/v2\/posts\/10518","targetHints":{"allow":["GET"]}}],"collection":[{"href":"https:\/\/www.africa-press.net\/burkina-faso\/wp-json\/wp\/v2\/posts"}],"about":[{"href":"https:\/\/www.africa-press.net\/burkina-faso\/wp-json\/wp\/v2\/types\/post"}],"author":[{"embeddable":true,"href":"https:\/\/www.africa-press.net\/burkina-faso\/wp-json\/wp\/v2\/users\/82"}],"replies":[{"embeddable":true,"href":"https:\/\/www.africa-press.net\/burkina-faso\/wp-json\/wp\/v2\/comments?post=10518"}],"version-history":[{"count":0,"href":"https:\/\/www.africa-press.net\/burkina-faso\/wp-json\/wp\/v2\/posts\/10518\/revisions"}],"wp:featuredmedia":[{"embeddable":true,"href":"https:\/\/www.africa-press.net\/burkina-faso\/wp-json\/wp\/v2\/media\/10517"}],"wp:attachment":[{"href":"https:\/\/www.africa-press.net\/burkina-faso\/wp-json\/wp\/v2\/media?parent=10518"}],"wp:term":[{"taxonomy":"category","embeddable":true,"href":"https:\/\/www.africa-press.net\/burkina-faso\/wp-json\/wp\/v2\/categories?post=10518"},{"taxonomy":"post_tag","embeddable":true,"href":"https:\/\/www.africa-press.net\/burkina-faso\/wp-json\/wp\/v2\/tags?post=10518"}],"curies":[{"name":"wp","href":"https:\/\/api.w.org\/{rel}","templated":true}]}}