{"id":10524,"date":"2021-04-24T17:09:26","date_gmt":"2021-04-24T17:09:26","guid":{"rendered":"https:\/\/www.africa-press.net\/burkina-faso\/?p=10524"},"modified":"2021-04-24T17:36:04","modified_gmt":"2021-04-24T17:36:04","slug":"referentiel-national-de-developpement-2021-2025-les-membres-du-comite-technique-du-dispositif-delaboration-en-conclave","status":"publish","type":"post","link":"https:\/\/www.africa-press.net\/burkina-faso\/economie\/referentiel-national-de-developpement-2021-2025-les-membres-du-comite-technique-du-dispositif-delaboration-en-conclave","title":{"rendered":"R\u00e9f\u00e9rentiel national de d\u00e9veloppement 2021-2025 : Les membres du comit\u00e9 technique du dispositif d\u2019\u00e9laboration en conclave"},"content":{"rendered":"<p><span style=\"color: #ff6600\"><strong><a href=\"https:\/\/www.africa-press.net\/\">Africa-Press<\/a> &#8211; <a href=\"https:\/\/www.africa-press.net\/burkina-faso\">Burkina Faso<\/a>. <\/strong><\/span><b>L\u2019\u00e9quipe charg\u00e9e de la r\u00e9daction du R\u00e9f\u00e9rentiel national de d\u00e9veloppement 2021-2025 a transmis au comit\u00e9 technique du dispositif d\u2019\u00e9laboration du RND, un avant-projet de document. Afin de l\u2019examiner et le valider avant de le soumettre au Conseil d\u2019orientation et de supervision pr\u00e9sid\u00e9 par le Premier ministre, le comit\u00e9 technique tient ce vendredi 23 avril 2021 \u00e0 Ouagadougou, sa premi\u00e8re session. Ce comit\u00e9 est compos\u00e9 des secr\u00e9taires g\u00e9n\u00e9raux des minist\u00e8res, des repr\u00e9sentants des collectivit\u00e9s territoriales, de la soci\u00e9t\u00e9 civile et partenaires techniques et financiers.<\/b><\/p>\n<p>Le 5 mars 2020, le Premier ministre Christophe Dabir\u00e9 lan\u00e7ait officiellement les travaux d\u2019\u00e9laboration du R\u00e9f\u00e9rentiel national de d\u00e9veloppement 2021-2025 en pr\u00e9sidant la premi\u00e8re session du comit\u00e9 d\u2019orientation et de supervision du dispositif institutionnel d\u2019\u00e9laboration.<\/p>\n<p>Cela a ainsi donn\u00e9 lieu \u00e0 une intensive activit\u00e9 de planification strat\u00e9gique conduite par l\u2019\u00e9quipe de r\u00e9daction que sont les consultations institutionnelles, sectorielles et r\u00e9gionales, les travaux des commissions th\u00e9matiques et des groupes sp\u00e9cialis\u00e9s et la production de rapports de contribution, la conduite et la restitution des r\u00e9sultats des \u00e9tudes pour la circonstance. Un processus de formulation qui avait pour maitre-mot, une approche participative pour atteindre les objectifs de pilotage et de gestion de d\u00e9veloppement.<\/p>\n<p>Ainsi, pour la pr\u00e9sente session, il s\u2019agira pour l\u2019organe technique de s\u2019assurer que le processus de formulation a \u00e9t\u00e9 conduit selon le sch\u00e9ma pr\u00e9\u00e9tabli et que les orientations techniques ont \u00e9t\u00e9 prises en compte. En effet, le r\u00e9f\u00e9rentiel est b\u00e2ti autour de quatre axes strat\u00e9giques : la consolidation de la r\u00e9silience, la s\u00e9curit\u00e9, la coh\u00e9sion sociale et la paix ; l\u2019approfondissement des r\u00e9formes institutionnelles et de la modernisation de l\u2019administration publique ; la consolidation du d\u00e9veloppement humain durable et de la solidarit\u00e9, et la dynamisation des secteurs porteurs pour l\u2019\u00e9conomies et les emplois.<\/p>\n<p>Il devra dans sa r\u00e9daction int\u00e9grer en outre les programmes sectoriels et locaux de d\u00e9veloppement qui op\u00e9rationnaliseront le r\u00e9f\u00e9rentiel, ainsi que l\u2019implication des projets d\u2019envergure nationale. Aussi, en pr\u00e9sident la c\u00e9r\u00e9monie d\u2019ouverture, le vice-pr\u00e9sident du comit\u00e9 technique, Abel Som\u00e9, secr\u00e9taire g\u00e9n\u00e9ral du minist\u00e8re de l\u2019Economie, des Finances et du D\u00e9veloppement, a invit\u00e9 les participants \u00e0 amender sans complaisance l\u2019avant-projet du r\u00e9f\u00e9rentiel national de d\u00e9veloppement 2021-2025 en tenant compte des grands d\u00e9fis, des 10 chantiers du pr\u00e9sident du Faso, des engagements internationaux auxquels le Burkina Faso est partie prenante.<\/p>\n<p>Appel\u00e9 \u00e0 terme \u00e0 remplacer le PNDES, l\u2019examen du RND au cours de la session, selon le vice-pr\u00e9sident, devra en outre permettre de recueillir les observations pour am\u00e9liorer la qualit\u00e9 du document, faire des propositions de recommandations au Conseil d\u2019orientation strat\u00e9gique pour son adoption par l\u2019autorit\u00e9.<\/p>\n<p><b>\u00a0<\/b><\/p>\n","protected":false},"excerpt":{"rendered":"<p>Africa-Press &#8211; Burkina Faso. L\u2019\u00e9quipe charg\u00e9e de la r\u00e9daction du R\u00e9f\u00e9rentiel national de d\u00e9veloppement 2021-2025 a transmis au comit\u00e9 technique du dispositif d\u2019\u00e9laboration du RND, un avant-projet de document. Afin de l\u2019examiner et le valider avant de le soumettre au Conseil d\u2019orientation et de supervision pr\u00e9sid\u00e9 par le Premier ministre, le comit\u00e9 technique tient ce [&hellip;]<\/p>\n","protected":false},"author":82,"featured_media":10523,"comment_status":"open","ping_status":"closed","sticky":false,"template":"","format":"standard","meta":{"footnotes":""},"categories":[3,11,10],"tags":[111,725,29],"class_list":["post-10524","post","type-post","status-publish","format-standard","has-post-thumbnail","hentry","category-economie","category-homepage-french","category-toutes-les-actualites","tag-africa-press","tag-africa-press-burkina-faso","tag-burkina-faso"],"yoast_head":"<!-- This site is optimized with the Yoast SEO Premium plugin v26.1 (Yoast SEO v27.0) - https:\/\/yoast.com\/product\/yoast-seo-premium-wordpress\/ -->\n<title>R\u00e9f\u00e9rentiel national de d\u00e9veloppement 2021-2025 : Les membres du comit\u00e9 technique du dispositif d\u2019\u00e9laboration en conclave - Burkina Faso<\/title>\n<meta name=\"description\" content=\"L\u2019\u00e9quipe charg\u00e9e de la r\u00e9daction du R\u00e9f\u00e9rentiel national de d\u00e9veloppement 2021-2025 a transmis au comit\u00e9 technique du ...\" \/>\n<meta name=\"robots\" content=\"index, follow, max-snippet:-1, max-image-preview:large, max-video-preview:-1\" \/>\n<link rel=\"canonical\" href=\"https:\/\/www.africa-press.net\/burkina-faso\/economie\/referentiel-national-de-developpement-2021-2025-les-membres-du-comite-technique-du-dispositif-delaboration-en-conclave\" \/>\n<meta property=\"og:locale\" content=\"fr_FR\" \/>\n<meta property=\"og:type\" content=\"article\" \/>\n<meta property=\"og:title\" content=\"R\u00e9f\u00e9rentiel national de d\u00e9veloppement 2021-2025 : Les membres du comit\u00e9 technique du dispositif d\u2019\u00e9laboration en conclave\" \/>\n<meta property=\"og:description\" content=\"L\u2019\u00e9quipe charg\u00e9e de la r\u00e9daction du R\u00e9f\u00e9rentiel national de d\u00e9veloppement 2021-2025 a transmis au comit\u00e9 technique du ...\" \/>\n<meta property=\"og:url\" content=\"https:\/\/www.africa-press.net\/burkina-faso\/economie\/referentiel-national-de-developpement-2021-2025-les-membres-du-comite-technique-du-dispositif-delaboration-en-conclave\" \/>\n<meta property=\"og:site_name\" content=\"Burkina Faso\" \/>\n<meta property=\"article:published_time\" content=\"2021-04-24T17:09:26+00:00\" \/>\n<meta property=\"article:modified_time\" content=\"2021-04-24T17:36:04+00:00\" \/>\n<meta property=\"og:image\" content=\"https:\/\/static.africa-press.net\/burkina\/sites\/42\/2021\/04\/img-60843a7167ebf.jpg\" \/>\n\t<meta property=\"og:image:width\" content=\"720\" \/>\n\t<meta property=\"og:image:height\" content=\"540\" \/>\n\t<meta property=\"og:image:type\" content=\"image\/jpeg\" \/>\n<meta name=\"author\" content=\"cfeditorfr\" \/>\n<meta name=\"twitter:card\" content=\"summary_large_image\" \/>\n<meta name=\"twitter:label1\" content=\"\u00c9crit par\" \/>\n\t<meta name=\"twitter:data1\" content=\"cfeditorfr\" \/>\n\t<meta name=\"twitter:label2\" content=\"Dur\u00e9e de lecture estim\u00e9e\" \/>\n\t<meta name=\"twitter:data2\" content=\"2 minutes\" \/>\n<script type=\"application\/ld+json\" class=\"yoast-schema-graph\">{\"@context\":\"https:\/\/schema.org\",\"@graph\":[{\"@type\":\"Article\",\"@id\":\"https:\/\/www.africa-press.net\/burkina-faso\/economie\/referentiel-national-de-developpement-2021-2025-les-membres-du-comite-technique-du-dispositif-delaboration-en-conclave#article\",\"isPartOf\":{\"@id\":\"https:\/\/www.africa-press.net\/burkina-faso\/economie\/referentiel-national-de-developpement-2021-2025-les-membres-du-comite-technique-du-dispositif-delaboration-en-conclave\"},\"author\":{\"name\":\"cfeditorfr\",\"@id\":\"https:\/\/www.africa-press.net\/burkina-faso\/#\/schema\/person\/2b1cf3cd81a31e3cd26889ca66d677f1\"},\"headline\":\"R\u00e9f\u00e9rentiel national de d\u00e9veloppement 2021-2025 : Les membres du comit\u00e9 technique du dispositif d\u2019\u00e9laboration en conclave\",\"datePublished\":\"2021-04-24T17:09:26+00:00\",\"dateModified\":\"2021-04-24T17:36:04+00:00\",\"mainEntityOfPage\":{\"@id\":\"https:\/\/www.africa-press.net\/burkina-faso\/economie\/referentiel-national-de-developpement-2021-2025-les-membres-du-comite-technique-du-dispositif-delaboration-en-conclave\"},\"wordCount\":515,\"commentCount\":0,\"image\":{\"@id\":\"https:\/\/www.africa-press.net\/burkina-faso\/economie\/referentiel-national-de-developpement-2021-2025-les-membres-du-comite-technique-du-dispositif-delaboration-en-conclave#primaryimage\"},\"thumbnailUrl\":\"https:\/\/static.africa-press.net\/burkina\/sites\/42\/2021\/04\/img-60843a7167ebf.jpg\",\"keywords\":[\"Africa Press\",\"Africa Press-Burkina Faso\",\"Burkina Faso\"],\"articleSection\":[\"\u00c9conomie\",\"homepage-french\",\"Toutes les actualit\u00e9s\"],\"inLanguage\":\"fr-FR\",\"potentialAction\":[{\"@type\":\"CommentAction\",\"name\":\"Comment\",\"target\":[\"https:\/\/www.africa-press.net\/burkina-faso\/economie\/referentiel-national-de-developpement-2021-2025-les-membres-du-comite-technique-du-dispositif-delaboration-en-conclave#respond\"]}]},{\"@type\":\"WebPage\",\"@id\":\"https:\/\/www.africa-press.net\/burkina-faso\/economie\/referentiel-national-de-developpement-2021-2025-les-membres-du-comite-technique-du-dispositif-delaboration-en-conclave\",\"url\":\"https:\/\/www.africa-press.net\/burkina-faso\/economie\/referentiel-national-de-developpement-2021-2025-les-membres-du-comite-technique-du-dispositif-delaboration-en-conclave\",\"name\":\"R\u00e9f\u00e9rentiel national de d\u00e9veloppement 2021-2025 : Les membres du comit\u00e9 technique du dispositif d\u2019\u00e9laboration en conclave - Burkina Faso\",\"isPartOf\":{\"@id\":\"https:\/\/www.africa-press.net\/burkina-faso\/#website\"},\"primaryImageOfPage\":{\"@id\":\"https:\/\/www.africa-press.net\/burkina-faso\/economie\/referentiel-national-de-developpement-2021-2025-les-membres-du-comite-technique-du-dispositif-delaboration-en-conclave#primaryimage\"},\"image\":{\"@id\":\"https:\/\/www.africa-press.net\/burkina-faso\/economie\/referentiel-national-de-developpement-2021-2025-les-membres-du-comite-technique-du-dispositif-delaboration-en-conclave#primaryimage\"},\"thumbnailUrl\":\"https:\/\/static.africa-press.net\/burkina\/sites\/42\/2021\/04\/img-60843a7167ebf.jpg\",\"datePublished\":\"2021-04-24T17:09:26+00:00\",\"dateModified\":\"2021-04-24T17:36:04+00:00\",\"author\":{\"@id\":\"https:\/\/www.africa-press.net\/burkina-faso\/#\/schema\/person\/2b1cf3cd81a31e3cd26889ca66d677f1\"},\"description\":\"L\u2019\u00e9quipe charg\u00e9e de la r\u00e9daction du R\u00e9f\u00e9rentiel national de d\u00e9veloppement 2021-2025 a transmis au comit\u00e9 technique du ...\",\"breadcrumb\":{\"@id\":\"https:\/\/www.africa-press.net\/burkina-faso\/economie\/referentiel-national-de-developpement-2021-2025-les-membres-du-comite-technique-du-dispositif-delaboration-en-conclave#breadcrumb\"},\"inLanguage\":\"fr-FR\",\"potentialAction\":[{\"@type\":\"ReadAction\",\"target\":[\"https:\/\/www.africa-press.net\/burkina-faso\/economie\/referentiel-national-de-developpement-2021-2025-les-membres-du-comite-technique-du-dispositif-delaboration-en-conclave\"]}]},{\"@type\":\"ImageObject\",\"inLanguage\":\"fr-FR\",\"@id\":\"https:\/\/www.africa-press.net\/burkina-faso\/economie\/referentiel-national-de-developpement-2021-2025-les-membres-du-comite-technique-du-dispositif-delaboration-en-conclave#primaryimage\",\"url\":\"https:\/\/static.africa-press.net\/burkina\/sites\/42\/2021\/04\/img-60843a7167ebf.jpg\",\"contentUrl\":\"https:\/\/static.africa-press.net\/burkina\/sites\/42\/2021\/04\/img-60843a7167ebf.jpg\",\"width\":720,\"height\":540,\"caption\":\"R\u00e9f\u00e9rentiel national de d\u00e9veloppement 2021-2025 : Les membres du comit\u00e9 technique du dispositif d\u2019\u00e9laboration en conclave\"},{\"@type\":\"BreadcrumbList\",\"@id\":\"https:\/\/www.africa-press.net\/burkina-faso\/economie\/referentiel-national-de-developpement-2021-2025-les-membres-du-comite-technique-du-dispositif-delaboration-en-conclave#breadcrumb\",\"itemListElement\":[{\"@type\":\"ListItem\",\"position\":1,\"name\":\"Accueil\",\"item\":\"https:\/\/www.africa-press.net\/burkina-faso\/\"},{\"@type\":\"ListItem\",\"position\":2,\"name\":\"R\u00e9f\u00e9rentiel national de d\u00e9veloppement 2021-2025 : Les membres du comit\u00e9 technique du dispositif d\u2019\u00e9laboration en conclave\"}]},{\"@type\":\"WebSite\",\"@id\":\"https:\/\/www.africa-press.net\/burkina-faso\/#website\",\"url\":\"https:\/\/www.africa-press.net\/burkina-faso\/\",\"name\":\"Burkina Faso\",\"description\":\"Just another Africa News Agency Sites site\",\"potentialAction\":[{\"@type\":\"SearchAction\",\"target\":{\"@type\":\"EntryPoint\",\"urlTemplate\":\"https:\/\/www.africa-press.net\/burkina-faso\/?s={search_term_string}\"},\"query-input\":{\"@type\":\"PropertyValueSpecification\",\"valueRequired\":true,\"valueName\":\"search_term_string\"}}],\"inLanguage\":\"fr-FR\"},{\"@type\":\"Person\",\"@id\":\"https:\/\/www.africa-press.net\/burkina-faso\/#\/schema\/person\/2b1cf3cd81a31e3cd26889ca66d677f1\",\"name\":\"cfeditorfr\"}]}<\/script>\n<!-- \/ Yoast SEO Premium plugin. -->","yoast_head_json":{"title":"R\u00e9f\u00e9rentiel national de d\u00e9veloppement 2021-2025 : Les membres du comit\u00e9 technique du dispositif d\u2019\u00e9laboration en conclave - Burkina Faso","description":"L\u2019\u00e9quipe charg\u00e9e de la r\u00e9daction du R\u00e9f\u00e9rentiel national de d\u00e9veloppement 2021-2025 a transmis au comit\u00e9 technique du ...","robots":{"index":"index","follow":"follow","max-snippet":"max-snippet:-1","max-image-preview":"max-image-preview:large","max-video-preview":"max-video-preview:-1"},"canonical":"https:\/\/www.africa-press.net\/burkina-faso\/economie\/referentiel-national-de-developpement-2021-2025-les-membres-du-comite-technique-du-dispositif-delaboration-en-conclave","og_locale":"fr_FR","og_type":"article","og_title":"R\u00e9f\u00e9rentiel national de d\u00e9veloppement 2021-2025 : Les membres du comit\u00e9 technique du dispositif d\u2019\u00e9laboration en conclave","og_description":"L\u2019\u00e9quipe charg\u00e9e de la r\u00e9daction du R\u00e9f\u00e9rentiel national de d\u00e9veloppement 2021-2025 a transmis au comit\u00e9 technique du ...","og_url":"https:\/\/www.africa-press.net\/burkina-faso\/economie\/referentiel-national-de-developpement-2021-2025-les-membres-du-comite-technique-du-dispositif-delaboration-en-conclave","og_site_name":"Burkina Faso","article_published_time":"2021-04-24T17:09:26+00:00","article_modified_time":"2021-04-24T17:36:04+00:00","og_image":[{"width":720,"height":540,"url":"https:\/\/static.africa-press.net\/burkina\/sites\/42\/2021\/04\/img-60843a7167ebf.jpg","type":"image\/jpeg"}],"author":"cfeditorfr","twitter_card":"summary_large_image","twitter_misc":{"\u00c9crit par":"cfeditorfr","Dur\u00e9e de lecture estim\u00e9e":"2 minutes"},"schema":{"@context":"https:\/\/schema.org","@graph":[{"@type":"Article","@id":"https:\/\/www.africa-press.net\/burkina-faso\/economie\/referentiel-national-de-developpement-2021-2025-les-membres-du-comite-technique-du-dispositif-delaboration-en-conclave#article","isPartOf":{"@id":"https:\/\/www.africa-press.net\/burkina-faso\/economie\/referentiel-national-de-developpement-2021-2025-les-membres-du-comite-technique-du-dispositif-delaboration-en-conclave"},"author":{"name":"cfeditorfr","@id":"https:\/\/www.africa-press.net\/burkina-faso\/#\/schema\/person\/2b1cf3cd81a31e3cd26889ca66d677f1"},"headline":"R\u00e9f\u00e9rentiel national de d\u00e9veloppement 2021-2025 : Les membres du comit\u00e9 technique du dispositif d\u2019\u00e9laboration en conclave","datePublished":"2021-04-24T17:09:26+00:00","dateModified":"2021-04-24T17:36:04+00:00","mainEntityOfPage":{"@id":"https:\/\/www.africa-press.net\/burkina-faso\/economie\/referentiel-national-de-developpement-2021-2025-les-membres-du-comite-technique-du-dispositif-delaboration-en-conclave"},"wordCount":515,"commentCount":0,"image":{"@id":"https:\/\/www.africa-press.net\/burkina-faso\/economie\/referentiel-national-de-developpement-2021-2025-les-membres-du-comite-technique-du-dispositif-delaboration-en-conclave#primaryimage"},"thumbnailUrl":"https:\/\/static.africa-press.net\/burkina\/sites\/42\/2021\/04\/img-60843a7167ebf.jpg","keywords":["Africa Press","Africa Press-Burkina Faso","Burkina Faso"],"articleSection":["\u00c9conomie","homepage-french","Toutes les actualit\u00e9s"],"inLanguage":"fr-FR","potentialAction":[{"@type":"CommentAction","name":"Comment","target":["https:\/\/www.africa-press.net\/burkina-faso\/economie\/referentiel-national-de-developpement-2021-2025-les-membres-du-comite-technique-du-dispositif-delaboration-en-conclave#respond"]}]},{"@type":"WebPage","@id":"https:\/\/www.africa-press.net\/burkina-faso\/economie\/referentiel-national-de-developpement-2021-2025-les-membres-du-comite-technique-du-dispositif-delaboration-en-conclave","url":"https:\/\/www.africa-press.net\/burkina-faso\/economie\/referentiel-national-de-developpement-2021-2025-les-membres-du-comite-technique-du-dispositif-delaboration-en-conclave","name":"R\u00e9f\u00e9rentiel national de d\u00e9veloppement 2021-2025 : Les membres du comit\u00e9 technique du dispositif d\u2019\u00e9laboration en conclave - Burkina Faso","isPartOf":{"@id":"https:\/\/www.africa-press.net\/burkina-faso\/#website"},"primaryImageOfPage":{"@id":"https:\/\/www.africa-press.net\/burkina-faso\/economie\/referentiel-national-de-developpement-2021-2025-les-membres-du-comite-technique-du-dispositif-delaboration-en-conclave#primaryimage"},"image":{"@id":"https:\/\/www.africa-press.net\/burkina-faso\/economie\/referentiel-national-de-developpement-2021-2025-les-membres-du-comite-technique-du-dispositif-delaboration-en-conclave#primaryimage"},"thumbnailUrl":"https:\/\/static.africa-press.net\/burkina\/sites\/42\/2021\/04\/img-60843a7167ebf.jpg","datePublished":"2021-04-24T17:09:26+00:00","dateModified":"2021-04-24T17:36:04+00:00","author":{"@id":"https:\/\/www.africa-press.net\/burkina-faso\/#\/schema\/person\/2b1cf3cd81a31e3cd26889ca66d677f1"},"description":"L\u2019\u00e9quipe charg\u00e9e de la r\u00e9daction du R\u00e9f\u00e9rentiel national de d\u00e9veloppement 2021-2025 a transmis au comit\u00e9 technique du ...","breadcrumb":{"@id":"https:\/\/www.africa-press.net\/burkina-faso\/economie\/referentiel-national-de-developpement-2021-2025-les-membres-du-comite-technique-du-dispositif-delaboration-en-conclave#breadcrumb"},"inLanguage":"fr-FR","potentialAction":[{"@type":"ReadAction","target":["https:\/\/www.africa-press.net\/burkina-faso\/economie\/referentiel-national-de-developpement-2021-2025-les-membres-du-comite-technique-du-dispositif-delaboration-en-conclave"]}]},{"@type":"ImageObject","inLanguage":"fr-FR","@id":"https:\/\/www.africa-press.net\/burkina-faso\/economie\/referentiel-national-de-developpement-2021-2025-les-membres-du-comite-technique-du-dispositif-delaboration-en-conclave#primaryimage","url":"https:\/\/static.africa-press.net\/burkina\/sites\/42\/2021\/04\/img-60843a7167ebf.jpg","contentUrl":"https:\/\/static.africa-press.net\/burkina\/sites\/42\/2021\/04\/img-60843a7167ebf.jpg","width":720,"height":540,"caption":"R\u00e9f\u00e9rentiel national de d\u00e9veloppement 2021-2025 : Les membres du comit\u00e9 technique du dispositif d\u2019\u00e9laboration en conclave"},{"@type":"BreadcrumbList","@id":"https:\/\/www.africa-press.net\/burkina-faso\/economie\/referentiel-national-de-developpement-2021-2025-les-membres-du-comite-technique-du-dispositif-delaboration-en-conclave#breadcrumb","itemListElement":[{"@type":"ListItem","position":1,"name":"Accueil","item":"https:\/\/www.africa-press.net\/burkina-faso\/"},{"@type":"ListItem","position":2,"name":"R\u00e9f\u00e9rentiel national de d\u00e9veloppement 2021-2025 : Les membres du comit\u00e9 technique du dispositif d\u2019\u00e9laboration en conclave"}]},{"@type":"WebSite","@id":"https:\/\/www.africa-press.net\/burkina-faso\/#website","url":"https:\/\/www.africa-press.net\/burkina-faso\/","name":"Burkina Faso","description":"Just another Africa News Agency Sites site","potentialAction":[{"@type":"SearchAction","target":{"@type":"EntryPoint","urlTemplate":"https:\/\/www.africa-press.net\/burkina-faso\/?s={search_term_string}"},"query-input":{"@type":"PropertyValueSpecification","valueRequired":true,"valueName":"search_term_string"}}],"inLanguage":"fr-FR"},{"@type":"Person","@id":"https:\/\/www.africa-press.net\/burkina-faso\/#\/schema\/person\/2b1cf3cd81a31e3cd26889ca66d677f1","name":"cfeditorfr"}]}},"_links":{"self":[{"href":"https:\/\/www.africa-press.net\/burkina-faso\/wp-json\/wp\/v2\/posts\/10524","targetHints":{"allow":["GET"]}}],"collection":[{"href":"https:\/\/www.africa-press.net\/burkina-faso\/wp-json\/wp\/v2\/posts"}],"about":[{"href":"https:\/\/www.africa-press.net\/burkina-faso\/wp-json\/wp\/v2\/types\/post"}],"author":[{"embeddable":true,"href":"https:\/\/www.africa-press.net\/burkina-faso\/wp-json\/wp\/v2\/users\/82"}],"replies":[{"embeddable":true,"href":"https:\/\/www.africa-press.net\/burkina-faso\/wp-json\/wp\/v2\/comments?post=10524"}],"version-history":[{"count":0,"href":"https:\/\/www.africa-press.net\/burkina-faso\/wp-json\/wp\/v2\/posts\/10524\/revisions"}],"wp:featuredmedia":[{"embeddable":true,"href":"https:\/\/www.africa-press.net\/burkina-faso\/wp-json\/wp\/v2\/media\/10523"}],"wp:attachment":[{"href":"https:\/\/www.africa-press.net\/burkina-faso\/wp-json\/wp\/v2\/media?parent=10524"}],"wp:term":[{"taxonomy":"category","embeddable":true,"href":"https:\/\/www.africa-press.net\/burkina-faso\/wp-json\/wp\/v2\/categories?post=10524"},{"taxonomy":"post_tag","embeddable":true,"href":"https:\/\/www.africa-press.net\/burkina-faso\/wp-json\/wp\/v2\/tags?post=10524"}],"curies":[{"name":"wp","href":"https:\/\/api.w.org\/{rel}","templated":true}]}}