{"id":10527,"date":"2021-04-24T17:18:13","date_gmt":"2021-04-24T17:18:13","guid":{"rendered":"https:\/\/www.africa-press.net\/burkina-faso\/?p=10527"},"modified":"2021-04-24T17:36:15","modified_gmt":"2021-04-24T17:36:15","slug":"lutte-contre-le-paludisme-et-les-maladies-tropicales-negligees-les-osc-et-journalistes-reaffirment-leur-engagement","status":"publish","type":"post","link":"https:\/\/www.africa-press.net\/burkina-faso\/toutes-les-actualites\/lutte-contre-le-paludisme-et-les-maladies-tropicales-negligees-les-osc-et-journalistes-reaffirment-leur-engagement","title":{"rendered":"Lutte contre le paludisme et les maladies tropicales n\u00e9glig\u00e9es : Les OSC et journalistes r\u00e9affirment leur engagement"},"content":{"rendered":"<p><span style=\"color: #ff6600\"><strong><a href=\"https:\/\/www.africa-press.net\/\">Africa-Press<\/a> &#8211; <a href=\"https:\/\/www.africa-press.net\/burkina-faso\">Burkina Faso<\/a>. <\/strong><\/span><b>En pr\u00e9lude \u00e0 la comm\u00e9moration de la Journ\u00e9e mondiale de lutte contre le paludisme, Speak Up Africa (SUA), en collaboration avec le R\u00e9seau d\u2019acc\u00e8s aux m\u00e9dicaments essentiels (RAME), a organis\u00e9 un press briefing, le vendredi 23 avril 2021, avec des OSC, des repr\u00e9sentants du minist\u00e8re de la Sant\u00e9 ainsi que des journalistes. Ils ont voulu cette rencontre pour communiquer sur l\u2019importance de mettre en place une approche int\u00e9gr\u00e9e dans la lutte anti vectorielle relative au paludisme et aux maladies tropicales n\u00e9glig\u00e9es (MTN). C\u2019\u00e9tait aussi une occasion pour pr\u00e9senter la campagne \u00ab En marche vers Kigali \u00bb, lanc\u00e9e par un groupe d\u2019OSC partageant les m\u00eames valeurs et travaillant dans les pays d\u2019Afrique de l\u2019Ouest et du Centre.<\/b><\/p>\n<p>En d\u00e9pit des progr\u00e8s scientifiques sur le plan de la sant\u00e9 mondiale en Afrique subsaharienne, le paludisme et les maladies tropicales n\u00e9glig\u00e9es (MTN) continuent d\u2019affecter et de mani\u00e8re disproportionn\u00e9e les personnes les plus vuln\u00e9rables de la soci\u00e9t\u00e9. Ces maladies end\u00e9miques constituent un obstacle majeur au d\u00e9veloppement \u00e9conomique et social dans ces pays. Fort de ce constat, Speak Up Africa a, dans le cadre de son soutien \u00e0 la soci\u00e9t\u00e9 civile burkinab\u00e8, saisi l\u2019opportunit\u00e9 de la semaine de c\u00e9l\u00e9bration de la Journ\u00e9e internationale de lutte contre le paludisme (2021), pour faire un focus sur ces maladies \u00e9vitables et traitables en vue d\u2019acc\u00e9l\u00e9rer les actions visant \u00e0 les \u00e9radiquer.<\/p>\n<p>Cette rencontre a \u00e9t\u00e9 anim\u00e9e par cinq communicateurs dont Christine Sawadogo, membre de l\u2019\u00e9quipe de lutte contre les MTN. Elle a rappel\u00e9 que les MTN sont des maladies qui, prises individuellement, n\u2019ont pas d\u2019\u00e9cho aupr\u00e8s de l\u2019opinion internationale. C\u2019est pourquoi, elles ont \u00e9t\u00e9 regroup\u00e9es pour pouvoir avoir un poids et des ressources. Cela permettra la mise en \u0153uvre int\u00e9gr\u00e9e des activit\u00e9s.<\/p>\n<p>Les OSC repr\u00e9sentent un groupe incontournable dans l\u2019atteinte de cet objectif du fait de la solidarit\u00e9 de proximit\u00e9 qu\u2019elles entretiennent avec les populations. \u00ab Nous estimons que les OSC en ayant des informations sur ces maladies peuvent faire l\u2019\u00e9cho aupr\u00e8s des d\u00e9cideurs et des populations pour un accompagnement plus ad\u00e9quat dans la lutte contre les MTN \u00bb, soutient Mme Sawadogo. Apr\u00e8s avoir fait la gen\u00e8se de la lutte contre les MTN, elle a dress\u00e9 un bilan \u00e9loquent des acquis.<\/p>\n<p>Au nombre desquels l\u2019interruption de la transmission du trachome dans les 48 districts qui \u00e9taient end\u00e9miques, de la transmission de la filariose lymphatique dans 62 districts sur 70, et la r\u00e9duction consid\u00e9rable de la pr\u00e9valence de l\u2019onchocercose, la schistosomiase et des vers intestinaux dans tous les districts end\u00e9miques. Pour le responsable de la lutte anti-vectorielle au niveau du Programme national de lutte contre le paludisme, Dr Camara, le paludisme repr\u00e9sente la principale maladie au Burkina en termes de consultation, d\u2019hospitalisation et de d\u00e9c\u00e8s.<\/p>\n<p><b>Des r\u00e9sistances\u2026<\/b><\/p>\n<p>Pour lutter efficacement contre cette maladie, le minist\u00e8re de la Sant\u00e9 a pris un paquet de mesures dont la distribution des moustiquaires, la pulv\u00e9risation intra domiciliaire, la prise en charge, et la CPS (ce sont des m\u00e9dicaments qu\u2019on remet aux enfants lors de la saison pluvieuse). Gr\u00e2ce \u00e0 ces initiatives, le Burkina fait partie des pays qui m\u00e8nent ses interventions le mieux que possible, a affirm\u00e9 Dr Camara. Cependant, l\u2019incidence du paludisme ne connait pas une baisse consid\u00e9rable. Cela sous-entend que les connaissances ne sont pas \u00e0 un niveau \u00e9lev\u00e9es par rapport aux interventions ou encore la population n\u2019utilise pas les moustiquaires.<\/p>\n<p><b>Lire aussi<\/b><\/p>\n<p>Paludisme : Un nouveau vaccin s\u2019av\u00e8re efficace \u00e0 77% Si seulement 80% de la population utilisaient les moustiquaires, cela aurait permis de r\u00e9duire 50% de l\u2019incidence. Malheureusement, de 2010 jusqu\u2019en 2017, l\u2019incidence ne faisait qu\u2019augmenter, a indiqu\u00e9 Dr Camara. Outre cela, la pulv\u00e9risation intra-domiciliaire rencontre \u00e9galement des r\u00e9sistances de la part de certaines personnes. De ce qui pr\u00e9c\u00e8de, il sied de renforcer la communication. D\u2019o\u00f9 l\u2019int\u00e9r\u00eat de la pr\u00e9sente rencontre.<\/p>\n<p>Ce press briefing \u00e9tait \u00e9galement une occasion pour partager avec les participants l\u2019initiative d\u00e9nomm\u00e9e \u00ab En marche vers Kigali \u00bb. Cette campagne, selon le charg\u00e9 de programme paludisme \u00e0 SUA, James Wallen, comprend un engagement politique, du secteur priv\u00e9 et de la soci\u00e9t\u00e9 civile visant \u00e0 galvaniser un mouvement en amont au Sommet des Chefs d\u2019Etats du Commonwealth \u00e0 Kigali, au mois de juin 2021. Elle a pour objectif de contribuer aux efforts de plaidoyer et de communication sous-r\u00e9gionaux pour une meilleure priorisation de la lutte contre le paludisme et les MTN, une augmentation des ressources domestiques d\u00e9di\u00e9es \u00e0 l\u2019\u00e9limination de ces maladies et un meilleur engagement politique.<\/p>\n<p><b>\u00a0<\/b><\/p>\n","protected":false},"excerpt":{"rendered":"<p>Africa-Press &#8211; Burkina Faso. En pr\u00e9lude \u00e0 la comm\u00e9moration de la Journ\u00e9e mondiale de lutte contre le paludisme, Speak Up Africa (SUA), en collaboration avec le R\u00e9seau d\u2019acc\u00e8s aux m\u00e9dicaments essentiels (RAME), a organis\u00e9 un press briefing, le vendredi 23 avril 2021, avec des OSC, des repr\u00e9sentants du minist\u00e8re de la Sant\u00e9 ainsi que des [&hellip;]<\/p>\n","protected":false},"author":82,"featured_media":10526,"comment_status":"open","ping_status":"closed","sticky":false,"template":"","format":"standard","meta":{"footnotes":""},"categories":[21,11,10],"tags":[111,725,29],"class_list":["post-10527","post","type-post","status-publish","format-standard","has-post-thumbnail","hentry","category-communaute","category-homepage-french","category-toutes-les-actualites","tag-africa-press","tag-africa-press-burkina-faso","tag-burkina-faso"],"yoast_head":"<!-- This site is optimized with the Yoast SEO Premium plugin v26.1 (Yoast SEO v27.0) - https:\/\/yoast.com\/product\/yoast-seo-premium-wordpress\/ -->\n<title>Lutte contre le paludisme et les maladies tropicales n\u00e9glig\u00e9es : Les OSC et journalistes r\u00e9affirment leur engagement - Burkina Faso<\/title>\n<meta name=\"description\" content=\"En pr\u00e9lude \u00e0 la comm\u00e9moration de la Journ\u00e9e mondiale de lutte contre le paludisme, Speak Up Africa (SUA), en collabor ...\" \/>\n<meta name=\"robots\" content=\"index, follow, max-snippet:-1, max-image-preview:large, max-video-preview:-1\" \/>\n<link rel=\"canonical\" href=\"https:\/\/www.africa-press.net\/burkina-faso\/toutes-les-actualites\/lutte-contre-le-paludisme-et-les-maladies-tropicales-negligees-les-osc-et-journalistes-reaffirment-leur-engagement\" \/>\n<meta property=\"og:locale\" content=\"fr_FR\" \/>\n<meta property=\"og:type\" content=\"article\" \/>\n<meta property=\"og:title\" content=\"Lutte contre le paludisme et les maladies tropicales n\u00e9glig\u00e9es : Les OSC et journalistes r\u00e9affirment leur engagement\" \/>\n<meta property=\"og:description\" content=\"En pr\u00e9lude \u00e0 la comm\u00e9moration de la Journ\u00e9e mondiale de lutte contre le paludisme, Speak Up Africa (SUA), en collabor ...\" \/>\n<meta property=\"og:url\" content=\"https:\/\/www.africa-press.net\/burkina-faso\/toutes-les-actualites\/lutte-contre-le-paludisme-et-les-maladies-tropicales-negligees-les-osc-et-journalistes-reaffirment-leur-engagement\" \/>\n<meta property=\"og:site_name\" content=\"Burkina Faso\" \/>\n<meta property=\"article:published_time\" content=\"2021-04-24T17:18:13+00:00\" \/>\n<meta property=\"article:modified_time\" content=\"2021-04-24T17:36:15+00:00\" \/>\n<meta property=\"og:image\" content=\"https:\/\/static.africa-press.net\/burkina\/sites\/42\/2021\/04\/img-60843a9fd1dfa.jpg\" \/>\n\t<meta property=\"og:image:width\" content=\"720\" \/>\n\t<meta property=\"og:image:height\" content=\"540\" \/>\n\t<meta property=\"og:image:type\" content=\"image\/jpeg\" \/>\n<meta name=\"author\" content=\"cfeditorfr\" \/>\n<meta name=\"twitter:card\" content=\"summary_large_image\" \/>\n<meta name=\"twitter:label1\" content=\"\u00c9crit par\" \/>\n\t<meta name=\"twitter:data1\" content=\"cfeditorfr\" \/>\n\t<meta name=\"twitter:label2\" content=\"Dur\u00e9e de lecture estim\u00e9e\" \/>\n\t<meta name=\"twitter:data2\" content=\"4 minutes\" \/>\n<script type=\"application\/ld+json\" class=\"yoast-schema-graph\">{\"@context\":\"https:\/\/schema.org\",\"@graph\":[{\"@type\":\"Article\",\"@id\":\"https:\/\/www.africa-press.net\/burkina-faso\/toutes-les-actualites\/lutte-contre-le-paludisme-et-les-maladies-tropicales-negligees-les-osc-et-journalistes-reaffirment-leur-engagement#article\",\"isPartOf\":{\"@id\":\"https:\/\/www.africa-press.net\/burkina-faso\/toutes-les-actualites\/lutte-contre-le-paludisme-et-les-maladies-tropicales-negligees-les-osc-et-journalistes-reaffirment-leur-engagement\"},\"author\":{\"name\":\"cfeditorfr\",\"@id\":\"https:\/\/www.africa-press.net\/burkina-faso\/#\/schema\/person\/2b1cf3cd81a31e3cd26889ca66d677f1\"},\"headline\":\"Lutte contre le paludisme et les maladies tropicales n\u00e9glig\u00e9es : Les OSC et journalistes r\u00e9affirment leur engagement\",\"datePublished\":\"2021-04-24T17:18:13+00:00\",\"dateModified\":\"2021-04-24T17:36:15+00:00\",\"mainEntityOfPage\":{\"@id\":\"https:\/\/www.africa-press.net\/burkina-faso\/toutes-les-actualites\/lutte-contre-le-paludisme-et-les-maladies-tropicales-negligees-les-osc-et-journalistes-reaffirment-leur-engagement\"},\"wordCount\":831,\"commentCount\":0,\"image\":{\"@id\":\"https:\/\/www.africa-press.net\/burkina-faso\/toutes-les-actualites\/lutte-contre-le-paludisme-et-les-maladies-tropicales-negligees-les-osc-et-journalistes-reaffirment-leur-engagement#primaryimage\"},\"thumbnailUrl\":\"https:\/\/static.africa-press.net\/burkina\/sites\/42\/2021\/04\/img-60843a9fd1dfa.jpg\",\"keywords\":[\"Africa Press\",\"Africa Press-Burkina Faso\",\"Burkina Faso\"],\"articleSection\":[\"Communaut\u00e9\",\"homepage-french\",\"Toutes les actualit\u00e9s\"],\"inLanguage\":\"fr-FR\",\"potentialAction\":[{\"@type\":\"CommentAction\",\"name\":\"Comment\",\"target\":[\"https:\/\/www.africa-press.net\/burkina-faso\/toutes-les-actualites\/lutte-contre-le-paludisme-et-les-maladies-tropicales-negligees-les-osc-et-journalistes-reaffirment-leur-engagement#respond\"]}]},{\"@type\":\"WebPage\",\"@id\":\"https:\/\/www.africa-press.net\/burkina-faso\/toutes-les-actualites\/lutte-contre-le-paludisme-et-les-maladies-tropicales-negligees-les-osc-et-journalistes-reaffirment-leur-engagement\",\"url\":\"https:\/\/www.africa-press.net\/burkina-faso\/toutes-les-actualites\/lutte-contre-le-paludisme-et-les-maladies-tropicales-negligees-les-osc-et-journalistes-reaffirment-leur-engagement\",\"name\":\"Lutte contre le paludisme et les maladies tropicales n\u00e9glig\u00e9es : Les OSC et journalistes r\u00e9affirment leur engagement - Burkina Faso\",\"isPartOf\":{\"@id\":\"https:\/\/www.africa-press.net\/burkina-faso\/#website\"},\"primaryImageOfPage\":{\"@id\":\"https:\/\/www.africa-press.net\/burkina-faso\/toutes-les-actualites\/lutte-contre-le-paludisme-et-les-maladies-tropicales-negligees-les-osc-et-journalistes-reaffirment-leur-engagement#primaryimage\"},\"image\":{\"@id\":\"https:\/\/www.africa-press.net\/burkina-faso\/toutes-les-actualites\/lutte-contre-le-paludisme-et-les-maladies-tropicales-negligees-les-osc-et-journalistes-reaffirment-leur-engagement#primaryimage\"},\"thumbnailUrl\":\"https:\/\/static.africa-press.net\/burkina\/sites\/42\/2021\/04\/img-60843a9fd1dfa.jpg\",\"datePublished\":\"2021-04-24T17:18:13+00:00\",\"dateModified\":\"2021-04-24T17:36:15+00:00\",\"author\":{\"@id\":\"https:\/\/www.africa-press.net\/burkina-faso\/#\/schema\/person\/2b1cf3cd81a31e3cd26889ca66d677f1\"},\"description\":\"En pr\u00e9lude \u00e0 la comm\u00e9moration de la Journ\u00e9e mondiale de lutte contre le paludisme, Speak Up Africa (SUA), en collabor ...\",\"breadcrumb\":{\"@id\":\"https:\/\/www.africa-press.net\/burkina-faso\/toutes-les-actualites\/lutte-contre-le-paludisme-et-les-maladies-tropicales-negligees-les-osc-et-journalistes-reaffirment-leur-engagement#breadcrumb\"},\"inLanguage\":\"fr-FR\",\"potentialAction\":[{\"@type\":\"ReadAction\",\"target\":[\"https:\/\/www.africa-press.net\/burkina-faso\/toutes-les-actualites\/lutte-contre-le-paludisme-et-les-maladies-tropicales-negligees-les-osc-et-journalistes-reaffirment-leur-engagement\"]}]},{\"@type\":\"ImageObject\",\"inLanguage\":\"fr-FR\",\"@id\":\"https:\/\/www.africa-press.net\/burkina-faso\/toutes-les-actualites\/lutte-contre-le-paludisme-et-les-maladies-tropicales-negligees-les-osc-et-journalistes-reaffirment-leur-engagement#primaryimage\",\"url\":\"https:\/\/static.africa-press.net\/burkina\/sites\/42\/2021\/04\/img-60843a9fd1dfa.jpg\",\"contentUrl\":\"https:\/\/static.africa-press.net\/burkina\/sites\/42\/2021\/04\/img-60843a9fd1dfa.jpg\",\"width\":720,\"height\":540,\"caption\":\"Lutte contre le paludisme et les maladies tropicales n\u00e9glig\u00e9es : Les OSC et journalistes r\u00e9affirment leur engagement\"},{\"@type\":\"BreadcrumbList\",\"@id\":\"https:\/\/www.africa-press.net\/burkina-faso\/toutes-les-actualites\/lutte-contre-le-paludisme-et-les-maladies-tropicales-negligees-les-osc-et-journalistes-reaffirment-leur-engagement#breadcrumb\",\"itemListElement\":[{\"@type\":\"ListItem\",\"position\":1,\"name\":\"Accueil\",\"item\":\"https:\/\/www.africa-press.net\/burkina-faso\/\"},{\"@type\":\"ListItem\",\"position\":2,\"name\":\"Lutte contre le paludisme et les maladies tropicales n\u00e9glig\u00e9es : Les OSC et journalistes r\u00e9affirment leur engagement\"}]},{\"@type\":\"WebSite\",\"@id\":\"https:\/\/www.africa-press.net\/burkina-faso\/#website\",\"url\":\"https:\/\/www.africa-press.net\/burkina-faso\/\",\"name\":\"Burkina Faso\",\"description\":\"Just another Africa News Agency Sites site\",\"potentialAction\":[{\"@type\":\"SearchAction\",\"target\":{\"@type\":\"EntryPoint\",\"urlTemplate\":\"https:\/\/www.africa-press.net\/burkina-faso\/?s={search_term_string}\"},\"query-input\":{\"@type\":\"PropertyValueSpecification\",\"valueRequired\":true,\"valueName\":\"search_term_string\"}}],\"inLanguage\":\"fr-FR\"},{\"@type\":\"Person\",\"@id\":\"https:\/\/www.africa-press.net\/burkina-faso\/#\/schema\/person\/2b1cf3cd81a31e3cd26889ca66d677f1\",\"name\":\"cfeditorfr\"}]}<\/script>\n<!-- \/ Yoast SEO Premium plugin. -->","yoast_head_json":{"title":"Lutte contre le paludisme et les maladies tropicales n\u00e9glig\u00e9es : Les OSC et journalistes r\u00e9affirment leur engagement - Burkina Faso","description":"En pr\u00e9lude \u00e0 la comm\u00e9moration de la Journ\u00e9e mondiale de lutte contre le paludisme, Speak Up Africa (SUA), en collabor ...","robots":{"index":"index","follow":"follow","max-snippet":"max-snippet:-1","max-image-preview":"max-image-preview:large","max-video-preview":"max-video-preview:-1"},"canonical":"https:\/\/www.africa-press.net\/burkina-faso\/toutes-les-actualites\/lutte-contre-le-paludisme-et-les-maladies-tropicales-negligees-les-osc-et-journalistes-reaffirment-leur-engagement","og_locale":"fr_FR","og_type":"article","og_title":"Lutte contre le paludisme et les maladies tropicales n\u00e9glig\u00e9es : Les OSC et journalistes r\u00e9affirment leur engagement","og_description":"En pr\u00e9lude \u00e0 la comm\u00e9moration de la Journ\u00e9e mondiale de lutte contre le paludisme, Speak Up Africa (SUA), en collabor ...","og_url":"https:\/\/www.africa-press.net\/burkina-faso\/toutes-les-actualites\/lutte-contre-le-paludisme-et-les-maladies-tropicales-negligees-les-osc-et-journalistes-reaffirment-leur-engagement","og_site_name":"Burkina Faso","article_published_time":"2021-04-24T17:18:13+00:00","article_modified_time":"2021-04-24T17:36:15+00:00","og_image":[{"width":720,"height":540,"url":"https:\/\/static.africa-press.net\/burkina\/sites\/42\/2021\/04\/img-60843a9fd1dfa.jpg","type":"image\/jpeg"}],"author":"cfeditorfr","twitter_card":"summary_large_image","twitter_misc":{"\u00c9crit par":"cfeditorfr","Dur\u00e9e de lecture estim\u00e9e":"4 minutes"},"schema":{"@context":"https:\/\/schema.org","@graph":[{"@type":"Article","@id":"https:\/\/www.africa-press.net\/burkina-faso\/toutes-les-actualites\/lutte-contre-le-paludisme-et-les-maladies-tropicales-negligees-les-osc-et-journalistes-reaffirment-leur-engagement#article","isPartOf":{"@id":"https:\/\/www.africa-press.net\/burkina-faso\/toutes-les-actualites\/lutte-contre-le-paludisme-et-les-maladies-tropicales-negligees-les-osc-et-journalistes-reaffirment-leur-engagement"},"author":{"name":"cfeditorfr","@id":"https:\/\/www.africa-press.net\/burkina-faso\/#\/schema\/person\/2b1cf3cd81a31e3cd26889ca66d677f1"},"headline":"Lutte contre le paludisme et les maladies tropicales n\u00e9glig\u00e9es : Les OSC et journalistes r\u00e9affirment leur engagement","datePublished":"2021-04-24T17:18:13+00:00","dateModified":"2021-04-24T17:36:15+00:00","mainEntityOfPage":{"@id":"https:\/\/www.africa-press.net\/burkina-faso\/toutes-les-actualites\/lutte-contre-le-paludisme-et-les-maladies-tropicales-negligees-les-osc-et-journalistes-reaffirment-leur-engagement"},"wordCount":831,"commentCount":0,"image":{"@id":"https:\/\/www.africa-press.net\/burkina-faso\/toutes-les-actualites\/lutte-contre-le-paludisme-et-les-maladies-tropicales-negligees-les-osc-et-journalistes-reaffirment-leur-engagement#primaryimage"},"thumbnailUrl":"https:\/\/static.africa-press.net\/burkina\/sites\/42\/2021\/04\/img-60843a9fd1dfa.jpg","keywords":["Africa Press","Africa Press-Burkina Faso","Burkina Faso"],"articleSection":["Communaut\u00e9","homepage-french","Toutes les actualit\u00e9s"],"inLanguage":"fr-FR","potentialAction":[{"@type":"CommentAction","name":"Comment","target":["https:\/\/www.africa-press.net\/burkina-faso\/toutes-les-actualites\/lutte-contre-le-paludisme-et-les-maladies-tropicales-negligees-les-osc-et-journalistes-reaffirment-leur-engagement#respond"]}]},{"@type":"WebPage","@id":"https:\/\/www.africa-press.net\/burkina-faso\/toutes-les-actualites\/lutte-contre-le-paludisme-et-les-maladies-tropicales-negligees-les-osc-et-journalistes-reaffirment-leur-engagement","url":"https:\/\/www.africa-press.net\/burkina-faso\/toutes-les-actualites\/lutte-contre-le-paludisme-et-les-maladies-tropicales-negligees-les-osc-et-journalistes-reaffirment-leur-engagement","name":"Lutte contre le paludisme et les maladies tropicales n\u00e9glig\u00e9es : Les OSC et journalistes r\u00e9affirment leur engagement - Burkina Faso","isPartOf":{"@id":"https:\/\/www.africa-press.net\/burkina-faso\/#website"},"primaryImageOfPage":{"@id":"https:\/\/www.africa-press.net\/burkina-faso\/toutes-les-actualites\/lutte-contre-le-paludisme-et-les-maladies-tropicales-negligees-les-osc-et-journalistes-reaffirment-leur-engagement#primaryimage"},"image":{"@id":"https:\/\/www.africa-press.net\/burkina-faso\/toutes-les-actualites\/lutte-contre-le-paludisme-et-les-maladies-tropicales-negligees-les-osc-et-journalistes-reaffirment-leur-engagement#primaryimage"},"thumbnailUrl":"https:\/\/static.africa-press.net\/burkina\/sites\/42\/2021\/04\/img-60843a9fd1dfa.jpg","datePublished":"2021-04-24T17:18:13+00:00","dateModified":"2021-04-24T17:36:15+00:00","author":{"@id":"https:\/\/www.africa-press.net\/burkina-faso\/#\/schema\/person\/2b1cf3cd81a31e3cd26889ca66d677f1"},"description":"En pr\u00e9lude \u00e0 la comm\u00e9moration de la Journ\u00e9e mondiale de lutte contre le paludisme, Speak Up Africa (SUA), en collabor ...","breadcrumb":{"@id":"https:\/\/www.africa-press.net\/burkina-faso\/toutes-les-actualites\/lutte-contre-le-paludisme-et-les-maladies-tropicales-negligees-les-osc-et-journalistes-reaffirment-leur-engagement#breadcrumb"},"inLanguage":"fr-FR","potentialAction":[{"@type":"ReadAction","target":["https:\/\/www.africa-press.net\/burkina-faso\/toutes-les-actualites\/lutte-contre-le-paludisme-et-les-maladies-tropicales-negligees-les-osc-et-journalistes-reaffirment-leur-engagement"]}]},{"@type":"ImageObject","inLanguage":"fr-FR","@id":"https:\/\/www.africa-press.net\/burkina-faso\/toutes-les-actualites\/lutte-contre-le-paludisme-et-les-maladies-tropicales-negligees-les-osc-et-journalistes-reaffirment-leur-engagement#primaryimage","url":"https:\/\/static.africa-press.net\/burkina\/sites\/42\/2021\/04\/img-60843a9fd1dfa.jpg","contentUrl":"https:\/\/static.africa-press.net\/burkina\/sites\/42\/2021\/04\/img-60843a9fd1dfa.jpg","width":720,"height":540,"caption":"Lutte contre le paludisme et les maladies tropicales n\u00e9glig\u00e9es : Les OSC et journalistes r\u00e9affirment leur engagement"},{"@type":"BreadcrumbList","@id":"https:\/\/www.africa-press.net\/burkina-faso\/toutes-les-actualites\/lutte-contre-le-paludisme-et-les-maladies-tropicales-negligees-les-osc-et-journalistes-reaffirment-leur-engagement#breadcrumb","itemListElement":[{"@type":"ListItem","position":1,"name":"Accueil","item":"https:\/\/www.africa-press.net\/burkina-faso\/"},{"@type":"ListItem","position":2,"name":"Lutte contre le paludisme et les maladies tropicales n\u00e9glig\u00e9es : Les OSC et journalistes r\u00e9affirment leur engagement"}]},{"@type":"WebSite","@id":"https:\/\/www.africa-press.net\/burkina-faso\/#website","url":"https:\/\/www.africa-press.net\/burkina-faso\/","name":"Burkina Faso","description":"Just another Africa News Agency Sites site","potentialAction":[{"@type":"SearchAction","target":{"@type":"EntryPoint","urlTemplate":"https:\/\/www.africa-press.net\/burkina-faso\/?s={search_term_string}"},"query-input":{"@type":"PropertyValueSpecification","valueRequired":true,"valueName":"search_term_string"}}],"inLanguage":"fr-FR"},{"@type":"Person","@id":"https:\/\/www.africa-press.net\/burkina-faso\/#\/schema\/person\/2b1cf3cd81a31e3cd26889ca66d677f1","name":"cfeditorfr"}]}},"_links":{"self":[{"href":"https:\/\/www.africa-press.net\/burkina-faso\/wp-json\/wp\/v2\/posts\/10527","targetHints":{"allow":["GET"]}}],"collection":[{"href":"https:\/\/www.africa-press.net\/burkina-faso\/wp-json\/wp\/v2\/posts"}],"about":[{"href":"https:\/\/www.africa-press.net\/burkina-faso\/wp-json\/wp\/v2\/types\/post"}],"author":[{"embeddable":true,"href":"https:\/\/www.africa-press.net\/burkina-faso\/wp-json\/wp\/v2\/users\/82"}],"replies":[{"embeddable":true,"href":"https:\/\/www.africa-press.net\/burkina-faso\/wp-json\/wp\/v2\/comments?post=10527"}],"version-history":[{"count":0,"href":"https:\/\/www.africa-press.net\/burkina-faso\/wp-json\/wp\/v2\/posts\/10527\/revisions"}],"wp:featuredmedia":[{"embeddable":true,"href":"https:\/\/www.africa-press.net\/burkina-faso\/wp-json\/wp\/v2\/media\/10526"}],"wp:attachment":[{"href":"https:\/\/www.africa-press.net\/burkina-faso\/wp-json\/wp\/v2\/media?parent=10527"}],"wp:term":[{"taxonomy":"category","embeddable":true,"href":"https:\/\/www.africa-press.net\/burkina-faso\/wp-json\/wp\/v2\/categories?post=10527"},{"taxonomy":"post_tag","embeddable":true,"href":"https:\/\/www.africa-press.net\/burkina-faso\/wp-json\/wp\/v2\/tags?post=10527"}],"curies":[{"name":"wp","href":"https:\/\/api.w.org\/{rel}","templated":true}]}}