{"id":10533,"date":"2021-04-24T17:30:49","date_gmt":"2021-04-24T17:30:49","guid":{"rendered":"https:\/\/www.africa-press.net\/burkina-faso\/?p=10533"},"modified":"2021-04-24T17:36:36","modified_gmt":"2021-04-24T17:36:36","slug":"lutte-contre-linsecurite-cherif-sy-cible-la-formation-aux-operations-speciales-de-po","status":"publish","type":"post","link":"https:\/\/www.africa-press.net\/burkina-faso\/politique\/lutte-contre-linsecurite-cherif-sy-cible-la-formation-aux-operations-speciales-de-po","title":{"rendered":"Lutte contre l\u2019ins\u00e9curit\u00e9 : Ch\u00e9rif Sy cible la formation aux op\u00e9rations sp\u00e9ciales de P\u00f4"},"content":{"rendered":"<p><span style=\"color: #ff6600\"><strong><a href=\"https:\/\/www.africa-press.net\/\">Africa-Press<\/a> &#8211; <a href=\"https:\/\/www.africa-press.net\/burkina-faso\">Burkina Faso<\/a>. <\/strong><\/span><b>Le ministre d\u2019Etat, ministre de la D\u00e9fense nationale et des anciens combattants, Ch\u00e9rif Sy, a effectu\u00e9 une visite terrain \u00e0 P\u00f4, dans le Centre-Sud, le jeudi 22 avril 2021, pour s\u2019impr\u00e9gner des r\u00e9alit\u00e9s et encourager \u00ab ses \u00e9l\u00e9ments \u00bb. Du centre d\u2019entrainement commando \u00e0 la gendarmerie en passant par l\u2019acad\u00e9mie militaire Geoges Namoano, la d\u00e9l\u00e9gation a pris la temp\u00e9rature de chaque entit\u00e9.<\/b><\/p>\n<p>Le patron de la d\u00e9fense du Burkina a repris son b\u00e2ton de p\u00e8lerin. Dans sa s\u00e9rie de rencontres des \u00e9l\u00e9ments sur le terrain afin de toucher du doigt leurs r\u00e9alit\u00e9s, Ch\u00e9rif Sy s\u2019est rendu dans le Centre-Sud cette fois-ci. Le camp militaire Thomas Sankara de P\u00f4 a \u00e9t\u00e9 la premi\u00e8re et longue \u00e9tape de cette visite.<\/p>\n<p>Dans ce camp qui forme les commandos burkinab\u00e8, le ministre de la D\u00e9fense nationale est all\u00e9 \u00e0 la d\u00e9couverte du Centre d\u2019entrainement commando et de formation aux op\u00e9rations sp\u00e9ciales (CEC-FOS), cr\u00e9\u00e9 en 2017 par un d\u00e9cret du pr\u00e9sident du Faso et est mis v\u00e9ritablement en place deux ans plus tard.<\/p>\n<p>Selon le commandant du CEC-FOS, chef de bataillon Rodrigue Compaor\u00e9, ce centre est charg\u00e9 d\u2019assurer la formation commando ainsi que la formation et le perfectionnement du personnel aux op\u00e9rations sp\u00e9ciales. \u00ab Depuis sa cr\u00e9ation, nous recevons un panel de stages qui est assez large. Il va du stage d\u2019initiation et d\u2019aguerrissement commando au stage de qualification commando \u00bb, a-t-il indiqu\u00e9.<\/p>\n<p>Dans ce centre, il y a plusieurs capacit\u00e9s sp\u00e9cifiques notamment dans le domaine tireur d\u2019\u00e9lite, protection de haute personnalit\u00e9 ou tout autre domaine sp\u00e9cifique, informe le commandant, qui ajoute par ailleurs que l\u2019expertise est \u00ab essentiellement nationale puisque la majorit\u00e9 du personnel encadrant a \u00e9t\u00e9 form\u00e9e sur place sur des r\u00e9alit\u00e9s nationales \u00bb.<\/p>\n<p><b>Une op\u00e9ration antiterroriste<\/b><\/p>\n<p>Pour joindre l\u2019acte \u00e0 la parole, le CEC-FOS a fait s\u00e9ance de d\u00e9monstration en pr\u00e9sence du ministre et la hi\u00e9rarchie militaire. Un commando doit proc\u00e9der \u00e0 une lib\u00e9ration d\u2019otage dans un timing assez contraint. Avant d\u2019y proc\u00e9der, les \u00e9l\u00e9ments ont \u00e9t\u00e9 brief\u00e9s de la situation. La position de la cible, les \u00e9ventuels obstacles, les m\u00e9thodes et moyens \u00e0 employer, tout est expliqu\u00e9 par le chef de mission.<br \/>\nL\u2019action de capture est combin\u00e9e d\u2019autres actions. \u00ab Il s\u2019agit de capturer un chef terroriste, une cible de haute valeur qui s\u2019est retranch\u00e9e dans un b\u00e2timent \u00bb, dira commandant Rodrigue Compaor\u00e9. Mais pendant ce temps, deux autres groupes d\u2019action ont agi simultan\u00e9ment.<\/p>\n<p>L\u2019op\u00e9ration a \u00e9t\u00e9 un succ\u00e8s devant le regard admirateur du ministre de la D\u00e9fense nationale et les officiers. \u00ab Nous avons \u00e9t\u00e9 v\u00e9ritablement \u00e9difi\u00e9s et nous en tirons une grande satisfaction pour les forces arm\u00e9es nationales d\u2019avoir cette capacit\u00e9 autonome \u00bb, a affirm\u00e9 Ch\u00e9rif Sy. Compte tenu du contexte d\u2019ins\u00e9curit\u00e9 dans lequel le Burkina vit, le ministre l\u00e9gitime ce centre. \u00ab Ce type de formation, nous en avons besoin par rapport \u00e0 l\u2018adversit\u00e9 \u00e0 laquelle nous sommes confront\u00e9s \u00bb, a-t-il dit.<\/p>\n<p><b>\u00ab Il y a toujours des choses \u00e0 am\u00e9liorer \u00bb<\/b><\/p>\n<p>En seulement deux ann\u00e9es d\u2019existence, les \u00e9chos des \u00e9l\u00e9ments du CEC-FOS sont positifs, car leur prestation sur le terrain est encourageante, informent les responsables de ce centre. Toutefois, le commandant Rodrigue Compaor\u00e9 tient \u00e0 garder la t\u00eate sur les \u00e9paules. \u00ab Mais nous ne nous leurrons pas ; nous savons qu\u2019il y a toujours des choses \u00e0 am\u00e9liorer \u00bb, a-t-il d\u00e9clar\u00e9. Et de pr\u00e9ciser que le retour sur le terrain leur permet d\u2019actualiser l\u2019offre de formation.<\/p>\n<p>Apr\u00e8s le Centre d\u2019entrainement commando et de formation aux op\u00e9rations sp\u00e9ciales, les visiteurs du jour ont mis le cap sur les chantiers en cours pour la construction de la nouvelle Acad\u00e9mie militaire Georges Namoano (AMGN). Les voies sont d\u00e9j\u00e0 trac\u00e9es et les travaux sont en cours. Cette acad\u00e9mie, qui selon le ministre, est \u00ab l\u2019Afrique en miniature \u00bb veut avoir une nouvelle infrastructure et \u00e9lever le niveau de recrutement afin de pouvoir disposer d\u2019officiers comp\u00e9tents et imm\u00e9diatement op\u00e9rationnels, a-t-il indiqu\u00e9. L\u2019occasion a \u00e9t\u00e9 bonne pour Ch\u00e9rif Sy et sa d\u00e9l\u00e9gation de se rendre dans l\u2019actuelle AMGN pour encourager les encadreurs et les \u00e9l\u00e8ves officiers.<\/p>\n<p>La derni\u00e8re \u00e9tape de la tourn\u00e9e a \u00e9t\u00e9 marqu\u00e9e par la visite du ministre de la D\u00e9fense nationale au poste de commandement de la gendarmerie de P\u00f4. Comme \u00e0 l\u2019accoutum\u00e9e, une s\u00e9ance de t\u00eate-\u00e0-t\u00eate \u00e0 huis clos s\u2019est tenue avec la hi\u00e9rarchie. Pour toutes les \u00e9tapes, Ch\u00e9rif Sy transmet le m\u00eame message d\u2019encouragement du pr\u00e9sident du Faso, chef supr\u00eame des forces arm\u00e9es nationales.<\/p>\n<p><b>\u00a0<\/b><\/p>\n","protected":false},"excerpt":{"rendered":"<p>Africa-Press &#8211; Burkina Faso. Le ministre d\u2019Etat, ministre de la D\u00e9fense nationale et des anciens combattants, Ch\u00e9rif Sy, a effectu\u00e9 une visite terrain \u00e0 P\u00f4, dans le Centre-Sud, le jeudi 22 avril 2021, pour s\u2019impr\u00e9gner des r\u00e9alit\u00e9s et encourager \u00ab ses \u00e9l\u00e9ments \u00bb. Du centre d\u2019entrainement commando \u00e0 la gendarmerie en passant par l\u2019acad\u00e9mie militaire [&hellip;]<\/p>\n","protected":false},"author":82,"featured_media":10532,"comment_status":"open","ping_status":"closed","sticky":false,"template":"","format":"standard","meta":{"footnotes":""},"categories":[11,2,20,10],"tags":[111,725,29],"class_list":["post-10533","post","type-post","status-publish","format-standard","has-post-thumbnail","hentry","category-homepage-french","category-politique","category-top-nouvelles","category-toutes-les-actualites","tag-africa-press","tag-africa-press-burkina-faso","tag-burkina-faso"],"yoast_head":"<!-- This site is optimized with the Yoast SEO Premium plugin v26.1 (Yoast SEO v27.0) - https:\/\/yoast.com\/product\/yoast-seo-premium-wordpress\/ -->\n<title>Lutte contre l\u2019ins\u00e9curit\u00e9 : Ch\u00e9rif Sy cible la formation aux op\u00e9rations sp\u00e9ciales de P\u00f4 - Burkina Faso<\/title>\n<meta name=\"description\" content=\"Le ministre d\u2019Etat, ministre de la D\u00e9fense nationale et des anciens combattants, Ch\u00e9rif Sy, a effectu\u00e9 une visite ter ...\" \/>\n<meta name=\"robots\" content=\"index, follow, max-snippet:-1, max-image-preview:large, max-video-preview:-1\" \/>\n<link rel=\"canonical\" href=\"https:\/\/www.africa-press.net\/burkina-faso\/politique\/lutte-contre-linsecurite-cherif-sy-cible-la-formation-aux-operations-speciales-de-po\" \/>\n<meta property=\"og:locale\" content=\"fr_FR\" \/>\n<meta property=\"og:type\" content=\"article\" \/>\n<meta property=\"og:title\" content=\"Lutte contre l\u2019ins\u00e9curit\u00e9 : Ch\u00e9rif Sy cible la formation aux op\u00e9rations sp\u00e9ciales de P\u00f4\" \/>\n<meta property=\"og:description\" content=\"Le ministre d\u2019Etat, ministre de la D\u00e9fense nationale et des anciens combattants, Ch\u00e9rif Sy, a effectu\u00e9 une visite ter ...\" \/>\n<meta property=\"og:url\" content=\"https:\/\/www.africa-press.net\/burkina-faso\/politique\/lutte-contre-linsecurite-cherif-sy-cible-la-formation-aux-operations-speciales-de-po\" \/>\n<meta property=\"og:site_name\" content=\"Burkina Faso\" \/>\n<meta property=\"article:published_time\" content=\"2021-04-24T17:30:49+00:00\" \/>\n<meta property=\"article:modified_time\" content=\"2021-04-24T17:36:36+00:00\" \/>\n<meta property=\"og:image\" content=\"https:\/\/static.africa-press.net\/burkina\/sites\/42\/2021\/04\/img-60843b0156a17.jpg\" \/>\n\t<meta property=\"og:image:width\" content=\"720\" \/>\n\t<meta property=\"og:image:height\" content=\"404\" \/>\n\t<meta property=\"og:image:type\" content=\"image\/jpeg\" \/>\n<meta name=\"author\" content=\"cfeditorfr\" \/>\n<meta name=\"twitter:card\" content=\"summary_large_image\" \/>\n<meta name=\"twitter:label1\" content=\"\u00c9crit par\" \/>\n\t<meta name=\"twitter:data1\" content=\"cfeditorfr\" \/>\n\t<meta name=\"twitter:label2\" content=\"Dur\u00e9e de lecture estim\u00e9e\" \/>\n\t<meta name=\"twitter:data2\" content=\"4 minutes\" \/>\n<script type=\"application\/ld+json\" class=\"yoast-schema-graph\">{\"@context\":\"https:\/\/schema.org\",\"@graph\":[{\"@type\":\"Article\",\"@id\":\"https:\/\/www.africa-press.net\/burkina-faso\/politique\/lutte-contre-linsecurite-cherif-sy-cible-la-formation-aux-operations-speciales-de-po#article\",\"isPartOf\":{\"@id\":\"https:\/\/www.africa-press.net\/burkina-faso\/politique\/lutte-contre-linsecurite-cherif-sy-cible-la-formation-aux-operations-speciales-de-po\"},\"author\":{\"name\":\"cfeditorfr\",\"@id\":\"https:\/\/www.africa-press.net\/burkina-faso\/#\/schema\/person\/2b1cf3cd81a31e3cd26889ca66d677f1\"},\"headline\":\"Lutte contre l\u2019ins\u00e9curit\u00e9 : Ch\u00e9rif Sy cible la formation aux op\u00e9rations sp\u00e9ciales de P\u00f4\",\"datePublished\":\"2021-04-24T17:30:49+00:00\",\"dateModified\":\"2021-04-24T17:36:36+00:00\",\"mainEntityOfPage\":{\"@id\":\"https:\/\/www.africa-press.net\/burkina-faso\/politique\/lutte-contre-linsecurite-cherif-sy-cible-la-formation-aux-operations-speciales-de-po\"},\"wordCount\":845,\"commentCount\":0,\"image\":{\"@id\":\"https:\/\/www.africa-press.net\/burkina-faso\/politique\/lutte-contre-linsecurite-cherif-sy-cible-la-formation-aux-operations-speciales-de-po#primaryimage\"},\"thumbnailUrl\":\"https:\/\/static.africa-press.net\/burkina\/sites\/42\/2021\/04\/img-60843b0156a17.jpg\",\"keywords\":[\"Africa Press\",\"Africa Press-Burkina Faso\",\"Burkina Faso\"],\"articleSection\":[\"homepage-french\",\"Politique\",\"Top Nouvelles\",\"Toutes les actualit\u00e9s\"],\"inLanguage\":\"fr-FR\",\"potentialAction\":[{\"@type\":\"CommentAction\",\"name\":\"Comment\",\"target\":[\"https:\/\/www.africa-press.net\/burkina-faso\/politique\/lutte-contre-linsecurite-cherif-sy-cible-la-formation-aux-operations-speciales-de-po#respond\"]}]},{\"@type\":\"WebPage\",\"@id\":\"https:\/\/www.africa-press.net\/burkina-faso\/politique\/lutte-contre-linsecurite-cherif-sy-cible-la-formation-aux-operations-speciales-de-po\",\"url\":\"https:\/\/www.africa-press.net\/burkina-faso\/politique\/lutte-contre-linsecurite-cherif-sy-cible-la-formation-aux-operations-speciales-de-po\",\"name\":\"Lutte contre l\u2019ins\u00e9curit\u00e9 : Ch\u00e9rif Sy cible la formation aux op\u00e9rations sp\u00e9ciales de P\u00f4 - Burkina Faso\",\"isPartOf\":{\"@id\":\"https:\/\/www.africa-press.net\/burkina-faso\/#website\"},\"primaryImageOfPage\":{\"@id\":\"https:\/\/www.africa-press.net\/burkina-faso\/politique\/lutte-contre-linsecurite-cherif-sy-cible-la-formation-aux-operations-speciales-de-po#primaryimage\"},\"image\":{\"@id\":\"https:\/\/www.africa-press.net\/burkina-faso\/politique\/lutte-contre-linsecurite-cherif-sy-cible-la-formation-aux-operations-speciales-de-po#primaryimage\"},\"thumbnailUrl\":\"https:\/\/static.africa-press.net\/burkina\/sites\/42\/2021\/04\/img-60843b0156a17.jpg\",\"datePublished\":\"2021-04-24T17:30:49+00:00\",\"dateModified\":\"2021-04-24T17:36:36+00:00\",\"author\":{\"@id\":\"https:\/\/www.africa-press.net\/burkina-faso\/#\/schema\/person\/2b1cf3cd81a31e3cd26889ca66d677f1\"},\"description\":\"Le ministre d\u2019Etat, ministre de la D\u00e9fense nationale et des anciens combattants, Ch\u00e9rif Sy, a effectu\u00e9 une visite ter ...\",\"breadcrumb\":{\"@id\":\"https:\/\/www.africa-press.net\/burkina-faso\/politique\/lutte-contre-linsecurite-cherif-sy-cible-la-formation-aux-operations-speciales-de-po#breadcrumb\"},\"inLanguage\":\"fr-FR\",\"potentialAction\":[{\"@type\":\"ReadAction\",\"target\":[\"https:\/\/www.africa-press.net\/burkina-faso\/politique\/lutte-contre-linsecurite-cherif-sy-cible-la-formation-aux-operations-speciales-de-po\"]}]},{\"@type\":\"ImageObject\",\"inLanguage\":\"fr-FR\",\"@id\":\"https:\/\/www.africa-press.net\/burkina-faso\/politique\/lutte-contre-linsecurite-cherif-sy-cible-la-formation-aux-operations-speciales-de-po#primaryimage\",\"url\":\"https:\/\/static.africa-press.net\/burkina\/sites\/42\/2021\/04\/img-60843b0156a17.jpg\",\"contentUrl\":\"https:\/\/static.africa-press.net\/burkina\/sites\/42\/2021\/04\/img-60843b0156a17.jpg\",\"width\":720,\"height\":404,\"caption\":\"Lutte contre l\u2019ins\u00e9curit\u00e9 : Ch\u00e9rif Sy cible la formation aux op\u00e9rations sp\u00e9ciales de P\u00f4\"},{\"@type\":\"BreadcrumbList\",\"@id\":\"https:\/\/www.africa-press.net\/burkina-faso\/politique\/lutte-contre-linsecurite-cherif-sy-cible-la-formation-aux-operations-speciales-de-po#breadcrumb\",\"itemListElement\":[{\"@type\":\"ListItem\",\"position\":1,\"name\":\"Accueil\",\"item\":\"https:\/\/www.africa-press.net\/burkina-faso\/\"},{\"@type\":\"ListItem\",\"position\":2,\"name\":\"Lutte contre l\u2019ins\u00e9curit\u00e9 : Ch\u00e9rif Sy cible la formation aux op\u00e9rations sp\u00e9ciales de P\u00f4\"}]},{\"@type\":\"WebSite\",\"@id\":\"https:\/\/www.africa-press.net\/burkina-faso\/#website\",\"url\":\"https:\/\/www.africa-press.net\/burkina-faso\/\",\"name\":\"Burkina Faso\",\"description\":\"Just another Africa News Agency Sites site\",\"potentialAction\":[{\"@type\":\"SearchAction\",\"target\":{\"@type\":\"EntryPoint\",\"urlTemplate\":\"https:\/\/www.africa-press.net\/burkina-faso\/?s={search_term_string}\"},\"query-input\":{\"@type\":\"PropertyValueSpecification\",\"valueRequired\":true,\"valueName\":\"search_term_string\"}}],\"inLanguage\":\"fr-FR\"},{\"@type\":\"Person\",\"@id\":\"https:\/\/www.africa-press.net\/burkina-faso\/#\/schema\/person\/2b1cf3cd81a31e3cd26889ca66d677f1\",\"name\":\"cfeditorfr\"}]}<\/script>\n<!-- \/ Yoast SEO Premium plugin. -->","yoast_head_json":{"title":"Lutte contre l\u2019ins\u00e9curit\u00e9 : Ch\u00e9rif Sy cible la formation aux op\u00e9rations sp\u00e9ciales de P\u00f4 - Burkina Faso","description":"Le ministre d\u2019Etat, ministre de la D\u00e9fense nationale et des anciens combattants, Ch\u00e9rif Sy, a effectu\u00e9 une visite ter ...","robots":{"index":"index","follow":"follow","max-snippet":"max-snippet:-1","max-image-preview":"max-image-preview:large","max-video-preview":"max-video-preview:-1"},"canonical":"https:\/\/www.africa-press.net\/burkina-faso\/politique\/lutte-contre-linsecurite-cherif-sy-cible-la-formation-aux-operations-speciales-de-po","og_locale":"fr_FR","og_type":"article","og_title":"Lutte contre l\u2019ins\u00e9curit\u00e9 : Ch\u00e9rif Sy cible la formation aux op\u00e9rations sp\u00e9ciales de P\u00f4","og_description":"Le ministre d\u2019Etat, ministre de la D\u00e9fense nationale et des anciens combattants, Ch\u00e9rif Sy, a effectu\u00e9 une visite ter ...","og_url":"https:\/\/www.africa-press.net\/burkina-faso\/politique\/lutte-contre-linsecurite-cherif-sy-cible-la-formation-aux-operations-speciales-de-po","og_site_name":"Burkina Faso","article_published_time":"2021-04-24T17:30:49+00:00","article_modified_time":"2021-04-24T17:36:36+00:00","og_image":[{"width":720,"height":404,"url":"https:\/\/static.africa-press.net\/burkina\/sites\/42\/2021\/04\/img-60843b0156a17.jpg","type":"image\/jpeg"}],"author":"cfeditorfr","twitter_card":"summary_large_image","twitter_misc":{"\u00c9crit par":"cfeditorfr","Dur\u00e9e de lecture estim\u00e9e":"4 minutes"},"schema":{"@context":"https:\/\/schema.org","@graph":[{"@type":"Article","@id":"https:\/\/www.africa-press.net\/burkina-faso\/politique\/lutte-contre-linsecurite-cherif-sy-cible-la-formation-aux-operations-speciales-de-po#article","isPartOf":{"@id":"https:\/\/www.africa-press.net\/burkina-faso\/politique\/lutte-contre-linsecurite-cherif-sy-cible-la-formation-aux-operations-speciales-de-po"},"author":{"name":"cfeditorfr","@id":"https:\/\/www.africa-press.net\/burkina-faso\/#\/schema\/person\/2b1cf3cd81a31e3cd26889ca66d677f1"},"headline":"Lutte contre l\u2019ins\u00e9curit\u00e9 : Ch\u00e9rif Sy cible la formation aux op\u00e9rations sp\u00e9ciales de P\u00f4","datePublished":"2021-04-24T17:30:49+00:00","dateModified":"2021-04-24T17:36:36+00:00","mainEntityOfPage":{"@id":"https:\/\/www.africa-press.net\/burkina-faso\/politique\/lutte-contre-linsecurite-cherif-sy-cible-la-formation-aux-operations-speciales-de-po"},"wordCount":845,"commentCount":0,"image":{"@id":"https:\/\/www.africa-press.net\/burkina-faso\/politique\/lutte-contre-linsecurite-cherif-sy-cible-la-formation-aux-operations-speciales-de-po#primaryimage"},"thumbnailUrl":"https:\/\/static.africa-press.net\/burkina\/sites\/42\/2021\/04\/img-60843b0156a17.jpg","keywords":["Africa Press","Africa Press-Burkina Faso","Burkina Faso"],"articleSection":["homepage-french","Politique","Top Nouvelles","Toutes les actualit\u00e9s"],"inLanguage":"fr-FR","potentialAction":[{"@type":"CommentAction","name":"Comment","target":["https:\/\/www.africa-press.net\/burkina-faso\/politique\/lutte-contre-linsecurite-cherif-sy-cible-la-formation-aux-operations-speciales-de-po#respond"]}]},{"@type":"WebPage","@id":"https:\/\/www.africa-press.net\/burkina-faso\/politique\/lutte-contre-linsecurite-cherif-sy-cible-la-formation-aux-operations-speciales-de-po","url":"https:\/\/www.africa-press.net\/burkina-faso\/politique\/lutte-contre-linsecurite-cherif-sy-cible-la-formation-aux-operations-speciales-de-po","name":"Lutte contre l\u2019ins\u00e9curit\u00e9 : Ch\u00e9rif Sy cible la formation aux op\u00e9rations sp\u00e9ciales de P\u00f4 - Burkina Faso","isPartOf":{"@id":"https:\/\/www.africa-press.net\/burkina-faso\/#website"},"primaryImageOfPage":{"@id":"https:\/\/www.africa-press.net\/burkina-faso\/politique\/lutte-contre-linsecurite-cherif-sy-cible-la-formation-aux-operations-speciales-de-po#primaryimage"},"image":{"@id":"https:\/\/www.africa-press.net\/burkina-faso\/politique\/lutte-contre-linsecurite-cherif-sy-cible-la-formation-aux-operations-speciales-de-po#primaryimage"},"thumbnailUrl":"https:\/\/static.africa-press.net\/burkina\/sites\/42\/2021\/04\/img-60843b0156a17.jpg","datePublished":"2021-04-24T17:30:49+00:00","dateModified":"2021-04-24T17:36:36+00:00","author":{"@id":"https:\/\/www.africa-press.net\/burkina-faso\/#\/schema\/person\/2b1cf3cd81a31e3cd26889ca66d677f1"},"description":"Le ministre d\u2019Etat, ministre de la D\u00e9fense nationale et des anciens combattants, Ch\u00e9rif Sy, a effectu\u00e9 une visite ter ...","breadcrumb":{"@id":"https:\/\/www.africa-press.net\/burkina-faso\/politique\/lutte-contre-linsecurite-cherif-sy-cible-la-formation-aux-operations-speciales-de-po#breadcrumb"},"inLanguage":"fr-FR","potentialAction":[{"@type":"ReadAction","target":["https:\/\/www.africa-press.net\/burkina-faso\/politique\/lutte-contre-linsecurite-cherif-sy-cible-la-formation-aux-operations-speciales-de-po"]}]},{"@type":"ImageObject","inLanguage":"fr-FR","@id":"https:\/\/www.africa-press.net\/burkina-faso\/politique\/lutte-contre-linsecurite-cherif-sy-cible-la-formation-aux-operations-speciales-de-po#primaryimage","url":"https:\/\/static.africa-press.net\/burkina\/sites\/42\/2021\/04\/img-60843b0156a17.jpg","contentUrl":"https:\/\/static.africa-press.net\/burkina\/sites\/42\/2021\/04\/img-60843b0156a17.jpg","width":720,"height":404,"caption":"Lutte contre l\u2019ins\u00e9curit\u00e9 : Ch\u00e9rif Sy cible la formation aux op\u00e9rations sp\u00e9ciales de P\u00f4"},{"@type":"BreadcrumbList","@id":"https:\/\/www.africa-press.net\/burkina-faso\/politique\/lutte-contre-linsecurite-cherif-sy-cible-la-formation-aux-operations-speciales-de-po#breadcrumb","itemListElement":[{"@type":"ListItem","position":1,"name":"Accueil","item":"https:\/\/www.africa-press.net\/burkina-faso\/"},{"@type":"ListItem","position":2,"name":"Lutte contre l\u2019ins\u00e9curit\u00e9 : Ch\u00e9rif Sy cible la formation aux op\u00e9rations sp\u00e9ciales de P\u00f4"}]},{"@type":"WebSite","@id":"https:\/\/www.africa-press.net\/burkina-faso\/#website","url":"https:\/\/www.africa-press.net\/burkina-faso\/","name":"Burkina Faso","description":"Just another Africa News Agency Sites site","potentialAction":[{"@type":"SearchAction","target":{"@type":"EntryPoint","urlTemplate":"https:\/\/www.africa-press.net\/burkina-faso\/?s={search_term_string}"},"query-input":{"@type":"PropertyValueSpecification","valueRequired":true,"valueName":"search_term_string"}}],"inLanguage":"fr-FR"},{"@type":"Person","@id":"https:\/\/www.africa-press.net\/burkina-faso\/#\/schema\/person\/2b1cf3cd81a31e3cd26889ca66d677f1","name":"cfeditorfr"}]}},"_links":{"self":[{"href":"https:\/\/www.africa-press.net\/burkina-faso\/wp-json\/wp\/v2\/posts\/10533","targetHints":{"allow":["GET"]}}],"collection":[{"href":"https:\/\/www.africa-press.net\/burkina-faso\/wp-json\/wp\/v2\/posts"}],"about":[{"href":"https:\/\/www.africa-press.net\/burkina-faso\/wp-json\/wp\/v2\/types\/post"}],"author":[{"embeddable":true,"href":"https:\/\/www.africa-press.net\/burkina-faso\/wp-json\/wp\/v2\/users\/82"}],"replies":[{"embeddable":true,"href":"https:\/\/www.africa-press.net\/burkina-faso\/wp-json\/wp\/v2\/comments?post=10533"}],"version-history":[{"count":0,"href":"https:\/\/www.africa-press.net\/burkina-faso\/wp-json\/wp\/v2\/posts\/10533\/revisions"}],"wp:featuredmedia":[{"embeddable":true,"href":"https:\/\/www.africa-press.net\/burkina-faso\/wp-json\/wp\/v2\/media\/10532"}],"wp:attachment":[{"href":"https:\/\/www.africa-press.net\/burkina-faso\/wp-json\/wp\/v2\/media?parent=10533"}],"wp:term":[{"taxonomy":"category","embeddable":true,"href":"https:\/\/www.africa-press.net\/burkina-faso\/wp-json\/wp\/v2\/categories?post=10533"},{"taxonomy":"post_tag","embeddable":true,"href":"https:\/\/www.africa-press.net\/burkina-faso\/wp-json\/wp\/v2\/tags?post=10533"}],"curies":[{"name":"wp","href":"https:\/\/api.w.org\/{rel}","templated":true}]}}