{"id":10558,"date":"2021-04-25T12:57:37","date_gmt":"2021-04-25T12:57:37","guid":{"rendered":"https:\/\/www.africa-press.net\/burkina-faso\/?p=10558"},"modified":"2021-04-25T14:35:05","modified_gmt":"2021-04-25T14:35:05","slug":"infrastructures-au-burkina-faso-la-route-manga-zabre-inauguree","status":"publish","type":"post","link":"https:\/\/www.africa-press.net\/burkina-faso\/economie\/infrastructures-au-burkina-faso-la-route-manga-zabre-inauguree","title":{"rendered":"Infrastructures au Burkina Faso : La route Manga-Zabr\u00e9 inaugur\u00e9e"},"content":{"rendered":"<p><span style=\"color: #ff6600\"><strong><a href=\"https:\/\/www.africa-press.net\/\">Africa-Press<\/a> &#8211; <a href=\"https:\/\/www.africa-press.net\/burkina-faso\">Burkina Faso<\/a>. <\/strong><\/span>Longue d\u2019environ 79 Km, la route nationale num\u00e9ro 29 ( RN29) a \u00e9t\u00e9 inaugur\u00e9e officiellement ce samedi 24 avril 2021 par Roch Marc Christian Kabor\u00e9, pr\u00e9sident du Faso.<\/p>\n<p>Quatre ans environ apr\u00e8s le lancement officiel des travaux, la RN29, reliant Manga \u00e0 Zabr\u00e9, a \u00e9t\u00e9 inaugur\u00e9e le 24 avril 2021. La nouvelle infrastructure traverse quatre communes rurales et relie les r\u00e9gions du Centre-Sud et du Centre-Est.<\/p>\n<p>La r\u00e9alisation de cette route, faut-il le rappeler, va contribuer \u00e0 la fluidit\u00e9 des \u00e9changes commerciaux et la mobilit\u00e9 des personnes dans ces deux r\u00e9gions dont l\u2019activit\u00e9 essentielle est l\u2019agriculture.<\/p>\n<p>Pour le chef d\u2019\u00c9tat burkinab\u00e8, Roch Kabor\u00e9, la construction de cette route est la finalisation et la r\u00e9alisation d\u2019un engagement pris par le gouvernement. Son inauguration constitue une source de fiert\u00e9, affirme le pr\u00e9sident du Faso.<\/p>\n<p>\u201cParce que comme on l\u2019a toujours le plus souvent dit, le d\u00e9veloppement d\u2019un pays passe \u00e9galement par le d\u00e9veloppement des routes. Je voudrais simplement dire que les engagements que nous prenons dans le cadre des constructions des routes sont des engagements que nous allons tenir\u201c, a soutenu le pr\u00e9sident du Faso.<\/p>\n<p>Aussi, Roch Kabor\u00e9 a laiss\u00e9 entendre qu\u2019il est conscient du retard que prennent plusieurs autres chantiers de construction des routes qui pr\u00e9occupent les populations. \u201cMais nous devons savoir qu\u2019en mati\u00e8re de d\u00e9veloppement, ce n\u2019est pas une question de course. Il faut bien travailler les routes, il mettre en \u0153uvre les financements\u201c, a-t-il soulign\u00e9.<\/p>\n<p>\u00c0 cet effet, le pr\u00e9sident a appel\u00e9 les populations \u00e0 user de la patience. \u201cParce que les difficult\u00e9s que nous rencontrons lorsque les routes ne sont pas faites, une fois que nous les r\u00e9alisons, \u00e7a reste un vieux souvenir difficile et oubli\u00e9\u201c, a ajout\u00e9 le pr\u00e9sident du Faso en promettant que la construction de cette route va se poursuivre jusqu\u2019\u00e0 la fronti\u00e8re avec le Ghana.<\/p>\n<p>Quant au ministre des infrastructures, \u00c9ric Bougouma, il est convaincu que cette route contribuera \u00e0 faire prosp\u00e9rer les \u00e9changes commerciaux et l\u2019\u00e9coulement des produits sur le march\u00e9 national, r\u00e9gional et international.<\/p>\n<p>\u201cLe p\u00f4le de croissance Bagr\u00e9, les multiples potentialit\u00e9s sylvo-agro-pastorales combien \u00e9normes pour l\u2019ensemble de notre pays trouvent en cette route, un \u00e9norme facteur de d\u00e9veloppement int\u00e9gr\u00e9 non seulement pour les populations, mais aussi et particuli\u00e8rement pour le monde paysan\u201c, a-t-il comment\u00e9.<\/p>\n<p>Le ministre Bougouma a, \u00e0 la m\u00eame occasion, rassur\u00e9 les populations de Bogand\u00e9, Djibo, Tansarga et Fada qu\u2019aucun des travaux de bitumage lanc\u00e9s au Burkina Faso ne sera laiss\u00e9 inachev\u00e9.<\/p>\n<p>Cette route a \u00e9t\u00e9 r\u00e9alis\u00e9e gr\u00e2ce \u00e0 un financement de la Banque mondiale. Maimouna Mbow Fam, repr\u00e9sentante pays de la Banque mondiale, a not\u00e9 que la r\u00e9alisation de cette infrastructure s\u2019est inscrite dans le cadre du projet de transport et du d\u00e9veloppement des infrastructures urbaines.<\/p>\n<p>Elle a rappel\u00e9 que ce projet vise l\u2019am\u00e9lioration de la mobilit\u00e9 des infrastructures dans les zones rurales et urbaines. Les r\u00e9gions concern\u00e9es par le projet sont le Centre-Est, le Centre-Sud, le Centre-Ouest et la Boucle du Mouhoun.<\/p>\n<p>Maimouna Mbow Fam a exprim\u00e9 la disponibilit\u00e9 de la Banque mondiale \u00e0 accompagner le gouvernement pour d\u2019autres chantiers comme celui du prolongement de la route Manga-Zabr\u00e9 jusqu\u2019\u00e0 la fronti\u00e8re avec le Ghana.<\/p>\n<p>Les travaux de construction de cette route ont \u00e9t\u00e9 amorc\u00e9s depuis novembre 2017 pour un co\u00fbt global d\u2019environ 28 milliards de FCFA financ\u00e9s par la Banque mondiale.<\/p>\n<p>De son c\u00f4t\u00e9, Issouf Maiga, repr\u00e9sentant des syndicats des transporteurs, a \u00e9mis sa joie en affirmant que cette nouvelle route est un ouf de soulagement qui va r\u00e9duire le \u201cfardeau des transporteurs\u201d. Willy SAGBE<\/p>\n","protected":false},"excerpt":{"rendered":"<p>Africa-Press &#8211; Burkina Faso. Longue d\u2019environ 79 Km, la route nationale num\u00e9ro 29 ( RN29) a \u00e9t\u00e9 inaugur\u00e9e officiellement ce samedi 24 avril 2021 par Roch Marc Christian Kabor\u00e9, pr\u00e9sident du Faso. Quatre ans environ apr\u00e8s le lancement officiel des travaux, la RN29, reliant Manga \u00e0 Zabr\u00e9, a \u00e9t\u00e9 inaugur\u00e9e le 24 avril 2021. La [&hellip;]<\/p>\n","protected":false},"author":82,"featured_media":10557,"comment_status":"open","ping_status":"closed","sticky":false,"template":"","format":"standard","meta":{"footnotes":""},"categories":[3,11,10],"tags":[111,725,29],"class_list":["post-10558","post","type-post","status-publish","format-standard","has-post-thumbnail","hentry","category-economie","category-homepage-french","category-toutes-les-actualites","tag-africa-press","tag-africa-press-burkina-faso","tag-burkina-faso"],"yoast_head":"<!-- This site is optimized with the Yoast SEO Premium plugin v26.1 (Yoast SEO v27.0) - https:\/\/yoast.com\/product\/yoast-seo-premium-wordpress\/ -->\n<title>Infrastructures au Burkina Faso : La route Manga-Zabr\u00e9 inaugur\u00e9e - Burkina Faso<\/title>\n<meta name=\"description\" content=\"Longue d\u2019environ 79 Km, la route nationale num\u00e9ro 29 ( RN29) a \u00e9t\u00e9 inaugur\u00e9e officiellement ce samedi 24 avril 2021 par ...\" \/>\n<meta name=\"robots\" content=\"index, follow, max-snippet:-1, max-image-preview:large, max-video-preview:-1\" \/>\n<link rel=\"canonical\" href=\"https:\/\/www.africa-press.net\/burkina-faso\/economie\/infrastructures-au-burkina-faso-la-route-manga-zabre-inauguree\" \/>\n<meta property=\"og:locale\" content=\"fr_FR\" \/>\n<meta property=\"og:type\" content=\"article\" \/>\n<meta property=\"og:title\" content=\"Infrastructures au Burkina Faso : La route Manga-Zabr\u00e9 inaugur\u00e9e\" \/>\n<meta property=\"og:description\" content=\"Longue d\u2019environ 79 Km, la route nationale num\u00e9ro 29 ( RN29) a \u00e9t\u00e9 inaugur\u00e9e officiellement ce samedi 24 avril 2021 par ...\" \/>\n<meta property=\"og:url\" content=\"https:\/\/www.africa-press.net\/burkina-faso\/economie\/infrastructures-au-burkina-faso-la-route-manga-zabre-inauguree\" \/>\n<meta property=\"og:site_name\" content=\"Burkina Faso\" \/>\n<meta property=\"article:published_time\" content=\"2021-04-25T12:57:37+00:00\" \/>\n<meta property=\"article:modified_time\" content=\"2021-04-25T14:35:05+00:00\" \/>\n<meta property=\"og:image\" content=\"https:\/\/static.africa-press.net\/burkina\/sites\/42\/2021\/04\/img-608566b5aaedd.jpg\" \/>\n\t<meta property=\"og:image:width\" content=\"1024\" \/>\n\t<meta property=\"og:image:height\" content=\"461\" \/>\n\t<meta property=\"og:image:type\" content=\"image\/jpeg\" \/>\n<meta name=\"author\" content=\"cfeditorfr\" \/>\n<meta name=\"twitter:card\" content=\"summary_large_image\" \/>\n<meta name=\"twitter:label1\" content=\"\u00c9crit par\" \/>\n\t<meta name=\"twitter:data1\" content=\"cfeditorfr\" \/>\n\t<meta name=\"twitter:label2\" content=\"Dur\u00e9e de lecture estim\u00e9e\" \/>\n\t<meta name=\"twitter:data2\" content=\"3 minutes\" \/>\n<script type=\"application\/ld+json\" class=\"yoast-schema-graph\">{\"@context\":\"https:\/\/schema.org\",\"@graph\":[{\"@type\":\"Article\",\"@id\":\"https:\/\/www.africa-press.net\/burkina-faso\/economie\/infrastructures-au-burkina-faso-la-route-manga-zabre-inauguree#article\",\"isPartOf\":{\"@id\":\"https:\/\/www.africa-press.net\/burkina-faso\/economie\/infrastructures-au-burkina-faso-la-route-manga-zabre-inauguree\"},\"author\":{\"name\":\"cfeditorfr\",\"@id\":\"https:\/\/www.africa-press.net\/burkina-faso\/#\/schema\/person\/2b1cf3cd81a31e3cd26889ca66d677f1\"},\"headline\":\"Infrastructures au Burkina Faso : La route Manga-Zabr\u00e9 inaugur\u00e9e\",\"datePublished\":\"2021-04-25T12:57:37+00:00\",\"dateModified\":\"2021-04-25T14:35:05+00:00\",\"mainEntityOfPage\":{\"@id\":\"https:\/\/www.africa-press.net\/burkina-faso\/economie\/infrastructures-au-burkina-faso-la-route-manga-zabre-inauguree\"},\"wordCount\":637,\"commentCount\":0,\"image\":{\"@id\":\"https:\/\/www.africa-press.net\/burkina-faso\/economie\/infrastructures-au-burkina-faso-la-route-manga-zabre-inauguree#primaryimage\"},\"thumbnailUrl\":\"https:\/\/static.africa-press.net\/burkina\/sites\/42\/2021\/04\/img-608566b5aaedd.jpg\",\"keywords\":[\"Africa Press\",\"Africa Press-Burkina Faso\",\"Burkina Faso\"],\"articleSection\":[\"\u00c9conomie\",\"homepage-french\",\"Toutes les actualit\u00e9s\"],\"inLanguage\":\"fr-FR\",\"potentialAction\":[{\"@type\":\"CommentAction\",\"name\":\"Comment\",\"target\":[\"https:\/\/www.africa-press.net\/burkina-faso\/economie\/infrastructures-au-burkina-faso-la-route-manga-zabre-inauguree#respond\"]}]},{\"@type\":\"WebPage\",\"@id\":\"https:\/\/www.africa-press.net\/burkina-faso\/economie\/infrastructures-au-burkina-faso-la-route-manga-zabre-inauguree\",\"url\":\"https:\/\/www.africa-press.net\/burkina-faso\/economie\/infrastructures-au-burkina-faso-la-route-manga-zabre-inauguree\",\"name\":\"Infrastructures au Burkina Faso : La route Manga-Zabr\u00e9 inaugur\u00e9e - Burkina Faso\",\"isPartOf\":{\"@id\":\"https:\/\/www.africa-press.net\/burkina-faso\/#website\"},\"primaryImageOfPage\":{\"@id\":\"https:\/\/www.africa-press.net\/burkina-faso\/economie\/infrastructures-au-burkina-faso-la-route-manga-zabre-inauguree#primaryimage\"},\"image\":{\"@id\":\"https:\/\/www.africa-press.net\/burkina-faso\/economie\/infrastructures-au-burkina-faso-la-route-manga-zabre-inauguree#primaryimage\"},\"thumbnailUrl\":\"https:\/\/static.africa-press.net\/burkina\/sites\/42\/2021\/04\/img-608566b5aaedd.jpg\",\"datePublished\":\"2021-04-25T12:57:37+00:00\",\"dateModified\":\"2021-04-25T14:35:05+00:00\",\"author\":{\"@id\":\"https:\/\/www.africa-press.net\/burkina-faso\/#\/schema\/person\/2b1cf3cd81a31e3cd26889ca66d677f1\"},\"description\":\"Longue d\u2019environ 79 Km, la route nationale num\u00e9ro 29 ( RN29) a \u00e9t\u00e9 inaugur\u00e9e officiellement ce samedi 24 avril 2021 par ...\",\"breadcrumb\":{\"@id\":\"https:\/\/www.africa-press.net\/burkina-faso\/economie\/infrastructures-au-burkina-faso-la-route-manga-zabre-inauguree#breadcrumb\"},\"inLanguage\":\"fr-FR\",\"potentialAction\":[{\"@type\":\"ReadAction\",\"target\":[\"https:\/\/www.africa-press.net\/burkina-faso\/economie\/infrastructures-au-burkina-faso-la-route-manga-zabre-inauguree\"]}]},{\"@type\":\"ImageObject\",\"inLanguage\":\"fr-FR\",\"@id\":\"https:\/\/www.africa-press.net\/burkina-faso\/economie\/infrastructures-au-burkina-faso-la-route-manga-zabre-inauguree#primaryimage\",\"url\":\"https:\/\/static.africa-press.net\/burkina\/sites\/42\/2021\/04\/img-608566b5aaedd.jpg\",\"contentUrl\":\"https:\/\/static.africa-press.net\/burkina\/sites\/42\/2021\/04\/img-608566b5aaedd.jpg\",\"width\":1024,\"height\":461,\"caption\":\"Infrastructures au Burkina Faso : La route Manga-Zabr\u00e9 inaugur\u00e9e\"},{\"@type\":\"BreadcrumbList\",\"@id\":\"https:\/\/www.africa-press.net\/burkina-faso\/economie\/infrastructures-au-burkina-faso-la-route-manga-zabre-inauguree#breadcrumb\",\"itemListElement\":[{\"@type\":\"ListItem\",\"position\":1,\"name\":\"Accueil\",\"item\":\"https:\/\/www.africa-press.net\/burkina-faso\/\"},{\"@type\":\"ListItem\",\"position\":2,\"name\":\"Infrastructures au Burkina Faso : La route Manga-Zabr\u00e9 inaugur\u00e9e\"}]},{\"@type\":\"WebSite\",\"@id\":\"https:\/\/www.africa-press.net\/burkina-faso\/#website\",\"url\":\"https:\/\/www.africa-press.net\/burkina-faso\/\",\"name\":\"Burkina Faso\",\"description\":\"Just another Africa News Agency Sites site\",\"potentialAction\":[{\"@type\":\"SearchAction\",\"target\":{\"@type\":\"EntryPoint\",\"urlTemplate\":\"https:\/\/www.africa-press.net\/burkina-faso\/?s={search_term_string}\"},\"query-input\":{\"@type\":\"PropertyValueSpecification\",\"valueRequired\":true,\"valueName\":\"search_term_string\"}}],\"inLanguage\":\"fr-FR\"},{\"@type\":\"Person\",\"@id\":\"https:\/\/www.africa-press.net\/burkina-faso\/#\/schema\/person\/2b1cf3cd81a31e3cd26889ca66d677f1\",\"name\":\"cfeditorfr\"}]}<\/script>\n<!-- \/ Yoast SEO Premium plugin. -->","yoast_head_json":{"title":"Infrastructures au Burkina Faso : La route Manga-Zabr\u00e9 inaugur\u00e9e - Burkina Faso","description":"Longue d\u2019environ 79 Km, la route nationale num\u00e9ro 29 ( RN29) a \u00e9t\u00e9 inaugur\u00e9e officiellement ce samedi 24 avril 2021 par ...","robots":{"index":"index","follow":"follow","max-snippet":"max-snippet:-1","max-image-preview":"max-image-preview:large","max-video-preview":"max-video-preview:-1"},"canonical":"https:\/\/www.africa-press.net\/burkina-faso\/economie\/infrastructures-au-burkina-faso-la-route-manga-zabre-inauguree","og_locale":"fr_FR","og_type":"article","og_title":"Infrastructures au Burkina Faso : La route Manga-Zabr\u00e9 inaugur\u00e9e","og_description":"Longue d\u2019environ 79 Km, la route nationale num\u00e9ro 29 ( RN29) a \u00e9t\u00e9 inaugur\u00e9e officiellement ce samedi 24 avril 2021 par ...","og_url":"https:\/\/www.africa-press.net\/burkina-faso\/economie\/infrastructures-au-burkina-faso-la-route-manga-zabre-inauguree","og_site_name":"Burkina Faso","article_published_time":"2021-04-25T12:57:37+00:00","article_modified_time":"2021-04-25T14:35:05+00:00","og_image":[{"width":1024,"height":461,"url":"https:\/\/static.africa-press.net\/burkina\/sites\/42\/2021\/04\/img-608566b5aaedd.jpg","type":"image\/jpeg"}],"author":"cfeditorfr","twitter_card":"summary_large_image","twitter_misc":{"\u00c9crit par":"cfeditorfr","Dur\u00e9e de lecture estim\u00e9e":"3 minutes"},"schema":{"@context":"https:\/\/schema.org","@graph":[{"@type":"Article","@id":"https:\/\/www.africa-press.net\/burkina-faso\/economie\/infrastructures-au-burkina-faso-la-route-manga-zabre-inauguree#article","isPartOf":{"@id":"https:\/\/www.africa-press.net\/burkina-faso\/economie\/infrastructures-au-burkina-faso-la-route-manga-zabre-inauguree"},"author":{"name":"cfeditorfr","@id":"https:\/\/www.africa-press.net\/burkina-faso\/#\/schema\/person\/2b1cf3cd81a31e3cd26889ca66d677f1"},"headline":"Infrastructures au Burkina Faso : La route Manga-Zabr\u00e9 inaugur\u00e9e","datePublished":"2021-04-25T12:57:37+00:00","dateModified":"2021-04-25T14:35:05+00:00","mainEntityOfPage":{"@id":"https:\/\/www.africa-press.net\/burkina-faso\/economie\/infrastructures-au-burkina-faso-la-route-manga-zabre-inauguree"},"wordCount":637,"commentCount":0,"image":{"@id":"https:\/\/www.africa-press.net\/burkina-faso\/economie\/infrastructures-au-burkina-faso-la-route-manga-zabre-inauguree#primaryimage"},"thumbnailUrl":"https:\/\/static.africa-press.net\/burkina\/sites\/42\/2021\/04\/img-608566b5aaedd.jpg","keywords":["Africa Press","Africa Press-Burkina Faso","Burkina Faso"],"articleSection":["\u00c9conomie","homepage-french","Toutes les actualit\u00e9s"],"inLanguage":"fr-FR","potentialAction":[{"@type":"CommentAction","name":"Comment","target":["https:\/\/www.africa-press.net\/burkina-faso\/economie\/infrastructures-au-burkina-faso-la-route-manga-zabre-inauguree#respond"]}]},{"@type":"WebPage","@id":"https:\/\/www.africa-press.net\/burkina-faso\/economie\/infrastructures-au-burkina-faso-la-route-manga-zabre-inauguree","url":"https:\/\/www.africa-press.net\/burkina-faso\/economie\/infrastructures-au-burkina-faso-la-route-manga-zabre-inauguree","name":"Infrastructures au Burkina Faso : La route Manga-Zabr\u00e9 inaugur\u00e9e - Burkina Faso","isPartOf":{"@id":"https:\/\/www.africa-press.net\/burkina-faso\/#website"},"primaryImageOfPage":{"@id":"https:\/\/www.africa-press.net\/burkina-faso\/economie\/infrastructures-au-burkina-faso-la-route-manga-zabre-inauguree#primaryimage"},"image":{"@id":"https:\/\/www.africa-press.net\/burkina-faso\/economie\/infrastructures-au-burkina-faso-la-route-manga-zabre-inauguree#primaryimage"},"thumbnailUrl":"https:\/\/static.africa-press.net\/burkina\/sites\/42\/2021\/04\/img-608566b5aaedd.jpg","datePublished":"2021-04-25T12:57:37+00:00","dateModified":"2021-04-25T14:35:05+00:00","author":{"@id":"https:\/\/www.africa-press.net\/burkina-faso\/#\/schema\/person\/2b1cf3cd81a31e3cd26889ca66d677f1"},"description":"Longue d\u2019environ 79 Km, la route nationale num\u00e9ro 29 ( RN29) a \u00e9t\u00e9 inaugur\u00e9e officiellement ce samedi 24 avril 2021 par ...","breadcrumb":{"@id":"https:\/\/www.africa-press.net\/burkina-faso\/economie\/infrastructures-au-burkina-faso-la-route-manga-zabre-inauguree#breadcrumb"},"inLanguage":"fr-FR","potentialAction":[{"@type":"ReadAction","target":["https:\/\/www.africa-press.net\/burkina-faso\/economie\/infrastructures-au-burkina-faso-la-route-manga-zabre-inauguree"]}]},{"@type":"ImageObject","inLanguage":"fr-FR","@id":"https:\/\/www.africa-press.net\/burkina-faso\/economie\/infrastructures-au-burkina-faso-la-route-manga-zabre-inauguree#primaryimage","url":"https:\/\/static.africa-press.net\/burkina\/sites\/42\/2021\/04\/img-608566b5aaedd.jpg","contentUrl":"https:\/\/static.africa-press.net\/burkina\/sites\/42\/2021\/04\/img-608566b5aaedd.jpg","width":1024,"height":461,"caption":"Infrastructures au Burkina Faso : La route Manga-Zabr\u00e9 inaugur\u00e9e"},{"@type":"BreadcrumbList","@id":"https:\/\/www.africa-press.net\/burkina-faso\/economie\/infrastructures-au-burkina-faso-la-route-manga-zabre-inauguree#breadcrumb","itemListElement":[{"@type":"ListItem","position":1,"name":"Accueil","item":"https:\/\/www.africa-press.net\/burkina-faso\/"},{"@type":"ListItem","position":2,"name":"Infrastructures au Burkina Faso : La route Manga-Zabr\u00e9 inaugur\u00e9e"}]},{"@type":"WebSite","@id":"https:\/\/www.africa-press.net\/burkina-faso\/#website","url":"https:\/\/www.africa-press.net\/burkina-faso\/","name":"Burkina Faso","description":"Just another Africa News Agency Sites site","potentialAction":[{"@type":"SearchAction","target":{"@type":"EntryPoint","urlTemplate":"https:\/\/www.africa-press.net\/burkina-faso\/?s={search_term_string}"},"query-input":{"@type":"PropertyValueSpecification","valueRequired":true,"valueName":"search_term_string"}}],"inLanguage":"fr-FR"},{"@type":"Person","@id":"https:\/\/www.africa-press.net\/burkina-faso\/#\/schema\/person\/2b1cf3cd81a31e3cd26889ca66d677f1","name":"cfeditorfr"}]}},"_links":{"self":[{"href":"https:\/\/www.africa-press.net\/burkina-faso\/wp-json\/wp\/v2\/posts\/10558","targetHints":{"allow":["GET"]}}],"collection":[{"href":"https:\/\/www.africa-press.net\/burkina-faso\/wp-json\/wp\/v2\/posts"}],"about":[{"href":"https:\/\/www.africa-press.net\/burkina-faso\/wp-json\/wp\/v2\/types\/post"}],"author":[{"embeddable":true,"href":"https:\/\/www.africa-press.net\/burkina-faso\/wp-json\/wp\/v2\/users\/82"}],"replies":[{"embeddable":true,"href":"https:\/\/www.africa-press.net\/burkina-faso\/wp-json\/wp\/v2\/comments?post=10558"}],"version-history":[{"count":0,"href":"https:\/\/www.africa-press.net\/burkina-faso\/wp-json\/wp\/v2\/posts\/10558\/revisions"}],"wp:featuredmedia":[{"embeddable":true,"href":"https:\/\/www.africa-press.net\/burkina-faso\/wp-json\/wp\/v2\/media\/10557"}],"wp:attachment":[{"href":"https:\/\/www.africa-press.net\/burkina-faso\/wp-json\/wp\/v2\/media?parent=10558"}],"wp:term":[{"taxonomy":"category","embeddable":true,"href":"https:\/\/www.africa-press.net\/burkina-faso\/wp-json\/wp\/v2\/categories?post=10558"},{"taxonomy":"post_tag","embeddable":true,"href":"https:\/\/www.africa-press.net\/burkina-faso\/wp-json\/wp\/v2\/tags?post=10558"}],"curies":[{"name":"wp","href":"https:\/\/api.w.org\/{rel}","templated":true}]}}