{"id":10561,"date":"2021-04-25T13:05:53","date_gmt":"2021-04-25T13:05:53","guid":{"rendered":"https:\/\/www.africa-press.net\/burkina-faso\/?p=10561"},"modified":"2021-04-25T14:34:57","modified_gmt":"2021-04-25T14:34:57","slug":"gorgadji-dans-le-seno-un-soutien-moral-aux-familles-des-vdp-tombes-au-front","status":"publish","type":"post","link":"https:\/\/www.africa-press.net\/burkina-faso\/toutes-les-actualites\/gorgadji-dans-le-seno-un-soutien-moral-aux-familles-des-vdp-tombes-au-front","title":{"rendered":"Gorgadji dans le S\u00e9no : Un soutien moral aux familles des VDP tomb\u00e9s au front"},"content":{"rendered":"<p><span style=\"color: #ff6600\"><strong><a href=\"https:\/\/www.africa-press.net\/\">Africa-Press<\/a> &#8211; <a href=\"https:\/\/www.africa-press.net\/burkina-faso\">Burkina Faso<\/a>. <\/strong><\/span>Le haut-commissaire de la province du S\u00e9no, accompagn\u00e9 du onzi\u00e8me RIC de Dori et la compagnie de la gendarmerie, est all\u00e9 ce vendredi 23 avril 2021 \u00e0 Gorgadji, une localit\u00e9 situ\u00e9e \u00e0 une cinquantaine de kilom\u00e8tre de Dori. L\u2019objet \u00e9tait d\u2019apporter un soutien moral aux familles des VDP (Volontaires pour la d\u00e9fense de la patrie) qui sont morts au front le 14 avril dernier.<\/p>\n<p>Le 14 avril 2021, les volontaires pour la d\u00e9fense de la patrie de la commune de Gorgadji sont tomb\u00e9s dans une embuscade. Ils perdent dix des leurs dans cette man\u0153uvre. Ce vendredi 23 avril, le haut-commissaire de la province du S\u00e9no, Maurice Konat\u00e9, s\u2019est rendu dans cette commune afin de pr\u00e9senter ses condol\u00e9ances, au nom du gouverneur de la r\u00e9gion du Sahel, aux familles des victimes tomb\u00e9es au front.<\/p>\n<p>En ce mois de Ramadan, Maurice Konat\u00e9 a saisi l\u2019occasion pour encourager les fid\u00e8les musulmans de cette localit\u00e9 pour un mois b\u00e9ni dans la coh\u00e9sion sociale et la paix. Apr\u00e8s cette s\u00e9rie de rencontres avec la population, Maurice Konat\u00e9 est all\u00e9 \u00e9galement encourager les \u00e9l\u00e9ments des forces de d\u00e9fense et de s\u00e9curit\u00e9 de Gorgadji qui sont principalement des gendarmes. \u00ab Vous faites un boulot tr\u00e8s noble sur le terrain. C\u2019est un devoir pour moi de venir vous encourager. Malgr\u00e9 les conditions difficiles vous \u00eates r\u00e9silients .Vous avez les encouragements du gouverneur et toute la population du Sahel \u00bb, a lanc\u00e9 le haut-commissaire du S\u00e9no \u00e0 l\u2019endroit des gendarmes de Gorgadji.<\/p>\n<p>Quant aux responsables de cette compagnie de la gendarmerie de Gorgadji, ils affirment que tout se passe bien en ce qui concerne la s\u00e9curisation. Cependant des zones d\u2019ombre restent toujours \u00e0 dans la lutte contre le terrorisme dans cette localit\u00e9 du Burkina. Ces zones d\u2019ombre sont entre autres la franche collaboration des populations avec les FDS.<\/p>\n<p>Selon ces responsables, certaines populations restent toujours r\u00e9ticentes quant \u00e0 la d\u00e9nonciation des actes ignobles, des personnes suspectes. Ce qui emp\u00eache, selon eux, de mener une lutte efficace sur le terrain, m\u00eame si l\u2019on constate une petite accalmie.<\/p>\n<p>De ce probl\u00e8me de collaboration, la compagnie a aussi signifi\u00e9 au haut-commissaire le probl\u00e8me de communication. Gorgadji est une zone o\u00f9 les r\u00e9seaux des t\u00e9l\u00e9phonies mobiles brillent par leur absence. C\u2019est par une note de satisfaction que Maurice Konat\u00e9 et sa d\u00e9l\u00e9gation ont pris cong\u00e9 des populations de Gorgadji et la compagnie de la gendarmerie.<\/p>\n<p><b>\u00a0<\/b><\/p>\n","protected":false},"excerpt":{"rendered":"<p>Africa-Press &#8211; Burkina Faso. Le haut-commissaire de la province du S\u00e9no, accompagn\u00e9 du onzi\u00e8me RIC de Dori et la compagnie de la gendarmerie, est all\u00e9 ce vendredi 23 avril 2021 \u00e0 Gorgadji, une localit\u00e9 situ\u00e9e \u00e0 une cinquantaine de kilom\u00e8tre de Dori. L\u2019objet \u00e9tait d\u2019apporter un soutien moral aux familles des VDP (Volontaires pour la [&hellip;]<\/p>\n","protected":false},"author":82,"featured_media":10560,"comment_status":"open","ping_status":"closed","sticky":false,"template":"","format":"standard","meta":{"footnotes":""},"categories":[21,11,10],"tags":[111,725,29],"class_list":["post-10561","post","type-post","status-publish","format-standard","has-post-thumbnail","hentry","category-communaute","category-homepage-french","category-toutes-les-actualites","tag-africa-press","tag-africa-press-burkina-faso","tag-burkina-faso"],"yoast_head":"<!-- This site is optimized with the Yoast SEO Premium plugin v26.1 (Yoast SEO v27.0) - https:\/\/yoast.com\/product\/yoast-seo-premium-wordpress\/ -->\n<title>Gorgadji dans le S\u00e9no : Un soutien moral aux familles des VDP tomb\u00e9s au front - Burkina Faso<\/title>\n<meta name=\"description\" content=\"Le haut-commissaire de la province du S\u00e9no, accompagn\u00e9 du onzi\u00e8me RIC de Dori et la compagnie de la gendarmerie, est all ...\" \/>\n<meta name=\"robots\" content=\"index, follow, max-snippet:-1, max-image-preview:large, max-video-preview:-1\" \/>\n<link rel=\"canonical\" href=\"https:\/\/www.africa-press.net\/burkina-faso\/toutes-les-actualites\/gorgadji-dans-le-seno-un-soutien-moral-aux-familles-des-vdp-tombes-au-front\" \/>\n<meta property=\"og:locale\" content=\"fr_FR\" \/>\n<meta property=\"og:type\" content=\"article\" \/>\n<meta property=\"og:title\" content=\"Gorgadji dans le S\u00e9no : Un soutien moral aux familles des VDP tomb\u00e9s au front\" \/>\n<meta property=\"og:description\" content=\"Le haut-commissaire de la province du S\u00e9no, accompagn\u00e9 du onzi\u00e8me RIC de Dori et la compagnie de la gendarmerie, est all ...\" \/>\n<meta property=\"og:url\" content=\"https:\/\/www.africa-press.net\/burkina-faso\/toutes-les-actualites\/gorgadji-dans-le-seno-un-soutien-moral-aux-familles-des-vdp-tombes-au-front\" \/>\n<meta property=\"og:site_name\" content=\"Burkina Faso\" \/>\n<meta property=\"article:published_time\" content=\"2021-04-25T13:05:53+00:00\" \/>\n<meta property=\"article:modified_time\" content=\"2021-04-25T14:34:57+00:00\" \/>\n<meta property=\"og:image\" content=\"https:\/\/static.africa-press.net\/burkina\/sites\/42\/2021\/04\/img-6085670219e5c.jpg\" \/>\n\t<meta property=\"og:image:width\" content=\"802\" \/>\n\t<meta property=\"og:image:height\" content=\"427\" \/>\n\t<meta property=\"og:image:type\" content=\"image\/jpeg\" \/>\n<meta name=\"author\" content=\"cfeditorfr\" \/>\n<meta name=\"twitter:card\" content=\"summary_large_image\" \/>\n<meta name=\"twitter:label1\" content=\"\u00c9crit par\" \/>\n\t<meta name=\"twitter:data1\" content=\"cfeditorfr\" \/>\n\t<meta name=\"twitter:label2\" content=\"Dur\u00e9e de lecture estim\u00e9e\" \/>\n\t<meta name=\"twitter:data2\" content=\"2 minutes\" \/>\n<script type=\"application\/ld+json\" class=\"yoast-schema-graph\">{\"@context\":\"https:\/\/schema.org\",\"@graph\":[{\"@type\":\"Article\",\"@id\":\"https:\/\/www.africa-press.net\/burkina-faso\/toutes-les-actualites\/gorgadji-dans-le-seno-un-soutien-moral-aux-familles-des-vdp-tombes-au-front#article\",\"isPartOf\":{\"@id\":\"https:\/\/www.africa-press.net\/burkina-faso\/toutes-les-actualites\/gorgadji-dans-le-seno-un-soutien-moral-aux-familles-des-vdp-tombes-au-front\"},\"author\":{\"name\":\"cfeditorfr\",\"@id\":\"https:\/\/www.africa-press.net\/burkina-faso\/#\/schema\/person\/2b1cf3cd81a31e3cd26889ca66d677f1\"},\"headline\":\"Gorgadji dans le S\u00e9no : Un soutien moral aux familles des VDP tomb\u00e9s au front\",\"datePublished\":\"2021-04-25T13:05:53+00:00\",\"dateModified\":\"2021-04-25T14:34:57+00:00\",\"mainEntityOfPage\":{\"@id\":\"https:\/\/www.africa-press.net\/burkina-faso\/toutes-les-actualites\/gorgadji-dans-le-seno-un-soutien-moral-aux-familles-des-vdp-tombes-au-front\"},\"wordCount\":445,\"commentCount\":0,\"image\":{\"@id\":\"https:\/\/www.africa-press.net\/burkina-faso\/toutes-les-actualites\/gorgadji-dans-le-seno-un-soutien-moral-aux-familles-des-vdp-tombes-au-front#primaryimage\"},\"thumbnailUrl\":\"https:\/\/static.africa-press.net\/burkina\/sites\/42\/2021\/04\/img-6085670219e5c.jpg\",\"keywords\":[\"Africa Press\",\"Africa Press-Burkina Faso\",\"Burkina Faso\"],\"articleSection\":[\"Communaut\u00e9\",\"homepage-french\",\"Toutes les actualit\u00e9s\"],\"inLanguage\":\"fr-FR\",\"potentialAction\":[{\"@type\":\"CommentAction\",\"name\":\"Comment\",\"target\":[\"https:\/\/www.africa-press.net\/burkina-faso\/toutes-les-actualites\/gorgadji-dans-le-seno-un-soutien-moral-aux-familles-des-vdp-tombes-au-front#respond\"]}]},{\"@type\":\"WebPage\",\"@id\":\"https:\/\/www.africa-press.net\/burkina-faso\/toutes-les-actualites\/gorgadji-dans-le-seno-un-soutien-moral-aux-familles-des-vdp-tombes-au-front\",\"url\":\"https:\/\/www.africa-press.net\/burkina-faso\/toutes-les-actualites\/gorgadji-dans-le-seno-un-soutien-moral-aux-familles-des-vdp-tombes-au-front\",\"name\":\"Gorgadji dans le S\u00e9no : Un soutien moral aux familles des VDP tomb\u00e9s au front - Burkina Faso\",\"isPartOf\":{\"@id\":\"https:\/\/www.africa-press.net\/burkina-faso\/#website\"},\"primaryImageOfPage\":{\"@id\":\"https:\/\/www.africa-press.net\/burkina-faso\/toutes-les-actualites\/gorgadji-dans-le-seno-un-soutien-moral-aux-familles-des-vdp-tombes-au-front#primaryimage\"},\"image\":{\"@id\":\"https:\/\/www.africa-press.net\/burkina-faso\/toutes-les-actualites\/gorgadji-dans-le-seno-un-soutien-moral-aux-familles-des-vdp-tombes-au-front#primaryimage\"},\"thumbnailUrl\":\"https:\/\/static.africa-press.net\/burkina\/sites\/42\/2021\/04\/img-6085670219e5c.jpg\",\"datePublished\":\"2021-04-25T13:05:53+00:00\",\"dateModified\":\"2021-04-25T14:34:57+00:00\",\"author\":{\"@id\":\"https:\/\/www.africa-press.net\/burkina-faso\/#\/schema\/person\/2b1cf3cd81a31e3cd26889ca66d677f1\"},\"description\":\"Le haut-commissaire de la province du S\u00e9no, accompagn\u00e9 du onzi\u00e8me RIC de Dori et la compagnie de la gendarmerie, est all ...\",\"breadcrumb\":{\"@id\":\"https:\/\/www.africa-press.net\/burkina-faso\/toutes-les-actualites\/gorgadji-dans-le-seno-un-soutien-moral-aux-familles-des-vdp-tombes-au-front#breadcrumb\"},\"inLanguage\":\"fr-FR\",\"potentialAction\":[{\"@type\":\"ReadAction\",\"target\":[\"https:\/\/www.africa-press.net\/burkina-faso\/toutes-les-actualites\/gorgadji-dans-le-seno-un-soutien-moral-aux-familles-des-vdp-tombes-au-front\"]}]},{\"@type\":\"ImageObject\",\"inLanguage\":\"fr-FR\",\"@id\":\"https:\/\/www.africa-press.net\/burkina-faso\/toutes-les-actualites\/gorgadji-dans-le-seno-un-soutien-moral-aux-familles-des-vdp-tombes-au-front#primaryimage\",\"url\":\"https:\/\/static.africa-press.net\/burkina\/sites\/42\/2021\/04\/img-6085670219e5c.jpg\",\"contentUrl\":\"https:\/\/static.africa-press.net\/burkina\/sites\/42\/2021\/04\/img-6085670219e5c.jpg\",\"width\":802,\"height\":427,\"caption\":\"Gorgadji dans le S\u00e9no : Un soutien moral aux familles des VDP tomb\u00e9s au front\"},{\"@type\":\"BreadcrumbList\",\"@id\":\"https:\/\/www.africa-press.net\/burkina-faso\/toutes-les-actualites\/gorgadji-dans-le-seno-un-soutien-moral-aux-familles-des-vdp-tombes-au-front#breadcrumb\",\"itemListElement\":[{\"@type\":\"ListItem\",\"position\":1,\"name\":\"Accueil\",\"item\":\"https:\/\/www.africa-press.net\/burkina-faso\/\"},{\"@type\":\"ListItem\",\"position\":2,\"name\":\"Gorgadji dans le S\u00e9no : Un soutien moral aux familles des VDP tomb\u00e9s au front\"}]},{\"@type\":\"WebSite\",\"@id\":\"https:\/\/www.africa-press.net\/burkina-faso\/#website\",\"url\":\"https:\/\/www.africa-press.net\/burkina-faso\/\",\"name\":\"Burkina Faso\",\"description\":\"Just another Africa News Agency Sites site\",\"potentialAction\":[{\"@type\":\"SearchAction\",\"target\":{\"@type\":\"EntryPoint\",\"urlTemplate\":\"https:\/\/www.africa-press.net\/burkina-faso\/?s={search_term_string}\"},\"query-input\":{\"@type\":\"PropertyValueSpecification\",\"valueRequired\":true,\"valueName\":\"search_term_string\"}}],\"inLanguage\":\"fr-FR\"},{\"@type\":\"Person\",\"@id\":\"https:\/\/www.africa-press.net\/burkina-faso\/#\/schema\/person\/2b1cf3cd81a31e3cd26889ca66d677f1\",\"name\":\"cfeditorfr\"}]}<\/script>\n<!-- \/ Yoast SEO Premium plugin. -->","yoast_head_json":{"title":"Gorgadji dans le S\u00e9no : Un soutien moral aux familles des VDP tomb\u00e9s au front - Burkina Faso","description":"Le haut-commissaire de la province du S\u00e9no, accompagn\u00e9 du onzi\u00e8me RIC de Dori et la compagnie de la gendarmerie, est all ...","robots":{"index":"index","follow":"follow","max-snippet":"max-snippet:-1","max-image-preview":"max-image-preview:large","max-video-preview":"max-video-preview:-1"},"canonical":"https:\/\/www.africa-press.net\/burkina-faso\/toutes-les-actualites\/gorgadji-dans-le-seno-un-soutien-moral-aux-familles-des-vdp-tombes-au-front","og_locale":"fr_FR","og_type":"article","og_title":"Gorgadji dans le S\u00e9no : Un soutien moral aux familles des VDP tomb\u00e9s au front","og_description":"Le haut-commissaire de la province du S\u00e9no, accompagn\u00e9 du onzi\u00e8me RIC de Dori et la compagnie de la gendarmerie, est all ...","og_url":"https:\/\/www.africa-press.net\/burkina-faso\/toutes-les-actualites\/gorgadji-dans-le-seno-un-soutien-moral-aux-familles-des-vdp-tombes-au-front","og_site_name":"Burkina Faso","article_published_time":"2021-04-25T13:05:53+00:00","article_modified_time":"2021-04-25T14:34:57+00:00","og_image":[{"width":802,"height":427,"url":"https:\/\/static.africa-press.net\/burkina\/sites\/42\/2021\/04\/img-6085670219e5c.jpg","type":"image\/jpeg"}],"author":"cfeditorfr","twitter_card":"summary_large_image","twitter_misc":{"\u00c9crit par":"cfeditorfr","Dur\u00e9e de lecture estim\u00e9e":"2 minutes"},"schema":{"@context":"https:\/\/schema.org","@graph":[{"@type":"Article","@id":"https:\/\/www.africa-press.net\/burkina-faso\/toutes-les-actualites\/gorgadji-dans-le-seno-un-soutien-moral-aux-familles-des-vdp-tombes-au-front#article","isPartOf":{"@id":"https:\/\/www.africa-press.net\/burkina-faso\/toutes-les-actualites\/gorgadji-dans-le-seno-un-soutien-moral-aux-familles-des-vdp-tombes-au-front"},"author":{"name":"cfeditorfr","@id":"https:\/\/www.africa-press.net\/burkina-faso\/#\/schema\/person\/2b1cf3cd81a31e3cd26889ca66d677f1"},"headline":"Gorgadji dans le S\u00e9no : Un soutien moral aux familles des VDP tomb\u00e9s au front","datePublished":"2021-04-25T13:05:53+00:00","dateModified":"2021-04-25T14:34:57+00:00","mainEntityOfPage":{"@id":"https:\/\/www.africa-press.net\/burkina-faso\/toutes-les-actualites\/gorgadji-dans-le-seno-un-soutien-moral-aux-familles-des-vdp-tombes-au-front"},"wordCount":445,"commentCount":0,"image":{"@id":"https:\/\/www.africa-press.net\/burkina-faso\/toutes-les-actualites\/gorgadji-dans-le-seno-un-soutien-moral-aux-familles-des-vdp-tombes-au-front#primaryimage"},"thumbnailUrl":"https:\/\/static.africa-press.net\/burkina\/sites\/42\/2021\/04\/img-6085670219e5c.jpg","keywords":["Africa Press","Africa Press-Burkina Faso","Burkina Faso"],"articleSection":["Communaut\u00e9","homepage-french","Toutes les actualit\u00e9s"],"inLanguage":"fr-FR","potentialAction":[{"@type":"CommentAction","name":"Comment","target":["https:\/\/www.africa-press.net\/burkina-faso\/toutes-les-actualites\/gorgadji-dans-le-seno-un-soutien-moral-aux-familles-des-vdp-tombes-au-front#respond"]}]},{"@type":"WebPage","@id":"https:\/\/www.africa-press.net\/burkina-faso\/toutes-les-actualites\/gorgadji-dans-le-seno-un-soutien-moral-aux-familles-des-vdp-tombes-au-front","url":"https:\/\/www.africa-press.net\/burkina-faso\/toutes-les-actualites\/gorgadji-dans-le-seno-un-soutien-moral-aux-familles-des-vdp-tombes-au-front","name":"Gorgadji dans le S\u00e9no : Un soutien moral aux familles des VDP tomb\u00e9s au front - Burkina Faso","isPartOf":{"@id":"https:\/\/www.africa-press.net\/burkina-faso\/#website"},"primaryImageOfPage":{"@id":"https:\/\/www.africa-press.net\/burkina-faso\/toutes-les-actualites\/gorgadji-dans-le-seno-un-soutien-moral-aux-familles-des-vdp-tombes-au-front#primaryimage"},"image":{"@id":"https:\/\/www.africa-press.net\/burkina-faso\/toutes-les-actualites\/gorgadji-dans-le-seno-un-soutien-moral-aux-familles-des-vdp-tombes-au-front#primaryimage"},"thumbnailUrl":"https:\/\/static.africa-press.net\/burkina\/sites\/42\/2021\/04\/img-6085670219e5c.jpg","datePublished":"2021-04-25T13:05:53+00:00","dateModified":"2021-04-25T14:34:57+00:00","author":{"@id":"https:\/\/www.africa-press.net\/burkina-faso\/#\/schema\/person\/2b1cf3cd81a31e3cd26889ca66d677f1"},"description":"Le haut-commissaire de la province du S\u00e9no, accompagn\u00e9 du onzi\u00e8me RIC de Dori et la compagnie de la gendarmerie, est all ...","breadcrumb":{"@id":"https:\/\/www.africa-press.net\/burkina-faso\/toutes-les-actualites\/gorgadji-dans-le-seno-un-soutien-moral-aux-familles-des-vdp-tombes-au-front#breadcrumb"},"inLanguage":"fr-FR","potentialAction":[{"@type":"ReadAction","target":["https:\/\/www.africa-press.net\/burkina-faso\/toutes-les-actualites\/gorgadji-dans-le-seno-un-soutien-moral-aux-familles-des-vdp-tombes-au-front"]}]},{"@type":"ImageObject","inLanguage":"fr-FR","@id":"https:\/\/www.africa-press.net\/burkina-faso\/toutes-les-actualites\/gorgadji-dans-le-seno-un-soutien-moral-aux-familles-des-vdp-tombes-au-front#primaryimage","url":"https:\/\/static.africa-press.net\/burkina\/sites\/42\/2021\/04\/img-6085670219e5c.jpg","contentUrl":"https:\/\/static.africa-press.net\/burkina\/sites\/42\/2021\/04\/img-6085670219e5c.jpg","width":802,"height":427,"caption":"Gorgadji dans le S\u00e9no : Un soutien moral aux familles des VDP tomb\u00e9s au front"},{"@type":"BreadcrumbList","@id":"https:\/\/www.africa-press.net\/burkina-faso\/toutes-les-actualites\/gorgadji-dans-le-seno-un-soutien-moral-aux-familles-des-vdp-tombes-au-front#breadcrumb","itemListElement":[{"@type":"ListItem","position":1,"name":"Accueil","item":"https:\/\/www.africa-press.net\/burkina-faso\/"},{"@type":"ListItem","position":2,"name":"Gorgadji dans le S\u00e9no : Un soutien moral aux familles des VDP tomb\u00e9s au front"}]},{"@type":"WebSite","@id":"https:\/\/www.africa-press.net\/burkina-faso\/#website","url":"https:\/\/www.africa-press.net\/burkina-faso\/","name":"Burkina Faso","description":"Just another Africa News Agency Sites site","potentialAction":[{"@type":"SearchAction","target":{"@type":"EntryPoint","urlTemplate":"https:\/\/www.africa-press.net\/burkina-faso\/?s={search_term_string}"},"query-input":{"@type":"PropertyValueSpecification","valueRequired":true,"valueName":"search_term_string"}}],"inLanguage":"fr-FR"},{"@type":"Person","@id":"https:\/\/www.africa-press.net\/burkina-faso\/#\/schema\/person\/2b1cf3cd81a31e3cd26889ca66d677f1","name":"cfeditorfr"}]}},"_links":{"self":[{"href":"https:\/\/www.africa-press.net\/burkina-faso\/wp-json\/wp\/v2\/posts\/10561","targetHints":{"allow":["GET"]}}],"collection":[{"href":"https:\/\/www.africa-press.net\/burkina-faso\/wp-json\/wp\/v2\/posts"}],"about":[{"href":"https:\/\/www.africa-press.net\/burkina-faso\/wp-json\/wp\/v2\/types\/post"}],"author":[{"embeddable":true,"href":"https:\/\/www.africa-press.net\/burkina-faso\/wp-json\/wp\/v2\/users\/82"}],"replies":[{"embeddable":true,"href":"https:\/\/www.africa-press.net\/burkina-faso\/wp-json\/wp\/v2\/comments?post=10561"}],"version-history":[{"count":0,"href":"https:\/\/www.africa-press.net\/burkina-faso\/wp-json\/wp\/v2\/posts\/10561\/revisions"}],"wp:featuredmedia":[{"embeddable":true,"href":"https:\/\/www.africa-press.net\/burkina-faso\/wp-json\/wp\/v2\/media\/10560"}],"wp:attachment":[{"href":"https:\/\/www.africa-press.net\/burkina-faso\/wp-json\/wp\/v2\/media?parent=10561"}],"wp:term":[{"taxonomy":"category","embeddable":true,"href":"https:\/\/www.africa-press.net\/burkina-faso\/wp-json\/wp\/v2\/categories?post=10561"},{"taxonomy":"post_tag","embeddable":true,"href":"https:\/\/www.africa-press.net\/burkina-faso\/wp-json\/wp\/v2\/tags?post=10561"}],"curies":[{"name":"wp","href":"https:\/\/api.w.org\/{rel}","templated":true}]}}