{"id":10564,"date":"2021-04-25T13:13:50","date_gmt":"2021-04-25T13:13:50","guid":{"rendered":"https:\/\/www.africa-press.net\/burkina-faso\/?p=10564"},"modified":"2021-04-25T14:34:27","modified_gmt":"2021-04-25T14:34:27","slug":"pharmaciens-du-centre-le-bilan-des-activites-2020-juge-satisfaisant","status":"publish","type":"post","link":"https:\/\/www.africa-press.net\/burkina-faso\/toutes-les-actualites\/pharmaciens-du-centre-le-bilan-des-activites-2020-juge-satisfaisant","title":{"rendered":"Pharmaciens du Centre : Le bilan des activit\u00e9s 2020 jug\u00e9 \u00ab satisfaisant \u00bb"},"content":{"rendered":"<p><span style=\"color: #ff6600\"><strong><a href=\"https:\/\/www.africa-press.net\/\">Africa-Press<\/a> &#8211; <a href=\"https:\/\/www.africa-press.net\/burkina-faso\">Burkina Faso<\/a>. <\/strong><\/span>Le conseil r\u00e9gional de l\u2019Ordre des pharmaciens du Centre a tenu, ce jeudi 22 avril 2021, \u00e0 Ouagadougou, sa 1re Assembl\u00e9e g\u00e9n\u00e9rale ordinaire (AGO) de l\u2019ann\u00e9e 2021. Faire le bilan des activit\u00e9s de l\u2019ann\u00e9e \u00e9coul\u00e9e (2020) et pr\u00e9senter le plan d\u2019action de l\u2019ann\u00e9e en cours, tels sont les points inscrits \u00e0 l\u2019ordre du jour.<\/p>\n<p>Comme l\u2019explique Dr N\u00e9di\u00e9 Nao, pr\u00e9sident du conseil r\u00e9gional de l\u2019Ordre des pharmaciens du Centre, l\u2019Assembl\u00e9e g\u00e9n\u00e9rale ordinaire et statutaire se tient au moins deux fois dans l\u2019ann\u00e9e, et, \u00e0 chaque occasion, un th\u00e8me est d\u00e9velopp\u00e9 afin de permettre des \u00e9changes avec les pharmaciens de la r\u00e9gion ordinale du Centre par rapport \u00e0 la profession. Ainsi, pour cette 1re Assembl\u00e9e g\u00e9n\u00e9rale ordinaire (AGO) de l\u2019ann\u00e9e 2021, il a \u00e9t\u00e9 choisi comme th\u00e8me : \u00ab Groupement d\u2019int\u00e9r\u00eat \u00e9conomique et mutuelle des pharmaciens : d\u00e9fis et perspectives \u00bb.<\/p>\n<p>Des dires de Dr Nao, ce th\u00e8me a \u00e9t\u00e9 retenu au regard de l\u2019effectif des pharmaciens. \u00ab Vu l\u2019effectif des pharmaciens, on s\u2019est dit, si on se met ensemble, on pourra r\u00e9gler plein de choses. D\u2019o\u00f9 la cr\u00e9ation de la mutuelle qui va permettre de discuter avec les diff\u00e9rents partenaires au nom de la profession. \u00bb, a-t-il indiqu\u00e9.<\/p>\n<p>\u00ab L\u2019ann\u00e9e n\u2019a pas \u00e9t\u00e9 du tout facile, notamment avec la crise sanitaire qui a impact\u00e9 sur nos activit\u00e9s \u00bb, a confi\u00e9 Dr Nao dressant le bilan de 2020. Malgr\u00e9 cela, poursuit-il, nous avons pu r\u00e9aliser un certain nombre d\u2019activit\u00e9s qui \u00e9taient programm\u00e9es dans notre plan d\u2019action. A ce jour, d\u00e9clare-t-il, finalement, nous sommes autour de 70% d\u2019activit\u00e9s programm\u00e9es r\u00e9alis\u00e9es sans tenir compte des activit\u00e9s non programm\u00e9es du fait du contexte sanitaire. \u00ab Au regard du contexte, c\u2019est un bilan satisfaisant. \u00bb, a-t-il jug\u00e9.<\/p>\n<p>Pour 2021, \u00e0 en croire Dr Nao, il s\u2019agira d\u2019activit\u00e9s de routine et de celles de 2020 qui n\u2019ont pu \u00eatre tenues. Certaines activit\u00e9s, fait-il remarquer, ont d\u00e9j\u00e0 \u00e9t\u00e9 r\u00e9alis\u00e9es. Au nombre de ces derni\u00e8res, une session de formation sur la lutte contre le Covid-19 au Burkina Faso. Tambi Serge Pac\u00f4me Zongo<\/p>\n","protected":false},"excerpt":{"rendered":"<p>Africa-Press &#8211; Burkina Faso. Le conseil r\u00e9gional de l\u2019Ordre des pharmaciens du Centre a tenu, ce jeudi 22 avril 2021, \u00e0 Ouagadougou, sa 1re Assembl\u00e9e g\u00e9n\u00e9rale ordinaire (AGO) de l\u2019ann\u00e9e 2021. Faire le bilan des activit\u00e9s de l\u2019ann\u00e9e \u00e9coul\u00e9e (2020) et pr\u00e9senter le plan d\u2019action de l\u2019ann\u00e9e en cours, tels sont les points inscrits \u00e0 [&hellip;]<\/p>\n","protected":false},"author":82,"featured_media":10563,"comment_status":"open","ping_status":"closed","sticky":false,"template":"","format":"standard","meta":{"footnotes":""},"categories":[21,11,10],"tags":[111,725,29],"class_list":["post-10564","post","type-post","status-publish","format-standard","has-post-thumbnail","hentry","category-communaute","category-homepage-french","category-toutes-les-actualites","tag-africa-press","tag-africa-press-burkina-faso","tag-burkina-faso"],"yoast_head":"<!-- This site is optimized with the Yoast SEO Premium plugin v26.1 (Yoast SEO v27.0) - https:\/\/yoast.com\/product\/yoast-seo-premium-wordpress\/ -->\n<title>Pharmaciens du Centre : Le bilan des activit\u00e9s 2020 jug\u00e9 \u00ab satisfaisant \u00bb - Burkina Faso<\/title>\n<meta name=\"description\" content=\"Le conseil r\u00e9gional de l\u2019Ordre des pharmaciens du Centre a tenu, ce jeudi 22 avril 2021, \u00e0 Ouagadougou, sa 1re Assembl\u00e9e ...\" \/>\n<meta name=\"robots\" content=\"index, follow, max-snippet:-1, max-image-preview:large, max-video-preview:-1\" \/>\n<link rel=\"canonical\" href=\"https:\/\/www.africa-press.net\/burkina-faso\/toutes-les-actualites\/pharmaciens-du-centre-le-bilan-des-activites-2020-juge-satisfaisant\" \/>\n<meta property=\"og:locale\" content=\"fr_FR\" \/>\n<meta property=\"og:type\" content=\"article\" \/>\n<meta property=\"og:title\" content=\"Pharmaciens du Centre : Le bilan des activit\u00e9s 2020 jug\u00e9 \u00ab satisfaisant \u00bb\" \/>\n<meta property=\"og:description\" content=\"Le conseil r\u00e9gional de l\u2019Ordre des pharmaciens du Centre a tenu, ce jeudi 22 avril 2021, \u00e0 Ouagadougou, sa 1re Assembl\u00e9e ...\" \/>\n<meta property=\"og:url\" content=\"https:\/\/www.africa-press.net\/burkina-faso\/toutes-les-actualites\/pharmaciens-du-centre-le-bilan-des-activites-2020-juge-satisfaisant\" \/>\n<meta property=\"og:site_name\" content=\"Burkina Faso\" \/>\n<meta property=\"article:published_time\" content=\"2021-04-25T13:13:50+00:00\" \/>\n<meta property=\"article:modified_time\" content=\"2021-04-25T14:34:27+00:00\" \/>\n<meta property=\"og:image\" content=\"https:\/\/static.africa-press.net\/burkina\/sites\/42\/2021\/04\/img-6085673bb775e.jpg\" \/>\n\t<meta property=\"og:image:width\" content=\"960\" \/>\n\t<meta property=\"og:image:height\" content=\"540\" \/>\n\t<meta property=\"og:image:type\" content=\"image\/jpeg\" \/>\n<meta name=\"author\" content=\"cfeditorfr\" \/>\n<meta name=\"twitter:card\" content=\"summary_large_image\" \/>\n<meta name=\"twitter:label1\" content=\"\u00c9crit par\" \/>\n\t<meta name=\"twitter:data1\" content=\"cfeditorfr\" \/>\n\t<meta name=\"twitter:label2\" content=\"Dur\u00e9e de lecture estim\u00e9e\" \/>\n\t<meta name=\"twitter:data2\" content=\"2 minutes\" \/>\n<script type=\"application\/ld+json\" class=\"yoast-schema-graph\">{\"@context\":\"https:\/\/schema.org\",\"@graph\":[{\"@type\":\"Article\",\"@id\":\"https:\/\/www.africa-press.net\/burkina-faso\/toutes-les-actualites\/pharmaciens-du-centre-le-bilan-des-activites-2020-juge-satisfaisant#article\",\"isPartOf\":{\"@id\":\"https:\/\/www.africa-press.net\/burkina-faso\/toutes-les-actualites\/pharmaciens-du-centre-le-bilan-des-activites-2020-juge-satisfaisant\"},\"author\":{\"name\":\"cfeditorfr\",\"@id\":\"https:\/\/www.africa-press.net\/burkina-faso\/#\/schema\/person\/2b1cf3cd81a31e3cd26889ca66d677f1\"},\"headline\":\"Pharmaciens du Centre : Le bilan des activit\u00e9s 2020 jug\u00e9 \u00ab satisfaisant \u00bb\",\"datePublished\":\"2021-04-25T13:13:50+00:00\",\"dateModified\":\"2021-04-25T14:34:27+00:00\",\"mainEntityOfPage\":{\"@id\":\"https:\/\/www.africa-press.net\/burkina-faso\/toutes-les-actualites\/pharmaciens-du-centre-le-bilan-des-activites-2020-juge-satisfaisant\"},\"wordCount\":400,\"commentCount\":0,\"image\":{\"@id\":\"https:\/\/www.africa-press.net\/burkina-faso\/toutes-les-actualites\/pharmaciens-du-centre-le-bilan-des-activites-2020-juge-satisfaisant#primaryimage\"},\"thumbnailUrl\":\"https:\/\/static.africa-press.net\/burkina\/sites\/42\/2021\/04\/img-6085673bb775e.jpg\",\"keywords\":[\"Africa Press\",\"Africa Press-Burkina Faso\",\"Burkina Faso\"],\"articleSection\":[\"Communaut\u00e9\",\"homepage-french\",\"Toutes les actualit\u00e9s\"],\"inLanguage\":\"fr-FR\",\"potentialAction\":[{\"@type\":\"CommentAction\",\"name\":\"Comment\",\"target\":[\"https:\/\/www.africa-press.net\/burkina-faso\/toutes-les-actualites\/pharmaciens-du-centre-le-bilan-des-activites-2020-juge-satisfaisant#respond\"]}]},{\"@type\":\"WebPage\",\"@id\":\"https:\/\/www.africa-press.net\/burkina-faso\/toutes-les-actualites\/pharmaciens-du-centre-le-bilan-des-activites-2020-juge-satisfaisant\",\"url\":\"https:\/\/www.africa-press.net\/burkina-faso\/toutes-les-actualites\/pharmaciens-du-centre-le-bilan-des-activites-2020-juge-satisfaisant\",\"name\":\"Pharmaciens du Centre : Le bilan des activit\u00e9s 2020 jug\u00e9 \u00ab satisfaisant \u00bb - Burkina Faso\",\"isPartOf\":{\"@id\":\"https:\/\/www.africa-press.net\/burkina-faso\/#website\"},\"primaryImageOfPage\":{\"@id\":\"https:\/\/www.africa-press.net\/burkina-faso\/toutes-les-actualites\/pharmaciens-du-centre-le-bilan-des-activites-2020-juge-satisfaisant#primaryimage\"},\"image\":{\"@id\":\"https:\/\/www.africa-press.net\/burkina-faso\/toutes-les-actualites\/pharmaciens-du-centre-le-bilan-des-activites-2020-juge-satisfaisant#primaryimage\"},\"thumbnailUrl\":\"https:\/\/static.africa-press.net\/burkina\/sites\/42\/2021\/04\/img-6085673bb775e.jpg\",\"datePublished\":\"2021-04-25T13:13:50+00:00\",\"dateModified\":\"2021-04-25T14:34:27+00:00\",\"author\":{\"@id\":\"https:\/\/www.africa-press.net\/burkina-faso\/#\/schema\/person\/2b1cf3cd81a31e3cd26889ca66d677f1\"},\"description\":\"Le conseil r\u00e9gional de l\u2019Ordre des pharmaciens du Centre a tenu, ce jeudi 22 avril 2021, \u00e0 Ouagadougou, sa 1re Assembl\u00e9e ...\",\"breadcrumb\":{\"@id\":\"https:\/\/www.africa-press.net\/burkina-faso\/toutes-les-actualites\/pharmaciens-du-centre-le-bilan-des-activites-2020-juge-satisfaisant#breadcrumb\"},\"inLanguage\":\"fr-FR\",\"potentialAction\":[{\"@type\":\"ReadAction\",\"target\":[\"https:\/\/www.africa-press.net\/burkina-faso\/toutes-les-actualites\/pharmaciens-du-centre-le-bilan-des-activites-2020-juge-satisfaisant\"]}]},{\"@type\":\"ImageObject\",\"inLanguage\":\"fr-FR\",\"@id\":\"https:\/\/www.africa-press.net\/burkina-faso\/toutes-les-actualites\/pharmaciens-du-centre-le-bilan-des-activites-2020-juge-satisfaisant#primaryimage\",\"url\":\"https:\/\/static.africa-press.net\/burkina\/sites\/42\/2021\/04\/img-6085673bb775e.jpg\",\"contentUrl\":\"https:\/\/static.africa-press.net\/burkina\/sites\/42\/2021\/04\/img-6085673bb775e.jpg\",\"width\":960,\"height\":540,\"caption\":\"Pharmaciens du Centre : Le bilan des activit\u00e9s 2020 jug\u00e9 \u00ab satisfaisant \u00bb\"},{\"@type\":\"BreadcrumbList\",\"@id\":\"https:\/\/www.africa-press.net\/burkina-faso\/toutes-les-actualites\/pharmaciens-du-centre-le-bilan-des-activites-2020-juge-satisfaisant#breadcrumb\",\"itemListElement\":[{\"@type\":\"ListItem\",\"position\":1,\"name\":\"Accueil\",\"item\":\"https:\/\/www.africa-press.net\/burkina-faso\/\"},{\"@type\":\"ListItem\",\"position\":2,\"name\":\"Pharmaciens du Centre : Le bilan des activit\u00e9s 2020 jug\u00e9 \u00ab satisfaisant \u00bb\"}]},{\"@type\":\"WebSite\",\"@id\":\"https:\/\/www.africa-press.net\/burkina-faso\/#website\",\"url\":\"https:\/\/www.africa-press.net\/burkina-faso\/\",\"name\":\"Burkina Faso\",\"description\":\"Just another Africa News Agency Sites site\",\"potentialAction\":[{\"@type\":\"SearchAction\",\"target\":{\"@type\":\"EntryPoint\",\"urlTemplate\":\"https:\/\/www.africa-press.net\/burkina-faso\/?s={search_term_string}\"},\"query-input\":{\"@type\":\"PropertyValueSpecification\",\"valueRequired\":true,\"valueName\":\"search_term_string\"}}],\"inLanguage\":\"fr-FR\"},{\"@type\":\"Person\",\"@id\":\"https:\/\/www.africa-press.net\/burkina-faso\/#\/schema\/person\/2b1cf3cd81a31e3cd26889ca66d677f1\",\"name\":\"cfeditorfr\"}]}<\/script>\n<!-- \/ Yoast SEO Premium plugin. -->","yoast_head_json":{"title":"Pharmaciens du Centre : Le bilan des activit\u00e9s 2020 jug\u00e9 \u00ab satisfaisant \u00bb - Burkina Faso","description":"Le conseil r\u00e9gional de l\u2019Ordre des pharmaciens du Centre a tenu, ce jeudi 22 avril 2021, \u00e0 Ouagadougou, sa 1re Assembl\u00e9e ...","robots":{"index":"index","follow":"follow","max-snippet":"max-snippet:-1","max-image-preview":"max-image-preview:large","max-video-preview":"max-video-preview:-1"},"canonical":"https:\/\/www.africa-press.net\/burkina-faso\/toutes-les-actualites\/pharmaciens-du-centre-le-bilan-des-activites-2020-juge-satisfaisant","og_locale":"fr_FR","og_type":"article","og_title":"Pharmaciens du Centre : Le bilan des activit\u00e9s 2020 jug\u00e9 \u00ab satisfaisant \u00bb","og_description":"Le conseil r\u00e9gional de l\u2019Ordre des pharmaciens du Centre a tenu, ce jeudi 22 avril 2021, \u00e0 Ouagadougou, sa 1re Assembl\u00e9e ...","og_url":"https:\/\/www.africa-press.net\/burkina-faso\/toutes-les-actualites\/pharmaciens-du-centre-le-bilan-des-activites-2020-juge-satisfaisant","og_site_name":"Burkina Faso","article_published_time":"2021-04-25T13:13:50+00:00","article_modified_time":"2021-04-25T14:34:27+00:00","og_image":[{"width":960,"height":540,"url":"https:\/\/static.africa-press.net\/burkina\/sites\/42\/2021\/04\/img-6085673bb775e.jpg","type":"image\/jpeg"}],"author":"cfeditorfr","twitter_card":"summary_large_image","twitter_misc":{"\u00c9crit par":"cfeditorfr","Dur\u00e9e de lecture estim\u00e9e":"2 minutes"},"schema":{"@context":"https:\/\/schema.org","@graph":[{"@type":"Article","@id":"https:\/\/www.africa-press.net\/burkina-faso\/toutes-les-actualites\/pharmaciens-du-centre-le-bilan-des-activites-2020-juge-satisfaisant#article","isPartOf":{"@id":"https:\/\/www.africa-press.net\/burkina-faso\/toutes-les-actualites\/pharmaciens-du-centre-le-bilan-des-activites-2020-juge-satisfaisant"},"author":{"name":"cfeditorfr","@id":"https:\/\/www.africa-press.net\/burkina-faso\/#\/schema\/person\/2b1cf3cd81a31e3cd26889ca66d677f1"},"headline":"Pharmaciens du Centre : Le bilan des activit\u00e9s 2020 jug\u00e9 \u00ab satisfaisant \u00bb","datePublished":"2021-04-25T13:13:50+00:00","dateModified":"2021-04-25T14:34:27+00:00","mainEntityOfPage":{"@id":"https:\/\/www.africa-press.net\/burkina-faso\/toutes-les-actualites\/pharmaciens-du-centre-le-bilan-des-activites-2020-juge-satisfaisant"},"wordCount":400,"commentCount":0,"image":{"@id":"https:\/\/www.africa-press.net\/burkina-faso\/toutes-les-actualites\/pharmaciens-du-centre-le-bilan-des-activites-2020-juge-satisfaisant#primaryimage"},"thumbnailUrl":"https:\/\/static.africa-press.net\/burkina\/sites\/42\/2021\/04\/img-6085673bb775e.jpg","keywords":["Africa Press","Africa Press-Burkina Faso","Burkina Faso"],"articleSection":["Communaut\u00e9","homepage-french","Toutes les actualit\u00e9s"],"inLanguage":"fr-FR","potentialAction":[{"@type":"CommentAction","name":"Comment","target":["https:\/\/www.africa-press.net\/burkina-faso\/toutes-les-actualites\/pharmaciens-du-centre-le-bilan-des-activites-2020-juge-satisfaisant#respond"]}]},{"@type":"WebPage","@id":"https:\/\/www.africa-press.net\/burkina-faso\/toutes-les-actualites\/pharmaciens-du-centre-le-bilan-des-activites-2020-juge-satisfaisant","url":"https:\/\/www.africa-press.net\/burkina-faso\/toutes-les-actualites\/pharmaciens-du-centre-le-bilan-des-activites-2020-juge-satisfaisant","name":"Pharmaciens du Centre : Le bilan des activit\u00e9s 2020 jug\u00e9 \u00ab satisfaisant \u00bb - Burkina Faso","isPartOf":{"@id":"https:\/\/www.africa-press.net\/burkina-faso\/#website"},"primaryImageOfPage":{"@id":"https:\/\/www.africa-press.net\/burkina-faso\/toutes-les-actualites\/pharmaciens-du-centre-le-bilan-des-activites-2020-juge-satisfaisant#primaryimage"},"image":{"@id":"https:\/\/www.africa-press.net\/burkina-faso\/toutes-les-actualites\/pharmaciens-du-centre-le-bilan-des-activites-2020-juge-satisfaisant#primaryimage"},"thumbnailUrl":"https:\/\/static.africa-press.net\/burkina\/sites\/42\/2021\/04\/img-6085673bb775e.jpg","datePublished":"2021-04-25T13:13:50+00:00","dateModified":"2021-04-25T14:34:27+00:00","author":{"@id":"https:\/\/www.africa-press.net\/burkina-faso\/#\/schema\/person\/2b1cf3cd81a31e3cd26889ca66d677f1"},"description":"Le conseil r\u00e9gional de l\u2019Ordre des pharmaciens du Centre a tenu, ce jeudi 22 avril 2021, \u00e0 Ouagadougou, sa 1re Assembl\u00e9e ...","breadcrumb":{"@id":"https:\/\/www.africa-press.net\/burkina-faso\/toutes-les-actualites\/pharmaciens-du-centre-le-bilan-des-activites-2020-juge-satisfaisant#breadcrumb"},"inLanguage":"fr-FR","potentialAction":[{"@type":"ReadAction","target":["https:\/\/www.africa-press.net\/burkina-faso\/toutes-les-actualites\/pharmaciens-du-centre-le-bilan-des-activites-2020-juge-satisfaisant"]}]},{"@type":"ImageObject","inLanguage":"fr-FR","@id":"https:\/\/www.africa-press.net\/burkina-faso\/toutes-les-actualites\/pharmaciens-du-centre-le-bilan-des-activites-2020-juge-satisfaisant#primaryimage","url":"https:\/\/static.africa-press.net\/burkina\/sites\/42\/2021\/04\/img-6085673bb775e.jpg","contentUrl":"https:\/\/static.africa-press.net\/burkina\/sites\/42\/2021\/04\/img-6085673bb775e.jpg","width":960,"height":540,"caption":"Pharmaciens du Centre : Le bilan des activit\u00e9s 2020 jug\u00e9 \u00ab satisfaisant \u00bb"},{"@type":"BreadcrumbList","@id":"https:\/\/www.africa-press.net\/burkina-faso\/toutes-les-actualites\/pharmaciens-du-centre-le-bilan-des-activites-2020-juge-satisfaisant#breadcrumb","itemListElement":[{"@type":"ListItem","position":1,"name":"Accueil","item":"https:\/\/www.africa-press.net\/burkina-faso\/"},{"@type":"ListItem","position":2,"name":"Pharmaciens du Centre : Le bilan des activit\u00e9s 2020 jug\u00e9 \u00ab satisfaisant \u00bb"}]},{"@type":"WebSite","@id":"https:\/\/www.africa-press.net\/burkina-faso\/#website","url":"https:\/\/www.africa-press.net\/burkina-faso\/","name":"Burkina Faso","description":"Just another Africa News Agency Sites site","potentialAction":[{"@type":"SearchAction","target":{"@type":"EntryPoint","urlTemplate":"https:\/\/www.africa-press.net\/burkina-faso\/?s={search_term_string}"},"query-input":{"@type":"PropertyValueSpecification","valueRequired":true,"valueName":"search_term_string"}}],"inLanguage":"fr-FR"},{"@type":"Person","@id":"https:\/\/www.africa-press.net\/burkina-faso\/#\/schema\/person\/2b1cf3cd81a31e3cd26889ca66d677f1","name":"cfeditorfr"}]}},"_links":{"self":[{"href":"https:\/\/www.africa-press.net\/burkina-faso\/wp-json\/wp\/v2\/posts\/10564","targetHints":{"allow":["GET"]}}],"collection":[{"href":"https:\/\/www.africa-press.net\/burkina-faso\/wp-json\/wp\/v2\/posts"}],"about":[{"href":"https:\/\/www.africa-press.net\/burkina-faso\/wp-json\/wp\/v2\/types\/post"}],"author":[{"embeddable":true,"href":"https:\/\/www.africa-press.net\/burkina-faso\/wp-json\/wp\/v2\/users\/82"}],"replies":[{"embeddable":true,"href":"https:\/\/www.africa-press.net\/burkina-faso\/wp-json\/wp\/v2\/comments?post=10564"}],"version-history":[{"count":0,"href":"https:\/\/www.africa-press.net\/burkina-faso\/wp-json\/wp\/v2\/posts\/10564\/revisions"}],"wp:featuredmedia":[{"embeddable":true,"href":"https:\/\/www.africa-press.net\/burkina-faso\/wp-json\/wp\/v2\/media\/10563"}],"wp:attachment":[{"href":"https:\/\/www.africa-press.net\/burkina-faso\/wp-json\/wp\/v2\/media?parent=10564"}],"wp:term":[{"taxonomy":"category","embeddable":true,"href":"https:\/\/www.africa-press.net\/burkina-faso\/wp-json\/wp\/v2\/categories?post=10564"},{"taxonomy":"post_tag","embeddable":true,"href":"https:\/\/www.africa-press.net\/burkina-faso\/wp-json\/wp\/v2\/tags?post=10564"}],"curies":[{"name":"wp","href":"https:\/\/api.w.org\/{rel}","templated":true}]}}