{"id":10570,"date":"2021-04-25T13:32:43","date_gmt":"2021-04-25T13:32:43","guid":{"rendered":"https:\/\/www.africa-press.net\/burkina-faso\/?p=10570"},"modified":"2021-04-25T14:34:11","modified_gmt":"2021-04-25T14:34:11","slug":"journee-nationale-du-paysan-2021-limpact-des-crises-securitaire-et-sanitaire-sur-les-secteurs-productifs-du-monde-rural-en-discussion","status":"publish","type":"post","link":"https:\/\/www.africa-press.net\/burkina-faso\/economie\/journee-nationale-du-paysan-2021-limpact-des-crises-securitaire-et-sanitaire-sur-les-secteurs-productifs-du-monde-rural-en-discussion","title":{"rendered":"Journ\u00e9e Nationale du Paysan 2021\u00a0: L\u2019impact des crises s\u00e9curitaire et sanitaire sur les secteurs productifs du monde rural en discussion"},"content":{"rendered":"<p><span style=\"color: #ff6600\"><strong><a href=\"https:\/\/www.africa-press.net\/\">Africa-Press<\/a> &#8211; <a href=\"https:\/\/www.africa-press.net\/burkina-faso\">Burkina Faso<\/a>. <\/strong><\/span>La 22e \u00e9dition de la Journ\u00e9e Nationale du Paysan (JNP) s\u2019est tenue ce samedi 24 avril 2021 \u00e0 Manga, chef-lieu de la r\u00e9gion du Centre-sud, sous le th\u00e8me \u00ab Impact socio-\u00e9conomique des crises s\u00e9curitaire et sanitaire sur les secteurs productifs du monde rural : Quelles strat\u00e9gies de r\u00e9silience ? \u00bb. Cette \u00e9dition a r\u00e9uni 600 participants dont 400 producteurs venus de toutes les r\u00e9gions du Burkina Faso.<\/p>\n<p>La Journ\u00e9e Nationale du Paysan (JNP) est un cadre privil\u00e9gi\u00e9 d\u2019\u00e9changes directs entre les acteurs eux-m\u00eames d\u2019une part, et \u00e9galement entre le Pr\u00e9sident du Faso et l\u2019ensemble des membres du gouvernement autour des pr\u00e9occupations majeures du secteur en vue d\u2019identifier les solutions appropri\u00e9es.<\/p>\n<p>En outre, le ministre en charge de l\u2019agriculture, Salifou Ou\u00e9draogo, a rappel\u00e9 qu\u2019au fil des ann\u00e9es, \u00ab les \u00e9changes ont permis d\u2019initier des investissements structurants et d\u2019engager de grandes r\u00e9formes strat\u00e9giques au profit du monde rural \u00bb.<\/p>\n<p>A l\u2019\u00e9couter, il s\u2019agit, entre autres, de la mise en place d\u2019un fonds de d\u00e9veloppement de l\u2019Elevage (FODEL), l\u2019op\u00e9rationnalisation du Fonds d\u2019Intervention pour l\u2019Environnement (FIE), l\u2019adoption du Code des investissements agro-sylvo-pastoraux, halieutiques et fauniques et ses d\u00e9crets d\u2019application pour am\u00e9liorer le financement.<\/p>\n<p>Cependant, longtemps confront\u00e9s aux effets du changement climatique, les acteurs du monde rural font face de nos jours face \u00e0 un nouvel environnement incertain marqu\u00e9 par des attaques terroristes qui engendrent des d\u00e9placements massifs de population \u00e0 majorit\u00e9 rurale, abandonnant leurs moyens d\u2019existence ainsi que par la persistance de la pand\u00e9mie du Covid-19.<\/p>\n<p>\u00ab Cette situation se traduit par la limitation de l\u2019acc\u00e8s aux march\u00e9s int\u00e9rieurs et internationaux, et de l\u2019accessibilit\u00e9 des m\u00e9nages aux produits alimentaires \u00bb, a relev\u00e9 le ministre en charge de l\u2019agriculture.<\/p>\n<p>D\u2019o\u00f9 le choix du th\u00e8me de cette 22e JNP \u00ab Impacts socio-\u00e9conomiques des crises s\u00e9curitaire et sanitaire sur les secteurs productifs du monde rural : quelles strat\u00e9gies de r\u00e9silience ? \u00bb.<\/p>\n<p>Par ailleurs, en t\u00eate \u00e0 t\u00eate avec le Chef de l\u2019\u00c9tat, les acteurs du monde rural ont pr\u00e9sent\u00e9 les recommandations et les propositions issues des \u00e9changes nationaux.<\/p>\n<p>On peut retenir, la s\u00e9curisation fonci\u00e8re, le besoin des \u00e9quipements pour la transformation des produits et le financement des activit\u00e9s des producteurs. Egalement, lors de la 22e \u00e9dition du JNP, 100 producteurs m\u00e9ritants ont \u00e9t\u00e9 d\u00e9cor\u00e9s. Burkina24<\/p>\n","protected":false},"excerpt":{"rendered":"<p>Africa-Press &#8211; Burkina Faso. La 22e \u00e9dition de la Journ\u00e9e Nationale du Paysan (JNP) s\u2019est tenue ce samedi 24 avril 2021 \u00e0 Manga, chef-lieu de la r\u00e9gion du Centre-sud, sous le th\u00e8me \u00ab Impact socio-\u00e9conomique des crises s\u00e9curitaire et sanitaire sur les secteurs productifs du monde rural : Quelles strat\u00e9gies de r\u00e9silience ? \u00bb. Cette [&hellip;]<\/p>\n","protected":false},"author":82,"featured_media":10569,"comment_status":"open","ping_status":"closed","sticky":false,"template":"","format":"standard","meta":{"footnotes":""},"categories":[3,11,10],"tags":[111,725,29],"class_list":["post-10570","post","type-post","status-publish","format-standard","has-post-thumbnail","hentry","category-economie","category-homepage-french","category-toutes-les-actualites","tag-africa-press","tag-africa-press-burkina-faso","tag-burkina-faso"],"yoast_head":"<!-- This site is optimized with the Yoast SEO Premium plugin v26.1 (Yoast SEO v27.0) - https:\/\/yoast.com\/product\/yoast-seo-premium-wordpress\/ -->\n<title>Journ\u00e9e Nationale du Paysan 2021\u00a0: L\u2019impact des crises s\u00e9curitaire et sanitaire sur les secteurs productifs du monde rural en discussion - Burkina Faso<\/title>\n<meta name=\"description\" content=\"La 22e \u00e9dition de la Journ\u00e9e Nationale du Paysan (JNP) s\u2019est tenue ce samedi 24 avril 2021 \u00e0 Manga, chef-lieu de la r\u00e9gi ...\" \/>\n<meta name=\"robots\" content=\"index, follow, max-snippet:-1, max-image-preview:large, max-video-preview:-1\" \/>\n<link rel=\"canonical\" href=\"https:\/\/www.africa-press.net\/burkina-faso\/economie\/journee-nationale-du-paysan-2021-limpact-des-crises-securitaire-et-sanitaire-sur-les-secteurs-productifs-du-monde-rural-en-discussion\" \/>\n<meta property=\"og:locale\" content=\"fr_FR\" \/>\n<meta property=\"og:type\" content=\"article\" \/>\n<meta property=\"og:title\" content=\"Journ\u00e9e Nationale du Paysan 2021\u00a0: L\u2019impact des crises s\u00e9curitaire et sanitaire sur les secteurs productifs du monde rural en discussion\" \/>\n<meta property=\"og:description\" content=\"La 22e \u00e9dition de la Journ\u00e9e Nationale du Paysan (JNP) s\u2019est tenue ce samedi 24 avril 2021 \u00e0 Manga, chef-lieu de la r\u00e9gi ...\" \/>\n<meta property=\"og:url\" content=\"https:\/\/www.africa-press.net\/burkina-faso\/economie\/journee-nationale-du-paysan-2021-limpact-des-crises-securitaire-et-sanitaire-sur-les-secteurs-productifs-du-monde-rural-en-discussion\" \/>\n<meta property=\"og:site_name\" content=\"Burkina Faso\" \/>\n<meta property=\"article:published_time\" content=\"2021-04-25T13:32:43+00:00\" \/>\n<meta property=\"article:modified_time\" content=\"2021-04-25T14:34:11+00:00\" \/>\n<meta property=\"og:image\" content=\"https:\/\/static.africa-press.net\/burkina\/sites\/42\/2021\/04\/img-608567acc8c0e.jpg\" \/>\n\t<meta property=\"og:image:width\" content=\"720\" \/>\n\t<meta property=\"og:image:height\" content=\"639\" \/>\n\t<meta property=\"og:image:type\" content=\"image\/jpeg\" \/>\n<meta name=\"author\" content=\"cfeditorfr\" \/>\n<meta name=\"twitter:card\" content=\"summary_large_image\" \/>\n<meta name=\"twitter:label1\" content=\"\u00c9crit par\" \/>\n\t<meta name=\"twitter:data1\" content=\"cfeditorfr\" \/>\n\t<meta name=\"twitter:label2\" content=\"Dur\u00e9e de lecture estim\u00e9e\" \/>\n\t<meta name=\"twitter:data2\" content=\"2 minutes\" \/>\n<script type=\"application\/ld+json\" class=\"yoast-schema-graph\">{\"@context\":\"https:\/\/schema.org\",\"@graph\":[{\"@type\":\"Article\",\"@id\":\"https:\/\/www.africa-press.net\/burkina-faso\/economie\/journee-nationale-du-paysan-2021-limpact-des-crises-securitaire-et-sanitaire-sur-les-secteurs-productifs-du-monde-rural-en-discussion#article\",\"isPartOf\":{\"@id\":\"https:\/\/www.africa-press.net\/burkina-faso\/economie\/journee-nationale-du-paysan-2021-limpact-des-crises-securitaire-et-sanitaire-sur-les-secteurs-productifs-du-monde-rural-en-discussion\"},\"author\":{\"name\":\"cfeditorfr\",\"@id\":\"https:\/\/www.africa-press.net\/burkina-faso\/#\/schema\/person\/2b1cf3cd81a31e3cd26889ca66d677f1\"},\"headline\":\"Journ\u00e9e Nationale du Paysan 2021\u00a0: L\u2019impact des crises s\u00e9curitaire et sanitaire sur les secteurs productifs du monde rural en discussion\",\"datePublished\":\"2021-04-25T13:32:43+00:00\",\"dateModified\":\"2021-04-25T14:34:11+00:00\",\"mainEntityOfPage\":{\"@id\":\"https:\/\/www.africa-press.net\/burkina-faso\/economie\/journee-nationale-du-paysan-2021-limpact-des-crises-securitaire-et-sanitaire-sur-les-secteurs-productifs-du-monde-rural-en-discussion\"},\"wordCount\":442,\"commentCount\":0,\"image\":{\"@id\":\"https:\/\/www.africa-press.net\/burkina-faso\/economie\/journee-nationale-du-paysan-2021-limpact-des-crises-securitaire-et-sanitaire-sur-les-secteurs-productifs-du-monde-rural-en-discussion#primaryimage\"},\"thumbnailUrl\":\"https:\/\/static.africa-press.net\/burkina\/sites\/42\/2021\/04\/img-608567acc8c0e.jpg\",\"keywords\":[\"Africa Press\",\"Africa Press-Burkina Faso\",\"Burkina Faso\"],\"articleSection\":[\"\u00c9conomie\",\"homepage-french\",\"Toutes les actualit\u00e9s\"],\"inLanguage\":\"fr-FR\",\"potentialAction\":[{\"@type\":\"CommentAction\",\"name\":\"Comment\",\"target\":[\"https:\/\/www.africa-press.net\/burkina-faso\/economie\/journee-nationale-du-paysan-2021-limpact-des-crises-securitaire-et-sanitaire-sur-les-secteurs-productifs-du-monde-rural-en-discussion#respond\"]}]},{\"@type\":\"WebPage\",\"@id\":\"https:\/\/www.africa-press.net\/burkina-faso\/economie\/journee-nationale-du-paysan-2021-limpact-des-crises-securitaire-et-sanitaire-sur-les-secteurs-productifs-du-monde-rural-en-discussion\",\"url\":\"https:\/\/www.africa-press.net\/burkina-faso\/economie\/journee-nationale-du-paysan-2021-limpact-des-crises-securitaire-et-sanitaire-sur-les-secteurs-productifs-du-monde-rural-en-discussion\",\"name\":\"Journ\u00e9e Nationale du Paysan 2021\u00a0: L\u2019impact des crises s\u00e9curitaire et sanitaire sur les secteurs productifs du monde rural en discussion - Burkina Faso\",\"isPartOf\":{\"@id\":\"https:\/\/www.africa-press.net\/burkina-faso\/#website\"},\"primaryImageOfPage\":{\"@id\":\"https:\/\/www.africa-press.net\/burkina-faso\/economie\/journee-nationale-du-paysan-2021-limpact-des-crises-securitaire-et-sanitaire-sur-les-secteurs-productifs-du-monde-rural-en-discussion#primaryimage\"},\"image\":{\"@id\":\"https:\/\/www.africa-press.net\/burkina-faso\/economie\/journee-nationale-du-paysan-2021-limpact-des-crises-securitaire-et-sanitaire-sur-les-secteurs-productifs-du-monde-rural-en-discussion#primaryimage\"},\"thumbnailUrl\":\"https:\/\/static.africa-press.net\/burkina\/sites\/42\/2021\/04\/img-608567acc8c0e.jpg\",\"datePublished\":\"2021-04-25T13:32:43+00:00\",\"dateModified\":\"2021-04-25T14:34:11+00:00\",\"author\":{\"@id\":\"https:\/\/www.africa-press.net\/burkina-faso\/#\/schema\/person\/2b1cf3cd81a31e3cd26889ca66d677f1\"},\"description\":\"La 22e \u00e9dition de la Journ\u00e9e Nationale du Paysan (JNP) s\u2019est tenue ce samedi 24 avril 2021 \u00e0 Manga, chef-lieu de la r\u00e9gi ...\",\"breadcrumb\":{\"@id\":\"https:\/\/www.africa-press.net\/burkina-faso\/economie\/journee-nationale-du-paysan-2021-limpact-des-crises-securitaire-et-sanitaire-sur-les-secteurs-productifs-du-monde-rural-en-discussion#breadcrumb\"},\"inLanguage\":\"fr-FR\",\"potentialAction\":[{\"@type\":\"ReadAction\",\"target\":[\"https:\/\/www.africa-press.net\/burkina-faso\/economie\/journee-nationale-du-paysan-2021-limpact-des-crises-securitaire-et-sanitaire-sur-les-secteurs-productifs-du-monde-rural-en-discussion\"]}]},{\"@type\":\"ImageObject\",\"inLanguage\":\"fr-FR\",\"@id\":\"https:\/\/www.africa-press.net\/burkina-faso\/economie\/journee-nationale-du-paysan-2021-limpact-des-crises-securitaire-et-sanitaire-sur-les-secteurs-productifs-du-monde-rural-en-discussion#primaryimage\",\"url\":\"https:\/\/static.africa-press.net\/burkina\/sites\/42\/2021\/04\/img-608567acc8c0e.jpg\",\"contentUrl\":\"https:\/\/static.africa-press.net\/burkina\/sites\/42\/2021\/04\/img-608567acc8c0e.jpg\",\"width\":720,\"height\":639,\"caption\":\"Journ\u00e9e Nationale du Paysan 2021\u00a0: L\u2019impact des crises s\u00e9curitaire et sanitaire sur les secteurs productifs du monde rural en discussion\"},{\"@type\":\"BreadcrumbList\",\"@id\":\"https:\/\/www.africa-press.net\/burkina-faso\/economie\/journee-nationale-du-paysan-2021-limpact-des-crises-securitaire-et-sanitaire-sur-les-secteurs-productifs-du-monde-rural-en-discussion#breadcrumb\",\"itemListElement\":[{\"@type\":\"ListItem\",\"position\":1,\"name\":\"Accueil\",\"item\":\"https:\/\/www.africa-press.net\/burkina-faso\/\"},{\"@type\":\"ListItem\",\"position\":2,\"name\":\"Journ\u00e9e Nationale du Paysan 2021\u00a0: L\u2019impact des crises s\u00e9curitaire et sanitaire sur les secteurs productifs du monde rural en discussion\"}]},{\"@type\":\"WebSite\",\"@id\":\"https:\/\/www.africa-press.net\/burkina-faso\/#website\",\"url\":\"https:\/\/www.africa-press.net\/burkina-faso\/\",\"name\":\"Burkina Faso\",\"description\":\"Just another Africa News Agency Sites site\",\"potentialAction\":[{\"@type\":\"SearchAction\",\"target\":{\"@type\":\"EntryPoint\",\"urlTemplate\":\"https:\/\/www.africa-press.net\/burkina-faso\/?s={search_term_string}\"},\"query-input\":{\"@type\":\"PropertyValueSpecification\",\"valueRequired\":true,\"valueName\":\"search_term_string\"}}],\"inLanguage\":\"fr-FR\"},{\"@type\":\"Person\",\"@id\":\"https:\/\/www.africa-press.net\/burkina-faso\/#\/schema\/person\/2b1cf3cd81a31e3cd26889ca66d677f1\",\"name\":\"cfeditorfr\"}]}<\/script>\n<!-- \/ Yoast SEO Premium plugin. -->","yoast_head_json":{"title":"Journ\u00e9e Nationale du Paysan 2021\u00a0: L\u2019impact des crises s\u00e9curitaire et sanitaire sur les secteurs productifs du monde rural en discussion - Burkina Faso","description":"La 22e \u00e9dition de la Journ\u00e9e Nationale du Paysan (JNP) s\u2019est tenue ce samedi 24 avril 2021 \u00e0 Manga, chef-lieu de la r\u00e9gi ...","robots":{"index":"index","follow":"follow","max-snippet":"max-snippet:-1","max-image-preview":"max-image-preview:large","max-video-preview":"max-video-preview:-1"},"canonical":"https:\/\/www.africa-press.net\/burkina-faso\/economie\/journee-nationale-du-paysan-2021-limpact-des-crises-securitaire-et-sanitaire-sur-les-secteurs-productifs-du-monde-rural-en-discussion","og_locale":"fr_FR","og_type":"article","og_title":"Journ\u00e9e Nationale du Paysan 2021\u00a0: L\u2019impact des crises s\u00e9curitaire et sanitaire sur les secteurs productifs du monde rural en discussion","og_description":"La 22e \u00e9dition de la Journ\u00e9e Nationale du Paysan (JNP) s\u2019est tenue ce samedi 24 avril 2021 \u00e0 Manga, chef-lieu de la r\u00e9gi ...","og_url":"https:\/\/www.africa-press.net\/burkina-faso\/economie\/journee-nationale-du-paysan-2021-limpact-des-crises-securitaire-et-sanitaire-sur-les-secteurs-productifs-du-monde-rural-en-discussion","og_site_name":"Burkina Faso","article_published_time":"2021-04-25T13:32:43+00:00","article_modified_time":"2021-04-25T14:34:11+00:00","og_image":[{"width":720,"height":639,"url":"https:\/\/static.africa-press.net\/burkina\/sites\/42\/2021\/04\/img-608567acc8c0e.jpg","type":"image\/jpeg"}],"author":"cfeditorfr","twitter_card":"summary_large_image","twitter_misc":{"\u00c9crit par":"cfeditorfr","Dur\u00e9e de lecture estim\u00e9e":"2 minutes"},"schema":{"@context":"https:\/\/schema.org","@graph":[{"@type":"Article","@id":"https:\/\/www.africa-press.net\/burkina-faso\/economie\/journee-nationale-du-paysan-2021-limpact-des-crises-securitaire-et-sanitaire-sur-les-secteurs-productifs-du-monde-rural-en-discussion#article","isPartOf":{"@id":"https:\/\/www.africa-press.net\/burkina-faso\/economie\/journee-nationale-du-paysan-2021-limpact-des-crises-securitaire-et-sanitaire-sur-les-secteurs-productifs-du-monde-rural-en-discussion"},"author":{"name":"cfeditorfr","@id":"https:\/\/www.africa-press.net\/burkina-faso\/#\/schema\/person\/2b1cf3cd81a31e3cd26889ca66d677f1"},"headline":"Journ\u00e9e Nationale du Paysan 2021\u00a0: L\u2019impact des crises s\u00e9curitaire et sanitaire sur les secteurs productifs du monde rural en discussion","datePublished":"2021-04-25T13:32:43+00:00","dateModified":"2021-04-25T14:34:11+00:00","mainEntityOfPage":{"@id":"https:\/\/www.africa-press.net\/burkina-faso\/economie\/journee-nationale-du-paysan-2021-limpact-des-crises-securitaire-et-sanitaire-sur-les-secteurs-productifs-du-monde-rural-en-discussion"},"wordCount":442,"commentCount":0,"image":{"@id":"https:\/\/www.africa-press.net\/burkina-faso\/economie\/journee-nationale-du-paysan-2021-limpact-des-crises-securitaire-et-sanitaire-sur-les-secteurs-productifs-du-monde-rural-en-discussion#primaryimage"},"thumbnailUrl":"https:\/\/static.africa-press.net\/burkina\/sites\/42\/2021\/04\/img-608567acc8c0e.jpg","keywords":["Africa Press","Africa Press-Burkina Faso","Burkina Faso"],"articleSection":["\u00c9conomie","homepage-french","Toutes les actualit\u00e9s"],"inLanguage":"fr-FR","potentialAction":[{"@type":"CommentAction","name":"Comment","target":["https:\/\/www.africa-press.net\/burkina-faso\/economie\/journee-nationale-du-paysan-2021-limpact-des-crises-securitaire-et-sanitaire-sur-les-secteurs-productifs-du-monde-rural-en-discussion#respond"]}]},{"@type":"WebPage","@id":"https:\/\/www.africa-press.net\/burkina-faso\/economie\/journee-nationale-du-paysan-2021-limpact-des-crises-securitaire-et-sanitaire-sur-les-secteurs-productifs-du-monde-rural-en-discussion","url":"https:\/\/www.africa-press.net\/burkina-faso\/economie\/journee-nationale-du-paysan-2021-limpact-des-crises-securitaire-et-sanitaire-sur-les-secteurs-productifs-du-monde-rural-en-discussion","name":"Journ\u00e9e Nationale du Paysan 2021\u00a0: L\u2019impact des crises s\u00e9curitaire et sanitaire sur les secteurs productifs du monde rural en discussion - Burkina Faso","isPartOf":{"@id":"https:\/\/www.africa-press.net\/burkina-faso\/#website"},"primaryImageOfPage":{"@id":"https:\/\/www.africa-press.net\/burkina-faso\/economie\/journee-nationale-du-paysan-2021-limpact-des-crises-securitaire-et-sanitaire-sur-les-secteurs-productifs-du-monde-rural-en-discussion#primaryimage"},"image":{"@id":"https:\/\/www.africa-press.net\/burkina-faso\/economie\/journee-nationale-du-paysan-2021-limpact-des-crises-securitaire-et-sanitaire-sur-les-secteurs-productifs-du-monde-rural-en-discussion#primaryimage"},"thumbnailUrl":"https:\/\/static.africa-press.net\/burkina\/sites\/42\/2021\/04\/img-608567acc8c0e.jpg","datePublished":"2021-04-25T13:32:43+00:00","dateModified":"2021-04-25T14:34:11+00:00","author":{"@id":"https:\/\/www.africa-press.net\/burkina-faso\/#\/schema\/person\/2b1cf3cd81a31e3cd26889ca66d677f1"},"description":"La 22e \u00e9dition de la Journ\u00e9e Nationale du Paysan (JNP) s\u2019est tenue ce samedi 24 avril 2021 \u00e0 Manga, chef-lieu de la r\u00e9gi ...","breadcrumb":{"@id":"https:\/\/www.africa-press.net\/burkina-faso\/economie\/journee-nationale-du-paysan-2021-limpact-des-crises-securitaire-et-sanitaire-sur-les-secteurs-productifs-du-monde-rural-en-discussion#breadcrumb"},"inLanguage":"fr-FR","potentialAction":[{"@type":"ReadAction","target":["https:\/\/www.africa-press.net\/burkina-faso\/economie\/journee-nationale-du-paysan-2021-limpact-des-crises-securitaire-et-sanitaire-sur-les-secteurs-productifs-du-monde-rural-en-discussion"]}]},{"@type":"ImageObject","inLanguage":"fr-FR","@id":"https:\/\/www.africa-press.net\/burkina-faso\/economie\/journee-nationale-du-paysan-2021-limpact-des-crises-securitaire-et-sanitaire-sur-les-secteurs-productifs-du-monde-rural-en-discussion#primaryimage","url":"https:\/\/static.africa-press.net\/burkina\/sites\/42\/2021\/04\/img-608567acc8c0e.jpg","contentUrl":"https:\/\/static.africa-press.net\/burkina\/sites\/42\/2021\/04\/img-608567acc8c0e.jpg","width":720,"height":639,"caption":"Journ\u00e9e Nationale du Paysan 2021\u00a0: L\u2019impact des crises s\u00e9curitaire et sanitaire sur les secteurs productifs du monde rural en discussion"},{"@type":"BreadcrumbList","@id":"https:\/\/www.africa-press.net\/burkina-faso\/economie\/journee-nationale-du-paysan-2021-limpact-des-crises-securitaire-et-sanitaire-sur-les-secteurs-productifs-du-monde-rural-en-discussion#breadcrumb","itemListElement":[{"@type":"ListItem","position":1,"name":"Accueil","item":"https:\/\/www.africa-press.net\/burkina-faso\/"},{"@type":"ListItem","position":2,"name":"Journ\u00e9e Nationale du Paysan 2021\u00a0: L\u2019impact des crises s\u00e9curitaire et sanitaire sur les secteurs productifs du monde rural en discussion"}]},{"@type":"WebSite","@id":"https:\/\/www.africa-press.net\/burkina-faso\/#website","url":"https:\/\/www.africa-press.net\/burkina-faso\/","name":"Burkina Faso","description":"Just another Africa News Agency Sites site","potentialAction":[{"@type":"SearchAction","target":{"@type":"EntryPoint","urlTemplate":"https:\/\/www.africa-press.net\/burkina-faso\/?s={search_term_string}"},"query-input":{"@type":"PropertyValueSpecification","valueRequired":true,"valueName":"search_term_string"}}],"inLanguage":"fr-FR"},{"@type":"Person","@id":"https:\/\/www.africa-press.net\/burkina-faso\/#\/schema\/person\/2b1cf3cd81a31e3cd26889ca66d677f1","name":"cfeditorfr"}]}},"_links":{"self":[{"href":"https:\/\/www.africa-press.net\/burkina-faso\/wp-json\/wp\/v2\/posts\/10570","targetHints":{"allow":["GET"]}}],"collection":[{"href":"https:\/\/www.africa-press.net\/burkina-faso\/wp-json\/wp\/v2\/posts"}],"about":[{"href":"https:\/\/www.africa-press.net\/burkina-faso\/wp-json\/wp\/v2\/types\/post"}],"author":[{"embeddable":true,"href":"https:\/\/www.africa-press.net\/burkina-faso\/wp-json\/wp\/v2\/users\/82"}],"replies":[{"embeddable":true,"href":"https:\/\/www.africa-press.net\/burkina-faso\/wp-json\/wp\/v2\/comments?post=10570"}],"version-history":[{"count":0,"href":"https:\/\/www.africa-press.net\/burkina-faso\/wp-json\/wp\/v2\/posts\/10570\/revisions"}],"wp:featuredmedia":[{"embeddable":true,"href":"https:\/\/www.africa-press.net\/burkina-faso\/wp-json\/wp\/v2\/media\/10569"}],"wp:attachment":[{"href":"https:\/\/www.africa-press.net\/burkina-faso\/wp-json\/wp\/v2\/media?parent=10570"}],"wp:term":[{"taxonomy":"category","embeddable":true,"href":"https:\/\/www.africa-press.net\/burkina-faso\/wp-json\/wp\/v2\/categories?post=10570"},{"taxonomy":"post_tag","embeddable":true,"href":"https:\/\/www.africa-press.net\/burkina-faso\/wp-json\/wp\/v2\/tags?post=10570"}],"curies":[{"name":"wp","href":"https:\/\/api.w.org\/{rel}","templated":true}]}}