{"id":10573,"date":"2021-04-25T13:39:36","date_gmt":"2021-04-25T13:39:36","guid":{"rendered":"https:\/\/www.africa-press.net\/burkina-faso\/?p=10573"},"modified":"2021-04-25T14:34:03","modified_gmt":"2021-04-25T14:34:03","slug":"jnp-2021-synthese-des-recommandations-des-ateliers-sectoriels-et-du-forum-national","status":"publish","type":"post","link":"https:\/\/www.africa-press.net\/burkina-faso\/politique\/jnp-2021-synthese-des-recommandations-des-ateliers-sectoriels-et-du-forum-national","title":{"rendered":"JNP 2021 : Synth\u00e8se des recommandations des ateliers sectoriels et du forum national"},"content":{"rendered":"<p><span style=\"color: #ff6600\"><strong><a href=\"https:\/\/www.africa-press.net\/\">Africa-Press<\/a> &#8211; <a href=\"https:\/\/www.africa-press.net\/burkina-faso\">Burkina Faso<\/a>. <\/strong><\/span>Excellence Monsieur le Pr\u00e9sident du Faso, Excellence Monsieur le Premier\u2026. D\u00e8s l\u2019adoption du th\u00e8me de cette 22 ieme \u00e9dition de la JNP et la mise en place du Comit\u00e9 national d\u2019organisation, la Commission th\u00e8me a \u00e9labor\u00e9 le document introductif. Ce document a \u00e9t\u00e9 pr\u00e9sent\u00e9 au niveau central lors de l\u2019atelier d\u2019appropriation le vendredi 9 avril 2021. Des foras ont \u00e9t\u00e9 organis\u00e9s dans les 13 r\u00e9gions du 13 au 16 avril 2021 pour une appropriation des acteurs \u00e0 la base sur le th\u00e8me et de recueillir leurs pr\u00e9occupations sp\u00e9cifiques.<\/p>\n<p>Les ateliers sectoriels (Agriculture, Elevage, Environnement et Eau) tenus le 21 avril 2021 ont permis une consolidation du document. Les acteurs ont au cours de ces r\u00e9flexions, analys\u00e9 les effets des crises s\u00e9curitaire et sanitaire sur leurs activit\u00e9s, appr\u00e9ci\u00e9 les efforts de l\u2019Etat et de ses Partenaires de m\u00eame que les pratiques d\u2019adaptation d\u00e9velopp\u00e9es par les populations, et formul\u00e9 dix-huit (18) recommandations.<\/p>\n<p>POUR LE COMPTE DE L\u2019ATELIER SECTORIEL \u00ab RESSOURCES ANIMALES ET HALIEUTIQUES Allouer au d\u00e9partement en charge de l\u2019\u00e9levage au moins 30% des 10% du budget du secteur Agricole conform\u00e9ment aux engagements de Malabo.;<\/p>\n<p>Poursuivre les actions de soutien et de rel\u00e8vement entreprises en 2020 (gratuit\u00e9 de la vaccination, appui \u00e0 l\u2019alimentation des animaux, octroi de noyaux reproducteurs) aux \u00e9leveurs ;<\/p>\n<p>Investir davantage dans la protection et la reconstitution du cheptel dans les zones d\u2019accueil des Personnes D\u00e9plac\u00e9es Internes pour am\u00e9liorer leur conditions de vie et celle des populations h\u00f4tes.<\/p>\n<p>POUR LE COMPTE DE L\u2019ATELIER SECTORIEL \u00ab AGRICULTURE \u00bb Allouer au moins 30 milliards de F CFA d\u2019ici 2023 au Fonds de d\u00e9veloppement agricole ; Prioriser les acteurs professionnels agrosylvopastoraux dans l\u2019ex\u00e9cution des march\u00e9s institutionnels (cantine scolaire, sant\u00e9, justice, d\u00e9fense, SONAGESS, etc.) et faciliter leurs acc\u00e8s ;<\/p>\n<p>Reconnaitre la Centrale d\u2019Achat des Intrants et Mat\u00e9riels Agricoles (CAIMA) comme Association d\u2019utilit\u00e9 publique et lui accorder des garanties pour un cr\u00e9dit documentaire d\u2019au moins 50 milliards.<\/p>\n<p>POUR LE COMPTE DE L\u2019ATELIER SECTORIEL \u00ab ENVIRONNEMENT \u00bb Elaborer et mettre en \u0153uvre un programme de r\u00e9habilitation des espaces de conservation ; Prendre des mesures compensatrices au profit des acteurs de la faune et des acteurs de production, de transformation et de commercialisation des produits forestiers ligneux et non ligneux ;<\/p>\n<p>Prendre en compte les semences foresti\u00e8res am\u00e9lior\u00e9es et intrants de production dans la mise \u00e0 disposition des intrants aux producteurs \u00e0 prix subventionn\u00e9s.<\/p>\n<p>POUR LE COMPTE DE L\u2019ATELIER SECTORIEL \u00ab EAU ET ASSAINISSEMENT \u00bb S\u00e9curiser les infrastructures strat\u00e9giques de mobilisation et distribution d\u2019eau existants et en cours de r\u00e9alisation ;<\/p>\n<p>Assurer la protection des cours et retenues d\u2019eau contre la pollution, l\u2019ensablement et les pratiques n\u00e9fastes. Lire la suite document Synth\u00e8se_des_r\u00e9commandations_sectoriels<\/p>\n","protected":false},"excerpt":{"rendered":"<p>Africa-Press &#8211; Burkina Faso. Excellence Monsieur le Pr\u00e9sident du Faso, Excellence Monsieur le Premier\u2026. D\u00e8s l\u2019adoption du th\u00e8me de cette 22 ieme \u00e9dition de la JNP et la mise en place du Comit\u00e9 national d\u2019organisation, la Commission th\u00e8me a \u00e9labor\u00e9 le document introductif. Ce document a \u00e9t\u00e9 pr\u00e9sent\u00e9 au niveau central lors de l\u2019atelier d\u2019appropriation [&hellip;]<\/p>\n","protected":false},"author":82,"featured_media":10572,"comment_status":"open","ping_status":"closed","sticky":false,"template":"","format":"standard","meta":{"footnotes":""},"categories":[11,2,10],"tags":[111,725,29],"class_list":["post-10573","post","type-post","status-publish","format-standard","has-post-thumbnail","hentry","category-homepage-french","category-politique","category-toutes-les-actualites","tag-africa-press","tag-africa-press-burkina-faso","tag-burkina-faso"],"yoast_head":"<!-- This site is optimized with the Yoast SEO Premium plugin v26.1 (Yoast SEO v27.0) - https:\/\/yoast.com\/product\/yoast-seo-premium-wordpress\/ -->\n<title>JNP 2021 : Synth\u00e8se des recommandations des ateliers sectoriels et du forum national - Burkina Faso<\/title>\n<meta name=\"description\" content=\"Excellence Monsieur le Pr\u00e9sident du Faso, Excellence Monsieur le Premier\u2026. D\u00e8s l\u2019adoption du th\u00e8me de cette 22 ieme \u00e9dit ...\" \/>\n<meta name=\"robots\" content=\"index, follow, max-snippet:-1, max-image-preview:large, max-video-preview:-1\" \/>\n<link rel=\"canonical\" href=\"https:\/\/www.africa-press.net\/burkina-faso\/politique\/jnp-2021-synthese-des-recommandations-des-ateliers-sectoriels-et-du-forum-national\" \/>\n<meta property=\"og:locale\" content=\"fr_FR\" \/>\n<meta property=\"og:type\" content=\"article\" \/>\n<meta property=\"og:title\" content=\"JNP 2021 : Synth\u00e8se des recommandations des ateliers sectoriels et du forum national\" \/>\n<meta property=\"og:description\" content=\"Excellence Monsieur le Pr\u00e9sident du Faso, Excellence Monsieur le Premier\u2026. D\u00e8s l\u2019adoption du th\u00e8me de cette 22 ieme \u00e9dit ...\" \/>\n<meta property=\"og:url\" content=\"https:\/\/www.africa-press.net\/burkina-faso\/politique\/jnp-2021-synthese-des-recommandations-des-ateliers-sectoriels-et-du-forum-national\" \/>\n<meta property=\"og:site_name\" content=\"Burkina Faso\" \/>\n<meta property=\"article:published_time\" content=\"2021-04-25T13:39:36+00:00\" \/>\n<meta property=\"article:modified_time\" content=\"2021-04-25T14:34:03+00:00\" \/>\n<meta property=\"og:image\" content=\"https:\/\/static.africa-press.net\/burkina\/sites\/42\/2021\/04\/img-608567e279fdb.jpg\" \/>\n\t<meta property=\"og:image:width\" content=\"720\" \/>\n\t<meta property=\"og:image:height\" content=\"720\" \/>\n\t<meta property=\"og:image:type\" content=\"image\/jpeg\" \/>\n<meta name=\"author\" content=\"cfeditorfr\" \/>\n<meta name=\"twitter:card\" content=\"summary_large_image\" \/>\n<meta name=\"twitter:label1\" content=\"\u00c9crit par\" \/>\n\t<meta name=\"twitter:data1\" content=\"cfeditorfr\" \/>\n\t<meta name=\"twitter:label2\" content=\"Dur\u00e9e de lecture estim\u00e9e\" \/>\n\t<meta name=\"twitter:data2\" content=\"2 minutes\" \/>\n<script type=\"application\/ld+json\" class=\"yoast-schema-graph\">{\"@context\":\"https:\/\/schema.org\",\"@graph\":[{\"@type\":\"Article\",\"@id\":\"https:\/\/www.africa-press.net\/burkina-faso\/politique\/jnp-2021-synthese-des-recommandations-des-ateliers-sectoriels-et-du-forum-national#article\",\"isPartOf\":{\"@id\":\"https:\/\/www.africa-press.net\/burkina-faso\/politique\/jnp-2021-synthese-des-recommandations-des-ateliers-sectoriels-et-du-forum-national\"},\"author\":{\"name\":\"cfeditorfr\",\"@id\":\"https:\/\/www.africa-press.net\/burkina-faso\/#\/schema\/person\/2b1cf3cd81a31e3cd26889ca66d677f1\"},\"headline\":\"JNP 2021 : Synth\u00e8se des recommandations des ateliers sectoriels et du forum national\",\"datePublished\":\"2021-04-25T13:39:36+00:00\",\"dateModified\":\"2021-04-25T14:34:03+00:00\",\"mainEntityOfPage\":{\"@id\":\"https:\/\/www.africa-press.net\/burkina-faso\/politique\/jnp-2021-synthese-des-recommandations-des-ateliers-sectoriels-et-du-forum-national\"},\"wordCount\":485,\"commentCount\":0,\"image\":{\"@id\":\"https:\/\/www.africa-press.net\/burkina-faso\/politique\/jnp-2021-synthese-des-recommandations-des-ateliers-sectoriels-et-du-forum-national#primaryimage\"},\"thumbnailUrl\":\"https:\/\/static.africa-press.net\/burkina\/sites\/42\/2021\/04\/img-608567e279fdb.jpg\",\"keywords\":[\"Africa Press\",\"Africa Press-Burkina Faso\",\"Burkina Faso\"],\"articleSection\":[\"homepage-french\",\"Politique\",\"Toutes les actualit\u00e9s\"],\"inLanguage\":\"fr-FR\",\"potentialAction\":[{\"@type\":\"CommentAction\",\"name\":\"Comment\",\"target\":[\"https:\/\/www.africa-press.net\/burkina-faso\/politique\/jnp-2021-synthese-des-recommandations-des-ateliers-sectoriels-et-du-forum-national#respond\"]}]},{\"@type\":\"WebPage\",\"@id\":\"https:\/\/www.africa-press.net\/burkina-faso\/politique\/jnp-2021-synthese-des-recommandations-des-ateliers-sectoriels-et-du-forum-national\",\"url\":\"https:\/\/www.africa-press.net\/burkina-faso\/politique\/jnp-2021-synthese-des-recommandations-des-ateliers-sectoriels-et-du-forum-national\",\"name\":\"JNP 2021 : Synth\u00e8se des recommandations des ateliers sectoriels et du forum national - Burkina Faso\",\"isPartOf\":{\"@id\":\"https:\/\/www.africa-press.net\/burkina-faso\/#website\"},\"primaryImageOfPage\":{\"@id\":\"https:\/\/www.africa-press.net\/burkina-faso\/politique\/jnp-2021-synthese-des-recommandations-des-ateliers-sectoriels-et-du-forum-national#primaryimage\"},\"image\":{\"@id\":\"https:\/\/www.africa-press.net\/burkina-faso\/politique\/jnp-2021-synthese-des-recommandations-des-ateliers-sectoriels-et-du-forum-national#primaryimage\"},\"thumbnailUrl\":\"https:\/\/static.africa-press.net\/burkina\/sites\/42\/2021\/04\/img-608567e279fdb.jpg\",\"datePublished\":\"2021-04-25T13:39:36+00:00\",\"dateModified\":\"2021-04-25T14:34:03+00:00\",\"author\":{\"@id\":\"https:\/\/www.africa-press.net\/burkina-faso\/#\/schema\/person\/2b1cf3cd81a31e3cd26889ca66d677f1\"},\"description\":\"Excellence Monsieur le Pr\u00e9sident du Faso, Excellence Monsieur le Premier\u2026. D\u00e8s l\u2019adoption du th\u00e8me de cette 22 ieme \u00e9dit ...\",\"breadcrumb\":{\"@id\":\"https:\/\/www.africa-press.net\/burkina-faso\/politique\/jnp-2021-synthese-des-recommandations-des-ateliers-sectoriels-et-du-forum-national#breadcrumb\"},\"inLanguage\":\"fr-FR\",\"potentialAction\":[{\"@type\":\"ReadAction\",\"target\":[\"https:\/\/www.africa-press.net\/burkina-faso\/politique\/jnp-2021-synthese-des-recommandations-des-ateliers-sectoriels-et-du-forum-national\"]}]},{\"@type\":\"ImageObject\",\"inLanguage\":\"fr-FR\",\"@id\":\"https:\/\/www.africa-press.net\/burkina-faso\/politique\/jnp-2021-synthese-des-recommandations-des-ateliers-sectoriels-et-du-forum-national#primaryimage\",\"url\":\"https:\/\/static.africa-press.net\/burkina\/sites\/42\/2021\/04\/img-608567e279fdb.jpg\",\"contentUrl\":\"https:\/\/static.africa-press.net\/burkina\/sites\/42\/2021\/04\/img-608567e279fdb.jpg\",\"width\":720,\"height\":720,\"caption\":\"JNP 2021 : Synth\u00e8se des recommandations des ateliers sectoriels et du forum national\"},{\"@type\":\"BreadcrumbList\",\"@id\":\"https:\/\/www.africa-press.net\/burkina-faso\/politique\/jnp-2021-synthese-des-recommandations-des-ateliers-sectoriels-et-du-forum-national#breadcrumb\",\"itemListElement\":[{\"@type\":\"ListItem\",\"position\":1,\"name\":\"Accueil\",\"item\":\"https:\/\/www.africa-press.net\/burkina-faso\/\"},{\"@type\":\"ListItem\",\"position\":2,\"name\":\"JNP 2021 : Synth\u00e8se des recommandations des ateliers sectoriels et du forum national\"}]},{\"@type\":\"WebSite\",\"@id\":\"https:\/\/www.africa-press.net\/burkina-faso\/#website\",\"url\":\"https:\/\/www.africa-press.net\/burkina-faso\/\",\"name\":\"Burkina Faso\",\"description\":\"Just another Africa News Agency Sites site\",\"potentialAction\":[{\"@type\":\"SearchAction\",\"target\":{\"@type\":\"EntryPoint\",\"urlTemplate\":\"https:\/\/www.africa-press.net\/burkina-faso\/?s={search_term_string}\"},\"query-input\":{\"@type\":\"PropertyValueSpecification\",\"valueRequired\":true,\"valueName\":\"search_term_string\"}}],\"inLanguage\":\"fr-FR\"},{\"@type\":\"Person\",\"@id\":\"https:\/\/www.africa-press.net\/burkina-faso\/#\/schema\/person\/2b1cf3cd81a31e3cd26889ca66d677f1\",\"name\":\"cfeditorfr\"}]}<\/script>\n<!-- \/ Yoast SEO Premium plugin. -->","yoast_head_json":{"title":"JNP 2021 : Synth\u00e8se des recommandations des ateliers sectoriels et du forum national - Burkina Faso","description":"Excellence Monsieur le Pr\u00e9sident du Faso, Excellence Monsieur le Premier\u2026. D\u00e8s l\u2019adoption du th\u00e8me de cette 22 ieme \u00e9dit ...","robots":{"index":"index","follow":"follow","max-snippet":"max-snippet:-1","max-image-preview":"max-image-preview:large","max-video-preview":"max-video-preview:-1"},"canonical":"https:\/\/www.africa-press.net\/burkina-faso\/politique\/jnp-2021-synthese-des-recommandations-des-ateliers-sectoriels-et-du-forum-national","og_locale":"fr_FR","og_type":"article","og_title":"JNP 2021 : Synth\u00e8se des recommandations des ateliers sectoriels et du forum national","og_description":"Excellence Monsieur le Pr\u00e9sident du Faso, Excellence Monsieur le Premier\u2026. D\u00e8s l\u2019adoption du th\u00e8me de cette 22 ieme \u00e9dit ...","og_url":"https:\/\/www.africa-press.net\/burkina-faso\/politique\/jnp-2021-synthese-des-recommandations-des-ateliers-sectoriels-et-du-forum-national","og_site_name":"Burkina Faso","article_published_time":"2021-04-25T13:39:36+00:00","article_modified_time":"2021-04-25T14:34:03+00:00","og_image":[{"width":720,"height":720,"url":"https:\/\/static.africa-press.net\/burkina\/sites\/42\/2021\/04\/img-608567e279fdb.jpg","type":"image\/jpeg"}],"author":"cfeditorfr","twitter_card":"summary_large_image","twitter_misc":{"\u00c9crit par":"cfeditorfr","Dur\u00e9e de lecture estim\u00e9e":"2 minutes"},"schema":{"@context":"https:\/\/schema.org","@graph":[{"@type":"Article","@id":"https:\/\/www.africa-press.net\/burkina-faso\/politique\/jnp-2021-synthese-des-recommandations-des-ateliers-sectoriels-et-du-forum-national#article","isPartOf":{"@id":"https:\/\/www.africa-press.net\/burkina-faso\/politique\/jnp-2021-synthese-des-recommandations-des-ateliers-sectoriels-et-du-forum-national"},"author":{"name":"cfeditorfr","@id":"https:\/\/www.africa-press.net\/burkina-faso\/#\/schema\/person\/2b1cf3cd81a31e3cd26889ca66d677f1"},"headline":"JNP 2021 : Synth\u00e8se des recommandations des ateliers sectoriels et du forum national","datePublished":"2021-04-25T13:39:36+00:00","dateModified":"2021-04-25T14:34:03+00:00","mainEntityOfPage":{"@id":"https:\/\/www.africa-press.net\/burkina-faso\/politique\/jnp-2021-synthese-des-recommandations-des-ateliers-sectoriels-et-du-forum-national"},"wordCount":485,"commentCount":0,"image":{"@id":"https:\/\/www.africa-press.net\/burkina-faso\/politique\/jnp-2021-synthese-des-recommandations-des-ateliers-sectoriels-et-du-forum-national#primaryimage"},"thumbnailUrl":"https:\/\/static.africa-press.net\/burkina\/sites\/42\/2021\/04\/img-608567e279fdb.jpg","keywords":["Africa Press","Africa Press-Burkina Faso","Burkina Faso"],"articleSection":["homepage-french","Politique","Toutes les actualit\u00e9s"],"inLanguage":"fr-FR","potentialAction":[{"@type":"CommentAction","name":"Comment","target":["https:\/\/www.africa-press.net\/burkina-faso\/politique\/jnp-2021-synthese-des-recommandations-des-ateliers-sectoriels-et-du-forum-national#respond"]}]},{"@type":"WebPage","@id":"https:\/\/www.africa-press.net\/burkina-faso\/politique\/jnp-2021-synthese-des-recommandations-des-ateliers-sectoriels-et-du-forum-national","url":"https:\/\/www.africa-press.net\/burkina-faso\/politique\/jnp-2021-synthese-des-recommandations-des-ateliers-sectoriels-et-du-forum-national","name":"JNP 2021 : Synth\u00e8se des recommandations des ateliers sectoriels et du forum national - Burkina Faso","isPartOf":{"@id":"https:\/\/www.africa-press.net\/burkina-faso\/#website"},"primaryImageOfPage":{"@id":"https:\/\/www.africa-press.net\/burkina-faso\/politique\/jnp-2021-synthese-des-recommandations-des-ateliers-sectoriels-et-du-forum-national#primaryimage"},"image":{"@id":"https:\/\/www.africa-press.net\/burkina-faso\/politique\/jnp-2021-synthese-des-recommandations-des-ateliers-sectoriels-et-du-forum-national#primaryimage"},"thumbnailUrl":"https:\/\/static.africa-press.net\/burkina\/sites\/42\/2021\/04\/img-608567e279fdb.jpg","datePublished":"2021-04-25T13:39:36+00:00","dateModified":"2021-04-25T14:34:03+00:00","author":{"@id":"https:\/\/www.africa-press.net\/burkina-faso\/#\/schema\/person\/2b1cf3cd81a31e3cd26889ca66d677f1"},"description":"Excellence Monsieur le Pr\u00e9sident du Faso, Excellence Monsieur le Premier\u2026. D\u00e8s l\u2019adoption du th\u00e8me de cette 22 ieme \u00e9dit ...","breadcrumb":{"@id":"https:\/\/www.africa-press.net\/burkina-faso\/politique\/jnp-2021-synthese-des-recommandations-des-ateliers-sectoriels-et-du-forum-national#breadcrumb"},"inLanguage":"fr-FR","potentialAction":[{"@type":"ReadAction","target":["https:\/\/www.africa-press.net\/burkina-faso\/politique\/jnp-2021-synthese-des-recommandations-des-ateliers-sectoriels-et-du-forum-national"]}]},{"@type":"ImageObject","inLanguage":"fr-FR","@id":"https:\/\/www.africa-press.net\/burkina-faso\/politique\/jnp-2021-synthese-des-recommandations-des-ateliers-sectoriels-et-du-forum-national#primaryimage","url":"https:\/\/static.africa-press.net\/burkina\/sites\/42\/2021\/04\/img-608567e279fdb.jpg","contentUrl":"https:\/\/static.africa-press.net\/burkina\/sites\/42\/2021\/04\/img-608567e279fdb.jpg","width":720,"height":720,"caption":"JNP 2021 : Synth\u00e8se des recommandations des ateliers sectoriels et du forum national"},{"@type":"BreadcrumbList","@id":"https:\/\/www.africa-press.net\/burkina-faso\/politique\/jnp-2021-synthese-des-recommandations-des-ateliers-sectoriels-et-du-forum-national#breadcrumb","itemListElement":[{"@type":"ListItem","position":1,"name":"Accueil","item":"https:\/\/www.africa-press.net\/burkina-faso\/"},{"@type":"ListItem","position":2,"name":"JNP 2021 : Synth\u00e8se des recommandations des ateliers sectoriels et du forum national"}]},{"@type":"WebSite","@id":"https:\/\/www.africa-press.net\/burkina-faso\/#website","url":"https:\/\/www.africa-press.net\/burkina-faso\/","name":"Burkina Faso","description":"Just another Africa News Agency Sites site","potentialAction":[{"@type":"SearchAction","target":{"@type":"EntryPoint","urlTemplate":"https:\/\/www.africa-press.net\/burkina-faso\/?s={search_term_string}"},"query-input":{"@type":"PropertyValueSpecification","valueRequired":true,"valueName":"search_term_string"}}],"inLanguage":"fr-FR"},{"@type":"Person","@id":"https:\/\/www.africa-press.net\/burkina-faso\/#\/schema\/person\/2b1cf3cd81a31e3cd26889ca66d677f1","name":"cfeditorfr"}]}},"_links":{"self":[{"href":"https:\/\/www.africa-press.net\/burkina-faso\/wp-json\/wp\/v2\/posts\/10573","targetHints":{"allow":["GET"]}}],"collection":[{"href":"https:\/\/www.africa-press.net\/burkina-faso\/wp-json\/wp\/v2\/posts"}],"about":[{"href":"https:\/\/www.africa-press.net\/burkina-faso\/wp-json\/wp\/v2\/types\/post"}],"author":[{"embeddable":true,"href":"https:\/\/www.africa-press.net\/burkina-faso\/wp-json\/wp\/v2\/users\/82"}],"replies":[{"embeddable":true,"href":"https:\/\/www.africa-press.net\/burkina-faso\/wp-json\/wp\/v2\/comments?post=10573"}],"version-history":[{"count":0,"href":"https:\/\/www.africa-press.net\/burkina-faso\/wp-json\/wp\/v2\/posts\/10573\/revisions"}],"wp:featuredmedia":[{"embeddable":true,"href":"https:\/\/www.africa-press.net\/burkina-faso\/wp-json\/wp\/v2\/media\/10572"}],"wp:attachment":[{"href":"https:\/\/www.africa-press.net\/burkina-faso\/wp-json\/wp\/v2\/media?parent=10573"}],"wp:term":[{"taxonomy":"category","embeddable":true,"href":"https:\/\/www.africa-press.net\/burkina-faso\/wp-json\/wp\/v2\/categories?post=10573"},{"taxonomy":"post_tag","embeddable":true,"href":"https:\/\/www.africa-press.net\/burkina-faso\/wp-json\/wp\/v2\/tags?post=10573"}],"curies":[{"name":"wp","href":"https:\/\/api.w.org\/{rel}","templated":true}]}}